{"id":159664,"date":"2024-08-20T11:30:00","date_gmt":"2024-08-20T14:30:00","guid":{"rendered":"https:\/\/www.gaveanews.com\/?p=159664"},"modified":"2024-08-20T11:14:09","modified_gmt":"2024-08-20T14:14:09","slug":"venda-de-wesley-pode-sofrer-reviravolta","status":"publish","type":"post","link":"https:\/\/www.gaveanews.com\/index.php\/2024\/08\/20\/venda-de-wesley-pode-sofrer-reviravolta\/","title":{"rendered":"Venda de Wesley pode sofrer reviravolta"},"content":{"rendered":"\n<h2 class=\"wp-block-heading\" id=\"h-wesley-ainda-pode-permanecer-no-flamengo\">Wesley ainda pode permanecer no Flamengo<\/h2>\n\n\n\n<p>Flamengo e Atalanta (ITA) t\u00eam opini\u00f5es diferentes sobre a data em que Wesley, o lateral-direito rubro-negro, deve ser liberado. Enquanto os italianos querem contar com o jogador imediatamente, o clube carioca pretende utiliz\u00e1-lo no jogo contra o Bol\u00edvar (BOL), pela Libertadores, na pr\u00f3xima quinta-feira (22).<\/p>\n\n\n\n<ul class=\"wp-block-list\">\n<li><a href=\"https:\/\/www.gaveanews.com\/index.php\/2024\/08\/20\/a-exigencia-do-cska-para-vender-khellven-ao-flamengo\/\">A exig\u00eancia do CSKA para vender Khellven ao Flamengo<\/a><\/li>\n\n\n\n<li><a href=\"https:\/\/www.gaveanews.com\/index.php\/2024\/08\/19\/flamengo-pode-tomar-chapeu-do-botafogo\/\">Flamengo pode tomar chap\u00e9u do Botafogo<br><\/a><\/li>\n<\/ul>\n\n\n\n<p>A diretoria do Flamengo teria solicitado que Wesley permanecesse dispon\u00edvel para Tite nos dois jogos: o cl\u00e1ssico contra o Botafogo, realizado neste domingo, e a partida de volta das oitavas de final da Libertadores, que ocorrer\u00e1 na quinta-feira na casa do advers\u00e1rio.<\/p>\n\n\n\n<p>Essa abordagem evidencia uma preocupa\u00e7\u00e3o j\u00e1 expressa pela diretoria do Flamengo sobre a possibilidade de n\u00e3o efetuar a venda: o medo de ficar sem laterais dispon\u00edveis poderia resultar em um enfraquecimento do elenco. Contudo, ao concretizar a negocia\u00e7\u00e3o, o clube garante a presen\u00e7a do atleta em pelo menos duas partidas significativas.<\/p>\n\n\n\n<figure class=\"wp-block-image size-full\"><img loading=\"lazy\" decoding=\"async\" width=\"900\" height=\"599\" src=\"https:\/\/www.gaveanews.com\/wp-content\/uploads\/wesley-flamengo-vasco.webp\" alt=\"\" class=\"wp-image-100068\" srcset=\"https:\/\/www.gaveanews.com\/wp-content\/uploads\/wesley-flamengo-vasco.webp 900w, https:\/\/www.gaveanews.com\/wp-content\/uploads\/wesley-flamengo-vasco-300x200.webp 300w, https:\/\/www.gaveanews.com\/wp-content\/uploads\/wesley-flamengo-vasco-768x511.webp 768w, https:\/\/www.gaveanews.com\/wp-content\/uploads\/wesley-flamengo-vasco-631x420.webp 631w, https:\/\/www.gaveanews.com\/wp-content\/uploads\/wesley-flamengo-vasco-640x426.webp 640w, https:\/\/www.gaveanews.com\/wp-content\/uploads\/wesley-flamengo-vasco-681x453.webp 681w, https:\/\/www.gaveanews.com\/wp-content\/uploads\/wesley-flamengo-vasco-100x67.webp 100w\" sizes=\"auto, (max-width: 900px) 100vw, 900px\" \/><figcaption class=\"wp-element-caption\">Wesley em a\u00e7\u00e3o pelo Flamengo em cl\u00e1ssico contra o Vasco (Foto: Marcelo Cortes\/Flamengo)<\/figcaption><\/figure>\n\n\n\n<p>Na semana passada, foi estabelecido que o Flamengo ia receber 16 milh\u00f5es de euros (aproximadamente R$ 94 milh\u00f5es) pelo atleta. Al\u00e9m disso, h\u00e1 a previs\u00e3o de 1 milh\u00e3o de euros por cada meta alcan\u00e7ada prevista no contrato: completar 20 jogos, conquistar qualquer t\u00edtulo com a Atalanta, garantir uma vaga na Liga Europa e alcan\u00e7ar as oitavas da competi\u00e7\u00e3o continental.<\/p>\n\n\n\n<p>Devido \u00e0 demora do Flamengo em liberar Wesley, a Atalanta est\u00e1 considerando um novo alvo: Raoul Bellanova, do Torino. Se as duas partes chegarem a um acordo, Wesley pode acabar permanecendo no clube carioca sem uma defini\u00e7\u00e3o clara da diretoria.<\/p>\n\n\n\n<p>Desde 2021, quando fez sua estreia no time profissional, Wesley acumulou 85 partidas pelo Flamengo, anotando dois gols. O jogador come\u00e7ou a se destacar com o uniforme rubro-negro em 2023, ao receber mais oportunidades na equipe principal sob a orienta\u00e7\u00e3o de Jorge Sampaoli.<\/p>\n","protected":false},"excerpt":{"rendered":"<p>Venda de Wesley pode sofrer reviravolta<\/p>\n","protected":false},"author":16,"featured_media":100514,"comment_status":"open","ping_status":"closed","sticky":false,"template":"","format":"standard","meta":{"footnotes":""},"categories":[1],"tags":[],"class_list":["post-159664","post","type-post","status-publish","format-standard","has-post-thumbnail","hentry","category-flamengo"],"yoast_head":"<!-- This site is optimized with the Yoast SEO Premium plugin v24.2 (Yoast SEO v26.9) - https:\/\/yoast.com\/product\/yoast-seo-premium-wordpress\/ -->\n<title>Venda de Wesley pode sofrer reviravolta<\/title>\n<meta name=\"robots\" content=\"index, follow, max-snippet:-1, max-image-preview:large, max-video-preview:-1\" \/>\n<link rel=\"canonical\" href=\"https:\/\/www.gaveanews.com\/index.php\/2024\/08\/20\/venda-de-wesley-pode-sofrer-reviravolta\/\" \/>\n<meta property=\"og:locale\" content=\"pt_BR\" \/>\n<meta property=\"og:type\" content=\"article\" \/>\n<meta property=\"og:title\" content=\"Venda de Wesley pode sofrer reviravolta\" \/>\n<meta property=\"og:description\" content=\"Venda de Wesley pode sofrer reviravolta\" \/>\n<meta property=\"og:url\" content=\"https:\/\/www.gaveanews.com\/index.php\/2024\/08\/20\/venda-de-wesley-pode-sofrer-reviravolta\/\" \/>\n<meta property=\"og:site_name\" content=\"G\u00e1vea News\" \/>\n<meta property=\"article:publisher\" content=\"https:\/\/facebook.com\/gaveaNews\/\" \/>\n<meta property=\"article:published_time\" content=\"2024-08-20T14:30:00+00:00\" \/>\n<meta property=\"og:image\" content=\"https:\/\/www.gaveanews.com\/wp-content\/uploads\/wesley.webp\" \/>\n\t<meta property=\"og:image:width\" content=\"760\" \/>\n\t<meta property=\"og:image:height\" content=\"475\" \/>\n\t<meta property=\"og:image:type\" content=\"image\/jpeg\" \/>\n<meta name=\"author\" content=\"D\u00e9bora Figueiredo\" \/>\n<meta name=\"twitter:card\" content=\"summary_large_image\" \/>\n<meta name=\"twitter:label1\" content=\"Escrito por\" \/>\n\t<meta name=\"twitter:data1\" content=\"D\u00e9bora Figueiredo\" \/>\n\t<meta name=\"twitter:label2\" content=\"Est. tempo de leitura\" \/>\n\t<meta name=\"twitter:data2\" content=\"2 minutos\" \/>\n<script type=\"application\/ld+json\" class=\"yoast-schema-graph\">{\"@context\":\"https:\/\/schema.org\",\"@graph\":[{\"@type\":\"NewsArticle\",\"@id\":\"https:\/\/www.gaveanews.com\/index.php\/2024\/08\/20\/venda-de-wesley-pode-sofrer-reviravolta\/#article\",\"isPartOf\":{\"@id\":\"https:\/\/www.gaveanews.com\/index.php\/2024\/08\/20\/venda-de-wesley-pode-sofrer-reviravolta\/\"},\"author\":{\"name\":\"D\u00e9bora Figueiredo\",\"@id\":\"https:\/\/www.gaveanews.com\/#\/schema\/person\/37122681a8575a5c8db05a56f099a5e4\"},\"headline\":\"Venda de Wesley pode sofrer reviravolta\",\"datePublished\":\"2024-08-20T14:30:00+00:00\",\"mainEntityOfPage\":{\"@id\":\"https:\/\/www.gaveanews.com\/index.php\/2024\/08\/20\/venda-de-wesley-pode-sofrer-reviravolta\/\"},\"wordCount\":341,\"commentCount\":0,\"image\":{\"@id\":\"https:\/\/www.gaveanews.com\/index.php\/2024\/08\/20\/venda-de-wesley-pode-sofrer-reviravolta\/#primaryimage\"},\"thumbnailUrl\":\"https:\/\/www.gaveanews.com\/wp-content\/uploads\/wesley.webp\",\"articleSection\":[\"Flamengo\"],\"inLanguage\":\"pt-BR\",\"potentialAction\":[{\"@type\":\"CommentAction\",\"name\":\"Comment\",\"target\":[\"https:\/\/www.gaveanews.com\/index.php\/2024\/08\/20\/venda-de-wesley-pode-sofrer-reviravolta\/#respond\"]}],\"copyrightYear\":\"2024\",\"copyrightHolder\":{\"@id\":\"https:\/\/www.gaveanews.com\/#organization\"}},{\"@type\":\"WebPage\",\"@id\":\"https:\/\/www.gaveanews.com\/index.php\/2024\/08\/20\/venda-de-wesley-pode-sofrer-reviravolta\/\",\"url\":\"https:\/\/www.gaveanews.com\/index.php\/2024\/08\/20\/venda-de-wesley-pode-sofrer-reviravolta\/\",\"name\":\"Venda de Wesley pode sofrer reviravolta\",\"isPartOf\":{\"@id\":\"https:\/\/www.gaveanews.com\/#website\"},\"primaryImageOfPage\":{\"@id\":\"https:\/\/www.gaveanews.com\/index.php\/2024\/08\/20\/venda-de-wesley-pode-sofrer-reviravolta\/#primaryimage\"},\"image\":{\"@id\":\"https:\/\/www.gaveanews.com\/index.php\/2024\/08\/20\/venda-de-wesley-pode-sofrer-reviravolta\/#primaryimage\"},\"thumbnailUrl\":\"https:\/\/www.gaveanews.com\/wp-content\/uploads\/wesley.webp\",\"datePublished\":\"2024-08-20T14:30:00+00:00\",\"author\":{\"@id\":\"https:\/\/www.gaveanews.com\/#\/schema\/person\/37122681a8575a5c8db05a56f099a5e4\"},\"breadcrumb\":{\"@id\":\"https:\/\/www.gaveanews.com\/index.php\/2024\/08\/20\/venda-de-wesley-pode-sofrer-reviravolta\/#breadcrumb\"},\"inLanguage\":\"pt-BR\",\"potentialAction\":[{\"@type\":\"ReadAction\",\"target\":[\"https:\/\/www.gaveanews.com\/index.php\/2024\/08\/20\/venda-de-wesley-pode-sofrer-reviravolta\/\"]}]},{\"@type\":\"ImageObject\",\"inLanguage\":\"pt-BR\",\"@id\":\"https:\/\/www.gaveanews.com\/index.php\/2024\/08\/20\/venda-de-wesley-pode-sofrer-reviravolta\/#primaryimage\",\"url\":\"https:\/\/www.gaveanews.com\/wp-content\/uploads\/wesley.webp\",\"contentUrl\":\"https:\/\/www.gaveanews.com\/wp-content\/uploads\/wesley.webp\",\"width\":760,\"height\":475,\"caption\":\"Wesley comemora gol contra o Racing, pela Libertadores (Foto: Alexandre LOUREIRO\/AFP)\"},{\"@type\":\"BreadcrumbList\",\"@id\":\"https:\/\/www.gaveanews.com\/index.php\/2024\/08\/20\/venda-de-wesley-pode-sofrer-reviravolta\/#breadcrumb\",\"itemListElement\":[{\"@type\":\"ListItem\",\"position\":1,\"name\":\"Home\",\"item\":\"https:\/\/www.gaveanews.com\/\"},{\"@type\":\"ListItem\",\"position\":2,\"name\":\"Venda de Wesley pode sofrer reviravolta\"}]},{\"@type\":\"WebSite\",\"@id\":\"https:\/\/www.gaveanews.com\/#website\",\"url\":\"https:\/\/www.gaveanews.com\/\",\"name\":\"G\u00e1vea News\",\"description\":\"Veja todas as not\u00edcias sobre o Flamengo: Contrata\u00e7\u00f5es, categorias de base, resultados das partidas, tabela de classifica\u00e7\u00e3o, pr\u00f3ximos jogos!\",\"potentialAction\":[{\"@type\":\"SearchAction\",\"target\":{\"@type\":\"EntryPoint\",\"urlTemplate\":\"https:\/\/www.gaveanews.com\/?s={search_term_string}\"},\"query-input\":{\"@type\":\"PropertyValueSpecification\",\"valueRequired\":true,\"valueName\":\"search_term_string\"}}],\"inLanguage\":\"pt-BR\"},{\"@type\":\"Person\",\"@id\":\"https:\/\/www.gaveanews.com\/#\/schema\/person\/37122681a8575a5c8db05a56f099a5e4\",\"name\":\"D\u00e9bora Figueiredo\",\"image\":{\"@type\":\"ImageObject\",\"inLanguage\":\"pt-BR\",\"@id\":\"https:\/\/www.gaveanews.com\/#\/schema\/person\/image\/\",\"url\":\"https:\/\/secure.gravatar.com\/avatar\/1f44802859351588499d26f52aed1d15796ce17e67602895b72837c08018868d?s=96&d=mm&r=g\",\"contentUrl\":\"https:\/\/secure.gravatar.com\/avatar\/1f44802859351588499d26f52aed1d15796ce17e67602895b72837c08018868d?s=96&d=mm&r=g\",\"caption\":\"D\u00e9bora Figueiredo\"}}]}<\/script>\n<!-- \/ Yoast SEO Premium plugin. -->","yoast_head_json":{"title":"Venda de Wesley pode sofrer reviravolta","robots":{"index":"index","follow":"follow","max-snippet":"max-snippet:-1","max-image-preview":"max-image-preview:large","max-video-preview":"max-video-preview:-1"},"canonical":"https:\/\/www.gaveanews.com\/index.php\/2024\/08\/20\/venda-de-wesley-pode-sofrer-reviravolta\/","og_locale":"pt_BR","og_type":"article","og_title":"Venda de Wesley pode sofrer reviravolta","og_description":"Venda de Wesley pode sofrer reviravolta","og_url":"https:\/\/www.gaveanews.com\/index.php\/2024\/08\/20\/venda-de-wesley-pode-sofrer-reviravolta\/","og_site_name":"G\u00e1vea News","article_publisher":"https:\/\/facebook.com\/gaveaNews\/","article_published_time":"2024-08-20T14:30:00+00:00","og_image":[{"width":760,"height":475,"url":"https:\/\/www.gaveanews.com\/wp-content\/uploads\/wesley.webp","type":"image\/jpeg"}],"author":"D\u00e9bora Figueiredo","twitter_card":"summary_large_image","twitter_misc":{"Escrito por":"D\u00e9bora Figueiredo","Est. tempo de leitura":"2 minutos"},"schema":{"@context":"https:\/\/schema.org","@graph":[{"@type":"NewsArticle","@id":"https:\/\/www.gaveanews.com\/index.php\/2024\/08\/20\/venda-de-wesley-pode-sofrer-reviravolta\/#article","isPartOf":{"@id":"https:\/\/www.gaveanews.com\/index.php\/2024\/08\/20\/venda-de-wesley-pode-sofrer-reviravolta\/"},"author":{"name":"D\u00e9bora Figueiredo","@id":"https:\/\/www.gaveanews.com\/#\/schema\/person\/37122681a8575a5c8db05a56f099a5e4"},"headline":"Venda de Wesley pode sofrer reviravolta","datePublished":"2024-08-20T14:30:00+00:00","mainEntityOfPage":{"@id":"https:\/\/www.gaveanews.com\/index.php\/2024\/08\/20\/venda-de-wesley-pode-sofrer-reviravolta\/"},"wordCount":341,"commentCount":0,"image":{"@id":"https:\/\/www.gaveanews.com\/index.php\/2024\/08\/20\/venda-de-wesley-pode-sofrer-reviravolta\/#primaryimage"},"thumbnailUrl":"https:\/\/www.gaveanews.com\/wp-content\/uploads\/wesley.webp","articleSection":["Flamengo"],"inLanguage":"pt-BR","potentialAction":[{"@type":"CommentAction","name":"Comment","target":["https:\/\/www.gaveanews.com\/index.php\/2024\/08\/20\/venda-de-wesley-pode-sofrer-reviravolta\/#respond"]}],"copyrightYear":"2024","copyrightHolder":{"@id":"https:\/\/www.gaveanews.com\/#organization"}},{"@type":"WebPage","@id":"https:\/\/www.gaveanews.com\/index.php\/2024\/08\/20\/venda-de-wesley-pode-sofrer-reviravolta\/","url":"https:\/\/www.gaveanews.com\/index.php\/2024\/08\/20\/venda-de-wesley-pode-sofrer-reviravolta\/","name":"Venda de Wesley pode sofrer reviravolta","isPartOf":{"@id":"https:\/\/www.gaveanews.com\/#website"},"primaryImageOfPage":{"@id":"https:\/\/www.gaveanews.com\/index.php\/2024\/08\/20\/venda-de-wesley-pode-sofrer-reviravolta\/#primaryimage"},"image":{"@id":"https:\/\/www.gaveanews.com\/index.php\/2024\/08\/20\/venda-de-wesley-pode-sofrer-reviravolta\/#primaryimage"},"thumbnailUrl":"https:\/\/www.gaveanews.com\/wp-content\/uploads\/wesley.webp","datePublished":"2024-08-20T14:30:00+00:00","author":{"@id":"https:\/\/www.gaveanews.com\/#\/schema\/person\/37122681a8575a5c8db05a56f099a5e4"},"breadcrumb":{"@id":"https:\/\/www.gaveanews.com\/index.php\/2024\/08\/20\/venda-de-wesley-pode-sofrer-reviravolta\/#breadcrumb"},"inLanguage":"pt-BR","potentialAction":[{"@type":"ReadAction","target":["https:\/\/www.gaveanews.com\/index.php\/2024\/08\/20\/venda-de-wesley-pode-sofrer-reviravolta\/"]}]},{"@type":"ImageObject","inLanguage":"pt-BR","@id":"https:\/\/www.gaveanews.com\/index.php\/2024\/08\/20\/venda-de-wesley-pode-sofrer-reviravolta\/#primaryimage","url":"https:\/\/www.gaveanews.com\/wp-content\/uploads\/wesley.webp","contentUrl":"https:\/\/www.gaveanews.com\/wp-content\/uploads\/wesley.webp","width":760,"height":475,"caption":"Wesley comemora gol contra o Racing, pela Libertadores (Foto: Alexandre LOUREIRO\/AFP)"},{"@type":"BreadcrumbList","@id":"https:\/\/www.gaveanews.com\/index.php\/2024\/08\/20\/venda-de-wesley-pode-sofrer-reviravolta\/#breadcrumb","itemListElement":[{"@type":"ListItem","position":1,"name":"Home","item":"https:\/\/www.gaveanews.com\/"},{"@type":"ListItem","position":2,"name":"Venda de Wesley pode sofrer reviravolta"}]},{"@type":"WebSite","@id":"https:\/\/www.gaveanews.com\/#website","url":"https:\/\/www.gaveanews.com\/","name":"G\u00e1vea News","description":"Veja todas as not\u00edcias sobre o Flamengo: Contrata\u00e7\u00f5es, categorias de base, resultados das partidas, tabela de classifica\u00e7\u00e3o, pr\u00f3ximos jogos!","potentialAction":[{"@type":"SearchAction","target":{"@type":"EntryPoint","urlTemplate":"https:\/\/www.gaveanews.com\/?s={search_term_string}"},"query-input":{"@type":"PropertyValueSpecification","valueRequired":true,"valueName":"search_term_string"}}],"inLanguage":"pt-BR"},{"@type":"Person","@id":"https:\/\/www.gaveanews.com\/#\/schema\/person\/37122681a8575a5c8db05a56f099a5e4","name":"D\u00e9bora Figueiredo","image":{"@type":"ImageObject","inLanguage":"pt-BR","@id":"https:\/\/www.gaveanews.com\/#\/schema\/person\/image\/","url":"https:\/\/secure.gravatar.com\/avatar\/1f44802859351588499d26f52aed1d15796ce17e67602895b72837c08018868d?s=96&d=mm&r=g","contentUrl":"https:\/\/secure.gravatar.com\/avatar\/1f44802859351588499d26f52aed1d15796ce17e67602895b72837c08018868d?s=96&d=mm&r=g","caption":"D\u00e9bora Figueiredo"}}]}},"_links":{"self":[{"href":"https:\/\/www.gaveanews.com\/index.php\/wp-json\/wp\/v2\/posts\/159664","targetHints":{"allow":["GET"]}}],"collection":[{"href":"https:\/\/www.gaveanews.com\/index.php\/wp-json\/wp\/v2\/posts"}],"about":[{"href":"https:\/\/www.gaveanews.com\/index.php\/wp-json\/wp\/v2\/types\/post"}],"author":[{"embeddable":true,"href":"https:\/\/www.gaveanews.com\/index.php\/wp-json\/wp\/v2\/users\/16"}],"replies":[{"embeddable":true,"href":"https:\/\/www.gaveanews.com\/index.php\/wp-json\/wp\/v2\/comments?post=159664"}],"version-history":[{"count":1,"href":"https:\/\/www.gaveanews.com\/index.php\/wp-json\/wp\/v2\/posts\/159664\/revisions"}],"predecessor-version":[{"id":159665,"href":"https:\/\/www.gaveanews.com\/index.php\/wp-json\/wp\/v2\/posts\/159664\/revisions\/159665"}],"wp:featuredmedia":[{"embeddable":true,"href":"https:\/\/www.gaveanews.com\/index.php\/wp-json\/wp\/v2\/media\/100514"}],"wp:attachment":[{"href":"https:\/\/www.gaveanews.com\/index.php\/wp-json\/wp\/v2\/media?parent=159664"}],"wp:term":[{"taxonomy":"category","embeddable":true,"href":"https:\/\/www.gaveanews.com\/index.php\/wp-json\/wp\/v2\/categories?post=159664"},{"taxonomy":"post_tag","embeddable":true,"href":"https:\/\/www.gaveanews.com\/index.php\/wp-json\/wp\/v2\/tags?post=159664"}],"curies":[{"name":"wp","href":"https:\/\/api.w.org\/{rel}","templated":true}]}}