{"id":159710,"date":"2024-08-20T17:06:56","date_gmt":"2024-08-20T20:06:56","guid":{"rendered":"https:\/\/www.gaveanews.com\/?p=159710"},"modified":"2024-08-20T17:06:57","modified_gmt":"2024-08-20T20:06:57","slug":"a-declaracao-de-seabra-sobre-a-situacao-alvaro-barreal-no-cruzeiro","status":"publish","type":"post","link":"https:\/\/www.gaveanews.com\/index.php\/2024\/08\/20\/a-declaracao-de-seabra-sobre-a-situacao-alvaro-barreal-no-cruzeiro\/","title":{"rendered":"A declara\u00e7\u00e3o de Seabra sobre a situa\u00e7\u00e3o \u00c1lvaro Barreal no Cruzeiro"},"content":{"rendered":"\n<p>O Cruzeiro empatou com o Vit\u00f3ria na noite de ontem (19) em partida v\u00e1lida pelo Brasileir\u00e3o. A equipe de Fernando Seabra entrou em marcha reduzida j\u00e1 que o foco \u00e9 total na sul americana, contra o Boca Juniors. <\/p>\n\n\n\n<p>Uma das contrata\u00e7\u00f5es dessa janela de transfer\u00eancias, \u00c0lvaro Barreal foi substitu\u00eddo no andamento do jogo para a entrada de Matheus Vital no meio campo cruzeirense e a torcida ficou preocupada com a situa\u00e7\u00e3o dele para a decis\u00e3o contra o clube argentino.<\/p>\n\n\n\n<ul class=\"wp-block-list\">\n<li><a href=\"https:\/\/www.gaveanews.com\/index.php\/2024\/08\/20\/cruzeiro-pode-ter-ate-3-jogadores-convocados-para-a-selecao-brasileira\/\">Cruzeiro pode ter at\u00e9 3 jogadores convocados para a Sele\u00e7\u00e3o Brasileira<\/a><\/li>\n\n\n\n<li><a href=\"https:\/\/www.gaveanews.com\/index.php\/2024\/08\/19\/a-declaracao-de-alexandre-mattos-sobre-a-saida-de-seabra-do-cruzeiro\/\">A declara\u00e7\u00e3o de Alexandre Mattos sobre a sa\u00edda de Seabra do Cruzeiro<\/a><\/li>\n<\/ul>\n\n\n\n<p>Fernando Seabra falou sobre as dores no tornozelo do jogador e quais s\u00e3o as expectativas dele para o jogo decisivo contra o Boca Juniors.<\/p>\n\n\n\n<p>O T\u00e9cnico do Cruzeiro afirmou que ainda est\u00e1 aguardando os resultados dos exames para saber se ele vai ter condi\u00e7\u00f5es de jogo contra o Boca Juniors.<\/p>\n\n\n\n<p><em>&#8211; Ainda precisamos esperar a avalia\u00e7\u00e3o. A princ\u00edpio, n\u00e3o houve nenhuma tor\u00e7\u00e3o ou trauma direto, simplesmente um inc\u00f4modo por dor que estava limitando os movimentos dele. Ent\u00e3o temos que aguardar para saber a gravidade e profundidade das consequ\u00eancias desse problema<\/em><\/p>\n\n\n\n<p>Barreal vai passar por avalia\u00e7\u00f5es nesta ter\u00e7a-feira (20) quando a equipe do Cruzeiro chega a Belo Horizonte ap\u00f3s o jogo na Bahia. <\/p>\n\n\n\n<h2 class=\"wp-block-heading\" id=\"h-qual-a-proxima-partida-do-cruzeiro\">Qual a pr\u00f3xima partida do Cruzeiro?<\/h2>\n\n\n\n<p>A Confedera\u00e7\u00e3o Sul-Americana de Futebol (Conmebol) divulgou qual ser\u00e1 o meio de transmiss\u00e3o do jogo entre\u00a0Cruzeiro\u00a0e Boca Juniors. Os times se enfrentar\u00e3o na pr\u00f3xima quinta-feira (22\/8), \u00e0s 21h30 (de Bras\u00edlia), no Mineir\u00e3o.<\/p>\n\n\n\n<p>Assim como na ida, a partida passar\u00e1 apenas no streaming\u00a0Paramount+. Ou seja, o confronto n\u00e3o estar\u00e1 em nenhum canal de televis\u00e3o tradicional como\u00a0SBT\u00a0e\u00a0ESPN, que tamb\u00e9m det\u00eam direitos do torneio internacional.<\/p>\n","protected":false},"excerpt":{"rendered":"<p>O Cruzeiro empatou com o Vit\u00f3ria na noite de ontem (19) em partida v\u00e1lida pelo Brasileir\u00e3o. A equipe de Fernando Seabra entrou em marcha reduzida j\u00e1 que o foco \u00e9 total na sul americana, contra o Boca Juniors. Uma das contrata\u00e7\u00f5es dessa janela de transfer\u00eancias, \u00c0lvaro Barreal foi substitu\u00eddo no andamento do jogo para a [&hellip;]<\/p>\n","protected":false},"author":19,"featured_media":149930,"comment_status":"open","ping_status":"closed","sticky":false,"template":"","format":"standard","meta":{"footnotes":""},"categories":[143],"tags":[],"class_list":["post-159710","post","type-post","status-publish","format-standard","has-post-thumbnail","hentry","category-cruzeiro"],"yoast_head":"<!-- This site is optimized with the Yoast SEO Premium plugin v24.2 (Yoast SEO v26.9) - https:\/\/yoast.com\/product\/yoast-seo-premium-wordpress\/ -->\n<title>A declara\u00e7\u00e3o de Seabra sobre a situa\u00e7\u00e3o \u00c1lvaro Barreal no Cruzeiro<\/title>\n<meta name=\"robots\" content=\"index, follow, max-snippet:-1, max-image-preview:large, max-video-preview:-1\" \/>\n<link rel=\"canonical\" href=\"https:\/\/www.gaveanews.com\/index.php\/2024\/08\/20\/a-declaracao-de-seabra-sobre-a-situacao-alvaro-barreal-no-cruzeiro\/\" \/>\n<meta property=\"og:locale\" content=\"pt_BR\" \/>\n<meta property=\"og:type\" content=\"article\" \/>\n<meta property=\"og:title\" content=\"A declara\u00e7\u00e3o de Seabra sobre a situa\u00e7\u00e3o \u00c1lvaro Barreal no Cruzeiro\" \/>\n<meta property=\"og:description\" content=\"O Cruzeiro empatou com o Vit\u00f3ria na noite de ontem (19) em partida v\u00e1lida pelo Brasileir\u00e3o. A equipe de Fernando Seabra entrou em marcha reduzida j\u00e1 que o foco \u00e9 total na sul americana, contra o Boca Juniors. Uma das contrata\u00e7\u00f5es dessa janela de transfer\u00eancias, \u00c0lvaro Barreal foi substitu\u00eddo no andamento do jogo para a [&hellip;]\" \/>\n<meta property=\"og:url\" content=\"https:\/\/www.gaveanews.com\/index.php\/2024\/08\/20\/a-declaracao-de-seabra-sobre-a-situacao-alvaro-barreal-no-cruzeiro\/\" \/>\n<meta property=\"og:site_name\" content=\"G\u00e1vea News\" \/>\n<meta property=\"article:publisher\" content=\"https:\/\/facebook.com\/gaveaNews\/\" \/>\n<meta property=\"article:published_time\" content=\"2024-08-20T20:06:56+00:00\" \/>\n<meta property=\"article:modified_time\" content=\"2024-08-20T20:06:57+00:00\" \/>\n<meta property=\"og:image\" content=\"https:\/\/www.gaveanews.com\/wp-content\/uploads\/Fernando-Seabra-durante-jogo-do-Cruzeiro-no-Mineirao.webp\" \/>\n\t<meta property=\"og:image:width\" content=\"1440\" \/>\n\t<meta property=\"og:image:height\" content=\"810\" \/>\n\t<meta property=\"og:image:type\" content=\"image\/jpeg\" \/>\n<meta name=\"author\" content=\"Bruno Zanchetta\" \/>\n<meta name=\"twitter:card\" content=\"summary_large_image\" \/>\n<meta name=\"twitter:label1\" content=\"Escrito por\" \/>\n\t<meta name=\"twitter:data1\" content=\"Bruno Zanchetta\" \/>\n\t<meta name=\"twitter:label2\" content=\"Est. tempo de leitura\" \/>\n\t<meta name=\"twitter:data2\" content=\"2 minutos\" \/>\n<script type=\"application\/ld+json\" class=\"yoast-schema-graph\">{\"@context\":\"https:\/\/schema.org\",\"@graph\":[{\"@type\":\"NewsArticle\",\"@id\":\"https:\/\/www.gaveanews.com\/index.php\/2024\/08\/20\/a-declaracao-de-seabra-sobre-a-situacao-alvaro-barreal-no-cruzeiro\/#article\",\"isPartOf\":{\"@id\":\"https:\/\/www.gaveanews.com\/index.php\/2024\/08\/20\/a-declaracao-de-seabra-sobre-a-situacao-alvaro-barreal-no-cruzeiro\/\"},\"author\":{\"name\":\"Bruno Zanchetta\",\"@id\":\"https:\/\/www.gaveanews.com\/#\/schema\/person\/32fddefab25b466689f181be346cd98c\"},\"headline\":\"A declara\u00e7\u00e3o de Seabra sobre a situa\u00e7\u00e3o \u00c1lvaro Barreal no Cruzeiro\",\"datePublished\":\"2024-08-20T20:06:56+00:00\",\"dateModified\":\"2024-08-20T20:06:57+00:00\",\"mainEntityOfPage\":{\"@id\":\"https:\/\/www.gaveanews.com\/index.php\/2024\/08\/20\/a-declaracao-de-seabra-sobre-a-situacao-alvaro-barreal-no-cruzeiro\/\"},\"wordCount\":331,\"commentCount\":0,\"image\":{\"@id\":\"https:\/\/www.gaveanews.com\/index.php\/2024\/08\/20\/a-declaracao-de-seabra-sobre-a-situacao-alvaro-barreal-no-cruzeiro\/#primaryimage\"},\"thumbnailUrl\":\"https:\/\/www.gaveanews.com\/wp-content\/uploads\/Fernando-Seabra-durante-jogo-do-Cruzeiro-no-Mineirao.webp\",\"articleSection\":[\"Cruzeiro\"],\"inLanguage\":\"pt-BR\",\"potentialAction\":[{\"@type\":\"CommentAction\",\"name\":\"Comment\",\"target\":[\"https:\/\/www.gaveanews.com\/index.php\/2024\/08\/20\/a-declaracao-de-seabra-sobre-a-situacao-alvaro-barreal-no-cruzeiro\/#respond\"]}],\"copyrightYear\":\"2024\",\"copyrightHolder\":{\"@id\":\"https:\/\/www.gaveanews.com\/#organization\"}},{\"@type\":\"WebPage\",\"@id\":\"https:\/\/www.gaveanews.com\/index.php\/2024\/08\/20\/a-declaracao-de-seabra-sobre-a-situacao-alvaro-barreal-no-cruzeiro\/\",\"url\":\"https:\/\/www.gaveanews.com\/index.php\/2024\/08\/20\/a-declaracao-de-seabra-sobre-a-situacao-alvaro-barreal-no-cruzeiro\/\",\"name\":\"A declara\u00e7\u00e3o de Seabra sobre a situa\u00e7\u00e3o \u00c1lvaro Barreal no Cruzeiro\",\"isPartOf\":{\"@id\":\"https:\/\/www.gaveanews.com\/#website\"},\"primaryImageOfPage\":{\"@id\":\"https:\/\/www.gaveanews.com\/index.php\/2024\/08\/20\/a-declaracao-de-seabra-sobre-a-situacao-alvaro-barreal-no-cruzeiro\/#primaryimage\"},\"image\":{\"@id\":\"https:\/\/www.gaveanews.com\/index.php\/2024\/08\/20\/a-declaracao-de-seabra-sobre-a-situacao-alvaro-barreal-no-cruzeiro\/#primaryimage\"},\"thumbnailUrl\":\"https:\/\/www.gaveanews.com\/wp-content\/uploads\/Fernando-Seabra-durante-jogo-do-Cruzeiro-no-Mineirao.webp\",\"datePublished\":\"2024-08-20T20:06:56+00:00\",\"dateModified\":\"2024-08-20T20:06:57+00:00\",\"author\":{\"@id\":\"https:\/\/www.gaveanews.com\/#\/schema\/person\/32fddefab25b466689f181be346cd98c\"},\"breadcrumb\":{\"@id\":\"https:\/\/www.gaveanews.com\/index.php\/2024\/08\/20\/a-declaracao-de-seabra-sobre-a-situacao-alvaro-barreal-no-cruzeiro\/#breadcrumb\"},\"inLanguage\":\"pt-BR\",\"potentialAction\":[{\"@type\":\"ReadAction\",\"target\":[\"https:\/\/www.gaveanews.com\/index.php\/2024\/08\/20\/a-declaracao-de-seabra-sobre-a-situacao-alvaro-barreal-no-cruzeiro\/\"]}]},{\"@type\":\"ImageObject\",\"inLanguage\":\"pt-BR\",\"@id\":\"https:\/\/www.gaveanews.com\/index.php\/2024\/08\/20\/a-declaracao-de-seabra-sobre-a-situacao-alvaro-barreal-no-cruzeiro\/#primaryimage\",\"url\":\"https:\/\/www.gaveanews.com\/wp-content\/uploads\/Fernando-Seabra-durante-jogo-do-Cruzeiro-no-Mineirao.webp\",\"contentUrl\":\"https:\/\/www.gaveanews.com\/wp-content\/uploads\/Fernando-Seabra-durante-jogo-do-Cruzeiro-no-Mineirao.webp\",\"width\":1440,\"height\":810,\"caption\":\"Fernando Seabra durante jogo do Cruzeiro no Mineir\u00e3o (Foto: Reprodu\u00e7\u00e3o\/Cruzeiro)\"},{\"@type\":\"BreadcrumbList\",\"@id\":\"https:\/\/www.gaveanews.com\/index.php\/2024\/08\/20\/a-declaracao-de-seabra-sobre-a-situacao-alvaro-barreal-no-cruzeiro\/#breadcrumb\",\"itemListElement\":[{\"@type\":\"ListItem\",\"position\":1,\"name\":\"Home\",\"item\":\"https:\/\/www.gaveanews.com\/\"},{\"@type\":\"ListItem\",\"position\":2,\"name\":\"A declara\u00e7\u00e3o de Seabra sobre a situa\u00e7\u00e3o \u00c1lvaro Barreal no Cruzeiro\"}]},{\"@type\":\"WebSite\",\"@id\":\"https:\/\/www.gaveanews.com\/#website\",\"url\":\"https:\/\/www.gaveanews.com\/\",\"name\":\"G\u00e1vea News\",\"description\":\"Veja todas as not\u00edcias sobre o Flamengo: Contrata\u00e7\u00f5es, categorias de base, resultados das partidas, tabela de classifica\u00e7\u00e3o, pr\u00f3ximos jogos!\",\"potentialAction\":[{\"@type\":\"SearchAction\",\"target\":{\"@type\":\"EntryPoint\",\"urlTemplate\":\"https:\/\/www.gaveanews.com\/?s={search_term_string}\"},\"query-input\":{\"@type\":\"PropertyValueSpecification\",\"valueRequired\":true,\"valueName\":\"search_term_string\"}}],\"inLanguage\":\"pt-BR\"},{\"@type\":\"Person\",\"@id\":\"https:\/\/www.gaveanews.com\/#\/schema\/person\/32fddefab25b466689f181be346cd98c\",\"name\":\"Bruno Zanchetta\",\"image\":{\"@type\":\"ImageObject\",\"inLanguage\":\"pt-BR\",\"@id\":\"https:\/\/www.gaveanews.com\/#\/schema\/person\/image\/\",\"url\":\"https:\/\/secure.gravatar.com\/avatar\/3ba2d39f8a912ad65276975a996d6ad8d9e3dd13448684be8dc4d7c17099d2ee?s=96&d=mm&r=g\",\"contentUrl\":\"https:\/\/secure.gravatar.com\/avatar\/3ba2d39f8a912ad65276975a996d6ad8d9e3dd13448684be8dc4d7c17099d2ee?s=96&d=mm&r=g\",\"caption\":\"Bruno Zanchetta\"}}]}<\/script>\n<!-- \/ Yoast SEO Premium plugin. -->","yoast_head_json":{"title":"A declara\u00e7\u00e3o de Seabra sobre a situa\u00e7\u00e3o \u00c1lvaro Barreal no Cruzeiro","robots":{"index":"index","follow":"follow","max-snippet":"max-snippet:-1","max-image-preview":"max-image-preview:large","max-video-preview":"max-video-preview:-1"},"canonical":"https:\/\/www.gaveanews.com\/index.php\/2024\/08\/20\/a-declaracao-de-seabra-sobre-a-situacao-alvaro-barreal-no-cruzeiro\/","og_locale":"pt_BR","og_type":"article","og_title":"A declara\u00e7\u00e3o de Seabra sobre a situa\u00e7\u00e3o \u00c1lvaro Barreal no Cruzeiro","og_description":"O Cruzeiro empatou com o Vit\u00f3ria na noite de ontem (19) em partida v\u00e1lida pelo Brasileir\u00e3o. A equipe de Fernando Seabra entrou em marcha reduzida j\u00e1 que o foco \u00e9 total na sul americana, contra o Boca Juniors. Uma das contrata\u00e7\u00f5es dessa janela de transfer\u00eancias, \u00c0lvaro Barreal foi substitu\u00eddo no andamento do jogo para a [&hellip;]","og_url":"https:\/\/www.gaveanews.com\/index.php\/2024\/08\/20\/a-declaracao-de-seabra-sobre-a-situacao-alvaro-barreal-no-cruzeiro\/","og_site_name":"G\u00e1vea News","article_publisher":"https:\/\/facebook.com\/gaveaNews\/","article_published_time":"2024-08-20T20:06:56+00:00","article_modified_time":"2024-08-20T20:06:57+00:00","og_image":[{"width":1440,"height":810,"url":"https:\/\/www.gaveanews.com\/wp-content\/uploads\/Fernando-Seabra-durante-jogo-do-Cruzeiro-no-Mineirao.webp","type":"image\/jpeg"}],"author":"Bruno Zanchetta","twitter_card":"summary_large_image","twitter_misc":{"Escrito por":"Bruno Zanchetta","Est. tempo de leitura":"2 minutos"},"schema":{"@context":"https:\/\/schema.org","@graph":[{"@type":"NewsArticle","@id":"https:\/\/www.gaveanews.com\/index.php\/2024\/08\/20\/a-declaracao-de-seabra-sobre-a-situacao-alvaro-barreal-no-cruzeiro\/#article","isPartOf":{"@id":"https:\/\/www.gaveanews.com\/index.php\/2024\/08\/20\/a-declaracao-de-seabra-sobre-a-situacao-alvaro-barreal-no-cruzeiro\/"},"author":{"name":"Bruno Zanchetta","@id":"https:\/\/www.gaveanews.com\/#\/schema\/person\/32fddefab25b466689f181be346cd98c"},"headline":"A declara\u00e7\u00e3o de Seabra sobre a situa\u00e7\u00e3o \u00c1lvaro Barreal no Cruzeiro","datePublished":"2024-08-20T20:06:56+00:00","dateModified":"2024-08-20T20:06:57+00:00","mainEntityOfPage":{"@id":"https:\/\/www.gaveanews.com\/index.php\/2024\/08\/20\/a-declaracao-de-seabra-sobre-a-situacao-alvaro-barreal-no-cruzeiro\/"},"wordCount":331,"commentCount":0,"image":{"@id":"https:\/\/www.gaveanews.com\/index.php\/2024\/08\/20\/a-declaracao-de-seabra-sobre-a-situacao-alvaro-barreal-no-cruzeiro\/#primaryimage"},"thumbnailUrl":"https:\/\/www.gaveanews.com\/wp-content\/uploads\/Fernando-Seabra-durante-jogo-do-Cruzeiro-no-Mineirao.webp","articleSection":["Cruzeiro"],"inLanguage":"pt-BR","potentialAction":[{"@type":"CommentAction","name":"Comment","target":["https:\/\/www.gaveanews.com\/index.php\/2024\/08\/20\/a-declaracao-de-seabra-sobre-a-situacao-alvaro-barreal-no-cruzeiro\/#respond"]}],"copyrightYear":"2024","copyrightHolder":{"@id":"https:\/\/www.gaveanews.com\/#organization"}},{"@type":"WebPage","@id":"https:\/\/www.gaveanews.com\/index.php\/2024\/08\/20\/a-declaracao-de-seabra-sobre-a-situacao-alvaro-barreal-no-cruzeiro\/","url":"https:\/\/www.gaveanews.com\/index.php\/2024\/08\/20\/a-declaracao-de-seabra-sobre-a-situacao-alvaro-barreal-no-cruzeiro\/","name":"A declara\u00e7\u00e3o de Seabra sobre a situa\u00e7\u00e3o \u00c1lvaro Barreal no Cruzeiro","isPartOf":{"@id":"https:\/\/www.gaveanews.com\/#website"},"primaryImageOfPage":{"@id":"https:\/\/www.gaveanews.com\/index.php\/2024\/08\/20\/a-declaracao-de-seabra-sobre-a-situacao-alvaro-barreal-no-cruzeiro\/#primaryimage"},"image":{"@id":"https:\/\/www.gaveanews.com\/index.php\/2024\/08\/20\/a-declaracao-de-seabra-sobre-a-situacao-alvaro-barreal-no-cruzeiro\/#primaryimage"},"thumbnailUrl":"https:\/\/www.gaveanews.com\/wp-content\/uploads\/Fernando-Seabra-durante-jogo-do-Cruzeiro-no-Mineirao.webp","datePublished":"2024-08-20T20:06:56+00:00","dateModified":"2024-08-20T20:06:57+00:00","author":{"@id":"https:\/\/www.gaveanews.com\/#\/schema\/person\/32fddefab25b466689f181be346cd98c"},"breadcrumb":{"@id":"https:\/\/www.gaveanews.com\/index.php\/2024\/08\/20\/a-declaracao-de-seabra-sobre-a-situacao-alvaro-barreal-no-cruzeiro\/#breadcrumb"},"inLanguage":"pt-BR","potentialAction":[{"@type":"ReadAction","target":["https:\/\/www.gaveanews.com\/index.php\/2024\/08\/20\/a-declaracao-de-seabra-sobre-a-situacao-alvaro-barreal-no-cruzeiro\/"]}]},{"@type":"ImageObject","inLanguage":"pt-BR","@id":"https:\/\/www.gaveanews.com\/index.php\/2024\/08\/20\/a-declaracao-de-seabra-sobre-a-situacao-alvaro-barreal-no-cruzeiro\/#primaryimage","url":"https:\/\/www.gaveanews.com\/wp-content\/uploads\/Fernando-Seabra-durante-jogo-do-Cruzeiro-no-Mineirao.webp","contentUrl":"https:\/\/www.gaveanews.com\/wp-content\/uploads\/Fernando-Seabra-durante-jogo-do-Cruzeiro-no-Mineirao.webp","width":1440,"height":810,"caption":"Fernando Seabra durante jogo do Cruzeiro no Mineir\u00e3o (Foto: Reprodu\u00e7\u00e3o\/Cruzeiro)"},{"@type":"BreadcrumbList","@id":"https:\/\/www.gaveanews.com\/index.php\/2024\/08\/20\/a-declaracao-de-seabra-sobre-a-situacao-alvaro-barreal-no-cruzeiro\/#breadcrumb","itemListElement":[{"@type":"ListItem","position":1,"name":"Home","item":"https:\/\/www.gaveanews.com\/"},{"@type":"ListItem","position":2,"name":"A declara\u00e7\u00e3o de Seabra sobre a situa\u00e7\u00e3o \u00c1lvaro Barreal no Cruzeiro"}]},{"@type":"WebSite","@id":"https:\/\/www.gaveanews.com\/#website","url":"https:\/\/www.gaveanews.com\/","name":"G\u00e1vea News","description":"Veja todas as not\u00edcias sobre o Flamengo: Contrata\u00e7\u00f5es, categorias de base, resultados das partidas, tabela de classifica\u00e7\u00e3o, pr\u00f3ximos jogos!","potentialAction":[{"@type":"SearchAction","target":{"@type":"EntryPoint","urlTemplate":"https:\/\/www.gaveanews.com\/?s={search_term_string}"},"query-input":{"@type":"PropertyValueSpecification","valueRequired":true,"valueName":"search_term_string"}}],"inLanguage":"pt-BR"},{"@type":"Person","@id":"https:\/\/www.gaveanews.com\/#\/schema\/person\/32fddefab25b466689f181be346cd98c","name":"Bruno Zanchetta","image":{"@type":"ImageObject","inLanguage":"pt-BR","@id":"https:\/\/www.gaveanews.com\/#\/schema\/person\/image\/","url":"https:\/\/secure.gravatar.com\/avatar\/3ba2d39f8a912ad65276975a996d6ad8d9e3dd13448684be8dc4d7c17099d2ee?s=96&d=mm&r=g","contentUrl":"https:\/\/secure.gravatar.com\/avatar\/3ba2d39f8a912ad65276975a996d6ad8d9e3dd13448684be8dc4d7c17099d2ee?s=96&d=mm&r=g","caption":"Bruno Zanchetta"}}]}},"_links":{"self":[{"href":"https:\/\/www.gaveanews.com\/index.php\/wp-json\/wp\/v2\/posts\/159710","targetHints":{"allow":["GET"]}}],"collection":[{"href":"https:\/\/www.gaveanews.com\/index.php\/wp-json\/wp\/v2\/posts"}],"about":[{"href":"https:\/\/www.gaveanews.com\/index.php\/wp-json\/wp\/v2\/types\/post"}],"author":[{"embeddable":true,"href":"https:\/\/www.gaveanews.com\/index.php\/wp-json\/wp\/v2\/users\/19"}],"replies":[{"embeddable":true,"href":"https:\/\/www.gaveanews.com\/index.php\/wp-json\/wp\/v2\/comments?post=159710"}],"version-history":[{"count":1,"href":"https:\/\/www.gaveanews.com\/index.php\/wp-json\/wp\/v2\/posts\/159710\/revisions"}],"predecessor-version":[{"id":159733,"href":"https:\/\/www.gaveanews.com\/index.php\/wp-json\/wp\/v2\/posts\/159710\/revisions\/159733"}],"wp:featuredmedia":[{"embeddable":true,"href":"https:\/\/www.gaveanews.com\/index.php\/wp-json\/wp\/v2\/media\/149930"}],"wp:attachment":[{"href":"https:\/\/www.gaveanews.com\/index.php\/wp-json\/wp\/v2\/media?parent=159710"}],"wp:term":[{"taxonomy":"category","embeddable":true,"href":"https:\/\/www.gaveanews.com\/index.php\/wp-json\/wp\/v2\/categories?post=159710"},{"taxonomy":"post_tag","embeddable":true,"href":"https:\/\/www.gaveanews.com\/index.php\/wp-json\/wp\/v2\/tags?post=159710"}],"curies":[{"name":"wp","href":"https:\/\/api.w.org\/{rel}","templated":true}]}}