{"id":159715,"date":"2024-08-20T14:21:46","date_gmt":"2024-08-20T17:21:46","guid":{"rendered":"https:\/\/www.gaveanews.com\/?p=159715"},"modified":"2024-08-20T18:57:31","modified_gmt":"2024-08-20T21:57:31","slug":"novo-reforco-do-flamengo-e-anunciado-por-patrocinadora-do-clube","status":"publish","type":"post","link":"https:\/\/www.gaveanews.com\/index.php\/2024\/08\/20\/novo-reforco-do-flamengo-e-anunciado-por-patrocinadora-do-clube\/","title":{"rendered":"Novo refor\u00e7o do Flamengo \u00e9 anunciado por patrocinadora do clube; publica\u00e7\u00e3o foi apagada pouco tempo depois"},"content":{"rendered":"\n<h2 class=\"wp-block-heading\" id=\"h-pixbet-anuncia-michael-nas-redes-sociais\">PixBet anuncia Michael nas redes sociais <\/h2>\n\n\n\n<p>A torcida do Flamengo est\u00e3o super ansiosos pelo an\u00fancio de Michael, que pode ser feito a qualquer momento nas redes oficiais do clube. No entanto, um dos patrocinadores do Rubro-Negro cometeu uma gafe na noite desta segunda-feira (19). A Pixbet, que aparece no centro da camisa do Meng\u00e3o, fez uma postagem com uma montagem do jogador usando o Manto Sagrado.<\/p>\n\n\n\n<ul class=\"wp-block-list\">\n<li><a href=\"https:\/\/www.gaveanews.com\/index.php\/2024\/08\/20\/a-data-em-que-michael-vai-ser-apresentar-ao-flamengo\/\">A data em que Michael vai ser apresentar ao Flamengo<\/a><\/li>\n\n\n\n<li><a href=\"https:\/\/www.gaveanews.com\/index.php\/2024\/08\/19\/o-salario-de-michael-no-flamengo\/\">O sal\u00e1rio de Michael no Flamengo<br><\/a><\/li>\n<\/ul>\n\n\n\n<p>A publica\u00e7\u00e3o da Pixbet foi rapidamente removida e na legenda da foto era \u201cQuero na minha mesa opini\u00f5es sinceras sobre este homem\u201d. Na publica\u00e7\u00e3o, o atacante Michael estava vestindo a camisa do Flamengo e formando um cora\u00e7\u00e3o com as m\u00e3os, veja abaixo:<\/p>\n\n\n\n<figure class=\"wp-block-image size-large\"><img loading=\"lazy\" decoding=\"async\" width=\"572\" height=\"1024\" src=\"https:\/\/www.gaveanews.com\/wp-content\/uploads\/image-2-2-572x1024.webp\" alt=\"\" class=\"wp-image-159720\" srcset=\"https:\/\/www.gaveanews.com\/wp-content\/uploads\/image-2-2-572x1024.webp 572w, https:\/\/www.gaveanews.com\/wp-content\/uploads\/image-2-2-168x300.webp 168w, https:\/\/www.gaveanews.com\/wp-content\/uploads\/image-2-2-768x1374.webp 768w, https:\/\/www.gaveanews.com\/wp-content\/uploads\/image-2-2-858x1536.webp 858w, https:\/\/www.gaveanews.com\/wp-content\/uploads\/image-2-2-235x420.webp 235w, https:\/\/www.gaveanews.com\/wp-content\/uploads\/image-2-2-469x840.webp 469w, https:\/\/www.gaveanews.com\/wp-content\/uploads\/image-2-2-640x1145.webp 640w, https:\/\/www.gaveanews.com\/wp-content\/uploads\/image-2-2-681x1219.webp 681w, https:\/\/www.gaveanews.com\/wp-content\/uploads\/image-2-2-100x179.webp 100w, https:\/\/www.gaveanews.com\/wp-content\/uploads\/image-2-2.webp 894w\" sizes=\"auto, (max-width: 572px) 100vw, 572px\" \/><figcaption class=\"wp-element-caption\">Foto: Reprodu\u00e7\u00e3o- Pixbet<\/figcaption><\/figure>\n\n\n\n<p>Ap\u00f3s o cl\u00e1ssico contra o Botafogo, o vice-presidente de futebol do Flamengo, Marcos Braz, foi questionado sobre a negocia\u00e7\u00e3o com Michael. Ele aproveitou a oportunidade para confirmar que as negocia\u00e7\u00f5es est\u00e3o avan\u00e7adas e que est\u00e1 pr\u00f3ximo de se concretizar a chegada do atacante como o primeiro refor\u00e7o da atual janela de transfer\u00eancias.<\/p>\n\n\n\n<p><em>-N\u00f3s temos uma contrata\u00e7\u00e3o muito adiantada. Todo mundo sabe que \u00e9 o Michael. N\u00e3o est\u00e1 certo porque n\u00e3o est\u00e1 assinado, s\u00f3 conto quando assino. Mas est\u00e1 muito adiantado. (\u2026) S\u00f3 falta ele (Michael) estar aqui e assinar, disse Marcos Braz, afinal.<\/em><\/p>\n\n\n\n<p>Embora tenha conquistado a confian\u00e7a de Jorge Jesus no Al Hilal (SAU), Michael n\u00e3o est\u00e1 mais nos planos do clube devido ao n\u00famero excessivo de jogadores estrangeiros. Assim, a posi\u00e7\u00e3o que era dele agora pertence a Neymar, que j\u00e1 se recuperou de sua les\u00e3o. Portanto, o atacante deve se juntar ao Flamengo sem custos, com o clube apenas arcando com os sal\u00e1rios.<\/p>\n\n\n\n<p>Com tudo praticamente definido, Michael ir\u00e1 formalizar um contrato com o Flamengo por tr\u00eas anos e meio, ou seja, at\u00e9 dezembro de 2028. Durante sua passagem pelo Al Hilal, ele participou de 105 partidas e marcou 23 gols. O jogador foi vendido pelo Meng\u00e3o no come\u00e7o de 2022 por 8,45 milh\u00f5es de d\u00f3lares (equivalente a R$ 45,5 milh\u00f5es na \u00e9poca), e deve chegar ao Rio de Janeiro ainda esta semana.<\/p>\n","protected":false},"excerpt":{"rendered":"<p>Novo refor\u00e7o do Flamengo \u00e9 anunciado por patrocinadora do clube<\/p>\n","protected":false},"author":16,"featured_media":122174,"comment_status":"open","ping_status":"closed","sticky":false,"template":"","format":"standard","meta":{"footnotes":""},"categories":[1],"tags":[],"class_list":["post-159715","post","type-post","status-publish","format-standard","has-post-thumbnail","hentry","category-flamengo"],"yoast_head":"<!-- This site is optimized with the Yoast SEO Premium plugin v24.2 (Yoast SEO v26.9) - https:\/\/yoast.com\/product\/yoast-seo-premium-wordpress\/ -->\n<title>Novo refor\u00e7o do Flamengo \u00e9 anunciado por patrocinadora do clube; publica\u00e7\u00e3o foi apagada pouco tempo depois<\/title>\n<meta name=\"description\" content=\"A publica\u00e7\u00e3o da Pixbet foi rapidamente removida e na legenda da foto era \u201cQuero na minha mesa opini\u00f5es sinceras sobre este homem\u201d.\" \/>\n<meta name=\"robots\" content=\"index, follow, max-snippet:-1, max-image-preview:large, max-video-preview:-1\" \/>\n<link rel=\"canonical\" href=\"https:\/\/www.gaveanews.com\/index.php\/2024\/08\/20\/novo-reforco-do-flamengo-e-anunciado-por-patrocinadora-do-clube\/\" \/>\n<meta property=\"og:locale\" content=\"pt_BR\" \/>\n<meta property=\"og:type\" content=\"article\" \/>\n<meta property=\"og:title\" content=\"Novo refor\u00e7o do Flamengo \u00e9 anunciado por patrocinadora do clube; publica\u00e7\u00e3o foi apagada pouco tempo depois\" \/>\n<meta property=\"og:description\" content=\"A publica\u00e7\u00e3o da Pixbet foi rapidamente removida e na legenda da foto era \u201cQuero na minha mesa opini\u00f5es sinceras sobre este homem\u201d.\" \/>\n<meta property=\"og:url\" content=\"https:\/\/www.gaveanews.com\/index.php\/2024\/08\/20\/novo-reforco-do-flamengo-e-anunciado-por-patrocinadora-do-clube\/\" \/>\n<meta property=\"og:site_name\" content=\"G\u00e1vea News\" \/>\n<meta property=\"article:publisher\" content=\"https:\/\/facebook.com\/gaveaNews\/\" \/>\n<meta property=\"article:published_time\" content=\"2024-08-20T17:21:46+00:00\" \/>\n<meta property=\"article:modified_time\" content=\"2024-08-20T21:57:31+00:00\" \/>\n<meta property=\"og:image\" content=\"https:\/\/www.gaveanews.com\/wp-content\/uploads\/ninhodourubu.webp\" \/>\n\t<meta property=\"og:image:width\" content=\"1218\" \/>\n\t<meta property=\"og:image:height\" content=\"812\" \/>\n\t<meta property=\"og:image:type\" content=\"image\/webp\" \/>\n<meta name=\"author\" content=\"D\u00e9bora Figueiredo\" \/>\n<meta name=\"twitter:card\" content=\"summary_large_image\" \/>\n<meta name=\"twitter:label1\" content=\"Escrito por\" \/>\n\t<meta name=\"twitter:data1\" content=\"D\u00e9bora Figueiredo\" \/>\n\t<meta name=\"twitter:label2\" content=\"Est. tempo de leitura\" \/>\n\t<meta name=\"twitter:data2\" content=\"3 minutos\" \/>\n<script type=\"application\/ld+json\" class=\"yoast-schema-graph\">{\"@context\":\"https:\/\/schema.org\",\"@graph\":[{\"@type\":\"NewsArticle\",\"@id\":\"https:\/\/www.gaveanews.com\/index.php\/2024\/08\/20\/novo-reforco-do-flamengo-e-anunciado-por-patrocinadora-do-clube\/#article\",\"isPartOf\":{\"@id\":\"https:\/\/www.gaveanews.com\/index.php\/2024\/08\/20\/novo-reforco-do-flamengo-e-anunciado-por-patrocinadora-do-clube\/\"},\"author\":{\"name\":\"D\u00e9bora Figueiredo\",\"@id\":\"https:\/\/www.gaveanews.com\/#\/schema\/person\/37122681a8575a5c8db05a56f099a5e4\"},\"headline\":\"Novo refor\u00e7o do Flamengo \u00e9 anunciado por patrocinadora do clube; publica\u00e7\u00e3o foi apagada pouco tempo depois\",\"datePublished\":\"2024-08-20T17:21:46+00:00\",\"dateModified\":\"2024-08-20T21:57:31+00:00\",\"mainEntityOfPage\":{\"@id\":\"https:\/\/www.gaveanews.com\/index.php\/2024\/08\/20\/novo-reforco-do-flamengo-e-anunciado-por-patrocinadora-do-clube\/\"},\"wordCount\":395,\"commentCount\":0,\"image\":{\"@id\":\"https:\/\/www.gaveanews.com\/index.php\/2024\/08\/20\/novo-reforco-do-flamengo-e-anunciado-por-patrocinadora-do-clube\/#primaryimage\"},\"thumbnailUrl\":\"https:\/\/www.gaveanews.com\/wp-content\/uploads\/ninhodourubu.webp\",\"articleSection\":[\"Flamengo\"],\"inLanguage\":\"pt-BR\",\"potentialAction\":[{\"@type\":\"CommentAction\",\"name\":\"Comment\",\"target\":[\"https:\/\/www.gaveanews.com\/index.php\/2024\/08\/20\/novo-reforco-do-flamengo-e-anunciado-por-patrocinadora-do-clube\/#respond\"]}],\"copyrightYear\":\"2024\",\"copyrightHolder\":{\"@id\":\"https:\/\/www.gaveanews.com\/#organization\"}},{\"@type\":\"WebPage\",\"@id\":\"https:\/\/www.gaveanews.com\/index.php\/2024\/08\/20\/novo-reforco-do-flamengo-e-anunciado-por-patrocinadora-do-clube\/\",\"url\":\"https:\/\/www.gaveanews.com\/index.php\/2024\/08\/20\/novo-reforco-do-flamengo-e-anunciado-por-patrocinadora-do-clube\/\",\"name\":\"Novo refor\u00e7o do Flamengo \u00e9 anunciado por patrocinadora do clube; publica\u00e7\u00e3o foi apagada pouco tempo depois\",\"isPartOf\":{\"@id\":\"https:\/\/www.gaveanews.com\/#website\"},\"primaryImageOfPage\":{\"@id\":\"https:\/\/www.gaveanews.com\/index.php\/2024\/08\/20\/novo-reforco-do-flamengo-e-anunciado-por-patrocinadora-do-clube\/#primaryimage\"},\"image\":{\"@id\":\"https:\/\/www.gaveanews.com\/index.php\/2024\/08\/20\/novo-reforco-do-flamengo-e-anunciado-por-patrocinadora-do-clube\/#primaryimage\"},\"thumbnailUrl\":\"https:\/\/www.gaveanews.com\/wp-content\/uploads\/ninhodourubu.webp\",\"datePublished\":\"2024-08-20T17:21:46+00:00\",\"dateModified\":\"2024-08-20T21:57:31+00:00\",\"author\":{\"@id\":\"https:\/\/www.gaveanews.com\/#\/schema\/person\/37122681a8575a5c8db05a56f099a5e4\"},\"description\":\"A publica\u00e7\u00e3o da Pixbet foi rapidamente removida e na legenda da foto era \u201cQuero na minha mesa opini\u00f5es sinceras sobre este homem\u201d.\",\"breadcrumb\":{\"@id\":\"https:\/\/www.gaveanews.com\/index.php\/2024\/08\/20\/novo-reforco-do-flamengo-e-anunciado-por-patrocinadora-do-clube\/#breadcrumb\"},\"inLanguage\":\"pt-BR\",\"potentialAction\":[{\"@type\":\"ReadAction\",\"target\":[\"https:\/\/www.gaveanews.com\/index.php\/2024\/08\/20\/novo-reforco-do-flamengo-e-anunciado-por-patrocinadora-do-clube\/\"]}]},{\"@type\":\"ImageObject\",\"inLanguage\":\"pt-BR\",\"@id\":\"https:\/\/www.gaveanews.com\/index.php\/2024\/08\/20\/novo-reforco-do-flamengo-e-anunciado-por-patrocinadora-do-clube\/#primaryimage\",\"url\":\"https:\/\/www.gaveanews.com\/wp-content\/uploads\/ninhodourubu.webp\",\"contentUrl\":\"https:\/\/www.gaveanews.com\/wp-content\/uploads\/ninhodourubu.webp\",\"width\":1218,\"height\":812,\"caption\":\"Centro de treinamento do Flamengo (Foto: Reprodu\u00e7\u00e3o)\"},{\"@type\":\"BreadcrumbList\",\"@id\":\"https:\/\/www.gaveanews.com\/index.php\/2024\/08\/20\/novo-reforco-do-flamengo-e-anunciado-por-patrocinadora-do-clube\/#breadcrumb\",\"itemListElement\":[{\"@type\":\"ListItem\",\"position\":1,\"name\":\"Home\",\"item\":\"https:\/\/www.gaveanews.com\/\"},{\"@type\":\"ListItem\",\"position\":2,\"name\":\"Novo refor\u00e7o do Flamengo \u00e9 anunciado por patrocinadora do clube; publica\u00e7\u00e3o foi apagada pouco tempo depois\"}]},{\"@type\":\"WebSite\",\"@id\":\"https:\/\/www.gaveanews.com\/#website\",\"url\":\"https:\/\/www.gaveanews.com\/\",\"name\":\"G\u00e1vea News\",\"description\":\"Veja todas as not\u00edcias sobre o Flamengo: Contrata\u00e7\u00f5es, categorias de base, resultados das partidas, tabela de classifica\u00e7\u00e3o, pr\u00f3ximos jogos!\",\"potentialAction\":[{\"@type\":\"SearchAction\",\"target\":{\"@type\":\"EntryPoint\",\"urlTemplate\":\"https:\/\/www.gaveanews.com\/?s={search_term_string}\"},\"query-input\":{\"@type\":\"PropertyValueSpecification\",\"valueRequired\":true,\"valueName\":\"search_term_string\"}}],\"inLanguage\":\"pt-BR\"},{\"@type\":\"Person\",\"@id\":\"https:\/\/www.gaveanews.com\/#\/schema\/person\/37122681a8575a5c8db05a56f099a5e4\",\"name\":\"D\u00e9bora Figueiredo\",\"image\":{\"@type\":\"ImageObject\",\"inLanguage\":\"pt-BR\",\"@id\":\"https:\/\/www.gaveanews.com\/#\/schema\/person\/image\/\",\"url\":\"https:\/\/secure.gravatar.com\/avatar\/1f44802859351588499d26f52aed1d15796ce17e67602895b72837c08018868d?s=96&d=mm&r=g\",\"contentUrl\":\"https:\/\/secure.gravatar.com\/avatar\/1f44802859351588499d26f52aed1d15796ce17e67602895b72837c08018868d?s=96&d=mm&r=g\",\"caption\":\"D\u00e9bora Figueiredo\"}}]}<\/script>\n<!-- \/ Yoast SEO Premium plugin. -->","yoast_head_json":{"title":"Novo refor\u00e7o do Flamengo \u00e9 anunciado por patrocinadora do clube; publica\u00e7\u00e3o foi apagada pouco tempo depois","description":"A publica\u00e7\u00e3o da Pixbet foi rapidamente removida e na legenda da foto era \u201cQuero na minha mesa opini\u00f5es sinceras sobre este homem\u201d.","robots":{"index":"index","follow":"follow","max-snippet":"max-snippet:-1","max-image-preview":"max-image-preview:large","max-video-preview":"max-video-preview:-1"},"canonical":"https:\/\/www.gaveanews.com\/index.php\/2024\/08\/20\/novo-reforco-do-flamengo-e-anunciado-por-patrocinadora-do-clube\/","og_locale":"pt_BR","og_type":"article","og_title":"Novo refor\u00e7o do Flamengo \u00e9 anunciado por patrocinadora do clube; publica\u00e7\u00e3o foi apagada pouco tempo depois","og_description":"A publica\u00e7\u00e3o da Pixbet foi rapidamente removida e na legenda da foto era \u201cQuero na minha mesa opini\u00f5es sinceras sobre este homem\u201d.","og_url":"https:\/\/www.gaveanews.com\/index.php\/2024\/08\/20\/novo-reforco-do-flamengo-e-anunciado-por-patrocinadora-do-clube\/","og_site_name":"G\u00e1vea News","article_publisher":"https:\/\/facebook.com\/gaveaNews\/","article_published_time":"2024-08-20T17:21:46+00:00","article_modified_time":"2024-08-20T21:57:31+00:00","og_image":[{"width":1218,"height":812,"url":"https:\/\/www.gaveanews.com\/wp-content\/uploads\/ninhodourubu.webp","type":"image\/webp"}],"author":"D\u00e9bora Figueiredo","twitter_card":"summary_large_image","twitter_misc":{"Escrito por":"D\u00e9bora Figueiredo","Est. tempo de leitura":"3 minutos"},"schema":{"@context":"https:\/\/schema.org","@graph":[{"@type":"NewsArticle","@id":"https:\/\/www.gaveanews.com\/index.php\/2024\/08\/20\/novo-reforco-do-flamengo-e-anunciado-por-patrocinadora-do-clube\/#article","isPartOf":{"@id":"https:\/\/www.gaveanews.com\/index.php\/2024\/08\/20\/novo-reforco-do-flamengo-e-anunciado-por-patrocinadora-do-clube\/"},"author":{"name":"D\u00e9bora Figueiredo","@id":"https:\/\/www.gaveanews.com\/#\/schema\/person\/37122681a8575a5c8db05a56f099a5e4"},"headline":"Novo refor\u00e7o do Flamengo \u00e9 anunciado por patrocinadora do clube; publica\u00e7\u00e3o foi apagada pouco tempo depois","datePublished":"2024-08-20T17:21:46+00:00","dateModified":"2024-08-20T21:57:31+00:00","mainEntityOfPage":{"@id":"https:\/\/www.gaveanews.com\/index.php\/2024\/08\/20\/novo-reforco-do-flamengo-e-anunciado-por-patrocinadora-do-clube\/"},"wordCount":395,"commentCount":0,"image":{"@id":"https:\/\/www.gaveanews.com\/index.php\/2024\/08\/20\/novo-reforco-do-flamengo-e-anunciado-por-patrocinadora-do-clube\/#primaryimage"},"thumbnailUrl":"https:\/\/www.gaveanews.com\/wp-content\/uploads\/ninhodourubu.webp","articleSection":["Flamengo"],"inLanguage":"pt-BR","potentialAction":[{"@type":"CommentAction","name":"Comment","target":["https:\/\/www.gaveanews.com\/index.php\/2024\/08\/20\/novo-reforco-do-flamengo-e-anunciado-por-patrocinadora-do-clube\/#respond"]}],"copyrightYear":"2024","copyrightHolder":{"@id":"https:\/\/www.gaveanews.com\/#organization"}},{"@type":"WebPage","@id":"https:\/\/www.gaveanews.com\/index.php\/2024\/08\/20\/novo-reforco-do-flamengo-e-anunciado-por-patrocinadora-do-clube\/","url":"https:\/\/www.gaveanews.com\/index.php\/2024\/08\/20\/novo-reforco-do-flamengo-e-anunciado-por-patrocinadora-do-clube\/","name":"Novo refor\u00e7o do Flamengo \u00e9 anunciado por patrocinadora do clube; publica\u00e7\u00e3o foi apagada pouco tempo depois","isPartOf":{"@id":"https:\/\/www.gaveanews.com\/#website"},"primaryImageOfPage":{"@id":"https:\/\/www.gaveanews.com\/index.php\/2024\/08\/20\/novo-reforco-do-flamengo-e-anunciado-por-patrocinadora-do-clube\/#primaryimage"},"image":{"@id":"https:\/\/www.gaveanews.com\/index.php\/2024\/08\/20\/novo-reforco-do-flamengo-e-anunciado-por-patrocinadora-do-clube\/#primaryimage"},"thumbnailUrl":"https:\/\/www.gaveanews.com\/wp-content\/uploads\/ninhodourubu.webp","datePublished":"2024-08-20T17:21:46+00:00","dateModified":"2024-08-20T21:57:31+00:00","author":{"@id":"https:\/\/www.gaveanews.com\/#\/schema\/person\/37122681a8575a5c8db05a56f099a5e4"},"description":"A publica\u00e7\u00e3o da Pixbet foi rapidamente removida e na legenda da foto era \u201cQuero na minha mesa opini\u00f5es sinceras sobre este homem\u201d.","breadcrumb":{"@id":"https:\/\/www.gaveanews.com\/index.php\/2024\/08\/20\/novo-reforco-do-flamengo-e-anunciado-por-patrocinadora-do-clube\/#breadcrumb"},"inLanguage":"pt-BR","potentialAction":[{"@type":"ReadAction","target":["https:\/\/www.gaveanews.com\/index.php\/2024\/08\/20\/novo-reforco-do-flamengo-e-anunciado-por-patrocinadora-do-clube\/"]}]},{"@type":"ImageObject","inLanguage":"pt-BR","@id":"https:\/\/www.gaveanews.com\/index.php\/2024\/08\/20\/novo-reforco-do-flamengo-e-anunciado-por-patrocinadora-do-clube\/#primaryimage","url":"https:\/\/www.gaveanews.com\/wp-content\/uploads\/ninhodourubu.webp","contentUrl":"https:\/\/www.gaveanews.com\/wp-content\/uploads\/ninhodourubu.webp","width":1218,"height":812,"caption":"Centro de treinamento do Flamengo (Foto: Reprodu\u00e7\u00e3o)"},{"@type":"BreadcrumbList","@id":"https:\/\/www.gaveanews.com\/index.php\/2024\/08\/20\/novo-reforco-do-flamengo-e-anunciado-por-patrocinadora-do-clube\/#breadcrumb","itemListElement":[{"@type":"ListItem","position":1,"name":"Home","item":"https:\/\/www.gaveanews.com\/"},{"@type":"ListItem","position":2,"name":"Novo refor\u00e7o do Flamengo \u00e9 anunciado por patrocinadora do clube; publica\u00e7\u00e3o foi apagada pouco tempo depois"}]},{"@type":"WebSite","@id":"https:\/\/www.gaveanews.com\/#website","url":"https:\/\/www.gaveanews.com\/","name":"G\u00e1vea News","description":"Veja todas as not\u00edcias sobre o Flamengo: Contrata\u00e7\u00f5es, categorias de base, resultados das partidas, tabela de classifica\u00e7\u00e3o, pr\u00f3ximos jogos!","potentialAction":[{"@type":"SearchAction","target":{"@type":"EntryPoint","urlTemplate":"https:\/\/www.gaveanews.com\/?s={search_term_string}"},"query-input":{"@type":"PropertyValueSpecification","valueRequired":true,"valueName":"search_term_string"}}],"inLanguage":"pt-BR"},{"@type":"Person","@id":"https:\/\/www.gaveanews.com\/#\/schema\/person\/37122681a8575a5c8db05a56f099a5e4","name":"D\u00e9bora Figueiredo","image":{"@type":"ImageObject","inLanguage":"pt-BR","@id":"https:\/\/www.gaveanews.com\/#\/schema\/person\/image\/","url":"https:\/\/secure.gravatar.com\/avatar\/1f44802859351588499d26f52aed1d15796ce17e67602895b72837c08018868d?s=96&d=mm&r=g","contentUrl":"https:\/\/secure.gravatar.com\/avatar\/1f44802859351588499d26f52aed1d15796ce17e67602895b72837c08018868d?s=96&d=mm&r=g","caption":"D\u00e9bora Figueiredo"}}]}},"_links":{"self":[{"href":"https:\/\/www.gaveanews.com\/index.php\/wp-json\/wp\/v2\/posts\/159715","targetHints":{"allow":["GET"]}}],"collection":[{"href":"https:\/\/www.gaveanews.com\/index.php\/wp-json\/wp\/v2\/posts"}],"about":[{"href":"https:\/\/www.gaveanews.com\/index.php\/wp-json\/wp\/v2\/types\/post"}],"author":[{"embeddable":true,"href":"https:\/\/www.gaveanews.com\/index.php\/wp-json\/wp\/v2\/users\/16"}],"replies":[{"embeddable":true,"href":"https:\/\/www.gaveanews.com\/index.php\/wp-json\/wp\/v2\/comments?post=159715"}],"version-history":[{"count":2,"href":"https:\/\/www.gaveanews.com\/index.php\/wp-json\/wp\/v2\/posts\/159715\/revisions"}],"predecessor-version":[{"id":159869,"href":"https:\/\/www.gaveanews.com\/index.php\/wp-json\/wp\/v2\/posts\/159715\/revisions\/159869"}],"wp:featuredmedia":[{"embeddable":true,"href":"https:\/\/www.gaveanews.com\/index.php\/wp-json\/wp\/v2\/media\/122174"}],"wp:attachment":[{"href":"https:\/\/www.gaveanews.com\/index.php\/wp-json\/wp\/v2\/media?parent=159715"}],"wp:term":[{"taxonomy":"category","embeddable":true,"href":"https:\/\/www.gaveanews.com\/index.php\/wp-json\/wp\/v2\/categories?post=159715"},{"taxonomy":"post_tag","embeddable":true,"href":"https:\/\/www.gaveanews.com\/index.php\/wp-json\/wp\/v2\/tags?post=159715"}],"curies":[{"name":"wp","href":"https:\/\/api.w.org\/{rel}","templated":true}]}}