{"id":159828,"date":"2024-08-20T17:35:52","date_gmt":"2024-08-20T20:35:52","guid":{"rendered":"https:\/\/www.gaveanews.com\/?p=159828"},"modified":"2024-08-20T17:35:54","modified_gmt":"2024-08-20T20:35:54","slug":"queridinho-dos-brasileiros-carro-da-volkswagen-voltara-ao-pais","status":"publish","type":"post","link":"https:\/\/www.gaveanews.com\/index.php\/2024\/08\/20\/queridinho-dos-brasileiros-carro-da-volkswagen-voltara-ao-pais\/","title":{"rendered":"Queridinho dos brasileiros, carro da Volkswagen voltar\u00e1 ao pa\u00eds"},"content":{"rendered":"\n<p>Lan\u00e7ado originalmente em 1994 no Brasil, o Golf rapidamente se destacou pela combina\u00e7\u00e3o de desempenho din\u00e2mico e acabamento refinado, conquistando uma legi\u00e3o de entusiastas automotivos. Sua versatilidade, que oferecia conforto tanto em ambientes urbanos quanto em viagens longas, o posicionou como um dos ve\u00edculos mais desejados do pa\u00eds.<\/p>\n\n\n\n<p>Entretanto, em 2020, a Volkswagen anunciou a descontinua\u00e7\u00e3o do modelo no Brasil, uma decis\u00e3o que surpreendeu muitos torcedores do Golf. A mudan\u00e7a foi impulsionada por uma s\u00e9rie de fatores, incluindo a crescente prefer\u00eancia por SUVs, como o Volkswagen T-Cross e o Jeep Renegade, que dominaram o mercado. Al\u00e9m disso, os altos custos de produ\u00e7\u00e3o e a complexidade tecnol\u00f3gica do Golf tornaram a sua continuidade invi\u00e1vel naquele momento.<\/p>\n\n\n\n<p>Agora, o retorno do Volkswagen Golf ao Brasil est\u00e1 mais pr\u00f3ximo do que nunca. Em fevereiro de 2024, o presidente da Volkswagen, Ciro Possobom, j\u00e1 havia mencionado a possibilidade de relan\u00e7ar o modelo no pa\u00eds. Recentemente, um flagra de um Golf GTI de oitava gera\u00e7\u00e3o no aeroporto de Viracopos, em Campinas, refor\u00e7ou essa expectativa. A previs\u00e3o \u00e9 que o lan\u00e7amento oficial ocorra na primeira quinzena de setembro, pouco antes do Rock in Rio 2024, evento do qual a Volkswagen \u00e9 patrocinadora.<\/p>\n\n\n\n<figure class=\"wp-block-embed is-type-photo is-provider-flickr wp-block-embed-flickr\"><div class=\"wp-block-embed__wrapper\">\n<a href=\"https:\/\/flic.kr\/p\/2qbcUuV\"><img loading=\"lazy\" decoding=\"async\" src=\"https:\/\/live.staticflickr.com\/65535\/53936742773_a4abd9a143_z.webp\" alt=\"imagem_2024-08-20_173116953\" width=\"640\" height=\"427\" \/><\/a>\n<\/div><\/figure>\n\n\n\n<p>O modelo que marcar\u00e1 o retorno do Golf ao Brasil ser\u00e1 o GTI, uma vers\u00e3o menos esportiva, mas ainda assim potente, em compara\u00e7\u00e3o ao Golf R. Equipado com um motor 2.0 TSI turbo, o GTI entrega 265 cv de pot\u00eancia e 41,5 kgfm de torque, alcan\u00e7ando de 0 a 100 km\/h em apenas 5,9 segundos. Essa vers\u00e3o utiliza a plataforma MQB Evo e conta com c\u00e2mbio automatizado DSG de dupla embreagem com sete marchas.<\/p>\n\n\n\n<p>No competitivo segmento dos hatchbacks esportivos, o novo Golf GTI chega para rivalizar com modelos como o Toyota GR Corolla e o Honda Civic Type R, que possuem pot\u00eancias superiores, mas tamb\u00e9m pre\u00e7os mais elevados, na faixa de R$ 400 mil. O retorno do Golf ao Brasil demonstra o interesse da Volkswagen em reconquistar um espa\u00e7o de destaque nesse mercado.<\/p>\n\n\n\n<p>Al\u00e9m do desempenho, o novo Golf GTI apresenta atualiza\u00e7\u00f5es significativas em design e tecnologia. A reestiliza\u00e7\u00e3o inclui novos recortes nos para-choques, far\u00f3is e lanternas de LED com fun\u00e7\u00e3o IQ Light, al\u00e9m de rodas com desenhos in\u00e9ditos. No interior, o destaque fica por conta da central multim\u00eddia MIB4, com tela de at\u00e9 12,9 polegadas, que agora integra intelig\u00eancia artificial via ChatGPT, proporcionando uma experi\u00eancia ainda mais conectada e moderna para os motoristas.<\/p>\n\n\n\n<h2 class=\"wp-block-heading\" id=\"h-veja-fotos-do-novo-volkswagen-golf-gti\">Veja fotos do novo Volkswagen  Golf GTI<\/h2>\n\n\n\n<figure class=\"wp-block-embed is-type-photo is-provider-flickr wp-block-embed-flickr\"><div class=\"wp-block-embed__wrapper\">\n<a href=\"https:\/\/flic.kr\/p\/2qbbDp9\"><img loading=\"lazy\" decoding=\"async\" src=\"https:\/\/live.staticflickr.com\/65535\/53936496866_93be479cda_z.webp\" alt=\"imagem_2024-08-20_173146257\" width=\"640\" height=\"360\" \/><\/a>\n<\/div><\/figure>\n\n\n\n<figure class=\"wp-block-embed is-type-photo is-provider-flickr wp-block-embed-flickr\"><div class=\"wp-block-embed__wrapper\">\n<a href=\"https:\/\/flic.kr\/p\/2qbdk1K\"><img loading=\"lazy\" decoding=\"async\" src=\"https:\/\/live.staticflickr.com\/65535\/53936825239_d4ec0e24ef_z.webp\" alt=\"imagem_2024-08-20_173156021\" width=\"640\" height=\"360\" \/><\/a>\n<\/div><\/figure>\n\n\n\n<figure class=\"wp-block-embed is-type-photo is-provider-flickr wp-block-embed-flickr\"><div class=\"wp-block-embed__wrapper\">\n<a href=\"https:\/\/flic.kr\/p\/2qbcUVE\"><img loading=\"lazy\" decoding=\"async\" src=\"https:\/\/live.staticflickr.com\/65535\/53936744208_12c4ddf16b_z.webp\" alt=\"imagem_2024-08-20_173206658\" width=\"640\" height=\"360\" \/><\/a>\n<\/div><\/figure>\n\n\n\n<figure class=\"wp-block-embed is-type-photo is-provider-flickr wp-block-embed-flickr\"><div class=\"wp-block-embed__wrapper\">\n<a href=\"https:\/\/flic.kr\/p\/2qb717T\"><img loading=\"lazy\" decoding=\"async\" src=\"https:\/\/live.staticflickr.com\/65535\/53935591007_24bc3d2437_z.webp\" alt=\"imagem_2024-08-20_173221350\" width=\"640\" height=\"360\" \/><\/a>\n<\/div><\/figure>\n","protected":false},"excerpt":{"rendered":"<p>Lan\u00e7ado originalmente em 1994 no Brasil, o Golf rapidamente se destacou pela combina\u00e7\u00e3o de desempenho din\u00e2mico e acabamento refinado, conquistando uma legi\u00e3o de entusiastas automotivos. Sua versatilidade, que oferecia conforto tanto em ambientes urbanos quanto em viagens longas, o posicionou como um dos ve\u00edculos mais desejados do pa\u00eds. Entretanto, em 2020, a Volkswagen anunciou a [&hellip;]<\/p>\n","protected":false},"author":15,"featured_media":117935,"comment_status":"open","ping_status":"closed","sticky":false,"template":"","format":"standard","meta":{"footnotes":""},"categories":[111],"tags":[],"class_list":["post-159828","post","type-post","status-publish","format-standard","has-post-thumbnail","hentry","category-volkswagen"],"yoast_head":"<!-- This site is optimized with the Yoast SEO Premium plugin v24.2 (Yoast SEO v26.9) - https:\/\/yoast.com\/product\/yoast-seo-premium-wordpress\/ -->\n<title>Queridinho dos brasileiros, carro da Volkswagen voltar\u00e1 ao pa\u00eds<\/title>\n<meta name=\"robots\" content=\"index, follow, max-snippet:-1, max-image-preview:large, max-video-preview:-1\" \/>\n<link rel=\"canonical\" href=\"https:\/\/www.gaveanews.com\/index.php\/2024\/08\/20\/queridinho-dos-brasileiros-carro-da-volkswagen-voltara-ao-pais\/\" \/>\n<meta property=\"og:locale\" content=\"pt_BR\" \/>\n<meta property=\"og:type\" content=\"article\" \/>\n<meta property=\"og:title\" content=\"Queridinho dos brasileiros, carro da Volkswagen voltar\u00e1 ao pa\u00eds\" \/>\n<meta property=\"og:description\" content=\"Lan\u00e7ado originalmente em 1994 no Brasil, o Golf rapidamente se destacou pela combina\u00e7\u00e3o de desempenho din\u00e2mico e acabamento refinado, conquistando uma legi\u00e3o de entusiastas automotivos. Sua versatilidade, que oferecia conforto tanto em ambientes urbanos quanto em viagens longas, o posicionou como um dos ve\u00edculos mais desejados do pa\u00eds. Entretanto, em 2020, a Volkswagen anunciou a [&hellip;]\" \/>\n<meta property=\"og:url\" content=\"https:\/\/www.gaveanews.com\/index.php\/2024\/08\/20\/queridinho-dos-brasileiros-carro-da-volkswagen-voltara-ao-pais\/\" \/>\n<meta property=\"og:site_name\" content=\"G\u00e1vea News\" \/>\n<meta property=\"article:publisher\" content=\"https:\/\/facebook.com\/gaveaNews\/\" \/>\n<meta property=\"article:published_time\" content=\"2024-08-20T20:35:52+00:00\" \/>\n<meta property=\"article:modified_time\" content=\"2024-08-20T20:35:54+00:00\" \/>\n<meta property=\"og:image\" content=\"https:\/\/www.gaveanews.com\/wp-content\/uploads\/Volkswagen.webp\" \/>\n\t<meta property=\"og:image:width\" content=\"1400\" \/>\n\t<meta property=\"og:image:height\" content=\"788\" \/>\n\t<meta property=\"og:image:type\" content=\"image\/jpeg\" \/>\n<meta name=\"author\" content=\"Henrique Machado\" \/>\n<meta name=\"twitter:card\" content=\"summary_large_image\" \/>\n<meta name=\"twitter:label1\" content=\"Escrito por\" \/>\n\t<meta name=\"twitter:data1\" content=\"Henrique Machado\" \/>\n\t<meta name=\"twitter:label2\" content=\"Est. tempo de leitura\" \/>\n\t<meta name=\"twitter:data2\" content=\"3 minutos\" \/>\n<script type=\"application\/ld+json\" class=\"yoast-schema-graph\">{\"@context\":\"https:\/\/schema.org\",\"@graph\":[{\"@type\":\"NewsArticle\",\"@id\":\"https:\/\/www.gaveanews.com\/index.php\/2024\/08\/20\/queridinho-dos-brasileiros-carro-da-volkswagen-voltara-ao-pais\/#article\",\"isPartOf\":{\"@id\":\"https:\/\/www.gaveanews.com\/index.php\/2024\/08\/20\/queridinho-dos-brasileiros-carro-da-volkswagen-voltara-ao-pais\/\"},\"author\":{\"name\":\"Henrique Machado\",\"@id\":\"https:\/\/www.gaveanews.com\/#\/schema\/person\/fd07635ec039ec3ba74ad18ec8a6dbd6\"},\"headline\":\"Queridinho dos brasileiros, carro da Volkswagen voltar\u00e1 ao pa\u00eds\",\"datePublished\":\"2024-08-20T20:35:52+00:00\",\"dateModified\":\"2024-08-20T20:35:54+00:00\",\"mainEntityOfPage\":{\"@id\":\"https:\/\/www.gaveanews.com\/index.php\/2024\/08\/20\/queridinho-dos-brasileiros-carro-da-volkswagen-voltara-ao-pais\/\"},\"wordCount\":474,\"commentCount\":0,\"image\":{\"@id\":\"https:\/\/www.gaveanews.com\/index.php\/2024\/08\/20\/queridinho-dos-brasileiros-carro-da-volkswagen-voltara-ao-pais\/#primaryimage\"},\"thumbnailUrl\":\"https:\/\/www.gaveanews.com\/wp-content\/uploads\/Volkswagen.webp\",\"articleSection\":[\"Volkswagen\"],\"inLanguage\":\"pt-BR\",\"potentialAction\":[{\"@type\":\"CommentAction\",\"name\":\"Comment\",\"target\":[\"https:\/\/www.gaveanews.com\/index.php\/2024\/08\/20\/queridinho-dos-brasileiros-carro-da-volkswagen-voltara-ao-pais\/#respond\"]}],\"copyrightYear\":\"2024\",\"copyrightHolder\":{\"@id\":\"https:\/\/www.gaveanews.com\/#organization\"}},{\"@type\":\"WebPage\",\"@id\":\"https:\/\/www.gaveanews.com\/index.php\/2024\/08\/20\/queridinho-dos-brasileiros-carro-da-volkswagen-voltara-ao-pais\/\",\"url\":\"https:\/\/www.gaveanews.com\/index.php\/2024\/08\/20\/queridinho-dos-brasileiros-carro-da-volkswagen-voltara-ao-pais\/\",\"name\":\"Queridinho dos brasileiros, carro da Volkswagen voltar\u00e1 ao pa\u00eds\",\"isPartOf\":{\"@id\":\"https:\/\/www.gaveanews.com\/#website\"},\"primaryImageOfPage\":{\"@id\":\"https:\/\/www.gaveanews.com\/index.php\/2024\/08\/20\/queridinho-dos-brasileiros-carro-da-volkswagen-voltara-ao-pais\/#primaryimage\"},\"image\":{\"@id\":\"https:\/\/www.gaveanews.com\/index.php\/2024\/08\/20\/queridinho-dos-brasileiros-carro-da-volkswagen-voltara-ao-pais\/#primaryimage\"},\"thumbnailUrl\":\"https:\/\/www.gaveanews.com\/wp-content\/uploads\/Volkswagen.webp\",\"datePublished\":\"2024-08-20T20:35:52+00:00\",\"dateModified\":\"2024-08-20T20:35:54+00:00\",\"author\":{\"@id\":\"https:\/\/www.gaveanews.com\/#\/schema\/person\/fd07635ec039ec3ba74ad18ec8a6dbd6\"},\"breadcrumb\":{\"@id\":\"https:\/\/www.gaveanews.com\/index.php\/2024\/08\/20\/queridinho-dos-brasileiros-carro-da-volkswagen-voltara-ao-pais\/#breadcrumb\"},\"inLanguage\":\"pt-BR\",\"potentialAction\":[{\"@type\":\"ReadAction\",\"target\":[\"https:\/\/www.gaveanews.com\/index.php\/2024\/08\/20\/queridinho-dos-brasileiros-carro-da-volkswagen-voltara-ao-pais\/\"]}]},{\"@type\":\"ImageObject\",\"inLanguage\":\"pt-BR\",\"@id\":\"https:\/\/www.gaveanews.com\/index.php\/2024\/08\/20\/queridinho-dos-brasileiros-carro-da-volkswagen-voltara-ao-pais\/#primaryimage\",\"url\":\"https:\/\/www.gaveanews.com\/wp-content\/uploads\/Volkswagen.webp\",\"contentUrl\":\"https:\/\/www.gaveanews.com\/wp-content\/uploads\/Volkswagen.webp\",\"width\":1400,\"height\":788,\"caption\":\"Logomarca da Volkswagen (Foto: Reprodu\u00e7\u00e3o)\"},{\"@type\":\"BreadcrumbList\",\"@id\":\"https:\/\/www.gaveanews.com\/index.php\/2024\/08\/20\/queridinho-dos-brasileiros-carro-da-volkswagen-voltara-ao-pais\/#breadcrumb\",\"itemListElement\":[{\"@type\":\"ListItem\",\"position\":1,\"name\":\"Home\",\"item\":\"https:\/\/www.gaveanews.com\/\"},{\"@type\":\"ListItem\",\"position\":2,\"name\":\"Queridinho dos brasileiros, carro da Volkswagen voltar\u00e1 ao pa\u00eds\"}]},{\"@type\":\"WebSite\",\"@id\":\"https:\/\/www.gaveanews.com\/#website\",\"url\":\"https:\/\/www.gaveanews.com\/\",\"name\":\"G\u00e1vea News\",\"description\":\"Veja todas as not\u00edcias sobre o Flamengo: Contrata\u00e7\u00f5es, categorias de base, resultados das partidas, tabela de classifica\u00e7\u00e3o, pr\u00f3ximos jogos!\",\"potentialAction\":[{\"@type\":\"SearchAction\",\"target\":{\"@type\":\"EntryPoint\",\"urlTemplate\":\"https:\/\/www.gaveanews.com\/?s={search_term_string}\"},\"query-input\":{\"@type\":\"PropertyValueSpecification\",\"valueRequired\":true,\"valueName\":\"search_term_string\"}}],\"inLanguage\":\"pt-BR\"},{\"@type\":\"Person\",\"@id\":\"https:\/\/www.gaveanews.com\/#\/schema\/person\/fd07635ec039ec3ba74ad18ec8a6dbd6\",\"name\":\"Henrique Machado\",\"image\":{\"@type\":\"ImageObject\",\"inLanguage\":\"pt-BR\",\"@id\":\"https:\/\/www.gaveanews.com\/#\/schema\/person\/image\/\",\"url\":\"https:\/\/secure.gravatar.com\/avatar\/b95e35997e01d9800c1b6184bd79d4d898d370a3fce2584f5c77b907d5c7d9e9?s=96&d=mm&r=g\",\"contentUrl\":\"https:\/\/secure.gravatar.com\/avatar\/b95e35997e01d9800c1b6184bd79d4d898d370a3fce2584f5c77b907d5c7d9e9?s=96&d=mm&r=g\",\"caption\":\"Henrique Machado\"}}]}<\/script>\n<!-- \/ Yoast SEO Premium plugin. -->","yoast_head_json":{"title":"Queridinho dos brasileiros, carro da Volkswagen voltar\u00e1 ao pa\u00eds","robots":{"index":"index","follow":"follow","max-snippet":"max-snippet:-1","max-image-preview":"max-image-preview:large","max-video-preview":"max-video-preview:-1"},"canonical":"https:\/\/www.gaveanews.com\/index.php\/2024\/08\/20\/queridinho-dos-brasileiros-carro-da-volkswagen-voltara-ao-pais\/","og_locale":"pt_BR","og_type":"article","og_title":"Queridinho dos brasileiros, carro da Volkswagen voltar\u00e1 ao pa\u00eds","og_description":"Lan\u00e7ado originalmente em 1994 no Brasil, o Golf rapidamente se destacou pela combina\u00e7\u00e3o de desempenho din\u00e2mico e acabamento refinado, conquistando uma legi\u00e3o de entusiastas automotivos. Sua versatilidade, que oferecia conforto tanto em ambientes urbanos quanto em viagens longas, o posicionou como um dos ve\u00edculos mais desejados do pa\u00eds. Entretanto, em 2020, a Volkswagen anunciou a [&hellip;]","og_url":"https:\/\/www.gaveanews.com\/index.php\/2024\/08\/20\/queridinho-dos-brasileiros-carro-da-volkswagen-voltara-ao-pais\/","og_site_name":"G\u00e1vea News","article_publisher":"https:\/\/facebook.com\/gaveaNews\/","article_published_time":"2024-08-20T20:35:52+00:00","article_modified_time":"2024-08-20T20:35:54+00:00","og_image":[{"width":1400,"height":788,"url":"https:\/\/www.gaveanews.com\/wp-content\/uploads\/Volkswagen.webp","type":"image\/jpeg"}],"author":"Henrique Machado","twitter_card":"summary_large_image","twitter_misc":{"Escrito por":"Henrique Machado","Est. tempo de leitura":"3 minutos"},"schema":{"@context":"https:\/\/schema.org","@graph":[{"@type":"NewsArticle","@id":"https:\/\/www.gaveanews.com\/index.php\/2024\/08\/20\/queridinho-dos-brasileiros-carro-da-volkswagen-voltara-ao-pais\/#article","isPartOf":{"@id":"https:\/\/www.gaveanews.com\/index.php\/2024\/08\/20\/queridinho-dos-brasileiros-carro-da-volkswagen-voltara-ao-pais\/"},"author":{"name":"Henrique Machado","@id":"https:\/\/www.gaveanews.com\/#\/schema\/person\/fd07635ec039ec3ba74ad18ec8a6dbd6"},"headline":"Queridinho dos brasileiros, carro da Volkswagen voltar\u00e1 ao pa\u00eds","datePublished":"2024-08-20T20:35:52+00:00","dateModified":"2024-08-20T20:35:54+00:00","mainEntityOfPage":{"@id":"https:\/\/www.gaveanews.com\/index.php\/2024\/08\/20\/queridinho-dos-brasileiros-carro-da-volkswagen-voltara-ao-pais\/"},"wordCount":474,"commentCount":0,"image":{"@id":"https:\/\/www.gaveanews.com\/index.php\/2024\/08\/20\/queridinho-dos-brasileiros-carro-da-volkswagen-voltara-ao-pais\/#primaryimage"},"thumbnailUrl":"https:\/\/www.gaveanews.com\/wp-content\/uploads\/Volkswagen.webp","articleSection":["Volkswagen"],"inLanguage":"pt-BR","potentialAction":[{"@type":"CommentAction","name":"Comment","target":["https:\/\/www.gaveanews.com\/index.php\/2024\/08\/20\/queridinho-dos-brasileiros-carro-da-volkswagen-voltara-ao-pais\/#respond"]}],"copyrightYear":"2024","copyrightHolder":{"@id":"https:\/\/www.gaveanews.com\/#organization"}},{"@type":"WebPage","@id":"https:\/\/www.gaveanews.com\/index.php\/2024\/08\/20\/queridinho-dos-brasileiros-carro-da-volkswagen-voltara-ao-pais\/","url":"https:\/\/www.gaveanews.com\/index.php\/2024\/08\/20\/queridinho-dos-brasileiros-carro-da-volkswagen-voltara-ao-pais\/","name":"Queridinho dos brasileiros, carro da Volkswagen voltar\u00e1 ao pa\u00eds","isPartOf":{"@id":"https:\/\/www.gaveanews.com\/#website"},"primaryImageOfPage":{"@id":"https:\/\/www.gaveanews.com\/index.php\/2024\/08\/20\/queridinho-dos-brasileiros-carro-da-volkswagen-voltara-ao-pais\/#primaryimage"},"image":{"@id":"https:\/\/www.gaveanews.com\/index.php\/2024\/08\/20\/queridinho-dos-brasileiros-carro-da-volkswagen-voltara-ao-pais\/#primaryimage"},"thumbnailUrl":"https:\/\/www.gaveanews.com\/wp-content\/uploads\/Volkswagen.webp","datePublished":"2024-08-20T20:35:52+00:00","dateModified":"2024-08-20T20:35:54+00:00","author":{"@id":"https:\/\/www.gaveanews.com\/#\/schema\/person\/fd07635ec039ec3ba74ad18ec8a6dbd6"},"breadcrumb":{"@id":"https:\/\/www.gaveanews.com\/index.php\/2024\/08\/20\/queridinho-dos-brasileiros-carro-da-volkswagen-voltara-ao-pais\/#breadcrumb"},"inLanguage":"pt-BR","potentialAction":[{"@type":"ReadAction","target":["https:\/\/www.gaveanews.com\/index.php\/2024\/08\/20\/queridinho-dos-brasileiros-carro-da-volkswagen-voltara-ao-pais\/"]}]},{"@type":"ImageObject","inLanguage":"pt-BR","@id":"https:\/\/www.gaveanews.com\/index.php\/2024\/08\/20\/queridinho-dos-brasileiros-carro-da-volkswagen-voltara-ao-pais\/#primaryimage","url":"https:\/\/www.gaveanews.com\/wp-content\/uploads\/Volkswagen.webp","contentUrl":"https:\/\/www.gaveanews.com\/wp-content\/uploads\/Volkswagen.webp","width":1400,"height":788,"caption":"Logomarca da Volkswagen (Foto: Reprodu\u00e7\u00e3o)"},{"@type":"BreadcrumbList","@id":"https:\/\/www.gaveanews.com\/index.php\/2024\/08\/20\/queridinho-dos-brasileiros-carro-da-volkswagen-voltara-ao-pais\/#breadcrumb","itemListElement":[{"@type":"ListItem","position":1,"name":"Home","item":"https:\/\/www.gaveanews.com\/"},{"@type":"ListItem","position":2,"name":"Queridinho dos brasileiros, carro da Volkswagen voltar\u00e1 ao pa\u00eds"}]},{"@type":"WebSite","@id":"https:\/\/www.gaveanews.com\/#website","url":"https:\/\/www.gaveanews.com\/","name":"G\u00e1vea News","description":"Veja todas as not\u00edcias sobre o Flamengo: Contrata\u00e7\u00f5es, categorias de base, resultados das partidas, tabela de classifica\u00e7\u00e3o, pr\u00f3ximos jogos!","potentialAction":[{"@type":"SearchAction","target":{"@type":"EntryPoint","urlTemplate":"https:\/\/www.gaveanews.com\/?s={search_term_string}"},"query-input":{"@type":"PropertyValueSpecification","valueRequired":true,"valueName":"search_term_string"}}],"inLanguage":"pt-BR"},{"@type":"Person","@id":"https:\/\/www.gaveanews.com\/#\/schema\/person\/fd07635ec039ec3ba74ad18ec8a6dbd6","name":"Henrique Machado","image":{"@type":"ImageObject","inLanguage":"pt-BR","@id":"https:\/\/www.gaveanews.com\/#\/schema\/person\/image\/","url":"https:\/\/secure.gravatar.com\/avatar\/b95e35997e01d9800c1b6184bd79d4d898d370a3fce2584f5c77b907d5c7d9e9?s=96&d=mm&r=g","contentUrl":"https:\/\/secure.gravatar.com\/avatar\/b95e35997e01d9800c1b6184bd79d4d898d370a3fce2584f5c77b907d5c7d9e9?s=96&d=mm&r=g","caption":"Henrique Machado"}}]}},"_links":{"self":[{"href":"https:\/\/www.gaveanews.com\/index.php\/wp-json\/wp\/v2\/posts\/159828","targetHints":{"allow":["GET"]}}],"collection":[{"href":"https:\/\/www.gaveanews.com\/index.php\/wp-json\/wp\/v2\/posts"}],"about":[{"href":"https:\/\/www.gaveanews.com\/index.php\/wp-json\/wp\/v2\/types\/post"}],"author":[{"embeddable":true,"href":"https:\/\/www.gaveanews.com\/index.php\/wp-json\/wp\/v2\/users\/15"}],"replies":[{"embeddable":true,"href":"https:\/\/www.gaveanews.com\/index.php\/wp-json\/wp\/v2\/comments?post=159828"}],"version-history":[{"count":4,"href":"https:\/\/www.gaveanews.com\/index.php\/wp-json\/wp\/v2\/posts\/159828\/revisions"}],"predecessor-version":[{"id":159837,"href":"https:\/\/www.gaveanews.com\/index.php\/wp-json\/wp\/v2\/posts\/159828\/revisions\/159837"}],"wp:featuredmedia":[{"embeddable":true,"href":"https:\/\/www.gaveanews.com\/index.php\/wp-json\/wp\/v2\/media\/117935"}],"wp:attachment":[{"href":"https:\/\/www.gaveanews.com\/index.php\/wp-json\/wp\/v2\/media?parent=159828"}],"wp:term":[{"taxonomy":"category","embeddable":true,"href":"https:\/\/www.gaveanews.com\/index.php\/wp-json\/wp\/v2\/categories?post=159828"},{"taxonomy":"post_tag","embeddable":true,"href":"https:\/\/www.gaveanews.com\/index.php\/wp-json\/wp\/v2\/tags?post=159828"}],"curies":[{"name":"wp","href":"https:\/\/api.w.org\/{rel}","templated":true}]}}