{"id":159983,"date":"2024-08-21T15:00:02","date_gmt":"2024-08-21T18:00:02","guid":{"rendered":"https:\/\/www.gaveanews.com\/?p=159983"},"modified":"2024-08-21T15:00:08","modified_gmt":"2024-08-21T18:00:08","slug":"a-declaracao-jhon-arias-apos-fluminense-x-gremio","status":"publish","type":"post","link":"https:\/\/www.gaveanews.com\/index.php\/2024\/08\/21\/a-declaracao-jhon-arias-apos-fluminense-x-gremio\/","title":{"rendered":"A declara\u00e7\u00e3o Jhon Arias ap\u00f3s Fluminense x Gr\u00eamio"},"content":{"rendered":"\n<p>Jhon Arias foi um dos nomes respons\u00e1veis por fazer com que o Fluminense tenha conseguido a vit\u00f3ria sobre o Gr\u00eamio e a classifica\u00e7\u00e3o para as quartas de final da Libertadores.<\/p>\n\n\n\n<p>Ali\u00e1s, Arias \u00e9 t\u00e3o importante para o Fluminense, que, o per\u00edodo que o tricolor ficou mal no Brasileir\u00e3o, foi justamente na \u00e9poca em que ele esteve na Copa Am\u00e9rica com a col\u00f4mbia.<\/p>\n\n\n\n<ul class=\"wp-block-list\">\n<li><a href=\"https:\/\/www.gaveanews.com\/index.php\/2024\/08\/21\/a-declaracao-de-thiago-silva-apos-a-classificacao-do-fluminense\/\">A declara\u00e7\u00e3o de Thiago Silva ap\u00f3s a classifica\u00e7\u00e3o do Fluminense<\/a><\/li>\n\n\n\n<li><a href=\"https:\/\/www.gaveanews.com\/index.php\/2024\/08\/21\/atacante-do-fluminense-e-contratado-por-clube-da-serie-b\/\">Atacante do Fluminense \u00e9 contratado por clube da S\u00e9rie B<\/a><\/li>\n<\/ul>\n\n\n\n<p>Ap\u00f3s a partida e a classifica\u00e7\u00e3o, Arias abriu o jogo sobre o resultado e o que eles achou da partida contra a equipe do Gr\u00eamio.<\/p>\n\n\n\n<p>&#8211; <em>Como seria visto o atual campe\u00e3o da Libertadores, com o elenco que tem, sair nas oitavas? Claro que est\u00e1vamos com a corda no pesco\u00e7o, n\u00f3s t\u00ednhamos a responsabilidade de passar na nossa casa, n\u00f3s fomos os primeiros colocados de um grupo dif\u00edcil, acho que a gente tinha a responsabilidade e entramos com essa postura. Foi mais uma decis\u00e3o para n\u00f3s, assim como est\u00e1 sendo no Brasileiro. Acho que pela posi\u00e7\u00e3o que a gente est\u00e1, estamos entendendo cada vez mais que \u00e9 enfrentar cada jogo como se fosse o \u00faltimo, porque n\u00e3o temos margem para piorar. Estamos encarando os dois torneios com a corda no pesco\u00e7o, n\u00e3o estamos priorizando nenhum torneio, queremos sair dessa zona chata no Brasileiro e temos ambi\u00e7\u00e3o de querer voltar a brigar pelo t\u00edtulo da Libertadores.<\/em><\/p>\n\n\n\n<p>Arias vive seu melhor momento no Fluminense e ressalta poder ajudar os companheiros dentro de campo:<\/p>\n\n\n\n<p><em>&#8211; Claramente \u00e9 um momento lindo na minha carreira, acho que n\u00e3o tem segredo. Eu sou um atleta trabalhador, uma das minhas grandes virtudes \u00e9 n\u00e3o me conformar. Voc\u00ea diz que eu jogo bem todas as vezes, mas tem vezes que eu chego em casa chateado, porque sei que n\u00e3o fiz o jogo conforme o que eu posso fazer, eu realmente me cobro muito. Essa ambi\u00e7\u00e3o boa que eu tenho comigo mesmo faz com que eu durma e acorde com essa vontade de querer jogar melhor e ser protagonista, de querer ajudar mais meu time e a sele\u00e7\u00e3o. Estou em um momento importante e eu trabalho para que esse momento se estenda, porque sei da responsabilidade que eu carrego<\/em>.<\/p>\n\n\n\n<h2 class=\"wp-block-heading\" id=\"h-qual-sera-o-adversario-do-fluminense\">Qual ser\u00e1 o advers\u00e1rio do Fluminense?<\/h2>\n\n\n\n<p>O Fluminense j\u00e1 tem o advers\u00e1rio definido para a pr\u00f3xima fase da Libertadores. Ser\u00e1 o Atl\u00e9tico Mineiro, com decis\u00e3o na Arena MRV. O Galo passou do San Lorenzo.<\/p>\n","protected":false},"excerpt":{"rendered":"<p>Jhon Arias foi um dos nomes respons\u00e1veis por fazer com que o Fluminense tenha conseguido a vit\u00f3ria sobre o Gr\u00eamio e a classifica\u00e7\u00e3o para as quartas de final da Libertadores. Ali\u00e1s, Arias \u00e9 t\u00e3o importante para o Fluminense, que, o per\u00edodo que o tricolor ficou mal no Brasileir\u00e3o, foi justamente na \u00e9poca em que ele [&hellip;]<\/p>\n","protected":false},"author":19,"featured_media":154696,"comment_status":"open","ping_status":"closed","sticky":false,"template":"","format":"standard","meta":{"footnotes":""},"categories":[145],"tags":[],"class_list":["post-159983","post","type-post","status-publish","format-standard","has-post-thumbnail","hentry","category-fluminense"],"yoast_head":"<!-- This site is optimized with the Yoast SEO Premium plugin v24.2 (Yoast SEO v26.9) - https:\/\/yoast.com\/product\/yoast-seo-premium-wordpress\/ -->\n<title>A declara\u00e7\u00e3o Jhon Arias ap\u00f3s Fluminense x Gr\u00eamio<\/title>\n<meta name=\"robots\" content=\"index, follow, max-snippet:-1, max-image-preview:large, max-video-preview:-1\" \/>\n<link rel=\"canonical\" href=\"https:\/\/www.gaveanews.com\/index.php\/2024\/08\/21\/a-declaracao-jhon-arias-apos-fluminense-x-gremio\/\" \/>\n<meta property=\"og:locale\" content=\"pt_BR\" \/>\n<meta property=\"og:type\" content=\"article\" \/>\n<meta property=\"og:title\" content=\"A declara\u00e7\u00e3o Jhon Arias ap\u00f3s Fluminense x Gr\u00eamio\" \/>\n<meta property=\"og:description\" content=\"Jhon Arias foi um dos nomes respons\u00e1veis por fazer com que o Fluminense tenha conseguido a vit\u00f3ria sobre o Gr\u00eamio e a classifica\u00e7\u00e3o para as quartas de final da Libertadores. Ali\u00e1s, Arias \u00e9 t\u00e3o importante para o Fluminense, que, o per\u00edodo que o tricolor ficou mal no Brasileir\u00e3o, foi justamente na \u00e9poca em que ele [&hellip;]\" \/>\n<meta property=\"og:url\" content=\"https:\/\/www.gaveanews.com\/index.php\/2024\/08\/21\/a-declaracao-jhon-arias-apos-fluminense-x-gremio\/\" \/>\n<meta property=\"og:site_name\" content=\"G\u00e1vea News\" \/>\n<meta property=\"article:publisher\" content=\"https:\/\/facebook.com\/gaveaNews\/\" \/>\n<meta property=\"article:published_time\" content=\"2024-08-21T18:00:02+00:00\" \/>\n<meta property=\"article:modified_time\" content=\"2024-08-21T18:00:08+00:00\" \/>\n<meta property=\"og:image\" content=\"https:\/\/www.gaveanews.com\/wp-content\/uploads\/Jhon-Arias-com-a-camisa-do-Fluminense-em-2023.webp\" \/>\n\t<meta property=\"og:image:width\" content=\"872\" \/>\n\t<meta property=\"og:image:height\" content=\"589\" \/>\n\t<meta property=\"og:image:type\" content=\"image\/jpeg\" \/>\n<meta name=\"author\" content=\"Bruno Zanchetta\" \/>\n<meta name=\"twitter:card\" content=\"summary_large_image\" \/>\n<meta name=\"twitter:label1\" content=\"Escrito por\" \/>\n\t<meta name=\"twitter:data1\" content=\"Bruno Zanchetta\" \/>\n\t<meta name=\"twitter:label2\" content=\"Est. tempo de leitura\" \/>\n\t<meta name=\"twitter:data2\" content=\"3 minutos\" \/>\n<script type=\"application\/ld+json\" class=\"yoast-schema-graph\">{\"@context\":\"https:\/\/schema.org\",\"@graph\":[{\"@type\":\"NewsArticle\",\"@id\":\"https:\/\/www.gaveanews.com\/index.php\/2024\/08\/21\/a-declaracao-jhon-arias-apos-fluminense-x-gremio\/#article\",\"isPartOf\":{\"@id\":\"https:\/\/www.gaveanews.com\/index.php\/2024\/08\/21\/a-declaracao-jhon-arias-apos-fluminense-x-gremio\/\"},\"author\":{\"name\":\"Bruno Zanchetta\",\"@id\":\"https:\/\/www.gaveanews.com\/#\/schema\/person\/32fddefab25b466689f181be346cd98c\"},\"headline\":\"A declara\u00e7\u00e3o Jhon Arias ap\u00f3s Fluminense x Gr\u00eamio\",\"datePublished\":\"2024-08-21T18:00:02+00:00\",\"dateModified\":\"2024-08-21T18:00:08+00:00\",\"mainEntityOfPage\":{\"@id\":\"https:\/\/www.gaveanews.com\/index.php\/2024\/08\/21\/a-declaracao-jhon-arias-apos-fluminense-x-gremio\/\"},\"wordCount\":454,\"commentCount\":0,\"image\":{\"@id\":\"https:\/\/www.gaveanews.com\/index.php\/2024\/08\/21\/a-declaracao-jhon-arias-apos-fluminense-x-gremio\/#primaryimage\"},\"thumbnailUrl\":\"https:\/\/www.gaveanews.com\/wp-content\/uploads\/Jhon-Arias-com-a-camisa-do-Fluminense-em-2023.webp\",\"articleSection\":[\"Fluminense\"],\"inLanguage\":\"pt-BR\",\"potentialAction\":[{\"@type\":\"CommentAction\",\"name\":\"Comment\",\"target\":[\"https:\/\/www.gaveanews.com\/index.php\/2024\/08\/21\/a-declaracao-jhon-arias-apos-fluminense-x-gremio\/#respond\"]}],\"copyrightYear\":\"2024\",\"copyrightHolder\":{\"@id\":\"https:\/\/www.gaveanews.com\/#organization\"}},{\"@type\":\"WebPage\",\"@id\":\"https:\/\/www.gaveanews.com\/index.php\/2024\/08\/21\/a-declaracao-jhon-arias-apos-fluminense-x-gremio\/\",\"url\":\"https:\/\/www.gaveanews.com\/index.php\/2024\/08\/21\/a-declaracao-jhon-arias-apos-fluminense-x-gremio\/\",\"name\":\"A declara\u00e7\u00e3o Jhon Arias ap\u00f3s Fluminense x Gr\u00eamio\",\"isPartOf\":{\"@id\":\"https:\/\/www.gaveanews.com\/#website\"},\"primaryImageOfPage\":{\"@id\":\"https:\/\/www.gaveanews.com\/index.php\/2024\/08\/21\/a-declaracao-jhon-arias-apos-fluminense-x-gremio\/#primaryimage\"},\"image\":{\"@id\":\"https:\/\/www.gaveanews.com\/index.php\/2024\/08\/21\/a-declaracao-jhon-arias-apos-fluminense-x-gremio\/#primaryimage\"},\"thumbnailUrl\":\"https:\/\/www.gaveanews.com\/wp-content\/uploads\/Jhon-Arias-com-a-camisa-do-Fluminense-em-2023.webp\",\"datePublished\":\"2024-08-21T18:00:02+00:00\",\"dateModified\":\"2024-08-21T18:00:08+00:00\",\"author\":{\"@id\":\"https:\/\/www.gaveanews.com\/#\/schema\/person\/32fddefab25b466689f181be346cd98c\"},\"breadcrumb\":{\"@id\":\"https:\/\/www.gaveanews.com\/index.php\/2024\/08\/21\/a-declaracao-jhon-arias-apos-fluminense-x-gremio\/#breadcrumb\"},\"inLanguage\":\"pt-BR\",\"potentialAction\":[{\"@type\":\"ReadAction\",\"target\":[\"https:\/\/www.gaveanews.com\/index.php\/2024\/08\/21\/a-declaracao-jhon-arias-apos-fluminense-x-gremio\/\"]}]},{\"@type\":\"ImageObject\",\"inLanguage\":\"pt-BR\",\"@id\":\"https:\/\/www.gaveanews.com\/index.php\/2024\/08\/21\/a-declaracao-jhon-arias-apos-fluminense-x-gremio\/#primaryimage\",\"url\":\"https:\/\/www.gaveanews.com\/wp-content\/uploads\/Jhon-Arias-com-a-camisa-do-Fluminense-em-2023.webp\",\"contentUrl\":\"https:\/\/www.gaveanews.com\/wp-content\/uploads\/Jhon-Arias-com-a-camisa-do-Fluminense-em-2023.webp\",\"width\":872,\"height\":589,\"caption\":\"Jhon Arias com a camisa do Fluminense em 2023 (Foto: Reprodu\u00e7\u00e3o\/Instagram)\"},{\"@type\":\"BreadcrumbList\",\"@id\":\"https:\/\/www.gaveanews.com\/index.php\/2024\/08\/21\/a-declaracao-jhon-arias-apos-fluminense-x-gremio\/#breadcrumb\",\"itemListElement\":[{\"@type\":\"ListItem\",\"position\":1,\"name\":\"Home\",\"item\":\"https:\/\/www.gaveanews.com\/\"},{\"@type\":\"ListItem\",\"position\":2,\"name\":\"A declara\u00e7\u00e3o Jhon Arias ap\u00f3s Fluminense x Gr\u00eamio\"}]},{\"@type\":\"WebSite\",\"@id\":\"https:\/\/www.gaveanews.com\/#website\",\"url\":\"https:\/\/www.gaveanews.com\/\",\"name\":\"G\u00e1vea News\",\"description\":\"Veja todas as not\u00edcias sobre o Flamengo: Contrata\u00e7\u00f5es, categorias de base, resultados das partidas, tabela de classifica\u00e7\u00e3o, pr\u00f3ximos jogos!\",\"potentialAction\":[{\"@type\":\"SearchAction\",\"target\":{\"@type\":\"EntryPoint\",\"urlTemplate\":\"https:\/\/www.gaveanews.com\/?s={search_term_string}\"},\"query-input\":{\"@type\":\"PropertyValueSpecification\",\"valueRequired\":true,\"valueName\":\"search_term_string\"}}],\"inLanguage\":\"pt-BR\"},{\"@type\":\"Person\",\"@id\":\"https:\/\/www.gaveanews.com\/#\/schema\/person\/32fddefab25b466689f181be346cd98c\",\"name\":\"Bruno Zanchetta\",\"image\":{\"@type\":\"ImageObject\",\"inLanguage\":\"pt-BR\",\"@id\":\"https:\/\/www.gaveanews.com\/#\/schema\/person\/image\/\",\"url\":\"https:\/\/secure.gravatar.com\/avatar\/3ba2d39f8a912ad65276975a996d6ad8d9e3dd13448684be8dc4d7c17099d2ee?s=96&d=mm&r=g\",\"contentUrl\":\"https:\/\/secure.gravatar.com\/avatar\/3ba2d39f8a912ad65276975a996d6ad8d9e3dd13448684be8dc4d7c17099d2ee?s=96&d=mm&r=g\",\"caption\":\"Bruno Zanchetta\"}}]}<\/script>\n<!-- \/ Yoast SEO Premium plugin. -->","yoast_head_json":{"title":"A declara\u00e7\u00e3o Jhon Arias ap\u00f3s Fluminense x Gr\u00eamio","robots":{"index":"index","follow":"follow","max-snippet":"max-snippet:-1","max-image-preview":"max-image-preview:large","max-video-preview":"max-video-preview:-1"},"canonical":"https:\/\/www.gaveanews.com\/index.php\/2024\/08\/21\/a-declaracao-jhon-arias-apos-fluminense-x-gremio\/","og_locale":"pt_BR","og_type":"article","og_title":"A declara\u00e7\u00e3o Jhon Arias ap\u00f3s Fluminense x Gr\u00eamio","og_description":"Jhon Arias foi um dos nomes respons\u00e1veis por fazer com que o Fluminense tenha conseguido a vit\u00f3ria sobre o Gr\u00eamio e a classifica\u00e7\u00e3o para as quartas de final da Libertadores. Ali\u00e1s, Arias \u00e9 t\u00e3o importante para o Fluminense, que, o per\u00edodo que o tricolor ficou mal no Brasileir\u00e3o, foi justamente na \u00e9poca em que ele [&hellip;]","og_url":"https:\/\/www.gaveanews.com\/index.php\/2024\/08\/21\/a-declaracao-jhon-arias-apos-fluminense-x-gremio\/","og_site_name":"G\u00e1vea News","article_publisher":"https:\/\/facebook.com\/gaveaNews\/","article_published_time":"2024-08-21T18:00:02+00:00","article_modified_time":"2024-08-21T18:00:08+00:00","og_image":[{"width":872,"height":589,"url":"https:\/\/www.gaveanews.com\/wp-content\/uploads\/Jhon-Arias-com-a-camisa-do-Fluminense-em-2023.webp","type":"image\/jpeg"}],"author":"Bruno Zanchetta","twitter_card":"summary_large_image","twitter_misc":{"Escrito por":"Bruno Zanchetta","Est. tempo de leitura":"3 minutos"},"schema":{"@context":"https:\/\/schema.org","@graph":[{"@type":"NewsArticle","@id":"https:\/\/www.gaveanews.com\/index.php\/2024\/08\/21\/a-declaracao-jhon-arias-apos-fluminense-x-gremio\/#article","isPartOf":{"@id":"https:\/\/www.gaveanews.com\/index.php\/2024\/08\/21\/a-declaracao-jhon-arias-apos-fluminense-x-gremio\/"},"author":{"name":"Bruno Zanchetta","@id":"https:\/\/www.gaveanews.com\/#\/schema\/person\/32fddefab25b466689f181be346cd98c"},"headline":"A declara\u00e7\u00e3o Jhon Arias ap\u00f3s Fluminense x Gr\u00eamio","datePublished":"2024-08-21T18:00:02+00:00","dateModified":"2024-08-21T18:00:08+00:00","mainEntityOfPage":{"@id":"https:\/\/www.gaveanews.com\/index.php\/2024\/08\/21\/a-declaracao-jhon-arias-apos-fluminense-x-gremio\/"},"wordCount":454,"commentCount":0,"image":{"@id":"https:\/\/www.gaveanews.com\/index.php\/2024\/08\/21\/a-declaracao-jhon-arias-apos-fluminense-x-gremio\/#primaryimage"},"thumbnailUrl":"https:\/\/www.gaveanews.com\/wp-content\/uploads\/Jhon-Arias-com-a-camisa-do-Fluminense-em-2023.webp","articleSection":["Fluminense"],"inLanguage":"pt-BR","potentialAction":[{"@type":"CommentAction","name":"Comment","target":["https:\/\/www.gaveanews.com\/index.php\/2024\/08\/21\/a-declaracao-jhon-arias-apos-fluminense-x-gremio\/#respond"]}],"copyrightYear":"2024","copyrightHolder":{"@id":"https:\/\/www.gaveanews.com\/#organization"}},{"@type":"WebPage","@id":"https:\/\/www.gaveanews.com\/index.php\/2024\/08\/21\/a-declaracao-jhon-arias-apos-fluminense-x-gremio\/","url":"https:\/\/www.gaveanews.com\/index.php\/2024\/08\/21\/a-declaracao-jhon-arias-apos-fluminense-x-gremio\/","name":"A declara\u00e7\u00e3o Jhon Arias ap\u00f3s Fluminense x Gr\u00eamio","isPartOf":{"@id":"https:\/\/www.gaveanews.com\/#website"},"primaryImageOfPage":{"@id":"https:\/\/www.gaveanews.com\/index.php\/2024\/08\/21\/a-declaracao-jhon-arias-apos-fluminense-x-gremio\/#primaryimage"},"image":{"@id":"https:\/\/www.gaveanews.com\/index.php\/2024\/08\/21\/a-declaracao-jhon-arias-apos-fluminense-x-gremio\/#primaryimage"},"thumbnailUrl":"https:\/\/www.gaveanews.com\/wp-content\/uploads\/Jhon-Arias-com-a-camisa-do-Fluminense-em-2023.webp","datePublished":"2024-08-21T18:00:02+00:00","dateModified":"2024-08-21T18:00:08+00:00","author":{"@id":"https:\/\/www.gaveanews.com\/#\/schema\/person\/32fddefab25b466689f181be346cd98c"},"breadcrumb":{"@id":"https:\/\/www.gaveanews.com\/index.php\/2024\/08\/21\/a-declaracao-jhon-arias-apos-fluminense-x-gremio\/#breadcrumb"},"inLanguage":"pt-BR","potentialAction":[{"@type":"ReadAction","target":["https:\/\/www.gaveanews.com\/index.php\/2024\/08\/21\/a-declaracao-jhon-arias-apos-fluminense-x-gremio\/"]}]},{"@type":"ImageObject","inLanguage":"pt-BR","@id":"https:\/\/www.gaveanews.com\/index.php\/2024\/08\/21\/a-declaracao-jhon-arias-apos-fluminense-x-gremio\/#primaryimage","url":"https:\/\/www.gaveanews.com\/wp-content\/uploads\/Jhon-Arias-com-a-camisa-do-Fluminense-em-2023.webp","contentUrl":"https:\/\/www.gaveanews.com\/wp-content\/uploads\/Jhon-Arias-com-a-camisa-do-Fluminense-em-2023.webp","width":872,"height":589,"caption":"Jhon Arias com a camisa do Fluminense em 2023 (Foto: Reprodu\u00e7\u00e3o\/Instagram)"},{"@type":"BreadcrumbList","@id":"https:\/\/www.gaveanews.com\/index.php\/2024\/08\/21\/a-declaracao-jhon-arias-apos-fluminense-x-gremio\/#breadcrumb","itemListElement":[{"@type":"ListItem","position":1,"name":"Home","item":"https:\/\/www.gaveanews.com\/"},{"@type":"ListItem","position":2,"name":"A declara\u00e7\u00e3o Jhon Arias ap\u00f3s Fluminense x Gr\u00eamio"}]},{"@type":"WebSite","@id":"https:\/\/www.gaveanews.com\/#website","url":"https:\/\/www.gaveanews.com\/","name":"G\u00e1vea News","description":"Veja todas as not\u00edcias sobre o Flamengo: Contrata\u00e7\u00f5es, categorias de base, resultados das partidas, tabela de classifica\u00e7\u00e3o, pr\u00f3ximos jogos!","potentialAction":[{"@type":"SearchAction","target":{"@type":"EntryPoint","urlTemplate":"https:\/\/www.gaveanews.com\/?s={search_term_string}"},"query-input":{"@type":"PropertyValueSpecification","valueRequired":true,"valueName":"search_term_string"}}],"inLanguage":"pt-BR"},{"@type":"Person","@id":"https:\/\/www.gaveanews.com\/#\/schema\/person\/32fddefab25b466689f181be346cd98c","name":"Bruno Zanchetta","image":{"@type":"ImageObject","inLanguage":"pt-BR","@id":"https:\/\/www.gaveanews.com\/#\/schema\/person\/image\/","url":"https:\/\/secure.gravatar.com\/avatar\/3ba2d39f8a912ad65276975a996d6ad8d9e3dd13448684be8dc4d7c17099d2ee?s=96&d=mm&r=g","contentUrl":"https:\/\/secure.gravatar.com\/avatar\/3ba2d39f8a912ad65276975a996d6ad8d9e3dd13448684be8dc4d7c17099d2ee?s=96&d=mm&r=g","caption":"Bruno Zanchetta"}}]}},"_links":{"self":[{"href":"https:\/\/www.gaveanews.com\/index.php\/wp-json\/wp\/v2\/posts\/159983","targetHints":{"allow":["GET"]}}],"collection":[{"href":"https:\/\/www.gaveanews.com\/index.php\/wp-json\/wp\/v2\/posts"}],"about":[{"href":"https:\/\/www.gaveanews.com\/index.php\/wp-json\/wp\/v2\/types\/post"}],"author":[{"embeddable":true,"href":"https:\/\/www.gaveanews.com\/index.php\/wp-json\/wp\/v2\/users\/19"}],"replies":[{"embeddable":true,"href":"https:\/\/www.gaveanews.com\/index.php\/wp-json\/wp\/v2\/comments?post=159983"}],"version-history":[{"count":1,"href":"https:\/\/www.gaveanews.com\/index.php\/wp-json\/wp\/v2\/posts\/159983\/revisions"}],"predecessor-version":[{"id":159988,"href":"https:\/\/www.gaveanews.com\/index.php\/wp-json\/wp\/v2\/posts\/159983\/revisions\/159988"}],"wp:featuredmedia":[{"embeddable":true,"href":"https:\/\/www.gaveanews.com\/index.php\/wp-json\/wp\/v2\/media\/154696"}],"wp:attachment":[{"href":"https:\/\/www.gaveanews.com\/index.php\/wp-json\/wp\/v2\/media?parent=159983"}],"wp:term":[{"taxonomy":"category","embeddable":true,"href":"https:\/\/www.gaveanews.com\/index.php\/wp-json\/wp\/v2\/categories?post=159983"},{"taxonomy":"post_tag","embeddable":true,"href":"https:\/\/www.gaveanews.com\/index.php\/wp-json\/wp\/v2\/tags?post=159983"}],"curies":[{"name":"wp","href":"https:\/\/api.w.org\/{rel}","templated":true}]}}