{"id":160220,"date":"2024-08-21T21:10:24","date_gmt":"2024-08-22T00:10:24","guid":{"rendered":"https:\/\/www.gaveanews.com\/?p=160220"},"modified":"2024-08-21T21:11:23","modified_gmt":"2024-08-22T00:11:23","slug":"apos-michael-flamengo-negocia-com-mais-um-atacante","status":"publish","type":"post","link":"https:\/\/www.gaveanews.com\/index.php\/2024\/08\/21\/apos-michael-flamengo-negocia-com-mais-um-atacante\/","title":{"rendered":"Ap\u00f3s Michael, Flamengo negocia com mais um atacante"},"content":{"rendered":"\n<p>Correndo contra o tempo para garantir contrata\u00e7\u00f5es antes do fechamento da janela de transfer\u00eancias, que se encerra no dia 2 de setembro, o Flamengo se movimenta no mercado em busca de refor\u00e7os. Nesse cen\u00e1rio, o clube negocia com um atacante equatoriano.<\/p>\n\n\n\n<ul class=\"wp-block-list\">\n<li><a href=\"https:\/\/www.gaveanews.com\/index.php\/2024\/08\/21\/flamengo-vai-realizar-uma-das-maiores-compras-do-brasil-e-ainda-vai-ceder-um-jogador\/\">Flamengo vai realizar uma das maiores compras do Brasil e ainda vai ceder um jogador<\/a><\/li>\n\n\n\n<li><a href=\"https:\/\/www.gaveanews.com\/index.php\/2024\/08\/21\/michael-vai-custar-pelo-menos-r-72-milhoes-ao-flamengo\/\">Michael vai custar, pelo menos, R$ 72 milh\u00f5es ao Flamengo<\/a><\/li>\n<\/ul>\n\n\n\n<p>O Flamengo tem conversas avan\u00e7adas com Gonzalo Plata, que est\u00e1 no Al-Sadd, do Catar. O ponta-direita canhoto, tem 23 anos e 1,78m de altura e fez uma excelente temporada no Oriente M\u00e9dio, com 12 gols e oito assist\u00eancias, ou seja, 20 participa\u00e7\u00f5es em gols. A informa\u00e7\u00e3o \u00e9 do &#8216;GE&#8217;.<\/p>\n\n\n\n<p>Gonzalo Plata foi revelado pelo Independiente Dell Vale, e tem passagens por Sporting, de Portugal, e o Valladolid, da Espanha. Vale destacar que, em 2019, o atacante foi considerado o terceiro melhor jogador do Mundial Sub-20.<\/p>\n\n\n\n<figure class=\"wp-block-image size-large\"><img loading=\"lazy\" decoding=\"async\" width=\"819\" height=\"1024\" src=\"https:\/\/www.gaveanews.com\/wp-content\/uploads\/Gonzalo-Plata-em-acao-pelo-Al-Sadd-819x1024.webp\" alt=\"\" class=\"wp-image-153592\" srcset=\"https:\/\/www.gaveanews.com\/wp-content\/uploads\/Gonzalo-Plata-em-acao-pelo-Al-Sadd-819x1024.webp 819w, https:\/\/www.gaveanews.com\/wp-content\/uploads\/Gonzalo-Plata-em-acao-pelo-Al-Sadd-240x300.webp 240w, https:\/\/www.gaveanews.com\/wp-content\/uploads\/Gonzalo-Plata-em-acao-pelo-Al-Sadd-768x961.webp 768w, https:\/\/www.gaveanews.com\/wp-content\/uploads\/Gonzalo-Plata-em-acao-pelo-Al-Sadd-336x420.webp 336w, https:\/\/www.gaveanews.com\/wp-content\/uploads\/Gonzalo-Plata-em-acao-pelo-Al-Sadd-672x840.webp 672w, https:\/\/www.gaveanews.com\/wp-content\/uploads\/Gonzalo-Plata-em-acao-pelo-Al-Sadd-640x801.webp 640w, https:\/\/www.gaveanews.com\/wp-content\/uploads\/Gonzalo-Plata-em-acao-pelo-Al-Sadd-681x852.webp 681w, https:\/\/www.gaveanews.com\/wp-content\/uploads\/Gonzalo-Plata-em-acao-pelo-Al-Sadd-100x125.webp 100w, https:\/\/www.gaveanews.com\/wp-content\/uploads\/Gonzalo-Plata-em-acao-pelo-Al-Sadd.webp 1080w\" sizes=\"auto, (max-width: 819px) 100vw, 819px\" \/><figcaption class=\"wp-element-caption\">Gonzalo Plata em a\u00e7\u00e3o pelo Al Sadd (Foto: Reprodu\u00e7\u00e3o\/Instagram)<\/figcaption><\/figure>\n\n\n\n<p>Al\u00e9m de estar com conversas bem adiantadas por Gonzalo Plata, o Flamengo j\u00e1 fechou a contra\u00e7\u00e3o de outro atacante, que tamb\u00e9m atua pelos lados do campo: Michael. O Rob\u00f4zinho ser\u00e1 repatriado pelo Meng\u00e3o, ap\u00f3s passagem pelo Al-Hilal, da Ar\u00e1bia Saudita. <\/p>\n\n\n\n<p>Michael retorna ao Flamengo depois de ter sido vendido pelo Rubro-Negro justamente para o Al-Hilal, em 2022. Na \u00e9poca, o Fla embolsou cerca de R$ 45 milh\u00f5es com a venda do atacante. O retorno para o Mengo, inclusive, foi uma promessa do jogador junto a Marcos Braz.<\/p>\n\n\n\n<p>Al\u00e9m da contrata\u00e7\u00e3o fechada de Michael e das conversas adiantadas com Gonzalo Plata, o Flamengo tem outra negocia\u00e7\u00e3o em andamento: Carlos Alcaraz. O meio-campista do Southampton est\u00e1 na mira do Mengo, e os clubes negociam a poss\u00edvel libera\u00e7\u00e3o.<\/p>\n\n\n\n<p>O Flamengo ofereceu 18 milh\u00f5es de euros, o Southampton pediu 25 milh\u00f5es de euros + um jogador, sendo ele Victor Hugo ou Iago. O Rubro-Negro rebateu, manteve a proposta dos 18 milh\u00f5es de euros e topou envolver um atleta. <\/p>\n\n\n\n<p>Nesse cen\u00e1rio, Flamengo e Southampton negociam a libera\u00e7\u00e3o de Alcaraz pelo valor citado, cerca de R$ 109 milh\u00f5es + Victor Hugo. Os representantes do meia gostaram da oferta, e o jogador est\u00e1 animado com a oportunidade de ter a primeira experi\u00eancia internacional. <\/p>\n","protected":false},"excerpt":{"rendered":"<p>Correndo contra o tempo para garantir contrata\u00e7\u00f5es antes do fechamento da janela de transfer\u00eancias, que se encerra no dia 2 de setembro, o Flamengo se movimenta no mercado em busca de refor\u00e7os. Nesse cen\u00e1rio, o clube negocia com um atacante equatoriano. O Flamengo tem conversas avan\u00e7adas com Gonzalo Plata, que est\u00e1 no Al-Sadd, do Catar. [&hellip;]<\/p>\n","protected":false},"author":18,"featured_media":113681,"comment_status":"open","ping_status":"closed","sticky":false,"template":"","format":"standard","meta":{"footnotes":""},"categories":[1],"tags":[],"class_list":["post-160220","post","type-post","status-publish","format-standard","has-post-thumbnail","hentry","category-flamengo"],"yoast_head":"<!-- This site is optimized with the Yoast SEO Premium plugin v24.2 (Yoast SEO v26.9) - https:\/\/yoast.com\/product\/yoast-seo-premium-wordpress\/ -->\n<title>Ap\u00f3s Michael, Flamengo negocia com mais um atacante<\/title>\n<meta name=\"robots\" content=\"index, follow, max-snippet:-1, max-image-preview:large, max-video-preview:-1\" \/>\n<link rel=\"canonical\" href=\"https:\/\/www.gaveanews.com\/index.php\/2024\/08\/21\/apos-michael-flamengo-negocia-com-mais-um-atacante\/\" \/>\n<meta property=\"og:locale\" content=\"pt_BR\" \/>\n<meta property=\"og:type\" content=\"article\" \/>\n<meta property=\"og:title\" content=\"Ap\u00f3s Michael, Flamengo negocia com mais um atacante\" \/>\n<meta property=\"og:description\" content=\"Correndo contra o tempo para garantir contrata\u00e7\u00f5es antes do fechamento da janela de transfer\u00eancias, que se encerra no dia 2 de setembro, o Flamengo se movimenta no mercado em busca de refor\u00e7os. Nesse cen\u00e1rio, o clube negocia com um atacante equatoriano. O Flamengo tem conversas avan\u00e7adas com Gonzalo Plata, que est\u00e1 no Al-Sadd, do Catar. [&hellip;]\" \/>\n<meta property=\"og:url\" content=\"https:\/\/www.gaveanews.com\/index.php\/2024\/08\/21\/apos-michael-flamengo-negocia-com-mais-um-atacante\/\" \/>\n<meta property=\"og:site_name\" content=\"G\u00e1vea News\" \/>\n<meta property=\"article:publisher\" content=\"https:\/\/facebook.com\/gaveaNews\/\" \/>\n<meta property=\"article:published_time\" content=\"2024-08-22T00:10:24+00:00\" \/>\n<meta property=\"article:modified_time\" content=\"2024-08-22T00:11:23+00:00\" \/>\n<meta property=\"og:image\" content=\"https:\/\/www.gaveanews.com\/wp-content\/uploads\/marcos-braz-flamengo.jpg.webp\" \/>\n\t<meta property=\"og:image:width\" content=\"2000\" \/>\n\t<meta property=\"og:image:height\" content=\"1333\" \/>\n\t<meta property=\"og:image:type\" content=\"image\/webp\" \/>\n<meta name=\"author\" content=\"Paula Silva\" \/>\n<meta name=\"twitter:card\" content=\"summary_large_image\" \/>\n<meta name=\"twitter:label1\" content=\"Escrito por\" \/>\n\t<meta name=\"twitter:data1\" content=\"Paula Silva\" \/>\n\t<meta name=\"twitter:label2\" content=\"Est. tempo de leitura\" \/>\n\t<meta name=\"twitter:data2\" content=\"3 minutos\" \/>\n<script type=\"application\/ld+json\" class=\"yoast-schema-graph\">{\"@context\":\"https:\/\/schema.org\",\"@graph\":[{\"@type\":\"NewsArticle\",\"@id\":\"https:\/\/www.gaveanews.com\/index.php\/2024\/08\/21\/apos-michael-flamengo-negocia-com-mais-um-atacante\/#article\",\"isPartOf\":{\"@id\":\"https:\/\/www.gaveanews.com\/index.php\/2024\/08\/21\/apos-michael-flamengo-negocia-com-mais-um-atacante\/\"},\"author\":{\"name\":\"Paula Silva\",\"@id\":\"https:\/\/www.gaveanews.com\/#\/schema\/person\/daf63eec72e1164eb13dc35096c2b8da\"},\"headline\":\"Ap\u00f3s Michael, Flamengo negocia com mais um atacante\",\"datePublished\":\"2024-08-22T00:10:24+00:00\",\"dateModified\":\"2024-08-22T00:11:23+00:00\",\"mainEntityOfPage\":{\"@id\":\"https:\/\/www.gaveanews.com\/index.php\/2024\/08\/21\/apos-michael-flamengo-negocia-com-mais-um-atacante\/\"},\"wordCount\":393,\"commentCount\":0,\"image\":{\"@id\":\"https:\/\/www.gaveanews.com\/index.php\/2024\/08\/21\/apos-michael-flamengo-negocia-com-mais-um-atacante\/#primaryimage\"},\"thumbnailUrl\":\"https:\/\/www.gaveanews.com\/wp-content\/uploads\/marcos-braz-flamengo.jpg.webp\",\"articleSection\":[\"Flamengo\"],\"inLanguage\":\"pt-BR\",\"potentialAction\":[{\"@type\":\"CommentAction\",\"name\":\"Comment\",\"target\":[\"https:\/\/www.gaveanews.com\/index.php\/2024\/08\/21\/apos-michael-flamengo-negocia-com-mais-um-atacante\/#respond\"]}],\"copyrightYear\":\"2024\",\"copyrightHolder\":{\"@id\":\"https:\/\/www.gaveanews.com\/#organization\"}},{\"@type\":\"WebPage\",\"@id\":\"https:\/\/www.gaveanews.com\/index.php\/2024\/08\/21\/apos-michael-flamengo-negocia-com-mais-um-atacante\/\",\"url\":\"https:\/\/www.gaveanews.com\/index.php\/2024\/08\/21\/apos-michael-flamengo-negocia-com-mais-um-atacante\/\",\"name\":\"Ap\u00f3s Michael, Flamengo negocia com mais um atacante\",\"isPartOf\":{\"@id\":\"https:\/\/www.gaveanews.com\/#website\"},\"primaryImageOfPage\":{\"@id\":\"https:\/\/www.gaveanews.com\/index.php\/2024\/08\/21\/apos-michael-flamengo-negocia-com-mais-um-atacante\/#primaryimage\"},\"image\":{\"@id\":\"https:\/\/www.gaveanews.com\/index.php\/2024\/08\/21\/apos-michael-flamengo-negocia-com-mais-um-atacante\/#primaryimage\"},\"thumbnailUrl\":\"https:\/\/www.gaveanews.com\/wp-content\/uploads\/marcos-braz-flamengo.jpg.webp\",\"datePublished\":\"2024-08-22T00:10:24+00:00\",\"dateModified\":\"2024-08-22T00:11:23+00:00\",\"author\":{\"@id\":\"https:\/\/www.gaveanews.com\/#\/schema\/person\/daf63eec72e1164eb13dc35096c2b8da\"},\"breadcrumb\":{\"@id\":\"https:\/\/www.gaveanews.com\/index.php\/2024\/08\/21\/apos-michael-flamengo-negocia-com-mais-um-atacante\/#breadcrumb\"},\"inLanguage\":\"pt-BR\",\"potentialAction\":[{\"@type\":\"ReadAction\",\"target\":[\"https:\/\/www.gaveanews.com\/index.php\/2024\/08\/21\/apos-michael-flamengo-negocia-com-mais-um-atacante\/\"]}]},{\"@type\":\"ImageObject\",\"inLanguage\":\"pt-BR\",\"@id\":\"https:\/\/www.gaveanews.com\/index.php\/2024\/08\/21\/apos-michael-flamengo-negocia-com-mais-um-atacante\/#primaryimage\",\"url\":\"https:\/\/www.gaveanews.com\/wp-content\/uploads\/marcos-braz-flamengo.jpg.webp\",\"contentUrl\":\"https:\/\/www.gaveanews.com\/wp-content\/uploads\/marcos-braz-flamengo.jpg.webp\",\"width\":2000,\"height\":1333,\"caption\":\"Marcos Braz, vice-presidente de futebol do Flamengo e vereador do Rio de Janeiro (Foto: Icon Sport)\"},{\"@type\":\"BreadcrumbList\",\"@id\":\"https:\/\/www.gaveanews.com\/index.php\/2024\/08\/21\/apos-michael-flamengo-negocia-com-mais-um-atacante\/#breadcrumb\",\"itemListElement\":[{\"@type\":\"ListItem\",\"position\":1,\"name\":\"Home\",\"item\":\"https:\/\/www.gaveanews.com\/\"},{\"@type\":\"ListItem\",\"position\":2,\"name\":\"Ap\u00f3s Michael, Flamengo negocia com mais um atacante\"}]},{\"@type\":\"WebSite\",\"@id\":\"https:\/\/www.gaveanews.com\/#website\",\"url\":\"https:\/\/www.gaveanews.com\/\",\"name\":\"G\u00e1vea News\",\"description\":\"Veja todas as not\u00edcias sobre o Flamengo: Contrata\u00e7\u00f5es, categorias de base, resultados das partidas, tabela de classifica\u00e7\u00e3o, pr\u00f3ximos jogos!\",\"potentialAction\":[{\"@type\":\"SearchAction\",\"target\":{\"@type\":\"EntryPoint\",\"urlTemplate\":\"https:\/\/www.gaveanews.com\/?s={search_term_string}\"},\"query-input\":{\"@type\":\"PropertyValueSpecification\",\"valueRequired\":true,\"valueName\":\"search_term_string\"}}],\"inLanguage\":\"pt-BR\"},{\"@type\":\"Person\",\"@id\":\"https:\/\/www.gaveanews.com\/#\/schema\/person\/daf63eec72e1164eb13dc35096c2b8da\",\"name\":\"Paula Silva\",\"image\":{\"@type\":\"ImageObject\",\"inLanguage\":\"pt-BR\",\"@id\":\"https:\/\/www.gaveanews.com\/#\/schema\/person\/image\/\",\"url\":\"https:\/\/secure.gravatar.com\/avatar\/eda381c845527cc5d64c13b901833cda29d97500ba040d3e6461f76f51d163bb?s=96&d=mm&r=g\",\"contentUrl\":\"https:\/\/secure.gravatar.com\/avatar\/eda381c845527cc5d64c13b901833cda29d97500ba040d3e6461f76f51d163bb?s=96&d=mm&r=g\",\"caption\":\"Paula Silva\"}}]}<\/script>\n<!-- \/ Yoast SEO Premium plugin. -->","yoast_head_json":{"title":"Ap\u00f3s Michael, Flamengo negocia com mais um atacante","robots":{"index":"index","follow":"follow","max-snippet":"max-snippet:-1","max-image-preview":"max-image-preview:large","max-video-preview":"max-video-preview:-1"},"canonical":"https:\/\/www.gaveanews.com\/index.php\/2024\/08\/21\/apos-michael-flamengo-negocia-com-mais-um-atacante\/","og_locale":"pt_BR","og_type":"article","og_title":"Ap\u00f3s Michael, Flamengo negocia com mais um atacante","og_description":"Correndo contra o tempo para garantir contrata\u00e7\u00f5es antes do fechamento da janela de transfer\u00eancias, que se encerra no dia 2 de setembro, o Flamengo se movimenta no mercado em busca de refor\u00e7os. Nesse cen\u00e1rio, o clube negocia com um atacante equatoriano. O Flamengo tem conversas avan\u00e7adas com Gonzalo Plata, que est\u00e1 no Al-Sadd, do Catar. [&hellip;]","og_url":"https:\/\/www.gaveanews.com\/index.php\/2024\/08\/21\/apos-michael-flamengo-negocia-com-mais-um-atacante\/","og_site_name":"G\u00e1vea News","article_publisher":"https:\/\/facebook.com\/gaveaNews\/","article_published_time":"2024-08-22T00:10:24+00:00","article_modified_time":"2024-08-22T00:11:23+00:00","og_image":[{"width":2000,"height":1333,"url":"https:\/\/www.gaveanews.com\/wp-content\/uploads\/marcos-braz-flamengo.jpg.webp","type":"image\/webp"}],"author":"Paula Silva","twitter_card":"summary_large_image","twitter_misc":{"Escrito por":"Paula Silva","Est. tempo de leitura":"3 minutos"},"schema":{"@context":"https:\/\/schema.org","@graph":[{"@type":"NewsArticle","@id":"https:\/\/www.gaveanews.com\/index.php\/2024\/08\/21\/apos-michael-flamengo-negocia-com-mais-um-atacante\/#article","isPartOf":{"@id":"https:\/\/www.gaveanews.com\/index.php\/2024\/08\/21\/apos-michael-flamengo-negocia-com-mais-um-atacante\/"},"author":{"name":"Paula Silva","@id":"https:\/\/www.gaveanews.com\/#\/schema\/person\/daf63eec72e1164eb13dc35096c2b8da"},"headline":"Ap\u00f3s Michael, Flamengo negocia com mais um atacante","datePublished":"2024-08-22T00:10:24+00:00","dateModified":"2024-08-22T00:11:23+00:00","mainEntityOfPage":{"@id":"https:\/\/www.gaveanews.com\/index.php\/2024\/08\/21\/apos-michael-flamengo-negocia-com-mais-um-atacante\/"},"wordCount":393,"commentCount":0,"image":{"@id":"https:\/\/www.gaveanews.com\/index.php\/2024\/08\/21\/apos-michael-flamengo-negocia-com-mais-um-atacante\/#primaryimage"},"thumbnailUrl":"https:\/\/www.gaveanews.com\/wp-content\/uploads\/marcos-braz-flamengo.jpg.webp","articleSection":["Flamengo"],"inLanguage":"pt-BR","potentialAction":[{"@type":"CommentAction","name":"Comment","target":["https:\/\/www.gaveanews.com\/index.php\/2024\/08\/21\/apos-michael-flamengo-negocia-com-mais-um-atacante\/#respond"]}],"copyrightYear":"2024","copyrightHolder":{"@id":"https:\/\/www.gaveanews.com\/#organization"}},{"@type":"WebPage","@id":"https:\/\/www.gaveanews.com\/index.php\/2024\/08\/21\/apos-michael-flamengo-negocia-com-mais-um-atacante\/","url":"https:\/\/www.gaveanews.com\/index.php\/2024\/08\/21\/apos-michael-flamengo-negocia-com-mais-um-atacante\/","name":"Ap\u00f3s Michael, Flamengo negocia com mais um atacante","isPartOf":{"@id":"https:\/\/www.gaveanews.com\/#website"},"primaryImageOfPage":{"@id":"https:\/\/www.gaveanews.com\/index.php\/2024\/08\/21\/apos-michael-flamengo-negocia-com-mais-um-atacante\/#primaryimage"},"image":{"@id":"https:\/\/www.gaveanews.com\/index.php\/2024\/08\/21\/apos-michael-flamengo-negocia-com-mais-um-atacante\/#primaryimage"},"thumbnailUrl":"https:\/\/www.gaveanews.com\/wp-content\/uploads\/marcos-braz-flamengo.jpg.webp","datePublished":"2024-08-22T00:10:24+00:00","dateModified":"2024-08-22T00:11:23+00:00","author":{"@id":"https:\/\/www.gaveanews.com\/#\/schema\/person\/daf63eec72e1164eb13dc35096c2b8da"},"breadcrumb":{"@id":"https:\/\/www.gaveanews.com\/index.php\/2024\/08\/21\/apos-michael-flamengo-negocia-com-mais-um-atacante\/#breadcrumb"},"inLanguage":"pt-BR","potentialAction":[{"@type":"ReadAction","target":["https:\/\/www.gaveanews.com\/index.php\/2024\/08\/21\/apos-michael-flamengo-negocia-com-mais-um-atacante\/"]}]},{"@type":"ImageObject","inLanguage":"pt-BR","@id":"https:\/\/www.gaveanews.com\/index.php\/2024\/08\/21\/apos-michael-flamengo-negocia-com-mais-um-atacante\/#primaryimage","url":"https:\/\/www.gaveanews.com\/wp-content\/uploads\/marcos-braz-flamengo.jpg.webp","contentUrl":"https:\/\/www.gaveanews.com\/wp-content\/uploads\/marcos-braz-flamengo.jpg.webp","width":2000,"height":1333,"caption":"Marcos Braz, vice-presidente de futebol do Flamengo e vereador do Rio de Janeiro (Foto: Icon Sport)"},{"@type":"BreadcrumbList","@id":"https:\/\/www.gaveanews.com\/index.php\/2024\/08\/21\/apos-michael-flamengo-negocia-com-mais-um-atacante\/#breadcrumb","itemListElement":[{"@type":"ListItem","position":1,"name":"Home","item":"https:\/\/www.gaveanews.com\/"},{"@type":"ListItem","position":2,"name":"Ap\u00f3s Michael, Flamengo negocia com mais um atacante"}]},{"@type":"WebSite","@id":"https:\/\/www.gaveanews.com\/#website","url":"https:\/\/www.gaveanews.com\/","name":"G\u00e1vea News","description":"Veja todas as not\u00edcias sobre o Flamengo: Contrata\u00e7\u00f5es, categorias de base, resultados das partidas, tabela de classifica\u00e7\u00e3o, pr\u00f3ximos jogos!","potentialAction":[{"@type":"SearchAction","target":{"@type":"EntryPoint","urlTemplate":"https:\/\/www.gaveanews.com\/?s={search_term_string}"},"query-input":{"@type":"PropertyValueSpecification","valueRequired":true,"valueName":"search_term_string"}}],"inLanguage":"pt-BR"},{"@type":"Person","@id":"https:\/\/www.gaveanews.com\/#\/schema\/person\/daf63eec72e1164eb13dc35096c2b8da","name":"Paula Silva","image":{"@type":"ImageObject","inLanguage":"pt-BR","@id":"https:\/\/www.gaveanews.com\/#\/schema\/person\/image\/","url":"https:\/\/secure.gravatar.com\/avatar\/eda381c845527cc5d64c13b901833cda29d97500ba040d3e6461f76f51d163bb?s=96&d=mm&r=g","contentUrl":"https:\/\/secure.gravatar.com\/avatar\/eda381c845527cc5d64c13b901833cda29d97500ba040d3e6461f76f51d163bb?s=96&d=mm&r=g","caption":"Paula Silva"}}]}},"_links":{"self":[{"href":"https:\/\/www.gaveanews.com\/index.php\/wp-json\/wp\/v2\/posts\/160220","targetHints":{"allow":["GET"]}}],"collection":[{"href":"https:\/\/www.gaveanews.com\/index.php\/wp-json\/wp\/v2\/posts"}],"about":[{"href":"https:\/\/www.gaveanews.com\/index.php\/wp-json\/wp\/v2\/types\/post"}],"author":[{"embeddable":true,"href":"https:\/\/www.gaveanews.com\/index.php\/wp-json\/wp\/v2\/users\/18"}],"replies":[{"embeddable":true,"href":"https:\/\/www.gaveanews.com\/index.php\/wp-json\/wp\/v2\/comments?post=160220"}],"version-history":[{"count":2,"href":"https:\/\/www.gaveanews.com\/index.php\/wp-json\/wp\/v2\/posts\/160220\/revisions"}],"predecessor-version":[{"id":160224,"href":"https:\/\/www.gaveanews.com\/index.php\/wp-json\/wp\/v2\/posts\/160220\/revisions\/160224"}],"wp:featuredmedia":[{"embeddable":true,"href":"https:\/\/www.gaveanews.com\/index.php\/wp-json\/wp\/v2\/media\/113681"}],"wp:attachment":[{"href":"https:\/\/www.gaveanews.com\/index.php\/wp-json\/wp\/v2\/media?parent=160220"}],"wp:term":[{"taxonomy":"category","embeddable":true,"href":"https:\/\/www.gaveanews.com\/index.php\/wp-json\/wp\/v2\/categories?post=160220"},{"taxonomy":"post_tag","embeddable":true,"href":"https:\/\/www.gaveanews.com\/index.php\/wp-json\/wp\/v2\/tags?post=160220"}],"curies":[{"name":"wp","href":"https:\/\/api.w.org\/{rel}","templated":true}]}}