{"id":160329,"date":"2024-08-22T11:37:59","date_gmt":"2024-08-22T14:37:59","guid":{"rendered":"https:\/\/www.gaveanews.com\/?p=160329"},"modified":"2024-08-22T11:38:01","modified_gmt":"2024-08-22T14:38:01","slug":"veja-o-que-falta-para-michael-estrear-pelo-flamengo","status":"publish","type":"post","link":"https:\/\/www.gaveanews.com\/index.php\/2024\/08\/22\/veja-o-que-falta-para-michael-estrear-pelo-flamengo\/","title":{"rendered":"Veja o que falta para Michael estrear pelo Flamengo"},"content":{"rendered":"\n<p>Ap\u00f3s a les\u00e3o de Everton Cebolinha, no tend\u00e3o de Aquiles do p\u00e9 esquerdo, o atacante desfalca o Flamengo por todo o restante da temporada de 2024 e s\u00f3 retorna a partir do ano que vem. Com isso, os dirigentes rubro-negros se movimentaram rapidamente nos bastidores e fecharam a contrata\u00e7\u00e3o de Michael como refor\u00e7o de peso, principalmente, para repor a perda do camisa 11, que vinha fazendo uma excelente temporada sob o comando do t\u00e9cnico Tite.<\/p>\n\n\n\n<ul class=\"wp-block-list\">\n<li><a href=\"https:\/\/www.gaveanews.com\/index.php\/2024\/08\/22\/video-michael-manda-recado-para-a-torcida-do-flamengo-2\/\">V\u00eddeo: Michael manda recado para a torcida do Flamengo<\/a><\/li>\n\n\n\n<li><a href=\"https:\/\/www.gaveanews.com\/index.php\/2024\/08\/21\/michael-vai-custar-pelo-menos-r-72-milhoes-ao-flamengo\/\">Michael vai custar, pelo menos, R$ 72 milh\u00f5es ao Flamengo<\/a><\/li>\n<\/ul>\n\n\n\n<p>Assim, os torcedores rubro-negros querem saber o que falta para Michael poder estrear pelo Flamengo, visto que est\u00e3o ansiosos pelo retorno do atacante, neste momento muito complicado em que a equipe se encontra bastante desfalcada, devido aos muitos desfalques por motivo de les\u00e3o.<\/p>\n\n\n\n<h2 class=\"wp-block-heading\" id=\"h-o-que-falta-para-o-flamengo-regularizar-michael\">O que falta para o Flamengo regularizar Michael?<\/h2>\n\n\n\n<p>Dessa maneira, de acordo com informa\u00e7\u00f5es do jornalista Ven\u00ea Casagrande, para poder inscrever Michael no BID da CBF, o Flamengo aguarda somente o envio dos documentos espec\u00edficos, pela Federa\u00e7\u00e3o \u00c1rabe, isto \u00e9, &#8220;papeladas&#8221; relacionadas \u00e0 transfer\u00eancia do jogador para o rubro-negro carioca.<\/p>\n\n\n\n<p>Cabe ressaltar, que embora n\u00e3o tenha pagado ao Al-Hilal pela libera\u00e7\u00e3o do atleta, o Flamengo deve pagar um sal\u00e1rio astron\u00f4mico de R$1,5 milh\u00e3o por m\u00eas a Michael, al\u00e9m de luvas e b\u00f4nus que podem render ao jogador R$72 milh\u00f5es ao longo de 4 anos de contrato.<\/p>\n\n\n\n<p>Assim, Michael, de 28 anos, assinou contrato com o Flamengo por 4 temporadas, ou seja, at\u00e9 o final de dezembro de 2028. Com isso, o \u201crobozinho\u201d, como \u00e9 carinhosamente chamado pela torcida do Flamengo, retorna ao clube ap\u00f3s tr\u00eas anos, com status de grande contrata\u00e7\u00e3o, muita em fun\u00e7\u00e3o tamb\u00e9m do momento vivido pelo elenco, com muitos jogadores lesionados.<\/p>\n\n\n\n<h2 class=\"wp-block-heading\" id=\"h-numeros-de-michael-no-flamengo\">N\u00fameros de Michael no Flamengo<\/h2>\n\n\n\n<p>Vale lembrar, que Michael chegou ao Flamengo no in\u00edcio da temporada de 2020, a pedido do ent\u00e3o t\u00e9cnico rubro-negro Jorge Jesus. Dessa forma, o robozinho participou de 105 partidas com a camisa do Meng\u00e3o ao longo das temporadas de 2020 2021, marcou 23 gols e conquistou 5 t\u00edtulos:<\/p>\n\n\n\n<ul class=\"wp-block-list\">\n<li>Campeonato Brasileiro (2020);<\/li>\n\n\n\n<li>2 Supercopas do Brasil (2020 e 2021);<\/li>\n\n\n\n<li>1 Recopa Sul-Americana (2020);<\/li>\n\n\n\n<li>2 Cariocas.<\/li>\n<\/ul>\n","protected":false},"excerpt":{"rendered":"<p>Ap\u00f3s a les\u00e3o de Everton Cebolinha, no tend\u00e3o de Aquiles do p\u00e9 esquerdo, o atacante desfalca o Flamengo por todo o restante da temporada de 2024 e s\u00f3 retorna a partir do ano que vem. Com isso, os dirigentes rubro-negros se movimentaram rapidamente nos bastidores e fecharam a contrata\u00e7\u00e3o de Michael como refor\u00e7o de peso, [&hellip;]<\/p>\n","protected":false},"author":24,"featured_media":70211,"comment_status":"open","ping_status":"closed","sticky":false,"template":"","format":"standard","meta":{"footnotes":""},"categories":[1],"tags":[],"class_list":["post-160329","post","type-post","status-publish","format-standard","has-post-thumbnail","hentry","category-flamengo"],"yoast_head":"<!-- This site is optimized with the Yoast SEO Premium plugin v24.2 (Yoast SEO v26.9) - https:\/\/yoast.com\/product\/yoast-seo-premium-wordpress\/ -->\n<title>Veja o que falta para Michael estrear pelo Flamengo<\/title>\n<meta name=\"robots\" content=\"index, follow, max-snippet:-1, max-image-preview:large, max-video-preview:-1\" \/>\n<link rel=\"canonical\" href=\"https:\/\/www.gaveanews.com\/index.php\/2024\/08\/22\/veja-o-que-falta-para-michael-estrear-pelo-flamengo\/\" \/>\n<meta property=\"og:locale\" content=\"pt_BR\" \/>\n<meta property=\"og:type\" content=\"article\" \/>\n<meta property=\"og:title\" content=\"Veja o que falta para Michael estrear pelo Flamengo\" \/>\n<meta property=\"og:description\" content=\"Ap\u00f3s a les\u00e3o de Everton Cebolinha, no tend\u00e3o de Aquiles do p\u00e9 esquerdo, o atacante desfalca o Flamengo por todo o restante da temporada de 2024 e s\u00f3 retorna a partir do ano que vem. Com isso, os dirigentes rubro-negros se movimentaram rapidamente nos bastidores e fecharam a contrata\u00e7\u00e3o de Michael como refor\u00e7o de peso, [&hellip;]\" \/>\n<meta property=\"og:url\" content=\"https:\/\/www.gaveanews.com\/index.php\/2024\/08\/22\/veja-o-que-falta-para-michael-estrear-pelo-flamengo\/\" \/>\n<meta property=\"og:site_name\" content=\"G\u00e1vea News\" \/>\n<meta property=\"article:publisher\" content=\"https:\/\/facebook.com\/gaveaNews\/\" \/>\n<meta property=\"article:published_time\" content=\"2024-08-22T14:37:59+00:00\" \/>\n<meta property=\"article:modified_time\" content=\"2024-08-22T14:38:01+00:00\" \/>\n<meta property=\"og:image\" content=\"https:\/\/www.gaveanews.com\/wp-content\/uploads\/Michael-em-acao-pelo-Flamengo-contra-o-Cuiaba-no-Brasileirao-2021.webp\" \/>\n\t<meta property=\"og:image:width\" content=\"2048\" \/>\n\t<meta property=\"og:image:height\" content=\"1365\" \/>\n\t<meta property=\"og:image:type\" content=\"image\/jpeg\" \/>\n<meta name=\"author\" content=\"Leandro Cardoso\" \/>\n<meta name=\"twitter:card\" content=\"summary_large_image\" \/>\n<meta name=\"twitter:label1\" content=\"Escrito por\" \/>\n\t<meta name=\"twitter:data1\" content=\"Leandro Cardoso\" \/>\n\t<meta name=\"twitter:label2\" content=\"Est. tempo de leitura\" \/>\n\t<meta name=\"twitter:data2\" content=\"3 minutos\" \/>\n<script type=\"application\/ld+json\" class=\"yoast-schema-graph\">{\"@context\":\"https:\/\/schema.org\",\"@graph\":[{\"@type\":\"NewsArticle\",\"@id\":\"https:\/\/www.gaveanews.com\/index.php\/2024\/08\/22\/veja-o-que-falta-para-michael-estrear-pelo-flamengo\/#article\",\"isPartOf\":{\"@id\":\"https:\/\/www.gaveanews.com\/index.php\/2024\/08\/22\/veja-o-que-falta-para-michael-estrear-pelo-flamengo\/\"},\"author\":{\"name\":\"Leandro Cardoso\",\"@id\":\"https:\/\/www.gaveanews.com\/#\/schema\/person\/2424ec6409bc3f068411fc5e4e9b6168\"},\"headline\":\"Veja o que falta para Michael estrear pelo Flamengo\",\"datePublished\":\"2024-08-22T14:37:59+00:00\",\"dateModified\":\"2024-08-22T14:38:01+00:00\",\"mainEntityOfPage\":{\"@id\":\"https:\/\/www.gaveanews.com\/index.php\/2024\/08\/22\/veja-o-que-falta-para-michael-estrear-pelo-flamengo\/\"},\"wordCount\":380,\"commentCount\":0,\"image\":{\"@id\":\"https:\/\/www.gaveanews.com\/index.php\/2024\/08\/22\/veja-o-que-falta-para-michael-estrear-pelo-flamengo\/#primaryimage\"},\"thumbnailUrl\":\"https:\/\/www.gaveanews.com\/wp-content\/uploads\/Michael-em-acao-pelo-Flamengo-contra-o-Cuiaba-no-Brasileirao-2021.webp\",\"articleSection\":[\"Flamengo\"],\"inLanguage\":\"pt-BR\",\"potentialAction\":[{\"@type\":\"CommentAction\",\"name\":\"Comment\",\"target\":[\"https:\/\/www.gaveanews.com\/index.php\/2024\/08\/22\/veja-o-que-falta-para-michael-estrear-pelo-flamengo\/#respond\"]}],\"copyrightYear\":\"2024\",\"copyrightHolder\":{\"@id\":\"https:\/\/www.gaveanews.com\/#organization\"}},{\"@type\":\"WebPage\",\"@id\":\"https:\/\/www.gaveanews.com\/index.php\/2024\/08\/22\/veja-o-que-falta-para-michael-estrear-pelo-flamengo\/\",\"url\":\"https:\/\/www.gaveanews.com\/index.php\/2024\/08\/22\/veja-o-que-falta-para-michael-estrear-pelo-flamengo\/\",\"name\":\"Veja o que falta para Michael estrear pelo Flamengo\",\"isPartOf\":{\"@id\":\"https:\/\/www.gaveanews.com\/#website\"},\"primaryImageOfPage\":{\"@id\":\"https:\/\/www.gaveanews.com\/index.php\/2024\/08\/22\/veja-o-que-falta-para-michael-estrear-pelo-flamengo\/#primaryimage\"},\"image\":{\"@id\":\"https:\/\/www.gaveanews.com\/index.php\/2024\/08\/22\/veja-o-que-falta-para-michael-estrear-pelo-flamengo\/#primaryimage\"},\"thumbnailUrl\":\"https:\/\/www.gaveanews.com\/wp-content\/uploads\/Michael-em-acao-pelo-Flamengo-contra-o-Cuiaba-no-Brasileirao-2021.webp\",\"datePublished\":\"2024-08-22T14:37:59+00:00\",\"dateModified\":\"2024-08-22T14:38:01+00:00\",\"author\":{\"@id\":\"https:\/\/www.gaveanews.com\/#\/schema\/person\/2424ec6409bc3f068411fc5e4e9b6168\"},\"breadcrumb\":{\"@id\":\"https:\/\/www.gaveanews.com\/index.php\/2024\/08\/22\/veja-o-que-falta-para-michael-estrear-pelo-flamengo\/#breadcrumb\"},\"inLanguage\":\"pt-BR\",\"potentialAction\":[{\"@type\":\"ReadAction\",\"target\":[\"https:\/\/www.gaveanews.com\/index.php\/2024\/08\/22\/veja-o-que-falta-para-michael-estrear-pelo-flamengo\/\"]}]},{\"@type\":\"ImageObject\",\"inLanguage\":\"pt-BR\",\"@id\":\"https:\/\/www.gaveanews.com\/index.php\/2024\/08\/22\/veja-o-que-falta-para-michael-estrear-pelo-flamengo\/#primaryimage\",\"url\":\"https:\/\/www.gaveanews.com\/wp-content\/uploads\/Michael-em-acao-pelo-Flamengo-contra-o-Cuiaba-no-Brasileirao-2021.webp\",\"contentUrl\":\"https:\/\/www.gaveanews.com\/wp-content\/uploads\/Michael-em-acao-pelo-Flamengo-contra-o-Cuiaba-no-Brasileirao-2021.webp\",\"width\":2048,\"height\":1365,\"caption\":\"Michael em a\u00e7\u00e3o pelo Flamengo contra o Cuiab\u00e1 no Brasileir\u00e3o 2021 (Foto: Alexandre Vidal\/Flamengo)\"},{\"@type\":\"BreadcrumbList\",\"@id\":\"https:\/\/www.gaveanews.com\/index.php\/2024\/08\/22\/veja-o-que-falta-para-michael-estrear-pelo-flamengo\/#breadcrumb\",\"itemListElement\":[{\"@type\":\"ListItem\",\"position\":1,\"name\":\"Home\",\"item\":\"https:\/\/www.gaveanews.com\/\"},{\"@type\":\"ListItem\",\"position\":2,\"name\":\"Veja o que falta para Michael estrear pelo Flamengo\"}]},{\"@type\":\"WebSite\",\"@id\":\"https:\/\/www.gaveanews.com\/#website\",\"url\":\"https:\/\/www.gaveanews.com\/\",\"name\":\"G\u00e1vea News\",\"description\":\"Veja todas as not\u00edcias sobre o Flamengo: Contrata\u00e7\u00f5es, categorias de base, resultados das partidas, tabela de classifica\u00e7\u00e3o, pr\u00f3ximos jogos!\",\"potentialAction\":[{\"@type\":\"SearchAction\",\"target\":{\"@type\":\"EntryPoint\",\"urlTemplate\":\"https:\/\/www.gaveanews.com\/?s={search_term_string}\"},\"query-input\":{\"@type\":\"PropertyValueSpecification\",\"valueRequired\":true,\"valueName\":\"search_term_string\"}}],\"inLanguage\":\"pt-BR\"},{\"@type\":\"Person\",\"@id\":\"https:\/\/www.gaveanews.com\/#\/schema\/person\/2424ec6409bc3f068411fc5e4e9b6168\",\"name\":\"Leandro Cardoso\",\"image\":{\"@type\":\"ImageObject\",\"inLanguage\":\"pt-BR\",\"@id\":\"https:\/\/www.gaveanews.com\/#\/schema\/person\/image\/\",\"url\":\"https:\/\/secure.gravatar.com\/avatar\/8ca179f9b55eefe9f376f5493ef25475bfa59fbc28ce937f6076ce20e523098f?s=96&d=mm&r=g\",\"contentUrl\":\"https:\/\/secure.gravatar.com\/avatar\/8ca179f9b55eefe9f376f5493ef25475bfa59fbc28ce937f6076ce20e523098f?s=96&d=mm&r=g\",\"caption\":\"Leandro Cardoso\"}}]}<\/script>\n<!-- \/ Yoast SEO Premium plugin. -->","yoast_head_json":{"title":"Veja o que falta para Michael estrear pelo Flamengo","robots":{"index":"index","follow":"follow","max-snippet":"max-snippet:-1","max-image-preview":"max-image-preview:large","max-video-preview":"max-video-preview:-1"},"canonical":"https:\/\/www.gaveanews.com\/index.php\/2024\/08\/22\/veja-o-que-falta-para-michael-estrear-pelo-flamengo\/","og_locale":"pt_BR","og_type":"article","og_title":"Veja o que falta para Michael estrear pelo Flamengo","og_description":"Ap\u00f3s a les\u00e3o de Everton Cebolinha, no tend\u00e3o de Aquiles do p\u00e9 esquerdo, o atacante desfalca o Flamengo por todo o restante da temporada de 2024 e s\u00f3 retorna a partir do ano que vem. Com isso, os dirigentes rubro-negros se movimentaram rapidamente nos bastidores e fecharam a contrata\u00e7\u00e3o de Michael como refor\u00e7o de peso, [&hellip;]","og_url":"https:\/\/www.gaveanews.com\/index.php\/2024\/08\/22\/veja-o-que-falta-para-michael-estrear-pelo-flamengo\/","og_site_name":"G\u00e1vea News","article_publisher":"https:\/\/facebook.com\/gaveaNews\/","article_published_time":"2024-08-22T14:37:59+00:00","article_modified_time":"2024-08-22T14:38:01+00:00","og_image":[{"width":2048,"height":1365,"url":"https:\/\/www.gaveanews.com\/wp-content\/uploads\/Michael-em-acao-pelo-Flamengo-contra-o-Cuiaba-no-Brasileirao-2021.webp","type":"image\/jpeg"}],"author":"Leandro Cardoso","twitter_card":"summary_large_image","twitter_misc":{"Escrito por":"Leandro Cardoso","Est. tempo de leitura":"3 minutos"},"schema":{"@context":"https:\/\/schema.org","@graph":[{"@type":"NewsArticle","@id":"https:\/\/www.gaveanews.com\/index.php\/2024\/08\/22\/veja-o-que-falta-para-michael-estrear-pelo-flamengo\/#article","isPartOf":{"@id":"https:\/\/www.gaveanews.com\/index.php\/2024\/08\/22\/veja-o-que-falta-para-michael-estrear-pelo-flamengo\/"},"author":{"name":"Leandro Cardoso","@id":"https:\/\/www.gaveanews.com\/#\/schema\/person\/2424ec6409bc3f068411fc5e4e9b6168"},"headline":"Veja o que falta para Michael estrear pelo Flamengo","datePublished":"2024-08-22T14:37:59+00:00","dateModified":"2024-08-22T14:38:01+00:00","mainEntityOfPage":{"@id":"https:\/\/www.gaveanews.com\/index.php\/2024\/08\/22\/veja-o-que-falta-para-michael-estrear-pelo-flamengo\/"},"wordCount":380,"commentCount":0,"image":{"@id":"https:\/\/www.gaveanews.com\/index.php\/2024\/08\/22\/veja-o-que-falta-para-michael-estrear-pelo-flamengo\/#primaryimage"},"thumbnailUrl":"https:\/\/www.gaveanews.com\/wp-content\/uploads\/Michael-em-acao-pelo-Flamengo-contra-o-Cuiaba-no-Brasileirao-2021.webp","articleSection":["Flamengo"],"inLanguage":"pt-BR","potentialAction":[{"@type":"CommentAction","name":"Comment","target":["https:\/\/www.gaveanews.com\/index.php\/2024\/08\/22\/veja-o-que-falta-para-michael-estrear-pelo-flamengo\/#respond"]}],"copyrightYear":"2024","copyrightHolder":{"@id":"https:\/\/www.gaveanews.com\/#organization"}},{"@type":"WebPage","@id":"https:\/\/www.gaveanews.com\/index.php\/2024\/08\/22\/veja-o-que-falta-para-michael-estrear-pelo-flamengo\/","url":"https:\/\/www.gaveanews.com\/index.php\/2024\/08\/22\/veja-o-que-falta-para-michael-estrear-pelo-flamengo\/","name":"Veja o que falta para Michael estrear pelo Flamengo","isPartOf":{"@id":"https:\/\/www.gaveanews.com\/#website"},"primaryImageOfPage":{"@id":"https:\/\/www.gaveanews.com\/index.php\/2024\/08\/22\/veja-o-que-falta-para-michael-estrear-pelo-flamengo\/#primaryimage"},"image":{"@id":"https:\/\/www.gaveanews.com\/index.php\/2024\/08\/22\/veja-o-que-falta-para-michael-estrear-pelo-flamengo\/#primaryimage"},"thumbnailUrl":"https:\/\/www.gaveanews.com\/wp-content\/uploads\/Michael-em-acao-pelo-Flamengo-contra-o-Cuiaba-no-Brasileirao-2021.webp","datePublished":"2024-08-22T14:37:59+00:00","dateModified":"2024-08-22T14:38:01+00:00","author":{"@id":"https:\/\/www.gaveanews.com\/#\/schema\/person\/2424ec6409bc3f068411fc5e4e9b6168"},"breadcrumb":{"@id":"https:\/\/www.gaveanews.com\/index.php\/2024\/08\/22\/veja-o-que-falta-para-michael-estrear-pelo-flamengo\/#breadcrumb"},"inLanguage":"pt-BR","potentialAction":[{"@type":"ReadAction","target":["https:\/\/www.gaveanews.com\/index.php\/2024\/08\/22\/veja-o-que-falta-para-michael-estrear-pelo-flamengo\/"]}]},{"@type":"ImageObject","inLanguage":"pt-BR","@id":"https:\/\/www.gaveanews.com\/index.php\/2024\/08\/22\/veja-o-que-falta-para-michael-estrear-pelo-flamengo\/#primaryimage","url":"https:\/\/www.gaveanews.com\/wp-content\/uploads\/Michael-em-acao-pelo-Flamengo-contra-o-Cuiaba-no-Brasileirao-2021.webp","contentUrl":"https:\/\/www.gaveanews.com\/wp-content\/uploads\/Michael-em-acao-pelo-Flamengo-contra-o-Cuiaba-no-Brasileirao-2021.webp","width":2048,"height":1365,"caption":"Michael em a\u00e7\u00e3o pelo Flamengo contra o Cuiab\u00e1 no Brasileir\u00e3o 2021 (Foto: Alexandre Vidal\/Flamengo)"},{"@type":"BreadcrumbList","@id":"https:\/\/www.gaveanews.com\/index.php\/2024\/08\/22\/veja-o-que-falta-para-michael-estrear-pelo-flamengo\/#breadcrumb","itemListElement":[{"@type":"ListItem","position":1,"name":"Home","item":"https:\/\/www.gaveanews.com\/"},{"@type":"ListItem","position":2,"name":"Veja o que falta para Michael estrear pelo Flamengo"}]},{"@type":"WebSite","@id":"https:\/\/www.gaveanews.com\/#website","url":"https:\/\/www.gaveanews.com\/","name":"G\u00e1vea News","description":"Veja todas as not\u00edcias sobre o Flamengo: Contrata\u00e7\u00f5es, categorias de base, resultados das partidas, tabela de classifica\u00e7\u00e3o, pr\u00f3ximos jogos!","potentialAction":[{"@type":"SearchAction","target":{"@type":"EntryPoint","urlTemplate":"https:\/\/www.gaveanews.com\/?s={search_term_string}"},"query-input":{"@type":"PropertyValueSpecification","valueRequired":true,"valueName":"search_term_string"}}],"inLanguage":"pt-BR"},{"@type":"Person","@id":"https:\/\/www.gaveanews.com\/#\/schema\/person\/2424ec6409bc3f068411fc5e4e9b6168","name":"Leandro Cardoso","image":{"@type":"ImageObject","inLanguage":"pt-BR","@id":"https:\/\/www.gaveanews.com\/#\/schema\/person\/image\/","url":"https:\/\/secure.gravatar.com\/avatar\/8ca179f9b55eefe9f376f5493ef25475bfa59fbc28ce937f6076ce20e523098f?s=96&d=mm&r=g","contentUrl":"https:\/\/secure.gravatar.com\/avatar\/8ca179f9b55eefe9f376f5493ef25475bfa59fbc28ce937f6076ce20e523098f?s=96&d=mm&r=g","caption":"Leandro Cardoso"}}]}},"_links":{"self":[{"href":"https:\/\/www.gaveanews.com\/index.php\/wp-json\/wp\/v2\/posts\/160329","targetHints":{"allow":["GET"]}}],"collection":[{"href":"https:\/\/www.gaveanews.com\/index.php\/wp-json\/wp\/v2\/posts"}],"about":[{"href":"https:\/\/www.gaveanews.com\/index.php\/wp-json\/wp\/v2\/types\/post"}],"author":[{"embeddable":true,"href":"https:\/\/www.gaveanews.com\/index.php\/wp-json\/wp\/v2\/users\/24"}],"replies":[{"embeddable":true,"href":"https:\/\/www.gaveanews.com\/index.php\/wp-json\/wp\/v2\/comments?post=160329"}],"version-history":[{"count":3,"href":"https:\/\/www.gaveanews.com\/index.php\/wp-json\/wp\/v2\/posts\/160329\/revisions"}],"predecessor-version":[{"id":160342,"href":"https:\/\/www.gaveanews.com\/index.php\/wp-json\/wp\/v2\/posts\/160329\/revisions\/160342"}],"wp:featuredmedia":[{"embeddable":true,"href":"https:\/\/www.gaveanews.com\/index.php\/wp-json\/wp\/v2\/media\/70211"}],"wp:attachment":[{"href":"https:\/\/www.gaveanews.com\/index.php\/wp-json\/wp\/v2\/media?parent=160329"}],"wp:term":[{"taxonomy":"category","embeddable":true,"href":"https:\/\/www.gaveanews.com\/index.php\/wp-json\/wp\/v2\/categories?post=160329"},{"taxonomy":"post_tag","embeddable":true,"href":"https:\/\/www.gaveanews.com\/index.php\/wp-json\/wp\/v2\/tags?post=160329"}],"curies":[{"name":"wp","href":"https:\/\/api.w.org\/{rel}","templated":true}]}}