{"id":160365,"date":"2024-08-22T17:45:54","date_gmt":"2024-08-22T20:45:54","guid":{"rendered":"https:\/\/www.gaveanews.com\/?p=160365"},"modified":"2024-08-22T17:19:57","modified_gmt":"2024-08-22T20:19:57","slug":"esses-sao-os-desfalques-do-bahia-para-enfrentar-o-botafogo","status":"publish","type":"post","link":"https:\/\/www.gaveanews.com\/index.php\/2024\/08\/22\/esses-sao-os-desfalques-do-bahia-para-enfrentar-o-botafogo\/","title":{"rendered":"Esses s\u00e3o os desfalques do Bahia para enfrentar o Botafogo"},"content":{"rendered":"\n<h2 class=\"wp-block-heading\" id=\"h-equipes-da-parte-de-cima-da-tabela-duelam-na-rodada\">Equipes da parte de cima da tabela duelam na rodada <\/h2>\n\n\n\n<p>Neste domingo (25), Bahia e Botafogo se enfrentam na Casa de Apostas Arena Fonte Nova, pela 24\u00b0 rodada do Campeonato Brasileiro. O time baiano tenta voltar ao G-4 da competi\u00e7\u00e3o, enquanto o Glorioso tenta manter e at\u00e9 disparar na lideran\u00e7a. Para o duelo, o esquadr\u00e3o ter\u00e1 alguns desfalques importantes. <\/p>\n\n\n\n<ul class=\"wp-block-list\">\n<li><a href=\"https:\/\/www.gaveanews.com\/index.php\/2024\/08\/22\/palmeiras-corinthians-athletico-pr-atletico-mg-sao-paulo-bahia-e-santos-7-times-no-brasil-ja-venderam-naming-rights\/\">Palmeiras, Corinthians, Athletico-PR, Atl\u00e9tico-MG, S\u00e3o Paulo, Bahia e Santos: 7 times no Brasil j\u00e1 venderam naming rights<\/a><\/li>\n\n\n\n<li><a href=\"https:\/\/www.gaveanews.com\/index.php\/2024\/08\/20\/esposa-de-everton-ribeiro-rouba-a-cena-apos-sorteio-definir-flamengo-x-bahia-na-copa-do-brasil\/\">Esposa de Everton Ribeiro rouba a cena ap\u00f3s sorteio definir Flamengo x Bahia na Copa do Brasil<\/a><\/li>\n<\/ul>\n\n\n\n<p>O atacante Biel segue em tratamento de uma les\u00e3o na coluna (Espondil\u00f3lise), ap\u00f3s se machucar no cl\u00e1ssico contra o Vit\u00f3ria. O lateral Gilberto tamb\u00e9m est\u00e1 entregue ao departamento m\u00e9dico do clube para tratar uma les\u00e3o muscular. Acevedo est\u00e1 em fase de recupera\u00e7\u00e3o em treinos f\u00edsicos, e tamb\u00e9m desfalca o clube no duelo contra os cariocas. <\/p>\n\n\n\n<p>Rog\u00e9rio Ceni ainda trabalha com algumas d\u00favidas, como Ademir que depender\u00e1 de sua evolu\u00e7\u00e3o na recupera\u00e7\u00e3o para ser relacionado. Rezende tamb\u00e9m \u00e9 uma incerteza, mas a dupla tem mais chances de serem relacionados do que os outros. <\/p>\n\n\n\n<p>Diante dessas incertezas, h\u00e1 uma certeza. A volta do goleiro Adriel \u00e9 confirmada. O jogador n\u00e3o foi relacionado na \u00faltima rodada contra o Gr\u00eamio por uma quest\u00e3o contratual, mas voltar\u00e1 a estar com time. <\/p>\n\n\n\n<p>No treino da \u00faltima quarta-feira (22), o t\u00e9cnico Rog\u00e9rio Ceni montou dois times e fez trabalhos t\u00e1ticos em um campo aberto, com algumas regras para finaliza\u00e7\u00f5es e passes. Ap\u00f3s o coletivo, os jogadores treinaram finaliza\u00e7\u00e3o com um foco maior. <\/p>\n\n\n\n<p>No momento, o Bahia ocupa a quinta coloca\u00e7\u00e3o do Campeonato Brasileiro da S\u00e9rie A com 38 pontos. O Botafogo \u00e9 o l\u00edder da competi\u00e7\u00e3o com 46 pontos e busca a vit\u00f3ria para n\u00e3o correr risco de perder o primeiro lugar, j\u00e1 que o Fortaleza est\u00e1 em segundo com 45 pontos. <\/p>\n","protected":false},"excerpt":{"rendered":"<p>Equipes da parte de cima da tabela duelam na rodada Neste domingo (25), Bahia e Botafogo se enfrentam na Casa de Apostas Arena Fonte Nova, pela 24\u00b0 rodada do Campeonato Brasileiro. O time baiano tenta voltar ao G-4 da competi\u00e7\u00e3o, enquanto o Glorioso tenta manter e at\u00e9 disparar na lideran\u00e7a. Para o duelo, o esquadr\u00e3o [&hellip;]<\/p>\n","protected":false},"author":21,"featured_media":155116,"comment_status":"open","ping_status":"closed","sticky":false,"template":"","format":"standard","meta":{"footnotes":""},"categories":[137],"tags":[],"class_list":["post-160365","post","type-post","status-publish","format-standard","has-post-thumbnail","hentry","category-bahia"],"yoast_head":"<!-- This site is optimized with the Yoast SEO Premium plugin v24.2 (Yoast SEO v26.9) - https:\/\/yoast.com\/product\/yoast-seo-premium-wordpress\/ -->\n<title>Esses s\u00e3o os desfalques do Bahia para enfrentar o Botafogo<\/title>\n<meta name=\"robots\" content=\"index, follow, max-snippet:-1, max-image-preview:large, max-video-preview:-1\" \/>\n<link rel=\"canonical\" href=\"https:\/\/www.gaveanews.com\/index.php\/2024\/08\/22\/esses-sao-os-desfalques-do-bahia-para-enfrentar-o-botafogo\/\" \/>\n<meta property=\"og:locale\" content=\"pt_BR\" \/>\n<meta property=\"og:type\" content=\"article\" \/>\n<meta property=\"og:title\" content=\"Esses s\u00e3o os desfalques do Bahia para enfrentar o Botafogo\" \/>\n<meta property=\"og:description\" content=\"Equipes da parte de cima da tabela duelam na rodada Neste domingo (25), Bahia e Botafogo se enfrentam na Casa de Apostas Arena Fonte Nova, pela 24\u00b0 rodada do Campeonato Brasileiro. O time baiano tenta voltar ao G-4 da competi\u00e7\u00e3o, enquanto o Glorioso tenta manter e at\u00e9 disparar na lideran\u00e7a. Para o duelo, o esquadr\u00e3o [&hellip;]\" \/>\n<meta property=\"og:url\" content=\"https:\/\/www.gaveanews.com\/index.php\/2024\/08\/22\/esses-sao-os-desfalques-do-bahia-para-enfrentar-o-botafogo\/\" \/>\n<meta property=\"og:site_name\" content=\"G\u00e1vea News\" \/>\n<meta property=\"article:publisher\" content=\"https:\/\/facebook.com\/gaveaNews\/\" \/>\n<meta property=\"article:published_time\" content=\"2024-08-22T20:45:54+00:00\" \/>\n<meta property=\"og:image\" content=\"https:\/\/www.gaveanews.com\/wp-content\/uploads\/Escudo-do-Bahia.webp\" \/>\n\t<meta property=\"og:image:width\" content=\"2048\" \/>\n\t<meta property=\"og:image:height\" content=\"1366\" \/>\n\t<meta property=\"og:image:type\" content=\"image\/jpeg\" \/>\n<meta name=\"author\" content=\"Andr\u00e9 Serra\" \/>\n<meta name=\"twitter:card\" content=\"summary_large_image\" \/>\n<meta name=\"twitter:label1\" content=\"Escrito por\" \/>\n\t<meta name=\"twitter:data1\" content=\"Andr\u00e9 Serra\" \/>\n\t<meta name=\"twitter:label2\" content=\"Est. tempo de leitura\" \/>\n\t<meta name=\"twitter:data2\" content=\"2 minutos\" \/>\n<script type=\"application\/ld+json\" class=\"yoast-schema-graph\">{\"@context\":\"https:\/\/schema.org\",\"@graph\":[{\"@type\":\"NewsArticle\",\"@id\":\"https:\/\/www.gaveanews.com\/index.php\/2024\/08\/22\/esses-sao-os-desfalques-do-bahia-para-enfrentar-o-botafogo\/#article\",\"isPartOf\":{\"@id\":\"https:\/\/www.gaveanews.com\/index.php\/2024\/08\/22\/esses-sao-os-desfalques-do-bahia-para-enfrentar-o-botafogo\/\"},\"author\":{\"name\":\"Andr\u00e9 Serra\",\"@id\":\"https:\/\/www.gaveanews.com\/#\/schema\/person\/0277a79a1289c451c281ec0411d84f0c\"},\"headline\":\"Esses s\u00e3o os desfalques do Bahia para enfrentar o Botafogo\",\"datePublished\":\"2024-08-22T20:45:54+00:00\",\"mainEntityOfPage\":{\"@id\":\"https:\/\/www.gaveanews.com\/index.php\/2024\/08\/22\/esses-sao-os-desfalques-do-bahia-para-enfrentar-o-botafogo\/\"},\"wordCount\":346,\"commentCount\":0,\"image\":{\"@id\":\"https:\/\/www.gaveanews.com\/index.php\/2024\/08\/22\/esses-sao-os-desfalques-do-bahia-para-enfrentar-o-botafogo\/#primaryimage\"},\"thumbnailUrl\":\"https:\/\/www.gaveanews.com\/wp-content\/uploads\/Escudo-do-Bahia.webp\",\"articleSection\":[\"Bahia\"],\"inLanguage\":\"pt-BR\",\"potentialAction\":[{\"@type\":\"CommentAction\",\"name\":\"Comment\",\"target\":[\"https:\/\/www.gaveanews.com\/index.php\/2024\/08\/22\/esses-sao-os-desfalques-do-bahia-para-enfrentar-o-botafogo\/#respond\"]}],\"copyrightYear\":\"2024\",\"copyrightHolder\":{\"@id\":\"https:\/\/www.gaveanews.com\/#organization\"}},{\"@type\":\"WebPage\",\"@id\":\"https:\/\/www.gaveanews.com\/index.php\/2024\/08\/22\/esses-sao-os-desfalques-do-bahia-para-enfrentar-o-botafogo\/\",\"url\":\"https:\/\/www.gaveanews.com\/index.php\/2024\/08\/22\/esses-sao-os-desfalques-do-bahia-para-enfrentar-o-botafogo\/\",\"name\":\"Esses s\u00e3o os desfalques do Bahia para enfrentar o Botafogo\",\"isPartOf\":{\"@id\":\"https:\/\/www.gaveanews.com\/#website\"},\"primaryImageOfPage\":{\"@id\":\"https:\/\/www.gaveanews.com\/index.php\/2024\/08\/22\/esses-sao-os-desfalques-do-bahia-para-enfrentar-o-botafogo\/#primaryimage\"},\"image\":{\"@id\":\"https:\/\/www.gaveanews.com\/index.php\/2024\/08\/22\/esses-sao-os-desfalques-do-bahia-para-enfrentar-o-botafogo\/#primaryimage\"},\"thumbnailUrl\":\"https:\/\/www.gaveanews.com\/wp-content\/uploads\/Escudo-do-Bahia.webp\",\"datePublished\":\"2024-08-22T20:45:54+00:00\",\"author\":{\"@id\":\"https:\/\/www.gaveanews.com\/#\/schema\/person\/0277a79a1289c451c281ec0411d84f0c\"},\"breadcrumb\":{\"@id\":\"https:\/\/www.gaveanews.com\/index.php\/2024\/08\/22\/esses-sao-os-desfalques-do-bahia-para-enfrentar-o-botafogo\/#breadcrumb\"},\"inLanguage\":\"pt-BR\",\"potentialAction\":[{\"@type\":\"ReadAction\",\"target\":[\"https:\/\/www.gaveanews.com\/index.php\/2024\/08\/22\/esses-sao-os-desfalques-do-bahia-para-enfrentar-o-botafogo\/\"]}]},{\"@type\":\"ImageObject\",\"inLanguage\":\"pt-BR\",\"@id\":\"https:\/\/www.gaveanews.com\/index.php\/2024\/08\/22\/esses-sao-os-desfalques-do-bahia-para-enfrentar-o-botafogo\/#primaryimage\",\"url\":\"https:\/\/www.gaveanews.com\/wp-content\/uploads\/Escudo-do-Bahia.webp\",\"contentUrl\":\"https:\/\/www.gaveanews.com\/wp-content\/uploads\/Escudo-do-Bahia.webp\",\"width\":2048,\"height\":1366,\"caption\":\"Escudo do Bahia (Foto: Reprodu\u00e7\u00e3o)\"},{\"@type\":\"BreadcrumbList\",\"@id\":\"https:\/\/www.gaveanews.com\/index.php\/2024\/08\/22\/esses-sao-os-desfalques-do-bahia-para-enfrentar-o-botafogo\/#breadcrumb\",\"itemListElement\":[{\"@type\":\"ListItem\",\"position\":1,\"name\":\"Home\",\"item\":\"https:\/\/www.gaveanews.com\/\"},{\"@type\":\"ListItem\",\"position\":2,\"name\":\"Esses s\u00e3o os desfalques do Bahia para enfrentar o Botafogo\"}]},{\"@type\":\"WebSite\",\"@id\":\"https:\/\/www.gaveanews.com\/#website\",\"url\":\"https:\/\/www.gaveanews.com\/\",\"name\":\"G\u00e1vea News\",\"description\":\"Veja todas as not\u00edcias sobre o Flamengo: Contrata\u00e7\u00f5es, categorias de base, resultados das partidas, tabela de classifica\u00e7\u00e3o, pr\u00f3ximos jogos!\",\"potentialAction\":[{\"@type\":\"SearchAction\",\"target\":{\"@type\":\"EntryPoint\",\"urlTemplate\":\"https:\/\/www.gaveanews.com\/?s={search_term_string}\"},\"query-input\":{\"@type\":\"PropertyValueSpecification\",\"valueRequired\":true,\"valueName\":\"search_term_string\"}}],\"inLanguage\":\"pt-BR\"},{\"@type\":\"Person\",\"@id\":\"https:\/\/www.gaveanews.com\/#\/schema\/person\/0277a79a1289c451c281ec0411d84f0c\",\"name\":\"Andr\u00e9 Serra\",\"image\":{\"@type\":\"ImageObject\",\"inLanguage\":\"pt-BR\",\"@id\":\"https:\/\/www.gaveanews.com\/#\/schema\/person\/image\/\",\"url\":\"https:\/\/secure.gravatar.com\/avatar\/d7231369fe48db93292b3e88eb2162dbd9a34a47a8437d9ef3bcaca2a86a83d7?s=96&d=mm&r=g\",\"contentUrl\":\"https:\/\/secure.gravatar.com\/avatar\/d7231369fe48db93292b3e88eb2162dbd9a34a47a8437d9ef3bcaca2a86a83d7?s=96&d=mm&r=g\",\"caption\":\"Andr\u00e9 Serra\"}}]}<\/script>\n<!-- \/ Yoast SEO Premium plugin. -->","yoast_head_json":{"title":"Esses s\u00e3o os desfalques do Bahia para enfrentar o Botafogo","robots":{"index":"index","follow":"follow","max-snippet":"max-snippet:-1","max-image-preview":"max-image-preview:large","max-video-preview":"max-video-preview:-1"},"canonical":"https:\/\/www.gaveanews.com\/index.php\/2024\/08\/22\/esses-sao-os-desfalques-do-bahia-para-enfrentar-o-botafogo\/","og_locale":"pt_BR","og_type":"article","og_title":"Esses s\u00e3o os desfalques do Bahia para enfrentar o Botafogo","og_description":"Equipes da parte de cima da tabela duelam na rodada Neste domingo (25), Bahia e Botafogo se enfrentam na Casa de Apostas Arena Fonte Nova, pela 24\u00b0 rodada do Campeonato Brasileiro. O time baiano tenta voltar ao G-4 da competi\u00e7\u00e3o, enquanto o Glorioso tenta manter e at\u00e9 disparar na lideran\u00e7a. Para o duelo, o esquadr\u00e3o [&hellip;]","og_url":"https:\/\/www.gaveanews.com\/index.php\/2024\/08\/22\/esses-sao-os-desfalques-do-bahia-para-enfrentar-o-botafogo\/","og_site_name":"G\u00e1vea News","article_publisher":"https:\/\/facebook.com\/gaveaNews\/","article_published_time":"2024-08-22T20:45:54+00:00","og_image":[{"width":2048,"height":1366,"url":"https:\/\/www.gaveanews.com\/wp-content\/uploads\/Escudo-do-Bahia.webp","type":"image\/jpeg"}],"author":"Andr\u00e9 Serra","twitter_card":"summary_large_image","twitter_misc":{"Escrito por":"Andr\u00e9 Serra","Est. tempo de leitura":"2 minutos"},"schema":{"@context":"https:\/\/schema.org","@graph":[{"@type":"NewsArticle","@id":"https:\/\/www.gaveanews.com\/index.php\/2024\/08\/22\/esses-sao-os-desfalques-do-bahia-para-enfrentar-o-botafogo\/#article","isPartOf":{"@id":"https:\/\/www.gaveanews.com\/index.php\/2024\/08\/22\/esses-sao-os-desfalques-do-bahia-para-enfrentar-o-botafogo\/"},"author":{"name":"Andr\u00e9 Serra","@id":"https:\/\/www.gaveanews.com\/#\/schema\/person\/0277a79a1289c451c281ec0411d84f0c"},"headline":"Esses s\u00e3o os desfalques do Bahia para enfrentar o Botafogo","datePublished":"2024-08-22T20:45:54+00:00","mainEntityOfPage":{"@id":"https:\/\/www.gaveanews.com\/index.php\/2024\/08\/22\/esses-sao-os-desfalques-do-bahia-para-enfrentar-o-botafogo\/"},"wordCount":346,"commentCount":0,"image":{"@id":"https:\/\/www.gaveanews.com\/index.php\/2024\/08\/22\/esses-sao-os-desfalques-do-bahia-para-enfrentar-o-botafogo\/#primaryimage"},"thumbnailUrl":"https:\/\/www.gaveanews.com\/wp-content\/uploads\/Escudo-do-Bahia.webp","articleSection":["Bahia"],"inLanguage":"pt-BR","potentialAction":[{"@type":"CommentAction","name":"Comment","target":["https:\/\/www.gaveanews.com\/index.php\/2024\/08\/22\/esses-sao-os-desfalques-do-bahia-para-enfrentar-o-botafogo\/#respond"]}],"copyrightYear":"2024","copyrightHolder":{"@id":"https:\/\/www.gaveanews.com\/#organization"}},{"@type":"WebPage","@id":"https:\/\/www.gaveanews.com\/index.php\/2024\/08\/22\/esses-sao-os-desfalques-do-bahia-para-enfrentar-o-botafogo\/","url":"https:\/\/www.gaveanews.com\/index.php\/2024\/08\/22\/esses-sao-os-desfalques-do-bahia-para-enfrentar-o-botafogo\/","name":"Esses s\u00e3o os desfalques do Bahia para enfrentar o Botafogo","isPartOf":{"@id":"https:\/\/www.gaveanews.com\/#website"},"primaryImageOfPage":{"@id":"https:\/\/www.gaveanews.com\/index.php\/2024\/08\/22\/esses-sao-os-desfalques-do-bahia-para-enfrentar-o-botafogo\/#primaryimage"},"image":{"@id":"https:\/\/www.gaveanews.com\/index.php\/2024\/08\/22\/esses-sao-os-desfalques-do-bahia-para-enfrentar-o-botafogo\/#primaryimage"},"thumbnailUrl":"https:\/\/www.gaveanews.com\/wp-content\/uploads\/Escudo-do-Bahia.webp","datePublished":"2024-08-22T20:45:54+00:00","author":{"@id":"https:\/\/www.gaveanews.com\/#\/schema\/person\/0277a79a1289c451c281ec0411d84f0c"},"breadcrumb":{"@id":"https:\/\/www.gaveanews.com\/index.php\/2024\/08\/22\/esses-sao-os-desfalques-do-bahia-para-enfrentar-o-botafogo\/#breadcrumb"},"inLanguage":"pt-BR","potentialAction":[{"@type":"ReadAction","target":["https:\/\/www.gaveanews.com\/index.php\/2024\/08\/22\/esses-sao-os-desfalques-do-bahia-para-enfrentar-o-botafogo\/"]}]},{"@type":"ImageObject","inLanguage":"pt-BR","@id":"https:\/\/www.gaveanews.com\/index.php\/2024\/08\/22\/esses-sao-os-desfalques-do-bahia-para-enfrentar-o-botafogo\/#primaryimage","url":"https:\/\/www.gaveanews.com\/wp-content\/uploads\/Escudo-do-Bahia.webp","contentUrl":"https:\/\/www.gaveanews.com\/wp-content\/uploads\/Escudo-do-Bahia.webp","width":2048,"height":1366,"caption":"Escudo do Bahia (Foto: Reprodu\u00e7\u00e3o)"},{"@type":"BreadcrumbList","@id":"https:\/\/www.gaveanews.com\/index.php\/2024\/08\/22\/esses-sao-os-desfalques-do-bahia-para-enfrentar-o-botafogo\/#breadcrumb","itemListElement":[{"@type":"ListItem","position":1,"name":"Home","item":"https:\/\/www.gaveanews.com\/"},{"@type":"ListItem","position":2,"name":"Esses s\u00e3o os desfalques do Bahia para enfrentar o Botafogo"}]},{"@type":"WebSite","@id":"https:\/\/www.gaveanews.com\/#website","url":"https:\/\/www.gaveanews.com\/","name":"G\u00e1vea News","description":"Veja todas as not\u00edcias sobre o Flamengo: Contrata\u00e7\u00f5es, categorias de base, resultados das partidas, tabela de classifica\u00e7\u00e3o, pr\u00f3ximos jogos!","potentialAction":[{"@type":"SearchAction","target":{"@type":"EntryPoint","urlTemplate":"https:\/\/www.gaveanews.com\/?s={search_term_string}"},"query-input":{"@type":"PropertyValueSpecification","valueRequired":true,"valueName":"search_term_string"}}],"inLanguage":"pt-BR"},{"@type":"Person","@id":"https:\/\/www.gaveanews.com\/#\/schema\/person\/0277a79a1289c451c281ec0411d84f0c","name":"Andr\u00e9 Serra","image":{"@type":"ImageObject","inLanguage":"pt-BR","@id":"https:\/\/www.gaveanews.com\/#\/schema\/person\/image\/","url":"https:\/\/secure.gravatar.com\/avatar\/d7231369fe48db93292b3e88eb2162dbd9a34a47a8437d9ef3bcaca2a86a83d7?s=96&d=mm&r=g","contentUrl":"https:\/\/secure.gravatar.com\/avatar\/d7231369fe48db93292b3e88eb2162dbd9a34a47a8437d9ef3bcaca2a86a83d7?s=96&d=mm&r=g","caption":"Andr\u00e9 Serra"}}]}},"_links":{"self":[{"href":"https:\/\/www.gaveanews.com\/index.php\/wp-json\/wp\/v2\/posts\/160365","targetHints":{"allow":["GET"]}}],"collection":[{"href":"https:\/\/www.gaveanews.com\/index.php\/wp-json\/wp\/v2\/posts"}],"about":[{"href":"https:\/\/www.gaveanews.com\/index.php\/wp-json\/wp\/v2\/types\/post"}],"author":[{"embeddable":true,"href":"https:\/\/www.gaveanews.com\/index.php\/wp-json\/wp\/v2\/users\/21"}],"replies":[{"embeddable":true,"href":"https:\/\/www.gaveanews.com\/index.php\/wp-json\/wp\/v2\/comments?post=160365"}],"version-history":[{"count":1,"href":"https:\/\/www.gaveanews.com\/index.php\/wp-json\/wp\/v2\/posts\/160365\/revisions"}],"predecessor-version":[{"id":160375,"href":"https:\/\/www.gaveanews.com\/index.php\/wp-json\/wp\/v2\/posts\/160365\/revisions\/160375"}],"wp:featuredmedia":[{"embeddable":true,"href":"https:\/\/www.gaveanews.com\/index.php\/wp-json\/wp\/v2\/media\/155116"}],"wp:attachment":[{"href":"https:\/\/www.gaveanews.com\/index.php\/wp-json\/wp\/v2\/media?parent=160365"}],"wp:term":[{"taxonomy":"category","embeddable":true,"href":"https:\/\/www.gaveanews.com\/index.php\/wp-json\/wp\/v2\/categories?post=160365"},{"taxonomy":"post_tag","embeddable":true,"href":"https:\/\/www.gaveanews.com\/index.php\/wp-json\/wp\/v2\/tags?post=160365"}],"curies":[{"name":"wp","href":"https:\/\/api.w.org\/{rel}","templated":true}]}}