{"id":160374,"date":"2024-08-22T16:34:19","date_gmt":"2024-08-22T19:34:19","guid":{"rendered":"https:\/\/www.gaveanews.com\/?p=160374"},"modified":"2024-08-22T16:34:21","modified_gmt":"2024-08-22T19:34:21","slug":"porque-o-brasil-e-referencia-na-paraolimpiadas-e-nas-olimpiadas-nao","status":"publish","type":"post","link":"https:\/\/www.gaveanews.com\/index.php\/2024\/08\/22\/porque-o-brasil-e-referencia-na-paraolimpiadas-e-nas-olimpiadas-nao\/","title":{"rendered":"Porque o Brasil \u00e9 referencia na paraolimp\u00edadas e nas olimp\u00edadas n\u00e3o"},"content":{"rendered":"\n<p>O Brasil \u00e9 uma verdadeira pot\u00eancia paral\u00edmpica e tem uma hist\u00f3ria de sucesso que muitos n\u00e3o conhecem.&nbsp;<\/p>\n\n\n\n<ul class=\"wp-block-list\">\n<li><a href=\"https:\/\/www.gaveanews.com\/index.php\/2024\/08\/16\/atletas-brasileiros-que-se-aposentaram-das-olimpiadas-apos-paris-2024\/\">Atletas brasileiros que se aposentaram das Olimp\u00edadas ap\u00f3s Paris 2024<\/a><\/li>\n\n\n\n<li><a href=\"https:\/\/www.gaveanews.com\/index.php\/2024\/08\/14\/veja-quanto-vale-a-medalha-de-ouro-das-olimpiadas-de-paris\/\">Veja quanto vale a medalha de ouro das Olimp\u00edadas de Paris<\/a><\/li>\n<\/ul>\n\n\n\n<p>Como nos Jogos de T\u00f3quio de 2021, por exemplo, enquanto os atletas ol\u00edmpicos brasileiros trouxeram 21 medalhas para casa, a equipe paral\u00edmpica conquistou incr\u00edveis 72 medalhas com menos atletas do que os ol\u00edmpicos.&nbsp;<\/p>\n\n\n\n<p>Mas o que explica essa diferen\u00e7a \u00e9 que em primeiro lugar, temos a Lei das Loterias, que garante uma parte dos recursos arrecadados pelas loterias para o esporte paral\u00edmpico. Mesmo com um or\u00e7amento menor do que o esporte ol\u00edmpico, a boa gest\u00e3o desses recursos faz toda a diferen\u00e7a.&nbsp;<\/p>\n\n\n\n<p>Um exemplo disso \u00e9 o Centro de Treinamento Paral\u00edmpico em S\u00e3o Paulo, que oferece uma estrutura de ponta acess\u00edvel e com tecnologias de \u00faltima gera\u00e7\u00e3o.&nbsp;<\/p>\n\n\n\n<p>Al\u00e9m disso, o Brasil tem um DNA paral\u00edmpico, se destacando em v\u00e1rias modalidades adaptadas. A subdivis\u00e3o das categorias de defici\u00eancia, que amplia o n\u00famero de eventos e chances de medalhas, tamb\u00e9m \u00e9 um fator muito importante para esse sucesso.\u00a0Para voc\u00ea entender melhor: por exemplo, o atletismo possui diversas classes, como para atletas com defici\u00eancias visuais, defici\u00eancias intelectuais, defici\u00eancia dos membros superiores, inferiores, etc.\u00a0<\/p>\n\n\n\n<p>Agora, para o Brasil continuar crescendo no esporte paral\u00edmpico, \u00e9 essencial dar ainda mais visibilidade para essa \u00e1rea.<\/p>\n\n\n\n<h2 class=\"wp-block-heading\" id=\"h-quando-sera-as-paraolimpiadas-de-paris\">Quando ser\u00e1 as paraolimp\u00edadas de Paris?<\/h2>\n\n\n\n<p>Os Jogos Paral\u00edmpicos Paris 2024 acontecem&nbsp;de 28 de agosto a 8 de setembro&nbsp;na capital francesa. Com mais de 4 mil atletas de 184 pa\u00edses estar\u00e3o em a\u00e7\u00e3o em 22 modalidades, espalhados pelo pa\u00eds.<\/p>\n","protected":false},"excerpt":{"rendered":"<p>O Brasil \u00e9 uma verdadeira pot\u00eancia paral\u00edmpica e tem uma hist\u00f3ria de sucesso que muitos n\u00e3o conhecem.&nbsp; Como nos Jogos de T\u00f3quio de 2021, por exemplo, enquanto os atletas ol\u00edmpicos brasileiros trouxeram 21 medalhas para casa, a equipe paral\u00edmpica conquistou incr\u00edveis 72 medalhas com menos atletas do que os ol\u00edmpicos.&nbsp; Mas o que explica essa [&hellip;]<\/p>\n","protected":false},"author":22,"featured_media":158035,"comment_status":"open","ping_status":"closed","sticky":false,"template":"","format":"standard","meta":{"footnotes":""},"categories":[458],"tags":[],"class_list":["post-160374","post","type-post","status-publish","format-standard","has-post-thumbnail","hentry","category-olimpiadas"],"yoast_head":"<!-- This site is optimized with the Yoast SEO Premium plugin v24.2 (Yoast SEO v26.9) - https:\/\/yoast.com\/product\/yoast-seo-premium-wordpress\/ -->\n<title>Porque o Brasil \u00e9 referencia na paraolimp\u00edadas e nas olimp\u00edadas n\u00e3o<\/title>\n<meta name=\"robots\" content=\"index, follow, max-snippet:-1, max-image-preview:large, max-video-preview:-1\" \/>\n<link rel=\"canonical\" href=\"https:\/\/www.gaveanews.com\/index.php\/2024\/08\/22\/porque-o-brasil-e-referencia-na-paraolimpiadas-e-nas-olimpiadas-nao\/\" \/>\n<meta property=\"og:locale\" content=\"pt_BR\" \/>\n<meta property=\"og:type\" content=\"article\" \/>\n<meta property=\"og:title\" content=\"Porque o Brasil \u00e9 referencia na paraolimp\u00edadas e nas olimp\u00edadas n\u00e3o\" \/>\n<meta property=\"og:description\" content=\"O Brasil \u00e9 uma verdadeira pot\u00eancia paral\u00edmpica e tem uma hist\u00f3ria de sucesso que muitos n\u00e3o conhecem.&nbsp; Como nos Jogos de T\u00f3quio de 2021, por exemplo, enquanto os atletas ol\u00edmpicos brasileiros trouxeram 21 medalhas para casa, a equipe paral\u00edmpica conquistou incr\u00edveis 72 medalhas com menos atletas do que os ol\u00edmpicos.&nbsp; Mas o que explica essa [&hellip;]\" \/>\n<meta property=\"og:url\" content=\"https:\/\/www.gaveanews.com\/index.php\/2024\/08\/22\/porque-o-brasil-e-referencia-na-paraolimpiadas-e-nas-olimpiadas-nao\/\" \/>\n<meta property=\"og:site_name\" content=\"G\u00e1vea News\" \/>\n<meta property=\"article:publisher\" content=\"https:\/\/facebook.com\/gaveaNews\/\" \/>\n<meta property=\"article:published_time\" content=\"2024-08-22T19:34:19+00:00\" \/>\n<meta property=\"article:modified_time\" content=\"2024-08-22T19:34:21+00:00\" \/>\n<meta property=\"og:image\" content=\"https:\/\/www.gaveanews.com\/wp-content\/uploads\/Arcos-Olimpicos.webp\" \/>\n\t<meta property=\"og:image:width\" content=\"1920\" \/>\n\t<meta property=\"og:image:height\" content=\"1080\" \/>\n\t<meta property=\"og:image:type\" content=\"image\/jpeg\" \/>\n<meta name=\"author\" content=\"Emilly Lima\" \/>\n<meta name=\"twitter:card\" content=\"summary_large_image\" \/>\n<meta name=\"twitter:label1\" content=\"Escrito por\" \/>\n\t<meta name=\"twitter:data1\" content=\"Emilly Lima\" \/>\n\t<meta name=\"twitter:label2\" content=\"Est. tempo de leitura\" \/>\n\t<meta name=\"twitter:data2\" content=\"2 minutos\" \/>\n<script type=\"application\/ld+json\" class=\"yoast-schema-graph\">{\"@context\":\"https:\/\/schema.org\",\"@graph\":[{\"@type\":\"NewsArticle\",\"@id\":\"https:\/\/www.gaveanews.com\/index.php\/2024\/08\/22\/porque-o-brasil-e-referencia-na-paraolimpiadas-e-nas-olimpiadas-nao\/#article\",\"isPartOf\":{\"@id\":\"https:\/\/www.gaveanews.com\/index.php\/2024\/08\/22\/porque-o-brasil-e-referencia-na-paraolimpiadas-e-nas-olimpiadas-nao\/\"},\"author\":{\"name\":\"Emilly Lima\",\"@id\":\"https:\/\/www.gaveanews.com\/#\/schema\/person\/8597dbe3f4d8513dd20048ce95a1895b\"},\"headline\":\"Porque o Brasil \u00e9 referencia na paraolimp\u00edadas e nas olimp\u00edadas n\u00e3o\",\"datePublished\":\"2024-08-22T19:34:19+00:00\",\"dateModified\":\"2024-08-22T19:34:21+00:00\",\"mainEntityOfPage\":{\"@id\":\"https:\/\/www.gaveanews.com\/index.php\/2024\/08\/22\/porque-o-brasil-e-referencia-na-paraolimpiadas-e-nas-olimpiadas-nao\/\"},\"wordCount\":310,\"commentCount\":0,\"image\":{\"@id\":\"https:\/\/www.gaveanews.com\/index.php\/2024\/08\/22\/porque-o-brasil-e-referencia-na-paraolimpiadas-e-nas-olimpiadas-nao\/#primaryimage\"},\"thumbnailUrl\":\"https:\/\/www.gaveanews.com\/wp-content\/uploads\/Arcos-Olimpicos.webp\",\"articleSection\":[\"Olimp\u00edadas\"],\"inLanguage\":\"pt-BR\",\"potentialAction\":[{\"@type\":\"CommentAction\",\"name\":\"Comment\",\"target\":[\"https:\/\/www.gaveanews.com\/index.php\/2024\/08\/22\/porque-o-brasil-e-referencia-na-paraolimpiadas-e-nas-olimpiadas-nao\/#respond\"]}],\"copyrightYear\":\"2024\",\"copyrightHolder\":{\"@id\":\"https:\/\/www.gaveanews.com\/#organization\"}},{\"@type\":\"WebPage\",\"@id\":\"https:\/\/www.gaveanews.com\/index.php\/2024\/08\/22\/porque-o-brasil-e-referencia-na-paraolimpiadas-e-nas-olimpiadas-nao\/\",\"url\":\"https:\/\/www.gaveanews.com\/index.php\/2024\/08\/22\/porque-o-brasil-e-referencia-na-paraolimpiadas-e-nas-olimpiadas-nao\/\",\"name\":\"Porque o Brasil \u00e9 referencia na paraolimp\u00edadas e nas olimp\u00edadas n\u00e3o\",\"isPartOf\":{\"@id\":\"https:\/\/www.gaveanews.com\/#website\"},\"primaryImageOfPage\":{\"@id\":\"https:\/\/www.gaveanews.com\/index.php\/2024\/08\/22\/porque-o-brasil-e-referencia-na-paraolimpiadas-e-nas-olimpiadas-nao\/#primaryimage\"},\"image\":{\"@id\":\"https:\/\/www.gaveanews.com\/index.php\/2024\/08\/22\/porque-o-brasil-e-referencia-na-paraolimpiadas-e-nas-olimpiadas-nao\/#primaryimage\"},\"thumbnailUrl\":\"https:\/\/www.gaveanews.com\/wp-content\/uploads\/Arcos-Olimpicos.webp\",\"datePublished\":\"2024-08-22T19:34:19+00:00\",\"dateModified\":\"2024-08-22T19:34:21+00:00\",\"author\":{\"@id\":\"https:\/\/www.gaveanews.com\/#\/schema\/person\/8597dbe3f4d8513dd20048ce95a1895b\"},\"breadcrumb\":{\"@id\":\"https:\/\/www.gaveanews.com\/index.php\/2024\/08\/22\/porque-o-brasil-e-referencia-na-paraolimpiadas-e-nas-olimpiadas-nao\/#breadcrumb\"},\"inLanguage\":\"pt-BR\",\"potentialAction\":[{\"@type\":\"ReadAction\",\"target\":[\"https:\/\/www.gaveanews.com\/index.php\/2024\/08\/22\/porque-o-brasil-e-referencia-na-paraolimpiadas-e-nas-olimpiadas-nao\/\"]}]},{\"@type\":\"ImageObject\",\"inLanguage\":\"pt-BR\",\"@id\":\"https:\/\/www.gaveanews.com\/index.php\/2024\/08\/22\/porque-o-brasil-e-referencia-na-paraolimpiadas-e-nas-olimpiadas-nao\/#primaryimage\",\"url\":\"https:\/\/www.gaveanews.com\/wp-content\/uploads\/Arcos-Olimpicos.webp\",\"contentUrl\":\"https:\/\/www.gaveanews.com\/wp-content\/uploads\/Arcos-Olimpicos.webp\",\"width\":1920,\"height\":1080,\"caption\":\"Arcos Ol\u00edmpicos (Foto: Divulga\u00e7\u00e3o)\"},{\"@type\":\"BreadcrumbList\",\"@id\":\"https:\/\/www.gaveanews.com\/index.php\/2024\/08\/22\/porque-o-brasil-e-referencia-na-paraolimpiadas-e-nas-olimpiadas-nao\/#breadcrumb\",\"itemListElement\":[{\"@type\":\"ListItem\",\"position\":1,\"name\":\"Home\",\"item\":\"https:\/\/www.gaveanews.com\/\"},{\"@type\":\"ListItem\",\"position\":2,\"name\":\"Porque o Brasil \u00e9 referencia na paraolimp\u00edadas e nas olimp\u00edadas n\u00e3o\"}]},{\"@type\":\"WebSite\",\"@id\":\"https:\/\/www.gaveanews.com\/#website\",\"url\":\"https:\/\/www.gaveanews.com\/\",\"name\":\"G\u00e1vea News\",\"description\":\"Veja todas as not\u00edcias sobre o Flamengo: Contrata\u00e7\u00f5es, categorias de base, resultados das partidas, tabela de classifica\u00e7\u00e3o, pr\u00f3ximos jogos!\",\"potentialAction\":[{\"@type\":\"SearchAction\",\"target\":{\"@type\":\"EntryPoint\",\"urlTemplate\":\"https:\/\/www.gaveanews.com\/?s={search_term_string}\"},\"query-input\":{\"@type\":\"PropertyValueSpecification\",\"valueRequired\":true,\"valueName\":\"search_term_string\"}}],\"inLanguage\":\"pt-BR\"},{\"@type\":\"Person\",\"@id\":\"https:\/\/www.gaveanews.com\/#\/schema\/person\/8597dbe3f4d8513dd20048ce95a1895b\",\"name\":\"Emilly Lima\",\"image\":{\"@type\":\"ImageObject\",\"inLanguage\":\"pt-BR\",\"@id\":\"https:\/\/www.gaveanews.com\/#\/schema\/person\/image\/\",\"url\":\"https:\/\/secure.gravatar.com\/avatar\/ddb4d0548bae01de3cb52e0fe30386754e9c41797565aa0a5bf4440ab4f7c0be?s=96&d=mm&r=g\",\"contentUrl\":\"https:\/\/secure.gravatar.com\/avatar\/ddb4d0548bae01de3cb52e0fe30386754e9c41797565aa0a5bf4440ab4f7c0be?s=96&d=mm&r=g\",\"caption\":\"Emilly Lima\"}}]}<\/script>\n<!-- \/ Yoast SEO Premium plugin. -->","yoast_head_json":{"title":"Porque o Brasil \u00e9 referencia na paraolimp\u00edadas e nas olimp\u00edadas n\u00e3o","robots":{"index":"index","follow":"follow","max-snippet":"max-snippet:-1","max-image-preview":"max-image-preview:large","max-video-preview":"max-video-preview:-1"},"canonical":"https:\/\/www.gaveanews.com\/index.php\/2024\/08\/22\/porque-o-brasil-e-referencia-na-paraolimpiadas-e-nas-olimpiadas-nao\/","og_locale":"pt_BR","og_type":"article","og_title":"Porque o Brasil \u00e9 referencia na paraolimp\u00edadas e nas olimp\u00edadas n\u00e3o","og_description":"O Brasil \u00e9 uma verdadeira pot\u00eancia paral\u00edmpica e tem uma hist\u00f3ria de sucesso que muitos n\u00e3o conhecem.&nbsp; Como nos Jogos de T\u00f3quio de 2021, por exemplo, enquanto os atletas ol\u00edmpicos brasileiros trouxeram 21 medalhas para casa, a equipe paral\u00edmpica conquistou incr\u00edveis 72 medalhas com menos atletas do que os ol\u00edmpicos.&nbsp; Mas o que explica essa [&hellip;]","og_url":"https:\/\/www.gaveanews.com\/index.php\/2024\/08\/22\/porque-o-brasil-e-referencia-na-paraolimpiadas-e-nas-olimpiadas-nao\/","og_site_name":"G\u00e1vea News","article_publisher":"https:\/\/facebook.com\/gaveaNews\/","article_published_time":"2024-08-22T19:34:19+00:00","article_modified_time":"2024-08-22T19:34:21+00:00","og_image":[{"width":1920,"height":1080,"url":"https:\/\/www.gaveanews.com\/wp-content\/uploads\/Arcos-Olimpicos.webp","type":"image\/jpeg"}],"author":"Emilly Lima","twitter_card":"summary_large_image","twitter_misc":{"Escrito por":"Emilly Lima","Est. tempo de leitura":"2 minutos"},"schema":{"@context":"https:\/\/schema.org","@graph":[{"@type":"NewsArticle","@id":"https:\/\/www.gaveanews.com\/index.php\/2024\/08\/22\/porque-o-brasil-e-referencia-na-paraolimpiadas-e-nas-olimpiadas-nao\/#article","isPartOf":{"@id":"https:\/\/www.gaveanews.com\/index.php\/2024\/08\/22\/porque-o-brasil-e-referencia-na-paraolimpiadas-e-nas-olimpiadas-nao\/"},"author":{"name":"Emilly Lima","@id":"https:\/\/www.gaveanews.com\/#\/schema\/person\/8597dbe3f4d8513dd20048ce95a1895b"},"headline":"Porque o Brasil \u00e9 referencia na paraolimp\u00edadas e nas olimp\u00edadas n\u00e3o","datePublished":"2024-08-22T19:34:19+00:00","dateModified":"2024-08-22T19:34:21+00:00","mainEntityOfPage":{"@id":"https:\/\/www.gaveanews.com\/index.php\/2024\/08\/22\/porque-o-brasil-e-referencia-na-paraolimpiadas-e-nas-olimpiadas-nao\/"},"wordCount":310,"commentCount":0,"image":{"@id":"https:\/\/www.gaveanews.com\/index.php\/2024\/08\/22\/porque-o-brasil-e-referencia-na-paraolimpiadas-e-nas-olimpiadas-nao\/#primaryimage"},"thumbnailUrl":"https:\/\/www.gaveanews.com\/wp-content\/uploads\/Arcos-Olimpicos.webp","articleSection":["Olimp\u00edadas"],"inLanguage":"pt-BR","potentialAction":[{"@type":"CommentAction","name":"Comment","target":["https:\/\/www.gaveanews.com\/index.php\/2024\/08\/22\/porque-o-brasil-e-referencia-na-paraolimpiadas-e-nas-olimpiadas-nao\/#respond"]}],"copyrightYear":"2024","copyrightHolder":{"@id":"https:\/\/www.gaveanews.com\/#organization"}},{"@type":"WebPage","@id":"https:\/\/www.gaveanews.com\/index.php\/2024\/08\/22\/porque-o-brasil-e-referencia-na-paraolimpiadas-e-nas-olimpiadas-nao\/","url":"https:\/\/www.gaveanews.com\/index.php\/2024\/08\/22\/porque-o-brasil-e-referencia-na-paraolimpiadas-e-nas-olimpiadas-nao\/","name":"Porque o Brasil \u00e9 referencia na paraolimp\u00edadas e nas olimp\u00edadas n\u00e3o","isPartOf":{"@id":"https:\/\/www.gaveanews.com\/#website"},"primaryImageOfPage":{"@id":"https:\/\/www.gaveanews.com\/index.php\/2024\/08\/22\/porque-o-brasil-e-referencia-na-paraolimpiadas-e-nas-olimpiadas-nao\/#primaryimage"},"image":{"@id":"https:\/\/www.gaveanews.com\/index.php\/2024\/08\/22\/porque-o-brasil-e-referencia-na-paraolimpiadas-e-nas-olimpiadas-nao\/#primaryimage"},"thumbnailUrl":"https:\/\/www.gaveanews.com\/wp-content\/uploads\/Arcos-Olimpicos.webp","datePublished":"2024-08-22T19:34:19+00:00","dateModified":"2024-08-22T19:34:21+00:00","author":{"@id":"https:\/\/www.gaveanews.com\/#\/schema\/person\/8597dbe3f4d8513dd20048ce95a1895b"},"breadcrumb":{"@id":"https:\/\/www.gaveanews.com\/index.php\/2024\/08\/22\/porque-o-brasil-e-referencia-na-paraolimpiadas-e-nas-olimpiadas-nao\/#breadcrumb"},"inLanguage":"pt-BR","potentialAction":[{"@type":"ReadAction","target":["https:\/\/www.gaveanews.com\/index.php\/2024\/08\/22\/porque-o-brasil-e-referencia-na-paraolimpiadas-e-nas-olimpiadas-nao\/"]}]},{"@type":"ImageObject","inLanguage":"pt-BR","@id":"https:\/\/www.gaveanews.com\/index.php\/2024\/08\/22\/porque-o-brasil-e-referencia-na-paraolimpiadas-e-nas-olimpiadas-nao\/#primaryimage","url":"https:\/\/www.gaveanews.com\/wp-content\/uploads\/Arcos-Olimpicos.webp","contentUrl":"https:\/\/www.gaveanews.com\/wp-content\/uploads\/Arcos-Olimpicos.webp","width":1920,"height":1080,"caption":"Arcos Ol\u00edmpicos (Foto: Divulga\u00e7\u00e3o)"},{"@type":"BreadcrumbList","@id":"https:\/\/www.gaveanews.com\/index.php\/2024\/08\/22\/porque-o-brasil-e-referencia-na-paraolimpiadas-e-nas-olimpiadas-nao\/#breadcrumb","itemListElement":[{"@type":"ListItem","position":1,"name":"Home","item":"https:\/\/www.gaveanews.com\/"},{"@type":"ListItem","position":2,"name":"Porque o Brasil \u00e9 referencia na paraolimp\u00edadas e nas olimp\u00edadas n\u00e3o"}]},{"@type":"WebSite","@id":"https:\/\/www.gaveanews.com\/#website","url":"https:\/\/www.gaveanews.com\/","name":"G\u00e1vea News","description":"Veja todas as not\u00edcias sobre o Flamengo: Contrata\u00e7\u00f5es, categorias de base, resultados das partidas, tabela de classifica\u00e7\u00e3o, pr\u00f3ximos jogos!","potentialAction":[{"@type":"SearchAction","target":{"@type":"EntryPoint","urlTemplate":"https:\/\/www.gaveanews.com\/?s={search_term_string}"},"query-input":{"@type":"PropertyValueSpecification","valueRequired":true,"valueName":"search_term_string"}}],"inLanguage":"pt-BR"},{"@type":"Person","@id":"https:\/\/www.gaveanews.com\/#\/schema\/person\/8597dbe3f4d8513dd20048ce95a1895b","name":"Emilly Lima","image":{"@type":"ImageObject","inLanguage":"pt-BR","@id":"https:\/\/www.gaveanews.com\/#\/schema\/person\/image\/","url":"https:\/\/secure.gravatar.com\/avatar\/ddb4d0548bae01de3cb52e0fe30386754e9c41797565aa0a5bf4440ab4f7c0be?s=96&d=mm&r=g","contentUrl":"https:\/\/secure.gravatar.com\/avatar\/ddb4d0548bae01de3cb52e0fe30386754e9c41797565aa0a5bf4440ab4f7c0be?s=96&d=mm&r=g","caption":"Emilly Lima"}}]}},"_links":{"self":[{"href":"https:\/\/www.gaveanews.com\/index.php\/wp-json\/wp\/v2\/posts\/160374","targetHints":{"allow":["GET"]}}],"collection":[{"href":"https:\/\/www.gaveanews.com\/index.php\/wp-json\/wp\/v2\/posts"}],"about":[{"href":"https:\/\/www.gaveanews.com\/index.php\/wp-json\/wp\/v2\/types\/post"}],"author":[{"embeddable":true,"href":"https:\/\/www.gaveanews.com\/index.php\/wp-json\/wp\/v2\/users\/22"}],"replies":[{"embeddable":true,"href":"https:\/\/www.gaveanews.com\/index.php\/wp-json\/wp\/v2\/comments?post=160374"}],"version-history":[{"count":2,"href":"https:\/\/www.gaveanews.com\/index.php\/wp-json\/wp\/v2\/posts\/160374\/revisions"}],"predecessor-version":[{"id":160475,"href":"https:\/\/www.gaveanews.com\/index.php\/wp-json\/wp\/v2\/posts\/160374\/revisions\/160475"}],"wp:featuredmedia":[{"embeddable":true,"href":"https:\/\/www.gaveanews.com\/index.php\/wp-json\/wp\/v2\/media\/158035"}],"wp:attachment":[{"href":"https:\/\/www.gaveanews.com\/index.php\/wp-json\/wp\/v2\/media?parent=160374"}],"wp:term":[{"taxonomy":"category","embeddable":true,"href":"https:\/\/www.gaveanews.com\/index.php\/wp-json\/wp\/v2\/categories?post=160374"},{"taxonomy":"post_tag","embeddable":true,"href":"https:\/\/www.gaveanews.com\/index.php\/wp-json\/wp\/v2\/tags?post=160374"}],"curies":[{"name":"wp","href":"https:\/\/api.w.org\/{rel}","templated":true}]}}