{"id":160430,"date":"2024-08-22T18:15:00","date_gmt":"2024-08-22T21:15:00","guid":{"rendered":"https:\/\/www.gaveanews.com\/?p=160430"},"modified":"2024-08-22T17:16:59","modified_gmt":"2024-08-22T20:16:59","slug":"santos-tera-tres-desfalques-diante-do-amazonas","status":"publish","type":"post","link":"https:\/\/www.gaveanews.com\/index.php\/2024\/08\/22\/santos-tera-tres-desfalques-diante-do-amazonas\/","title":{"rendered":"Santos ter\u00e1 tr\u00eas desfalques diante do Amazonas"},"content":{"rendered":"\n<h2 class=\"wp-block-heading\" id=\"h-jp-chermont-e-hayner-suspensos-deixam-rodrigo-ferreira-como-unica-opcao-na-lateral-direita-carille-tambem-perde-pedrinho-para-o-confronto-de-sabado\">JP Chermont e Hayner, suspensos, deixam Rodrigo Ferreira como \u00fanica op\u00e7\u00e3o na lateral direita; Carille tamb\u00e9m perde Pedrinho para o confronto de s\u00e1bado<\/h2>\n\n\n\n<p>O Santos ter\u00e1 importantes desafios para escalar o time que enfrenta o Amazonas neste s\u00e1bado (24), \u00e0s 21h, na Vila Viva Sorte, pela 23\u00aa rodada da S\u00e9rie B do Campeonato Brasileiro. O t\u00e9cnico F\u00e1bio Carille precisar\u00e1 lidar com tr\u00eas baixas por suspens\u00e3o, sendo duas delas na lateral direita.<\/p>\n\n\n\n<ul class=\"wp-block-list\">\n<li><a href=\"https:\/\/www.gaveanews.com\/index.php\/2024\/08\/22\/que-fase-ele-vai-comecar-a-treinar-separado-no-santos\/\">Que fase! Ele vai come\u00e7ar a treinar separado no Santos<\/a><\/li>\n\n\n\n<li><a href=\"https:\/\/www.gaveanews.com\/index.php\/2024\/08\/22\/fabio-carille-manda-recado-para-a-torcida-do-santos\/\">Fabio Carille manda recado para a torcida do Santos<\/a><\/li>\n<\/ul>\n\n\n\n<p>JP Chermont, titular da posi\u00e7\u00e3o, recebeu o terceiro cart\u00e3o amarelo ainda no primeiro tempo contra o Guarani. Durante o intervalo, Carille optou por substitu\u00ed-lo, colocando Hayner em campo, mas a tentativa de conter o avan\u00e7o advers\u00e1rio n\u00e3o teve o efeito desejado. <\/p>\n\n\n\n<p>Hayner tamb\u00e9m foi advertido com o terceiro amarelo, ao retardar o jogo na etapa final, e agora est\u00e1 fora da pr\u00f3xima partida.<\/p>\n\n\n\n<p>Com essas aus\u00eancias, a responsabilidade na lateral direita recai sobre Rodrigo Ferreira, a \u00fanica op\u00e7\u00e3o dispon\u00edvel. Aderlan, outro atleta da posi\u00e7\u00e3o, ainda se recupera de uma les\u00e3o no ligamento cruzado anterior (LCA) e n\u00e3o estar\u00e1 apto a entrar em campo.<\/p>\n\n\n\n<p>Al\u00e9m disso, o meio-campo Pedrinho, que recebeu um cart\u00e3o amarelo nos minutos finais do jogo contra o Guarani, tamb\u00e9m estar\u00e1 ausente. Pedrinho, que vinha sendo reserva, teve a chance de come\u00e7ar como titular no lugar de Otero, mas agora o venezuelano deve reassumir a posi\u00e7\u00e3o.<\/p>\n\n\n\n<p>O empate por 1 a 1 com o Guarani foi um resultado frustrante para o Peixe, que perdeu a oportunidade de retomar a lideran\u00e7a da competi\u00e7\u00e3o, j\u00e1 que o Mirassol trope\u00e7ou na rodada. Agora, o desafio ser\u00e1 superar as aus\u00eancias e buscar os tr\u00eas pontos em casa.<\/p>\n","protected":false},"excerpt":{"rendered":"<p>JP Chermont e Hayner, suspensos, deixam Rodrigo Ferreira como \u00fanica op\u00e7\u00e3o na lateral direita; Carille tamb\u00e9m perde Pedrinho para o confronto de s\u00e1bado O Santos ter\u00e1 importantes desafios para escalar o time que enfrenta o Amazonas neste s\u00e1bado (24), \u00e0s 21h, na Vila Viva Sorte, pela 23\u00aa rodada da S\u00e9rie B do Campeonato Brasileiro. O [&hellip;]<\/p>\n","protected":false},"author":20,"featured_media":153413,"comment_status":"open","ping_status":"closed","sticky":false,"template":"","format":"standard","meta":{"footnotes":""},"categories":[139],"tags":[],"class_list":["post-160430","post","type-post","status-publish","format-standard","has-post-thumbnail","hentry","category-santos"],"yoast_head":"<!-- This site is optimized with the Yoast SEO Premium plugin v24.2 (Yoast SEO v26.9) - https:\/\/yoast.com\/product\/yoast-seo-premium-wordpress\/ -->\n<title>Santos ter\u00e1 tr\u00eas desfalques diante do Amazonas<\/title>\n<meta name=\"robots\" content=\"index, follow, max-snippet:-1, max-image-preview:large, max-video-preview:-1\" \/>\n<link rel=\"canonical\" href=\"https:\/\/www.gaveanews.com\/index.php\/2024\/08\/22\/santos-tera-tres-desfalques-diante-do-amazonas\/\" \/>\n<meta property=\"og:locale\" content=\"pt_BR\" \/>\n<meta property=\"og:type\" content=\"article\" \/>\n<meta property=\"og:title\" content=\"Santos ter\u00e1 tr\u00eas desfalques diante do Amazonas\" \/>\n<meta property=\"og:description\" content=\"JP Chermont e Hayner, suspensos, deixam Rodrigo Ferreira como \u00fanica op\u00e7\u00e3o na lateral direita; Carille tamb\u00e9m perde Pedrinho para o confronto de s\u00e1bado O Santos ter\u00e1 importantes desafios para escalar o time que enfrenta o Amazonas neste s\u00e1bado (24), \u00e0s 21h, na Vila Viva Sorte, pela 23\u00aa rodada da S\u00e9rie B do Campeonato Brasileiro. O [&hellip;]\" \/>\n<meta property=\"og:url\" content=\"https:\/\/www.gaveanews.com\/index.php\/2024\/08\/22\/santos-tera-tres-desfalques-diante-do-amazonas\/\" \/>\n<meta property=\"og:site_name\" content=\"G\u00e1vea News\" \/>\n<meta property=\"article:publisher\" content=\"https:\/\/facebook.com\/gaveaNews\/\" \/>\n<meta property=\"article:published_time\" content=\"2024-08-22T21:15:00+00:00\" \/>\n<meta property=\"og:image\" content=\"https:\/\/www.gaveanews.com\/wp-content\/uploads\/JP-Chermont-durante-o-jogo-entre-Santos-x-Guarani-pelo-Brasileirao-2024-na-Vila-Belmiro.webp\" \/>\n\t<meta property=\"og:image:width\" content=\"800\" \/>\n\t<meta property=\"og:image:height\" content=\"640\" \/>\n\t<meta property=\"og:image:type\" content=\"image\/jpeg\" \/>\n<meta name=\"author\" content=\"Lucas Barros\" \/>\n<meta name=\"twitter:card\" content=\"summary_large_image\" \/>\n<meta name=\"twitter:label1\" content=\"Escrito por\" \/>\n\t<meta name=\"twitter:data1\" content=\"Lucas Barros\" \/>\n\t<meta name=\"twitter:label2\" content=\"Est. tempo de leitura\" \/>\n\t<meta name=\"twitter:data2\" content=\"2 minutos\" \/>\n<script type=\"application\/ld+json\" class=\"yoast-schema-graph\">{\"@context\":\"https:\/\/schema.org\",\"@graph\":[{\"@type\":\"NewsArticle\",\"@id\":\"https:\/\/www.gaveanews.com\/index.php\/2024\/08\/22\/santos-tera-tres-desfalques-diante-do-amazonas\/#article\",\"isPartOf\":{\"@id\":\"https:\/\/www.gaveanews.com\/index.php\/2024\/08\/22\/santos-tera-tres-desfalques-diante-do-amazonas\/\"},\"author\":{\"name\":\"Lucas Barros\",\"@id\":\"https:\/\/www.gaveanews.com\/#\/schema\/person\/2abf0cfa878f5f899daa5f781e82264c\"},\"headline\":\"Santos ter\u00e1 tr\u00eas desfalques diante do Amazonas\",\"datePublished\":\"2024-08-22T21:15:00+00:00\",\"mainEntityOfPage\":{\"@id\":\"https:\/\/www.gaveanews.com\/index.php\/2024\/08\/22\/santos-tera-tres-desfalques-diante-do-amazonas\/\"},\"wordCount\":323,\"commentCount\":0,\"image\":{\"@id\":\"https:\/\/www.gaveanews.com\/index.php\/2024\/08\/22\/santos-tera-tres-desfalques-diante-do-amazonas\/#primaryimage\"},\"thumbnailUrl\":\"https:\/\/www.gaveanews.com\/wp-content\/uploads\/JP-Chermont-durante-o-jogo-entre-Santos-x-Guarani-pelo-Brasileirao-2024-na-Vila-Belmiro.webp\",\"articleSection\":[\"Santos\"],\"inLanguage\":\"pt-BR\",\"potentialAction\":[{\"@type\":\"CommentAction\",\"name\":\"Comment\",\"target\":[\"https:\/\/www.gaveanews.com\/index.php\/2024\/08\/22\/santos-tera-tres-desfalques-diante-do-amazonas\/#respond\"]}],\"copyrightYear\":\"2024\",\"copyrightHolder\":{\"@id\":\"https:\/\/www.gaveanews.com\/#organization\"}},{\"@type\":\"WebPage\",\"@id\":\"https:\/\/www.gaveanews.com\/index.php\/2024\/08\/22\/santos-tera-tres-desfalques-diante-do-amazonas\/\",\"url\":\"https:\/\/www.gaveanews.com\/index.php\/2024\/08\/22\/santos-tera-tres-desfalques-diante-do-amazonas\/\",\"name\":\"Santos ter\u00e1 tr\u00eas desfalques diante do Amazonas\",\"isPartOf\":{\"@id\":\"https:\/\/www.gaveanews.com\/#website\"},\"primaryImageOfPage\":{\"@id\":\"https:\/\/www.gaveanews.com\/index.php\/2024\/08\/22\/santos-tera-tres-desfalques-diante-do-amazonas\/#primaryimage\"},\"image\":{\"@id\":\"https:\/\/www.gaveanews.com\/index.php\/2024\/08\/22\/santos-tera-tres-desfalques-diante-do-amazonas\/#primaryimage\"},\"thumbnailUrl\":\"https:\/\/www.gaveanews.com\/wp-content\/uploads\/JP-Chermont-durante-o-jogo-entre-Santos-x-Guarani-pelo-Brasileirao-2024-na-Vila-Belmiro.webp\",\"datePublished\":\"2024-08-22T21:15:00+00:00\",\"author\":{\"@id\":\"https:\/\/www.gaveanews.com\/#\/schema\/person\/2abf0cfa878f5f899daa5f781e82264c\"},\"breadcrumb\":{\"@id\":\"https:\/\/www.gaveanews.com\/index.php\/2024\/08\/22\/santos-tera-tres-desfalques-diante-do-amazonas\/#breadcrumb\"},\"inLanguage\":\"pt-BR\",\"potentialAction\":[{\"@type\":\"ReadAction\",\"target\":[\"https:\/\/www.gaveanews.com\/index.php\/2024\/08\/22\/santos-tera-tres-desfalques-diante-do-amazonas\/\"]}]},{\"@type\":\"ImageObject\",\"inLanguage\":\"pt-BR\",\"@id\":\"https:\/\/www.gaveanews.com\/index.php\/2024\/08\/22\/santos-tera-tres-desfalques-diante-do-amazonas\/#primaryimage\",\"url\":\"https:\/\/www.gaveanews.com\/wp-content\/uploads\/JP-Chermont-durante-o-jogo-entre-Santos-x-Guarani-pelo-Brasileirao-2024-na-Vila-Belmiro.webp\",\"contentUrl\":\"https:\/\/www.gaveanews.com\/wp-content\/uploads\/JP-Chermont-durante-o-jogo-entre-Santos-x-Guarani-pelo-Brasileirao-2024-na-Vila-Belmiro.webp\",\"width\":800,\"height\":640,\"caption\":\"JP Chermont durante o jogo entre Santos x Guarani pelo Brasileir\u00e3o 2024 na Vila Belmiro (Foto: Raul Baretta\/Santos\"},{\"@type\":\"BreadcrumbList\",\"@id\":\"https:\/\/www.gaveanews.com\/index.php\/2024\/08\/22\/santos-tera-tres-desfalques-diante-do-amazonas\/#breadcrumb\",\"itemListElement\":[{\"@type\":\"ListItem\",\"position\":1,\"name\":\"Home\",\"item\":\"https:\/\/www.gaveanews.com\/\"},{\"@type\":\"ListItem\",\"position\":2,\"name\":\"Santos ter\u00e1 tr\u00eas desfalques diante do Amazonas\"}]},{\"@type\":\"WebSite\",\"@id\":\"https:\/\/www.gaveanews.com\/#website\",\"url\":\"https:\/\/www.gaveanews.com\/\",\"name\":\"G\u00e1vea News\",\"description\":\"Veja todas as not\u00edcias sobre o Flamengo: Contrata\u00e7\u00f5es, categorias de base, resultados das partidas, tabela de classifica\u00e7\u00e3o, pr\u00f3ximos jogos!\",\"potentialAction\":[{\"@type\":\"SearchAction\",\"target\":{\"@type\":\"EntryPoint\",\"urlTemplate\":\"https:\/\/www.gaveanews.com\/?s={search_term_string}\"},\"query-input\":{\"@type\":\"PropertyValueSpecification\",\"valueRequired\":true,\"valueName\":\"search_term_string\"}}],\"inLanguage\":\"pt-BR\"},{\"@type\":\"Person\",\"@id\":\"https:\/\/www.gaveanews.com\/#\/schema\/person\/2abf0cfa878f5f899daa5f781e82264c\",\"name\":\"Lucas Barros\",\"image\":{\"@type\":\"ImageObject\",\"inLanguage\":\"pt-BR\",\"@id\":\"https:\/\/www.gaveanews.com\/#\/schema\/person\/image\/\",\"url\":\"https:\/\/secure.gravatar.com\/avatar\/67a6069eba66bf6fd7c80b70e1331baa3dbc3d6df5012d5c22eff29c7d59e0b0?s=96&d=mm&r=g\",\"contentUrl\":\"https:\/\/secure.gravatar.com\/avatar\/67a6069eba66bf6fd7c80b70e1331baa3dbc3d6df5012d5c22eff29c7d59e0b0?s=96&d=mm&r=g\",\"caption\":\"Lucas Barros\"}}]}<\/script>\n<!-- \/ Yoast SEO Premium plugin. -->","yoast_head_json":{"title":"Santos ter\u00e1 tr\u00eas desfalques diante do Amazonas","robots":{"index":"index","follow":"follow","max-snippet":"max-snippet:-1","max-image-preview":"max-image-preview:large","max-video-preview":"max-video-preview:-1"},"canonical":"https:\/\/www.gaveanews.com\/index.php\/2024\/08\/22\/santos-tera-tres-desfalques-diante-do-amazonas\/","og_locale":"pt_BR","og_type":"article","og_title":"Santos ter\u00e1 tr\u00eas desfalques diante do Amazonas","og_description":"JP Chermont e Hayner, suspensos, deixam Rodrigo Ferreira como \u00fanica op\u00e7\u00e3o na lateral direita; Carille tamb\u00e9m perde Pedrinho para o confronto de s\u00e1bado O Santos ter\u00e1 importantes desafios para escalar o time que enfrenta o Amazonas neste s\u00e1bado (24), \u00e0s 21h, na Vila Viva Sorte, pela 23\u00aa rodada da S\u00e9rie B do Campeonato Brasileiro. O [&hellip;]","og_url":"https:\/\/www.gaveanews.com\/index.php\/2024\/08\/22\/santos-tera-tres-desfalques-diante-do-amazonas\/","og_site_name":"G\u00e1vea News","article_publisher":"https:\/\/facebook.com\/gaveaNews\/","article_published_time":"2024-08-22T21:15:00+00:00","og_image":[{"width":800,"height":640,"url":"https:\/\/www.gaveanews.com\/wp-content\/uploads\/JP-Chermont-durante-o-jogo-entre-Santos-x-Guarani-pelo-Brasileirao-2024-na-Vila-Belmiro.webp","type":"image\/jpeg"}],"author":"Lucas Barros","twitter_card":"summary_large_image","twitter_misc":{"Escrito por":"Lucas Barros","Est. tempo de leitura":"2 minutos"},"schema":{"@context":"https:\/\/schema.org","@graph":[{"@type":"NewsArticle","@id":"https:\/\/www.gaveanews.com\/index.php\/2024\/08\/22\/santos-tera-tres-desfalques-diante-do-amazonas\/#article","isPartOf":{"@id":"https:\/\/www.gaveanews.com\/index.php\/2024\/08\/22\/santos-tera-tres-desfalques-diante-do-amazonas\/"},"author":{"name":"Lucas Barros","@id":"https:\/\/www.gaveanews.com\/#\/schema\/person\/2abf0cfa878f5f899daa5f781e82264c"},"headline":"Santos ter\u00e1 tr\u00eas desfalques diante do Amazonas","datePublished":"2024-08-22T21:15:00+00:00","mainEntityOfPage":{"@id":"https:\/\/www.gaveanews.com\/index.php\/2024\/08\/22\/santos-tera-tres-desfalques-diante-do-amazonas\/"},"wordCount":323,"commentCount":0,"image":{"@id":"https:\/\/www.gaveanews.com\/index.php\/2024\/08\/22\/santos-tera-tres-desfalques-diante-do-amazonas\/#primaryimage"},"thumbnailUrl":"https:\/\/www.gaveanews.com\/wp-content\/uploads\/JP-Chermont-durante-o-jogo-entre-Santos-x-Guarani-pelo-Brasileirao-2024-na-Vila-Belmiro.webp","articleSection":["Santos"],"inLanguage":"pt-BR","potentialAction":[{"@type":"CommentAction","name":"Comment","target":["https:\/\/www.gaveanews.com\/index.php\/2024\/08\/22\/santos-tera-tres-desfalques-diante-do-amazonas\/#respond"]}],"copyrightYear":"2024","copyrightHolder":{"@id":"https:\/\/www.gaveanews.com\/#organization"}},{"@type":"WebPage","@id":"https:\/\/www.gaveanews.com\/index.php\/2024\/08\/22\/santos-tera-tres-desfalques-diante-do-amazonas\/","url":"https:\/\/www.gaveanews.com\/index.php\/2024\/08\/22\/santos-tera-tres-desfalques-diante-do-amazonas\/","name":"Santos ter\u00e1 tr\u00eas desfalques diante do Amazonas","isPartOf":{"@id":"https:\/\/www.gaveanews.com\/#website"},"primaryImageOfPage":{"@id":"https:\/\/www.gaveanews.com\/index.php\/2024\/08\/22\/santos-tera-tres-desfalques-diante-do-amazonas\/#primaryimage"},"image":{"@id":"https:\/\/www.gaveanews.com\/index.php\/2024\/08\/22\/santos-tera-tres-desfalques-diante-do-amazonas\/#primaryimage"},"thumbnailUrl":"https:\/\/www.gaveanews.com\/wp-content\/uploads\/JP-Chermont-durante-o-jogo-entre-Santos-x-Guarani-pelo-Brasileirao-2024-na-Vila-Belmiro.webp","datePublished":"2024-08-22T21:15:00+00:00","author":{"@id":"https:\/\/www.gaveanews.com\/#\/schema\/person\/2abf0cfa878f5f899daa5f781e82264c"},"breadcrumb":{"@id":"https:\/\/www.gaveanews.com\/index.php\/2024\/08\/22\/santos-tera-tres-desfalques-diante-do-amazonas\/#breadcrumb"},"inLanguage":"pt-BR","potentialAction":[{"@type":"ReadAction","target":["https:\/\/www.gaveanews.com\/index.php\/2024\/08\/22\/santos-tera-tres-desfalques-diante-do-amazonas\/"]}]},{"@type":"ImageObject","inLanguage":"pt-BR","@id":"https:\/\/www.gaveanews.com\/index.php\/2024\/08\/22\/santos-tera-tres-desfalques-diante-do-amazonas\/#primaryimage","url":"https:\/\/www.gaveanews.com\/wp-content\/uploads\/JP-Chermont-durante-o-jogo-entre-Santos-x-Guarani-pelo-Brasileirao-2024-na-Vila-Belmiro.webp","contentUrl":"https:\/\/www.gaveanews.com\/wp-content\/uploads\/JP-Chermont-durante-o-jogo-entre-Santos-x-Guarani-pelo-Brasileirao-2024-na-Vila-Belmiro.webp","width":800,"height":640,"caption":"JP Chermont durante o jogo entre Santos x Guarani pelo Brasileir\u00e3o 2024 na Vila Belmiro (Foto: Raul Baretta\/Santos"},{"@type":"BreadcrumbList","@id":"https:\/\/www.gaveanews.com\/index.php\/2024\/08\/22\/santos-tera-tres-desfalques-diante-do-amazonas\/#breadcrumb","itemListElement":[{"@type":"ListItem","position":1,"name":"Home","item":"https:\/\/www.gaveanews.com\/"},{"@type":"ListItem","position":2,"name":"Santos ter\u00e1 tr\u00eas desfalques diante do Amazonas"}]},{"@type":"WebSite","@id":"https:\/\/www.gaveanews.com\/#website","url":"https:\/\/www.gaveanews.com\/","name":"G\u00e1vea News","description":"Veja todas as not\u00edcias sobre o Flamengo: Contrata\u00e7\u00f5es, categorias de base, resultados das partidas, tabela de classifica\u00e7\u00e3o, pr\u00f3ximos jogos!","potentialAction":[{"@type":"SearchAction","target":{"@type":"EntryPoint","urlTemplate":"https:\/\/www.gaveanews.com\/?s={search_term_string}"},"query-input":{"@type":"PropertyValueSpecification","valueRequired":true,"valueName":"search_term_string"}}],"inLanguage":"pt-BR"},{"@type":"Person","@id":"https:\/\/www.gaveanews.com\/#\/schema\/person\/2abf0cfa878f5f899daa5f781e82264c","name":"Lucas Barros","image":{"@type":"ImageObject","inLanguage":"pt-BR","@id":"https:\/\/www.gaveanews.com\/#\/schema\/person\/image\/","url":"https:\/\/secure.gravatar.com\/avatar\/67a6069eba66bf6fd7c80b70e1331baa3dbc3d6df5012d5c22eff29c7d59e0b0?s=96&d=mm&r=g","contentUrl":"https:\/\/secure.gravatar.com\/avatar\/67a6069eba66bf6fd7c80b70e1331baa3dbc3d6df5012d5c22eff29c7d59e0b0?s=96&d=mm&r=g","caption":"Lucas Barros"}}]}},"_links":{"self":[{"href":"https:\/\/www.gaveanews.com\/index.php\/wp-json\/wp\/v2\/posts\/160430","targetHints":{"allow":["GET"]}}],"collection":[{"href":"https:\/\/www.gaveanews.com\/index.php\/wp-json\/wp\/v2\/posts"}],"about":[{"href":"https:\/\/www.gaveanews.com\/index.php\/wp-json\/wp\/v2\/types\/post"}],"author":[{"embeddable":true,"href":"https:\/\/www.gaveanews.com\/index.php\/wp-json\/wp\/v2\/users\/20"}],"replies":[{"embeddable":true,"href":"https:\/\/www.gaveanews.com\/index.php\/wp-json\/wp\/v2\/comments?post=160430"}],"version-history":[{"count":1,"href":"https:\/\/www.gaveanews.com\/index.php\/wp-json\/wp\/v2\/posts\/160430\/revisions"}],"predecessor-version":[{"id":160439,"href":"https:\/\/www.gaveanews.com\/index.php\/wp-json\/wp\/v2\/posts\/160430\/revisions\/160439"}],"wp:featuredmedia":[{"embeddable":true,"href":"https:\/\/www.gaveanews.com\/index.php\/wp-json\/wp\/v2\/media\/153413"}],"wp:attachment":[{"href":"https:\/\/www.gaveanews.com\/index.php\/wp-json\/wp\/v2\/media?parent=160430"}],"wp:term":[{"taxonomy":"category","embeddable":true,"href":"https:\/\/www.gaveanews.com\/index.php\/wp-json\/wp\/v2\/categories?post=160430"},{"taxonomy":"post_tag","embeddable":true,"href":"https:\/\/www.gaveanews.com\/index.php\/wp-json\/wp\/v2\/tags?post=160430"}],"curies":[{"name":"wp","href":"https:\/\/api.w.org\/{rel}","templated":true}]}}