{"id":160534,"date":"2024-08-22T18:55:36","date_gmt":"2024-08-22T21:55:36","guid":{"rendered":"https:\/\/www.gaveanews.com\/?p=160534"},"modified":"2024-08-22T18:55:37","modified_gmt":"2024-08-22T21:55:37","slug":"everton-cebolinha-matias-vina-pedro-gabigol-arrascaeta-e-wesley-flamengo-bate-recorde-negativo-de-lesoes","status":"publish","type":"post","link":"https:\/\/www.gaveanews.com\/index.php\/2024\/08\/22\/everton-cebolinha-matias-vina-pedro-gabigol-arrascaeta-e-wesley-flamengo-bate-recorde-negativo-de-lesoes\/","title":{"rendered":"Everton Cebolinha, Matias Vi\u00f1a, Pedro, Gabigol, Arrascaeta e Wesley: Flamengo bate recorde negativo de les\u00f5es"},"content":{"rendered":"\n<p>O Flamengo vive um momento muito delicado na temporada de 2024 por conta de 6 jogadores lesionados, justamente em agosto, um m\u00eas que j\u00e1 era considerado desde sempre pela comiss\u00e3o t\u00e9cnica, como bastante desafiador por conta da maratona de jogos decisivos nas tr\u00eas principais competi\u00e7\u00f5es que o clube disputa.<\/p>\n\n\n\n<ul class=\"wp-block-list\">\n<li><a href=\"https:\/\/www.gaveanews.com\/index.php\/2024\/08\/21\/flamengo-emite-nota-oficial-sobre-wesley\/\">Flamengo emite nota oficial sobre Wesley<\/a><\/li>\n\n\n\n<li><a href=\"https:\/\/www.gaveanews.com\/index.php\/2024\/08\/14\/flamengo-emite-nota-oficial-sobre-everton-cebolinha-5\/\">Flamengo emite nota oficial sobre Everton Cebolinha<\/a><\/li>\n<\/ul>\n\n\n\n<p>Dessa maneira, o rubro-negro carioca acabou perdendo em um per\u00edodo muito curto (de pouco mais de uma semana), 6 atletas por motivo de les\u00e3o:<\/p>\n\n\n\n<ul class=\"wp-block-list\">\n<li>Mat\u00edas Vi\u00f1a (les\u00e3o ligamentar no joelho direito);<\/li>\n\n\n\n<li>Everton Cebolinha (les\u00e3o no tend\u00e3o de Aquiles);<\/li>\n\n\n\n<li>Pedro (les\u00e3o na coxa);<\/li>\n\n\n\n<li>Gabigol (les\u00e3o na coxa);<\/li>\n\n\n\n<li>Arrascaeta (les\u00e3o na coxa);<\/li>\n\n\n\n<li>Wesley (les\u00e3o no adutor da coxa).<\/li>\n<\/ul>\n\n\n\n<p>Ent\u00e3o, todos esses jogadores s\u00e3o desfalques confirmados do Flamengo para o jogo de hoje contra o Bol\u00edvar, em La Paz, em partida v\u00e1lida pelo jogo da volta das oitavas de final da Libertadores. Inclusive, as situa\u00e7\u00f5es do lateral esquerdo Mat\u00edas Vi\u00f1a e de Cebolinha s\u00e3o mais graves, visto que os jogadores s\u00f3 retornam a partir de 2025.<\/p>\n\n\n\n<p>Al\u00e9m desses 6 lesionados, o Flamengo n\u00e3o vai poder contar com o volante Allan para partida desta quinta (22), contra Bol\u00edvar pela Libertadores porque o jogador est\u00e1 com tra\u00e7o falc\u00eamico, uma condi\u00e7\u00e3o heredit\u00e1ria que dificulta o transporte de oxig\u00eanio, o que certamente atrapalharia o volante de atuar numa condi\u00e7\u00e3o extrema de ar rarefeito, como em La paz, que apresenta uma altitude de 3.640 metros.<\/p>\n\n\n\n<h2 class=\"wp-block-heading\" id=\"h-agosto-e-marcado-por-recorde-de-lesoes\">Agosto \u00e9 marcado por recorde de les\u00f5es<\/h2>\n\n\n\n<p>Vale destacar, que com os 6 jogadores contundidos, agosto carrega uma marca negativa porque \u00e9 o m\u00eas com o maior n\u00famero de lesionados do Flamengo na temporada:&nbsp;<\/p>\n\n\n\n<ul class=\"wp-block-list\">\n<li>Janeiro (1 les\u00e3o);<\/li>\n\n\n\n<li>Fevereiro (1 les\u00e3o);<\/li>\n\n\n\n<li>Mar\u00e7o (3 les\u00f5es);<\/li>\n\n\n\n<li>Abril (4 les\u00f5es);<\/li>\n\n\n\n<li>Maio (3 les\u00f5es);<\/li>\n\n\n\n<li>Junho (4 les\u00f5es);<\/li>\n\n\n\n<li>Julho (2 les\u00f5es);<\/li>\n\n\n\n<li>Agosto (6 les\u00f5es).<\/li>\n<\/ul>\n\n\n\n<p>Com isso, mesmo com 7 desfalques confirmados (6 lesionados e Allan com tra\u00e7o falc\u00eamico) para o jogo de hoje contra o Bol\u00edvar, pelo segundo duelo das oitavas de final da Libertadores, o Flamengo segue confiante para conseguir a classifica\u00e7\u00e3o para a pr\u00f3xima fase da competi\u00e7\u00e3o.<\/p>\n\n\n\n<p>Para isso, os comandados do t\u00e9cnico Tite levam para o jogo uma vantagem considerada razo\u00e1vel de 2 a 0, placar constru\u00eddo no primeiro duelo, no Maracan\u00e3, na semana passada.<\/p>\n\n\n\n<p>Assim, Bol\u00edvar e Flamengo se enfrentam logo mais, a partir das 21h30 da noite, em La Paz, pelo jogo da volta das oitavas de final da Libertadores, com transmiss\u00e3o da Disney+, via streaming.<\/p>\n","protected":false},"excerpt":{"rendered":"<p>O Flamengo vive um momento muito delicado na temporada de 2024 por conta de 6 jogadores lesionados, justamente em agosto, um m\u00eas que j\u00e1 era considerado desde sempre pela comiss\u00e3o t\u00e9cnica, como bastante desafiador por conta da maratona de jogos decisivos nas tr\u00eas principais competi\u00e7\u00f5es que o clube disputa. Dessa maneira, o rubro-negro carioca acabou [&hellip;]<\/p>\n","protected":false},"author":24,"featured_media":158166,"comment_status":"open","ping_status":"closed","sticky":false,"template":"","format":"standard","meta":{"footnotes":""},"categories":[1],"tags":[],"class_list":["post-160534","post","type-post","status-publish","format-standard","has-post-thumbnail","hentry","category-flamengo"],"yoast_head":"<!-- This site is optimized with the Yoast SEO Premium plugin v24.2 (Yoast SEO v26.9) - https:\/\/yoast.com\/product\/yoast-seo-premium-wordpress\/ -->\n<title>Everton Cebolinha, Matias Vi\u00f1a, Pedro, Gabigol, Arrascaeta e Wesley: Flamengo bate recorde negativo de les\u00f5es<\/title>\n<meta name=\"robots\" content=\"index, follow, max-snippet:-1, max-image-preview:large, max-video-preview:-1\" \/>\n<link rel=\"canonical\" href=\"https:\/\/www.gaveanews.com\/index.php\/2024\/08\/22\/everton-cebolinha-matias-vina-pedro-gabigol-arrascaeta-e-wesley-flamengo-bate-recorde-negativo-de-lesoes\/\" \/>\n<meta property=\"og:locale\" content=\"pt_BR\" \/>\n<meta property=\"og:type\" content=\"article\" \/>\n<meta property=\"og:title\" content=\"Everton Cebolinha, Matias Vi\u00f1a, Pedro, Gabigol, Arrascaeta e Wesley: Flamengo bate recorde negativo de les\u00f5es\" \/>\n<meta property=\"og:description\" content=\"O Flamengo vive um momento muito delicado na temporada de 2024 por conta de 6 jogadores lesionados, justamente em agosto, um m\u00eas que j\u00e1 era considerado desde sempre pela comiss\u00e3o t\u00e9cnica, como bastante desafiador por conta da maratona de jogos decisivos nas tr\u00eas principais competi\u00e7\u00f5es que o clube disputa. Dessa maneira, o rubro-negro carioca acabou [&hellip;]\" \/>\n<meta property=\"og:url\" content=\"https:\/\/www.gaveanews.com\/index.php\/2024\/08\/22\/everton-cebolinha-matias-vina-pedro-gabigol-arrascaeta-e-wesley-flamengo-bate-recorde-negativo-de-lesoes\/\" \/>\n<meta property=\"og:site_name\" content=\"G\u00e1vea News\" \/>\n<meta property=\"article:publisher\" content=\"https:\/\/facebook.com\/gaveaNews\/\" \/>\n<meta property=\"article:published_time\" content=\"2024-08-22T21:55:36+00:00\" \/>\n<meta property=\"article:modified_time\" content=\"2024-08-22T21:55:37+00:00\" \/>\n<meta property=\"og:image\" content=\"https:\/\/www.gaveanews.com\/wp-content\/uploads\/Tite-durante-jogo-contra-o-Palmeiras-pelo-Brasileirao-no-Maracana.webp\" \/>\n\t<meta property=\"og:image:width\" content=\"633\" \/>\n\t<meta property=\"og:image:height\" content=\"312\" \/>\n\t<meta property=\"og:image:type\" content=\"image\/jpeg\" \/>\n<meta name=\"author\" content=\"Leandro Cardoso\" \/>\n<meta name=\"twitter:card\" content=\"summary_large_image\" \/>\n<meta name=\"twitter:label1\" content=\"Escrito por\" \/>\n\t<meta name=\"twitter:data1\" content=\"Leandro Cardoso\" \/>\n\t<meta name=\"twitter:label2\" content=\"Est. tempo de leitura\" \/>\n\t<meta name=\"twitter:data2\" content=\"3 minutos\" \/>\n<script type=\"application\/ld+json\" class=\"yoast-schema-graph\">{\"@context\":\"https:\/\/schema.org\",\"@graph\":[{\"@type\":\"NewsArticle\",\"@id\":\"https:\/\/www.gaveanews.com\/index.php\/2024\/08\/22\/everton-cebolinha-matias-vina-pedro-gabigol-arrascaeta-e-wesley-flamengo-bate-recorde-negativo-de-lesoes\/#article\",\"isPartOf\":{\"@id\":\"https:\/\/www.gaveanews.com\/index.php\/2024\/08\/22\/everton-cebolinha-matias-vina-pedro-gabigol-arrascaeta-e-wesley-flamengo-bate-recorde-negativo-de-lesoes\/\"},\"author\":{\"name\":\"Leandro Cardoso\",\"@id\":\"https:\/\/www.gaveanews.com\/#\/schema\/person\/2424ec6409bc3f068411fc5e4e9b6168\"},\"headline\":\"Everton Cebolinha, Matias Vi\u00f1a, Pedro, Gabigol, Arrascaeta e Wesley: Flamengo bate recorde negativo de les\u00f5es\",\"datePublished\":\"2024-08-22T21:55:36+00:00\",\"dateModified\":\"2024-08-22T21:55:37+00:00\",\"mainEntityOfPage\":{\"@id\":\"https:\/\/www.gaveanews.com\/index.php\/2024\/08\/22\/everton-cebolinha-matias-vina-pedro-gabigol-arrascaeta-e-wesley-flamengo-bate-recorde-negativo-de-lesoes\/\"},\"wordCount\":456,\"commentCount\":0,\"image\":{\"@id\":\"https:\/\/www.gaveanews.com\/index.php\/2024\/08\/22\/everton-cebolinha-matias-vina-pedro-gabigol-arrascaeta-e-wesley-flamengo-bate-recorde-negativo-de-lesoes\/#primaryimage\"},\"thumbnailUrl\":\"https:\/\/www.gaveanews.com\/wp-content\/uploads\/Tite-durante-jogo-contra-o-Palmeiras-pelo-Brasileirao-no-Maracana.webp\",\"articleSection\":[\"Flamengo\"],\"inLanguage\":\"pt-BR\",\"potentialAction\":[{\"@type\":\"CommentAction\",\"name\":\"Comment\",\"target\":[\"https:\/\/www.gaveanews.com\/index.php\/2024\/08\/22\/everton-cebolinha-matias-vina-pedro-gabigol-arrascaeta-e-wesley-flamengo-bate-recorde-negativo-de-lesoes\/#respond\"]}],\"copyrightYear\":\"2024\",\"copyrightHolder\":{\"@id\":\"https:\/\/www.gaveanews.com\/#organization\"}},{\"@type\":\"WebPage\",\"@id\":\"https:\/\/www.gaveanews.com\/index.php\/2024\/08\/22\/everton-cebolinha-matias-vina-pedro-gabigol-arrascaeta-e-wesley-flamengo-bate-recorde-negativo-de-lesoes\/\",\"url\":\"https:\/\/www.gaveanews.com\/index.php\/2024\/08\/22\/everton-cebolinha-matias-vina-pedro-gabigol-arrascaeta-e-wesley-flamengo-bate-recorde-negativo-de-lesoes\/\",\"name\":\"Everton Cebolinha, Matias Vi\u00f1a, Pedro, Gabigol, Arrascaeta e Wesley: Flamengo bate recorde negativo de les\u00f5es\",\"isPartOf\":{\"@id\":\"https:\/\/www.gaveanews.com\/#website\"},\"primaryImageOfPage\":{\"@id\":\"https:\/\/www.gaveanews.com\/index.php\/2024\/08\/22\/everton-cebolinha-matias-vina-pedro-gabigol-arrascaeta-e-wesley-flamengo-bate-recorde-negativo-de-lesoes\/#primaryimage\"},\"image\":{\"@id\":\"https:\/\/www.gaveanews.com\/index.php\/2024\/08\/22\/everton-cebolinha-matias-vina-pedro-gabigol-arrascaeta-e-wesley-flamengo-bate-recorde-negativo-de-lesoes\/#primaryimage\"},\"thumbnailUrl\":\"https:\/\/www.gaveanews.com\/wp-content\/uploads\/Tite-durante-jogo-contra-o-Palmeiras-pelo-Brasileirao-no-Maracana.webp\",\"datePublished\":\"2024-08-22T21:55:36+00:00\",\"dateModified\":\"2024-08-22T21:55:37+00:00\",\"author\":{\"@id\":\"https:\/\/www.gaveanews.com\/#\/schema\/person\/2424ec6409bc3f068411fc5e4e9b6168\"},\"breadcrumb\":{\"@id\":\"https:\/\/www.gaveanews.com\/index.php\/2024\/08\/22\/everton-cebolinha-matias-vina-pedro-gabigol-arrascaeta-e-wesley-flamengo-bate-recorde-negativo-de-lesoes\/#breadcrumb\"},\"inLanguage\":\"pt-BR\",\"potentialAction\":[{\"@type\":\"ReadAction\",\"target\":[\"https:\/\/www.gaveanews.com\/index.php\/2024\/08\/22\/everton-cebolinha-matias-vina-pedro-gabigol-arrascaeta-e-wesley-flamengo-bate-recorde-negativo-de-lesoes\/\"]}]},{\"@type\":\"ImageObject\",\"inLanguage\":\"pt-BR\",\"@id\":\"https:\/\/www.gaveanews.com\/index.php\/2024\/08\/22\/everton-cebolinha-matias-vina-pedro-gabigol-arrascaeta-e-wesley-flamengo-bate-recorde-negativo-de-lesoes\/#primaryimage\",\"url\":\"https:\/\/www.gaveanews.com\/wp-content\/uploads\/Tite-durante-jogo-contra-o-Palmeiras-pelo-Brasileirao-no-Maracana.webp\",\"contentUrl\":\"https:\/\/www.gaveanews.com\/wp-content\/uploads\/Tite-durante-jogo-contra-o-Palmeiras-pelo-Brasileirao-no-Maracana.webp\",\"width\":633,\"height\":312,\"caption\":\"Tite durante jogo contra o Palmeiras, pelo Brasileir\u00e3o, no Maracan\u00e3 (Foto: Divulga\u00e7\u00e3o\/Flamengo)\"},{\"@type\":\"BreadcrumbList\",\"@id\":\"https:\/\/www.gaveanews.com\/index.php\/2024\/08\/22\/everton-cebolinha-matias-vina-pedro-gabigol-arrascaeta-e-wesley-flamengo-bate-recorde-negativo-de-lesoes\/#breadcrumb\",\"itemListElement\":[{\"@type\":\"ListItem\",\"position\":1,\"name\":\"Home\",\"item\":\"https:\/\/www.gaveanews.com\/\"},{\"@type\":\"ListItem\",\"position\":2,\"name\":\"Everton Cebolinha, Matias Vi\u00f1a, Pedro, Gabigol, Arrascaeta e Wesley: Flamengo bate recorde negativo de les\u00f5es\"}]},{\"@type\":\"WebSite\",\"@id\":\"https:\/\/www.gaveanews.com\/#website\",\"url\":\"https:\/\/www.gaveanews.com\/\",\"name\":\"G\u00e1vea News\",\"description\":\"Veja todas as not\u00edcias sobre o Flamengo: Contrata\u00e7\u00f5es, categorias de base, resultados das partidas, tabela de classifica\u00e7\u00e3o, pr\u00f3ximos jogos!\",\"potentialAction\":[{\"@type\":\"SearchAction\",\"target\":{\"@type\":\"EntryPoint\",\"urlTemplate\":\"https:\/\/www.gaveanews.com\/?s={search_term_string}\"},\"query-input\":{\"@type\":\"PropertyValueSpecification\",\"valueRequired\":true,\"valueName\":\"search_term_string\"}}],\"inLanguage\":\"pt-BR\"},{\"@type\":\"Person\",\"@id\":\"https:\/\/www.gaveanews.com\/#\/schema\/person\/2424ec6409bc3f068411fc5e4e9b6168\",\"name\":\"Leandro Cardoso\",\"image\":{\"@type\":\"ImageObject\",\"inLanguage\":\"pt-BR\",\"@id\":\"https:\/\/www.gaveanews.com\/#\/schema\/person\/image\/\",\"url\":\"https:\/\/secure.gravatar.com\/avatar\/8ca179f9b55eefe9f376f5493ef25475bfa59fbc28ce937f6076ce20e523098f?s=96&d=mm&r=g\",\"contentUrl\":\"https:\/\/secure.gravatar.com\/avatar\/8ca179f9b55eefe9f376f5493ef25475bfa59fbc28ce937f6076ce20e523098f?s=96&d=mm&r=g\",\"caption\":\"Leandro Cardoso\"}}]}<\/script>\n<!-- \/ Yoast SEO Premium plugin. -->","yoast_head_json":{"title":"Everton Cebolinha, Matias Vi\u00f1a, Pedro, Gabigol, Arrascaeta e Wesley: Flamengo bate recorde negativo de les\u00f5es","robots":{"index":"index","follow":"follow","max-snippet":"max-snippet:-1","max-image-preview":"max-image-preview:large","max-video-preview":"max-video-preview:-1"},"canonical":"https:\/\/www.gaveanews.com\/index.php\/2024\/08\/22\/everton-cebolinha-matias-vina-pedro-gabigol-arrascaeta-e-wesley-flamengo-bate-recorde-negativo-de-lesoes\/","og_locale":"pt_BR","og_type":"article","og_title":"Everton Cebolinha, Matias Vi\u00f1a, Pedro, Gabigol, Arrascaeta e Wesley: Flamengo bate recorde negativo de les\u00f5es","og_description":"O Flamengo vive um momento muito delicado na temporada de 2024 por conta de 6 jogadores lesionados, justamente em agosto, um m\u00eas que j\u00e1 era considerado desde sempre pela comiss\u00e3o t\u00e9cnica, como bastante desafiador por conta da maratona de jogos decisivos nas tr\u00eas principais competi\u00e7\u00f5es que o clube disputa. Dessa maneira, o rubro-negro carioca acabou [&hellip;]","og_url":"https:\/\/www.gaveanews.com\/index.php\/2024\/08\/22\/everton-cebolinha-matias-vina-pedro-gabigol-arrascaeta-e-wesley-flamengo-bate-recorde-negativo-de-lesoes\/","og_site_name":"G\u00e1vea News","article_publisher":"https:\/\/facebook.com\/gaveaNews\/","article_published_time":"2024-08-22T21:55:36+00:00","article_modified_time":"2024-08-22T21:55:37+00:00","og_image":[{"width":633,"height":312,"url":"https:\/\/www.gaveanews.com\/wp-content\/uploads\/Tite-durante-jogo-contra-o-Palmeiras-pelo-Brasileirao-no-Maracana.webp","type":"image\/jpeg"}],"author":"Leandro Cardoso","twitter_card":"summary_large_image","twitter_misc":{"Escrito por":"Leandro Cardoso","Est. tempo de leitura":"3 minutos"},"schema":{"@context":"https:\/\/schema.org","@graph":[{"@type":"NewsArticle","@id":"https:\/\/www.gaveanews.com\/index.php\/2024\/08\/22\/everton-cebolinha-matias-vina-pedro-gabigol-arrascaeta-e-wesley-flamengo-bate-recorde-negativo-de-lesoes\/#article","isPartOf":{"@id":"https:\/\/www.gaveanews.com\/index.php\/2024\/08\/22\/everton-cebolinha-matias-vina-pedro-gabigol-arrascaeta-e-wesley-flamengo-bate-recorde-negativo-de-lesoes\/"},"author":{"name":"Leandro Cardoso","@id":"https:\/\/www.gaveanews.com\/#\/schema\/person\/2424ec6409bc3f068411fc5e4e9b6168"},"headline":"Everton Cebolinha, Matias Vi\u00f1a, Pedro, Gabigol, Arrascaeta e Wesley: Flamengo bate recorde negativo de les\u00f5es","datePublished":"2024-08-22T21:55:36+00:00","dateModified":"2024-08-22T21:55:37+00:00","mainEntityOfPage":{"@id":"https:\/\/www.gaveanews.com\/index.php\/2024\/08\/22\/everton-cebolinha-matias-vina-pedro-gabigol-arrascaeta-e-wesley-flamengo-bate-recorde-negativo-de-lesoes\/"},"wordCount":456,"commentCount":0,"image":{"@id":"https:\/\/www.gaveanews.com\/index.php\/2024\/08\/22\/everton-cebolinha-matias-vina-pedro-gabigol-arrascaeta-e-wesley-flamengo-bate-recorde-negativo-de-lesoes\/#primaryimage"},"thumbnailUrl":"https:\/\/www.gaveanews.com\/wp-content\/uploads\/Tite-durante-jogo-contra-o-Palmeiras-pelo-Brasileirao-no-Maracana.webp","articleSection":["Flamengo"],"inLanguage":"pt-BR","potentialAction":[{"@type":"CommentAction","name":"Comment","target":["https:\/\/www.gaveanews.com\/index.php\/2024\/08\/22\/everton-cebolinha-matias-vina-pedro-gabigol-arrascaeta-e-wesley-flamengo-bate-recorde-negativo-de-lesoes\/#respond"]}],"copyrightYear":"2024","copyrightHolder":{"@id":"https:\/\/www.gaveanews.com\/#organization"}},{"@type":"WebPage","@id":"https:\/\/www.gaveanews.com\/index.php\/2024\/08\/22\/everton-cebolinha-matias-vina-pedro-gabigol-arrascaeta-e-wesley-flamengo-bate-recorde-negativo-de-lesoes\/","url":"https:\/\/www.gaveanews.com\/index.php\/2024\/08\/22\/everton-cebolinha-matias-vina-pedro-gabigol-arrascaeta-e-wesley-flamengo-bate-recorde-negativo-de-lesoes\/","name":"Everton Cebolinha, Matias Vi\u00f1a, Pedro, Gabigol, Arrascaeta e Wesley: Flamengo bate recorde negativo de les\u00f5es","isPartOf":{"@id":"https:\/\/www.gaveanews.com\/#website"},"primaryImageOfPage":{"@id":"https:\/\/www.gaveanews.com\/index.php\/2024\/08\/22\/everton-cebolinha-matias-vina-pedro-gabigol-arrascaeta-e-wesley-flamengo-bate-recorde-negativo-de-lesoes\/#primaryimage"},"image":{"@id":"https:\/\/www.gaveanews.com\/index.php\/2024\/08\/22\/everton-cebolinha-matias-vina-pedro-gabigol-arrascaeta-e-wesley-flamengo-bate-recorde-negativo-de-lesoes\/#primaryimage"},"thumbnailUrl":"https:\/\/www.gaveanews.com\/wp-content\/uploads\/Tite-durante-jogo-contra-o-Palmeiras-pelo-Brasileirao-no-Maracana.webp","datePublished":"2024-08-22T21:55:36+00:00","dateModified":"2024-08-22T21:55:37+00:00","author":{"@id":"https:\/\/www.gaveanews.com\/#\/schema\/person\/2424ec6409bc3f068411fc5e4e9b6168"},"breadcrumb":{"@id":"https:\/\/www.gaveanews.com\/index.php\/2024\/08\/22\/everton-cebolinha-matias-vina-pedro-gabigol-arrascaeta-e-wesley-flamengo-bate-recorde-negativo-de-lesoes\/#breadcrumb"},"inLanguage":"pt-BR","potentialAction":[{"@type":"ReadAction","target":["https:\/\/www.gaveanews.com\/index.php\/2024\/08\/22\/everton-cebolinha-matias-vina-pedro-gabigol-arrascaeta-e-wesley-flamengo-bate-recorde-negativo-de-lesoes\/"]}]},{"@type":"ImageObject","inLanguage":"pt-BR","@id":"https:\/\/www.gaveanews.com\/index.php\/2024\/08\/22\/everton-cebolinha-matias-vina-pedro-gabigol-arrascaeta-e-wesley-flamengo-bate-recorde-negativo-de-lesoes\/#primaryimage","url":"https:\/\/www.gaveanews.com\/wp-content\/uploads\/Tite-durante-jogo-contra-o-Palmeiras-pelo-Brasileirao-no-Maracana.webp","contentUrl":"https:\/\/www.gaveanews.com\/wp-content\/uploads\/Tite-durante-jogo-contra-o-Palmeiras-pelo-Brasileirao-no-Maracana.webp","width":633,"height":312,"caption":"Tite durante jogo contra o Palmeiras, pelo Brasileir\u00e3o, no Maracan\u00e3 (Foto: Divulga\u00e7\u00e3o\/Flamengo)"},{"@type":"BreadcrumbList","@id":"https:\/\/www.gaveanews.com\/index.php\/2024\/08\/22\/everton-cebolinha-matias-vina-pedro-gabigol-arrascaeta-e-wesley-flamengo-bate-recorde-negativo-de-lesoes\/#breadcrumb","itemListElement":[{"@type":"ListItem","position":1,"name":"Home","item":"https:\/\/www.gaveanews.com\/"},{"@type":"ListItem","position":2,"name":"Everton Cebolinha, Matias Vi\u00f1a, Pedro, Gabigol, Arrascaeta e Wesley: Flamengo bate recorde negativo de les\u00f5es"}]},{"@type":"WebSite","@id":"https:\/\/www.gaveanews.com\/#website","url":"https:\/\/www.gaveanews.com\/","name":"G\u00e1vea News","description":"Veja todas as not\u00edcias sobre o Flamengo: Contrata\u00e7\u00f5es, categorias de base, resultados das partidas, tabela de classifica\u00e7\u00e3o, pr\u00f3ximos jogos!","potentialAction":[{"@type":"SearchAction","target":{"@type":"EntryPoint","urlTemplate":"https:\/\/www.gaveanews.com\/?s={search_term_string}"},"query-input":{"@type":"PropertyValueSpecification","valueRequired":true,"valueName":"search_term_string"}}],"inLanguage":"pt-BR"},{"@type":"Person","@id":"https:\/\/www.gaveanews.com\/#\/schema\/person\/2424ec6409bc3f068411fc5e4e9b6168","name":"Leandro Cardoso","image":{"@type":"ImageObject","inLanguage":"pt-BR","@id":"https:\/\/www.gaveanews.com\/#\/schema\/person\/image\/","url":"https:\/\/secure.gravatar.com\/avatar\/8ca179f9b55eefe9f376f5493ef25475bfa59fbc28ce937f6076ce20e523098f?s=96&d=mm&r=g","contentUrl":"https:\/\/secure.gravatar.com\/avatar\/8ca179f9b55eefe9f376f5493ef25475bfa59fbc28ce937f6076ce20e523098f?s=96&d=mm&r=g","caption":"Leandro Cardoso"}}]}},"_links":{"self":[{"href":"https:\/\/www.gaveanews.com\/index.php\/wp-json\/wp\/v2\/posts\/160534","targetHints":{"allow":["GET"]}}],"collection":[{"href":"https:\/\/www.gaveanews.com\/index.php\/wp-json\/wp\/v2\/posts"}],"about":[{"href":"https:\/\/www.gaveanews.com\/index.php\/wp-json\/wp\/v2\/types\/post"}],"author":[{"embeddable":true,"href":"https:\/\/www.gaveanews.com\/index.php\/wp-json\/wp\/v2\/users\/24"}],"replies":[{"embeddable":true,"href":"https:\/\/www.gaveanews.com\/index.php\/wp-json\/wp\/v2\/comments?post=160534"}],"version-history":[{"count":1,"href":"https:\/\/www.gaveanews.com\/index.php\/wp-json\/wp\/v2\/posts\/160534\/revisions"}],"predecessor-version":[{"id":160559,"href":"https:\/\/www.gaveanews.com\/index.php\/wp-json\/wp\/v2\/posts\/160534\/revisions\/160559"}],"wp:featuredmedia":[{"embeddable":true,"href":"https:\/\/www.gaveanews.com\/index.php\/wp-json\/wp\/v2\/media\/158166"}],"wp:attachment":[{"href":"https:\/\/www.gaveanews.com\/index.php\/wp-json\/wp\/v2\/media?parent=160534"}],"wp:term":[{"taxonomy":"category","embeddable":true,"href":"https:\/\/www.gaveanews.com\/index.php\/wp-json\/wp\/v2\/categories?post=160534"},{"taxonomy":"post_tag","embeddable":true,"href":"https:\/\/www.gaveanews.com\/index.php\/wp-json\/wp\/v2\/tags?post=160534"}],"curies":[{"name":"wp","href":"https:\/\/api.w.org\/{rel}","templated":true}]}}