{"id":160656,"date":"2024-08-23T04:23:04","date_gmt":"2024-08-23T07:23:04","guid":{"rendered":"https:\/\/www.gaveanews.com\/?p=160656"},"modified":"2024-08-23T04:23:07","modified_gmt":"2024-08-23T07:23:07","slug":"video-onibus-com-os-jogadores-do-flamengo-e-apedrejado","status":"publish","type":"post","link":"https:\/\/www.gaveanews.com\/index.php\/2024\/08\/23\/video-onibus-com-os-jogadores-do-flamengo-e-apedrejado\/","title":{"rendered":"V\u00eddeo: \u00f4nibus com os jogadores do Flamengo \u00e9 apedrejado"},"content":{"rendered":"\n<p>O Flamengo enfrentou uma noite complicada na \u00faltima quinta-feira (22), em La Paz, pela Copa Libertadores. Apesar de ter sido derrotado por 1 a 0 pelo Bol\u00edvar, o time comandado por Tite garantiu a classifica\u00e7\u00e3o para as quartas de final, gra\u00e7as \u00e0 vit\u00f3ria por 2 a 0 no jogo de ida no Maracan\u00e3. O placar agregado de 2 a 1 foi suficiente para manter o clube carioca na competi\u00e7\u00e3o continental.<\/p>\n\n\n\n<p>Ap\u00f3s o t\u00e9rmino da partida, o Flamengo enfrentou uma situa\u00e7\u00e3o tensa fora de campo. O \u00f4nibus que transportava a delega\u00e7\u00e3o rubro-negra foi apedrejado por torcedores bolivianos enquanto deixava o Est\u00e1dio Hernando Siles. Mesmo escoltado pela pol\u00edcia, o ve\u00edculo foi alvo de uma emboscada, e algumas janelas foram quebradas. Entre elas, a que estava na altura da cadeira do presidente do clube, Rodolfo Landim. Apesar do susto, nenhum integrante da equipe sofreu ferimentos.<\/p>\n\n\n\n<figure class=\"wp-block-embed is-type-rich is-provider-twitter wp-block-embed-twitter\"><div class=\"wp-block-embed__wrapper\">\n<blockquote class=\"twitter-tweet\" data-width=\"550\" data-dnt=\"true\"><p lang=\"pt\" dir=\"ltr\">\u00d4nibus com os jogadores do <a href=\"https:\/\/twitter.com\/hashtag\/Flamengo?src=hash&amp;ref_src=twsrc%5Etfw\">#Flamengo<\/a> \u00e9 apedrejado: <a href=\"https:\/\/t.co\/M0NoDfEHTT\">pic.twitter.com\/M0NoDfEHTT<\/a><\/p>&mdash; G\u00e1vea News (@GaveaNews_) <a href=\"https:\/\/twitter.com\/GaveaNews_\/status\/1826877859375284555?ref_src=twsrc%5Etfw\">August 23, 2024<\/a><\/blockquote><script async src=\"https:\/\/platform.twitter.com\/widgets.js\" charset=\"utf-8\"><\/script>\n<\/div><\/figure>\n\n\n\n<p>Com a classifica\u00e7\u00e3o garantida, o Flamengo j\u00e1 sabe quem enfrentar\u00e1 na pr\u00f3xima fase da Libertadores. O advers\u00e1rio ser\u00e1 o Pe\u00f1arol, do Uruguai. A primeira partida est\u00e1 prevista para ocorrer no Maracan\u00e3, enquanto o jogo de volta ser\u00e1 em Montevid\u00e9u, uma vez que a equipe uruguaia teve melhor desempenho na fase de grupos. A Conmebol ainda n\u00e3o divulgou as datas e hor\u00e1rios das partidas.<\/p>\n\n\n\n<p>Al\u00e9m dos desafios na Libertadores, o Flamengo agora direciona sua aten\u00e7\u00e3o para o Campeonato Brasileiro. No domingo (25), \u00e0s 20h (hor\u00e1rio de Bras\u00edlia), o time volta a campo para enfrentar o Red Bull Bragantino, no Maracan\u00e3, em confronto v\u00e1lido pela 23\u00aa rodada da competi\u00e7\u00e3o. Com isso, Tite e sua equipe ter\u00e3o pouco tempo para se recuperar e se preparar para mais um importante compromisso.<\/p>\n\n\n\n<p>O momento do Flamengo \u00e9 de foco total nas competi\u00e7\u00f5es que disputa, com a equipe buscando equil\u00edbrio entre os desafios das Copas e a continuidade da luta no Campeonato Brasileiro. <\/p>\n\n\n\n<h2 class=\"wp-block-heading\" id=\"h-craques-que-ja-foram-dispensados-pelo-flamengo\">Craques que j\u00e1 foram dispensados pelo Flamengo<\/h2>\n\n\n\n<p>Abaixo, a equipe do portal G\u00e1vea News realizou um levantamento para relembrar casos de alguns jogadores que foram dispensados pela diretoria do Flamengo. <strong>Confira abaixo a lista:<\/strong><\/p>\n\n\n\n<figure class=\"wp-block-embed is-type-video is-provider-tiktok wp-block-embed-tiktok\"><div class=\"wp-block-embed__wrapper\">\n<blockquote class=\"tiktok-embed\" cite=\"https:\/\/www.tiktok.com\/@gaveanews\/video\/7401262750846029062\" data-video-id=\"7401262750846029062\" data-embed-from=\"oembed\" style=\"max-width:605px; min-width:325px;\"> <section> <a target=\"_blank\" title=\"@gaveanews\" href=\"https:\/\/www.tiktok.com\/@gaveanews?refer=embed\">@gaveanews<\/a> <p>Esses jogadores quase jogaram no Flamengo! flamengo futebol brasileirao viral<\/p> <a target=\"_blank\" title=\"\u266c som original - G\u00e1vea News | Flamengo - G\u00e1vea News | Flamengo\" href=\"https:\/\/www.tiktok.com\/music\/som-original-G\u00e1vea-News-Flamengo-7401263996604517125?refer=embed\">\u266c som original &#8211; G\u00e1vea News | Flamengo &#8211; G\u00e1vea News | Flamengo<\/a> <\/section> <\/blockquote> <script async src=\"https:\/\/www.tiktok.com\/embed.js\"><\/script>\n<\/div><\/figure>\n","protected":false},"excerpt":{"rendered":"<p>O Flamengo enfrentou uma noite complicada na \u00faltima quinta-feira (22), em La Paz, pela Copa Libertadores. Apesar de ter sido derrotado por 1 a 0 pelo Bol\u00edvar, o time comandado por Tite garantiu a classifica\u00e7\u00e3o para as quartas de final, gra\u00e7as \u00e0 vit\u00f3ria por 2 a 0 no jogo de ida no Maracan\u00e3. O placar [&hellip;]<\/p>\n","protected":false},"author":1,"featured_media":160657,"comment_status":"open","ping_status":"closed","sticky":false,"template":"","format":"standard","meta":{"footnotes":""},"categories":[1],"tags":[],"class_list":["post-160656","post","type-post","status-publish","format-standard","has-post-thumbnail","hentry","category-flamengo"],"yoast_head":"<!-- This site is optimized with the Yoast SEO Premium plugin v24.2 (Yoast SEO v26.9) - https:\/\/yoast.com\/product\/yoast-seo-premium-wordpress\/ -->\n<title>V\u00eddeo: \u00f4nibus com os jogadores do Flamengo \u00e9 apedrejado<\/title>\n<meta name=\"robots\" content=\"index, follow, max-snippet:-1, max-image-preview:large, max-video-preview:-1\" \/>\n<link rel=\"canonical\" href=\"https:\/\/www.gaveanews.com\/index.php\/2024\/08\/23\/video-onibus-com-os-jogadores-do-flamengo-e-apedrejado\/\" \/>\n<meta property=\"og:locale\" content=\"pt_BR\" \/>\n<meta property=\"og:type\" content=\"article\" \/>\n<meta property=\"og:title\" content=\"V\u00eddeo: \u00f4nibus com os jogadores do Flamengo \u00e9 apedrejado\" \/>\n<meta property=\"og:description\" content=\"O Flamengo enfrentou uma noite complicada na \u00faltima quinta-feira (22), em La Paz, pela Copa Libertadores. Apesar de ter sido derrotado por 1 a 0 pelo Bol\u00edvar, o time comandado por Tite garantiu a classifica\u00e7\u00e3o para as quartas de final, gra\u00e7as \u00e0 vit\u00f3ria por 2 a 0 no jogo de ida no Maracan\u00e3. O placar [&hellip;]\" \/>\n<meta property=\"og:url\" content=\"https:\/\/www.gaveanews.com\/index.php\/2024\/08\/23\/video-onibus-com-os-jogadores-do-flamengo-e-apedrejado\/\" \/>\n<meta property=\"og:site_name\" content=\"G\u00e1vea News\" \/>\n<meta property=\"article:publisher\" content=\"https:\/\/facebook.com\/gaveaNews\/\" \/>\n<meta property=\"article:published_time\" content=\"2024-08-23T07:23:04+00:00\" \/>\n<meta property=\"article:modified_time\" content=\"2024-08-23T07:23:07+00:00\" \/>\n<meta property=\"og:image\" content=\"https:\/\/www.gaveanews.com\/wp-content\/uploads\/Onibus-com-os-jogadores-do-Flamengo-foi-apedrejado-apos-o-jogo-contra-o-Bolivar.webp\" \/>\n\t<meta property=\"og:image:width\" content=\"900\" \/>\n\t<meta property=\"og:image:height\" content=\"1200\" \/>\n\t<meta property=\"og:image:type\" content=\"image\/jpeg\" \/>\n<meta name=\"author\" content=\"Equipe G\u00e1vea News\" \/>\n<meta name=\"twitter:card\" content=\"summary_large_image\" \/>\n<meta name=\"twitter:label1\" content=\"Escrito por\" \/>\n\t<meta name=\"twitter:data1\" content=\"Equipe G\u00e1vea News\" \/>\n\t<meta name=\"twitter:label2\" content=\"Est. tempo de leitura\" \/>\n\t<meta name=\"twitter:data2\" content=\"3 minutos\" \/>\n<script type=\"application\/ld+json\" class=\"yoast-schema-graph\">{\"@context\":\"https:\/\/schema.org\",\"@graph\":[{\"@type\":\"NewsArticle\",\"@id\":\"https:\/\/www.gaveanews.com\/index.php\/2024\/08\/23\/video-onibus-com-os-jogadores-do-flamengo-e-apedrejado\/#article\",\"isPartOf\":{\"@id\":\"https:\/\/www.gaveanews.com\/index.php\/2024\/08\/23\/video-onibus-com-os-jogadores-do-flamengo-e-apedrejado\/\"},\"author\":{\"name\":\"Equipe G\u00e1vea News\",\"@id\":\"https:\/\/www.gaveanews.com\/#\/schema\/person\/2ec14f73fb96be2caf28f91afb14749d\"},\"headline\":\"V\u00eddeo: \u00f4nibus com os jogadores do Flamengo \u00e9 apedrejado\",\"datePublished\":\"2024-08-23T07:23:04+00:00\",\"dateModified\":\"2024-08-23T07:23:07+00:00\",\"mainEntityOfPage\":{\"@id\":\"https:\/\/www.gaveanews.com\/index.php\/2024\/08\/23\/video-onibus-com-os-jogadores-do-flamengo-e-apedrejado\/\"},\"wordCount\":371,\"commentCount\":0,\"image\":{\"@id\":\"https:\/\/www.gaveanews.com\/index.php\/2024\/08\/23\/video-onibus-com-os-jogadores-do-flamengo-e-apedrejado\/#primaryimage\"},\"thumbnailUrl\":\"https:\/\/www.gaveanews.com\/wp-content\/uploads\/Onibus-com-os-jogadores-do-Flamengo-foi-apedrejado-apos-o-jogo-contra-o-Bolivar.webp\",\"articleSection\":[\"Flamengo\"],\"inLanguage\":\"pt-BR\",\"potentialAction\":[{\"@type\":\"CommentAction\",\"name\":\"Comment\",\"target\":[\"https:\/\/www.gaveanews.com\/index.php\/2024\/08\/23\/video-onibus-com-os-jogadores-do-flamengo-e-apedrejado\/#respond\"]}],\"copyrightYear\":\"2024\",\"copyrightHolder\":{\"@id\":\"https:\/\/www.gaveanews.com\/#organization\"}},{\"@type\":\"WebPage\",\"@id\":\"https:\/\/www.gaveanews.com\/index.php\/2024\/08\/23\/video-onibus-com-os-jogadores-do-flamengo-e-apedrejado\/\",\"url\":\"https:\/\/www.gaveanews.com\/index.php\/2024\/08\/23\/video-onibus-com-os-jogadores-do-flamengo-e-apedrejado\/\",\"name\":\"V\u00eddeo: \u00f4nibus com os jogadores do Flamengo \u00e9 apedrejado\",\"isPartOf\":{\"@id\":\"https:\/\/www.gaveanews.com\/#website\"},\"primaryImageOfPage\":{\"@id\":\"https:\/\/www.gaveanews.com\/index.php\/2024\/08\/23\/video-onibus-com-os-jogadores-do-flamengo-e-apedrejado\/#primaryimage\"},\"image\":{\"@id\":\"https:\/\/www.gaveanews.com\/index.php\/2024\/08\/23\/video-onibus-com-os-jogadores-do-flamengo-e-apedrejado\/#primaryimage\"},\"thumbnailUrl\":\"https:\/\/www.gaveanews.com\/wp-content\/uploads\/Onibus-com-os-jogadores-do-Flamengo-foi-apedrejado-apos-o-jogo-contra-o-Bolivar.webp\",\"datePublished\":\"2024-08-23T07:23:04+00:00\",\"dateModified\":\"2024-08-23T07:23:07+00:00\",\"author\":{\"@id\":\"https:\/\/www.gaveanews.com\/#\/schema\/person\/2ec14f73fb96be2caf28f91afb14749d\"},\"breadcrumb\":{\"@id\":\"https:\/\/www.gaveanews.com\/index.php\/2024\/08\/23\/video-onibus-com-os-jogadores-do-flamengo-e-apedrejado\/#breadcrumb\"},\"inLanguage\":\"pt-BR\",\"potentialAction\":[{\"@type\":\"ReadAction\",\"target\":[\"https:\/\/www.gaveanews.com\/index.php\/2024\/08\/23\/video-onibus-com-os-jogadores-do-flamengo-e-apedrejado\/\"]}]},{\"@type\":\"ImageObject\",\"inLanguage\":\"pt-BR\",\"@id\":\"https:\/\/www.gaveanews.com\/index.php\/2024\/08\/23\/video-onibus-com-os-jogadores-do-flamengo-e-apedrejado\/#primaryimage\",\"url\":\"https:\/\/www.gaveanews.com\/wp-content\/uploads\/Onibus-com-os-jogadores-do-Flamengo-foi-apedrejado-apos-o-jogo-contra-o-Bolivar.webp\",\"contentUrl\":\"https:\/\/www.gaveanews.com\/wp-content\/uploads\/Onibus-com-os-jogadores-do-Flamengo-foi-apedrejado-apos-o-jogo-contra-o-Bolivar.webp\",\"width\":900,\"height\":1200,\"caption\":\"\u00d4nibus com os jogadores do Flamengo foi apedrejado ap\u00f3s o jogo contra o Bol\u00edvar (Foto: Reprodu\u00e7\u00e3o)\"},{\"@type\":\"BreadcrumbList\",\"@id\":\"https:\/\/www.gaveanews.com\/index.php\/2024\/08\/23\/video-onibus-com-os-jogadores-do-flamengo-e-apedrejado\/#breadcrumb\",\"itemListElement\":[{\"@type\":\"ListItem\",\"position\":1,\"name\":\"Home\",\"item\":\"https:\/\/www.gaveanews.com\/\"},{\"@type\":\"ListItem\",\"position\":2,\"name\":\"V\u00eddeo: \u00f4nibus com os jogadores do Flamengo \u00e9 apedrejado\"}]},{\"@type\":\"WebSite\",\"@id\":\"https:\/\/www.gaveanews.com\/#website\",\"url\":\"https:\/\/www.gaveanews.com\/\",\"name\":\"G\u00e1vea News\",\"description\":\"Veja todas as not\u00edcias sobre o Flamengo: Contrata\u00e7\u00f5es, categorias de base, resultados das partidas, tabela de classifica\u00e7\u00e3o, pr\u00f3ximos jogos!\",\"potentialAction\":[{\"@type\":\"SearchAction\",\"target\":{\"@type\":\"EntryPoint\",\"urlTemplate\":\"https:\/\/www.gaveanews.com\/?s={search_term_string}\"},\"query-input\":{\"@type\":\"PropertyValueSpecification\",\"valueRequired\":true,\"valueName\":\"search_term_string\"}}],\"inLanguage\":\"pt-BR\"},{\"@type\":\"Person\",\"@id\":\"https:\/\/www.gaveanews.com\/#\/schema\/person\/2ec14f73fb96be2caf28f91afb14749d\",\"name\":\"Equipe G\u00e1vea News\",\"image\":{\"@type\":\"ImageObject\",\"inLanguage\":\"pt-BR\",\"@id\":\"https:\/\/www.gaveanews.com\/#\/schema\/person\/image\/\",\"url\":\"https:\/\/secure.gravatar.com\/avatar\/1e1956f1facbffd3f8fa53a326721950116b3b9dc9bd44939c01180fd4a745a9?s=96&d=mm&r=g\",\"contentUrl\":\"https:\/\/secure.gravatar.com\/avatar\/1e1956f1facbffd3f8fa53a326721950116b3b9dc9bd44939c01180fd4a745a9?s=96&d=mm&r=g\",\"caption\":\"Equipe G\u00e1vea News\"}}]}<\/script>\n<!-- \/ Yoast SEO Premium plugin. -->","yoast_head_json":{"title":"V\u00eddeo: \u00f4nibus com os jogadores do Flamengo \u00e9 apedrejado","robots":{"index":"index","follow":"follow","max-snippet":"max-snippet:-1","max-image-preview":"max-image-preview:large","max-video-preview":"max-video-preview:-1"},"canonical":"https:\/\/www.gaveanews.com\/index.php\/2024\/08\/23\/video-onibus-com-os-jogadores-do-flamengo-e-apedrejado\/","og_locale":"pt_BR","og_type":"article","og_title":"V\u00eddeo: \u00f4nibus com os jogadores do Flamengo \u00e9 apedrejado","og_description":"O Flamengo enfrentou uma noite complicada na \u00faltima quinta-feira (22), em La Paz, pela Copa Libertadores. Apesar de ter sido derrotado por 1 a 0 pelo Bol\u00edvar, o time comandado por Tite garantiu a classifica\u00e7\u00e3o para as quartas de final, gra\u00e7as \u00e0 vit\u00f3ria por 2 a 0 no jogo de ida no Maracan\u00e3. O placar [&hellip;]","og_url":"https:\/\/www.gaveanews.com\/index.php\/2024\/08\/23\/video-onibus-com-os-jogadores-do-flamengo-e-apedrejado\/","og_site_name":"G\u00e1vea News","article_publisher":"https:\/\/facebook.com\/gaveaNews\/","article_published_time":"2024-08-23T07:23:04+00:00","article_modified_time":"2024-08-23T07:23:07+00:00","og_image":[{"width":900,"height":1200,"url":"https:\/\/www.gaveanews.com\/wp-content\/uploads\/Onibus-com-os-jogadores-do-Flamengo-foi-apedrejado-apos-o-jogo-contra-o-Bolivar.webp","type":"image\/jpeg"}],"author":"Equipe G\u00e1vea News","twitter_card":"summary_large_image","twitter_misc":{"Escrito por":"Equipe G\u00e1vea News","Est. tempo de leitura":"3 minutos"},"schema":{"@context":"https:\/\/schema.org","@graph":[{"@type":"NewsArticle","@id":"https:\/\/www.gaveanews.com\/index.php\/2024\/08\/23\/video-onibus-com-os-jogadores-do-flamengo-e-apedrejado\/#article","isPartOf":{"@id":"https:\/\/www.gaveanews.com\/index.php\/2024\/08\/23\/video-onibus-com-os-jogadores-do-flamengo-e-apedrejado\/"},"author":{"name":"Equipe G\u00e1vea News","@id":"https:\/\/www.gaveanews.com\/#\/schema\/person\/2ec14f73fb96be2caf28f91afb14749d"},"headline":"V\u00eddeo: \u00f4nibus com os jogadores do Flamengo \u00e9 apedrejado","datePublished":"2024-08-23T07:23:04+00:00","dateModified":"2024-08-23T07:23:07+00:00","mainEntityOfPage":{"@id":"https:\/\/www.gaveanews.com\/index.php\/2024\/08\/23\/video-onibus-com-os-jogadores-do-flamengo-e-apedrejado\/"},"wordCount":371,"commentCount":0,"image":{"@id":"https:\/\/www.gaveanews.com\/index.php\/2024\/08\/23\/video-onibus-com-os-jogadores-do-flamengo-e-apedrejado\/#primaryimage"},"thumbnailUrl":"https:\/\/www.gaveanews.com\/wp-content\/uploads\/Onibus-com-os-jogadores-do-Flamengo-foi-apedrejado-apos-o-jogo-contra-o-Bolivar.webp","articleSection":["Flamengo"],"inLanguage":"pt-BR","potentialAction":[{"@type":"CommentAction","name":"Comment","target":["https:\/\/www.gaveanews.com\/index.php\/2024\/08\/23\/video-onibus-com-os-jogadores-do-flamengo-e-apedrejado\/#respond"]}],"copyrightYear":"2024","copyrightHolder":{"@id":"https:\/\/www.gaveanews.com\/#organization"}},{"@type":"WebPage","@id":"https:\/\/www.gaveanews.com\/index.php\/2024\/08\/23\/video-onibus-com-os-jogadores-do-flamengo-e-apedrejado\/","url":"https:\/\/www.gaveanews.com\/index.php\/2024\/08\/23\/video-onibus-com-os-jogadores-do-flamengo-e-apedrejado\/","name":"V\u00eddeo: \u00f4nibus com os jogadores do Flamengo \u00e9 apedrejado","isPartOf":{"@id":"https:\/\/www.gaveanews.com\/#website"},"primaryImageOfPage":{"@id":"https:\/\/www.gaveanews.com\/index.php\/2024\/08\/23\/video-onibus-com-os-jogadores-do-flamengo-e-apedrejado\/#primaryimage"},"image":{"@id":"https:\/\/www.gaveanews.com\/index.php\/2024\/08\/23\/video-onibus-com-os-jogadores-do-flamengo-e-apedrejado\/#primaryimage"},"thumbnailUrl":"https:\/\/www.gaveanews.com\/wp-content\/uploads\/Onibus-com-os-jogadores-do-Flamengo-foi-apedrejado-apos-o-jogo-contra-o-Bolivar.webp","datePublished":"2024-08-23T07:23:04+00:00","dateModified":"2024-08-23T07:23:07+00:00","author":{"@id":"https:\/\/www.gaveanews.com\/#\/schema\/person\/2ec14f73fb96be2caf28f91afb14749d"},"breadcrumb":{"@id":"https:\/\/www.gaveanews.com\/index.php\/2024\/08\/23\/video-onibus-com-os-jogadores-do-flamengo-e-apedrejado\/#breadcrumb"},"inLanguage":"pt-BR","potentialAction":[{"@type":"ReadAction","target":["https:\/\/www.gaveanews.com\/index.php\/2024\/08\/23\/video-onibus-com-os-jogadores-do-flamengo-e-apedrejado\/"]}]},{"@type":"ImageObject","inLanguage":"pt-BR","@id":"https:\/\/www.gaveanews.com\/index.php\/2024\/08\/23\/video-onibus-com-os-jogadores-do-flamengo-e-apedrejado\/#primaryimage","url":"https:\/\/www.gaveanews.com\/wp-content\/uploads\/Onibus-com-os-jogadores-do-Flamengo-foi-apedrejado-apos-o-jogo-contra-o-Bolivar.webp","contentUrl":"https:\/\/www.gaveanews.com\/wp-content\/uploads\/Onibus-com-os-jogadores-do-Flamengo-foi-apedrejado-apos-o-jogo-contra-o-Bolivar.webp","width":900,"height":1200,"caption":"\u00d4nibus com os jogadores do Flamengo foi apedrejado ap\u00f3s o jogo contra o Bol\u00edvar (Foto: Reprodu\u00e7\u00e3o)"},{"@type":"BreadcrumbList","@id":"https:\/\/www.gaveanews.com\/index.php\/2024\/08\/23\/video-onibus-com-os-jogadores-do-flamengo-e-apedrejado\/#breadcrumb","itemListElement":[{"@type":"ListItem","position":1,"name":"Home","item":"https:\/\/www.gaveanews.com\/"},{"@type":"ListItem","position":2,"name":"V\u00eddeo: \u00f4nibus com os jogadores do Flamengo \u00e9 apedrejado"}]},{"@type":"WebSite","@id":"https:\/\/www.gaveanews.com\/#website","url":"https:\/\/www.gaveanews.com\/","name":"G\u00e1vea News","description":"Veja todas as not\u00edcias sobre o Flamengo: Contrata\u00e7\u00f5es, categorias de base, resultados das partidas, tabela de classifica\u00e7\u00e3o, pr\u00f3ximos jogos!","potentialAction":[{"@type":"SearchAction","target":{"@type":"EntryPoint","urlTemplate":"https:\/\/www.gaveanews.com\/?s={search_term_string}"},"query-input":{"@type":"PropertyValueSpecification","valueRequired":true,"valueName":"search_term_string"}}],"inLanguage":"pt-BR"},{"@type":"Person","@id":"https:\/\/www.gaveanews.com\/#\/schema\/person\/2ec14f73fb96be2caf28f91afb14749d","name":"Equipe G\u00e1vea News","image":{"@type":"ImageObject","inLanguage":"pt-BR","@id":"https:\/\/www.gaveanews.com\/#\/schema\/person\/image\/","url":"https:\/\/secure.gravatar.com\/avatar\/1e1956f1facbffd3f8fa53a326721950116b3b9dc9bd44939c01180fd4a745a9?s=96&d=mm&r=g","contentUrl":"https:\/\/secure.gravatar.com\/avatar\/1e1956f1facbffd3f8fa53a326721950116b3b9dc9bd44939c01180fd4a745a9?s=96&d=mm&r=g","caption":"Equipe G\u00e1vea News"}}]}},"_links":{"self":[{"href":"https:\/\/www.gaveanews.com\/index.php\/wp-json\/wp\/v2\/posts\/160656","targetHints":{"allow":["GET"]}}],"collection":[{"href":"https:\/\/www.gaveanews.com\/index.php\/wp-json\/wp\/v2\/posts"}],"about":[{"href":"https:\/\/www.gaveanews.com\/index.php\/wp-json\/wp\/v2\/types\/post"}],"author":[{"embeddable":true,"href":"https:\/\/www.gaveanews.com\/index.php\/wp-json\/wp\/v2\/users\/1"}],"replies":[{"embeddable":true,"href":"https:\/\/www.gaveanews.com\/index.php\/wp-json\/wp\/v2\/comments?post=160656"}],"version-history":[{"count":1,"href":"https:\/\/www.gaveanews.com\/index.php\/wp-json\/wp\/v2\/posts\/160656\/revisions"}],"predecessor-version":[{"id":160660,"href":"https:\/\/www.gaveanews.com\/index.php\/wp-json\/wp\/v2\/posts\/160656\/revisions\/160660"}],"wp:featuredmedia":[{"embeddable":true,"href":"https:\/\/www.gaveanews.com\/index.php\/wp-json\/wp\/v2\/media\/160657"}],"wp:attachment":[{"href":"https:\/\/www.gaveanews.com\/index.php\/wp-json\/wp\/v2\/media?parent=160656"}],"wp:term":[{"taxonomy":"category","embeddable":true,"href":"https:\/\/www.gaveanews.com\/index.php\/wp-json\/wp\/v2\/categories?post=160656"},{"taxonomy":"post_tag","embeddable":true,"href":"https:\/\/www.gaveanews.com\/index.php\/wp-json\/wp\/v2\/tags?post=160656"}],"curies":[{"name":"wp","href":"https:\/\/api.w.org\/{rel}","templated":true}]}}