{"id":160721,"date":"2024-08-23T14:00:00","date_gmt":"2024-08-23T17:00:00","guid":{"rendered":"https:\/\/www.gaveanews.com\/?p=160721"},"modified":"2024-08-23T13:34:56","modified_gmt":"2024-08-23T16:34:56","slug":"presidente-do-santos-emite-nota-oficial-sobre-o-futuro-de-jair","status":"publish","type":"post","link":"https:\/\/www.gaveanews.com\/index.php\/2024\/08\/23\/presidente-do-santos-emite-nota-oficial-sobre-o-futuro-de-jair\/","title":{"rendered":"Presidente do Santos emite nota oficial sobre o futuro de Jair"},"content":{"rendered":"\n<h2 class=\"wp-block-heading\" id=\"h-santos-recusa-proposta-do-botafogo-por-jair-e-reafirma-compromisso-com-a-reestruturacao\">Santos recusa proposta do Botafogo por Jair e reafirma compromisso com a reestrutura\u00e7\u00e3o<\/h2>\n\n\n\n<p>O Santos recusou a proposta do Botafogo pelo zagueiro Jair. Em suas redes sociais, o presidente do clube, Marcelo Teixeira, divulgou uma nota para comunicar a recusa da proposta e a perman\u00eancia do Menino da Vila.<\/p>\n\n\n\n<ul class=\"wp-block-list\">\n<li><a href=\"https:\/\/www.gaveanews.com\/index.php\/2024\/08\/22\/santos-tera-tres-desfalques-diante-do-amazonas\/\">Santos ter\u00e1 tr\u00eas desfalques diante do Amazonas<\/a><\/li>\n\n\n\n<li><a href=\"https:\/\/www.gaveanews.com\/index.php\/2024\/08\/22\/a-declaracao-de-carille-sobre-o-proximo-jogo-do-santos\/\">A declara\u00e7\u00e3o de Carille sobre o pr\u00f3ximo jogo do Santos<\/a><\/li>\n<\/ul>\n\n\n\n<p>O mandat\u00e1rio afirmou que seu objetivo \u00e9 melhorar o desempenho do time e reposicionar o Santos entre as principais pot\u00eancias do futebol, em um ano que o clube enfrenta o momento mais dif\u00edcil de sua hist\u00f3ria.<\/p>\n\n\n\n<h2 class=\"wp-block-heading\" id=\"h-confira-a-nota-de-marcelo-teixeira\">Confira a nota de Marcelo Teixeira:<\/h2>\n\n\n\n<p>&#8220;Fui eleito democraticamente nas urnas, estou desde janeiro deste ano \u00e0 frente do Santos FC, conhecia os enormes desafios e reafirmo meu compromisso com o quadro associativo nas prioridades da administra\u00e7\u00e3o, divulgadas no plano de gest\u00e3o e, com transpar\u00eancia, expostas com os avan\u00e7os nas coletivas dos 100 dias e dos 6 meses de gest\u00e3o.<\/p>\n\n\n\n<p>O ano de 2024 \u00e9 at\u00edpico na rica hist\u00f3ria do Santos Futebol Clube. Os objetivos j\u00e1 est\u00e3o sendo alcan\u00e7ados com o apoio de todos, mesmo diante da grav\u00edssima situa\u00e7\u00e3o que enfrentamos ao assumir, em parte equacionada. A minha filosofia de trabalho, comprovada em gest\u00f5es anteriores, \u00e9 de revelar atletas e conquistar t\u00edtulos. Desta forma, recusei a proposta pelo zagueiro Jair, assim como outras de milh\u00f5es por atletas deste elenco. Se realmente continuarem insistindo no interesse, que paguem a multa, j\u00e1 que seu contrato foi renovado no m\u00eas passado at\u00e9 2027.<\/p>\n\n\n\n<p>N\u00e3o h\u00e1 comparativos em nenhum outro campeonato j\u00e1 disputado ao longo dos 112 anos de nossa exist\u00eancia. Estamos atentos ao rendimento da equipe de futebol profissional para corresponder com as expectativas desta temporada, com o objetivo de alcan\u00e7armos a pr\u00f3xima meta deste ano de 2024, neste trabalho de reconstru\u00e7\u00e3o para recolocar o Santos FC entre as principais pot\u00eancias do futebol nacional e internacional.&#8221;<\/p>\n\n\n\n<h2 class=\"wp-block-heading\" id=\"h-valores\">Valores<\/h2>\n\n\n\n<p>A equipe carioca fez uma oferta de US$ 12 milh\u00f5es (R$ 65 milh\u00f5es) pelo defensor, mas em uma forma de pagamento que n\u00e3o agradou ao clube. O Peixe sequer comunicou os representantes do Menino da Vila sobre a situa\u00e7\u00e3o e recusou a proposta. O jogador de 19 anos \u00e9 titular da equipe de F\u00e1bio Carille e soma 12 partidas na temporada.<\/p>\n\n\n\n<h2 class=\"wp-block-heading\" id=\"h-historico\">Hist\u00f3rico<\/h2>\n\n\n\n<p>Jair sempre foi uma promessa da base, mas, em janeiro do ano passado, sofreu uma les\u00e3o de LCA quando atuava pela Copinha. Recuperando-se no profissional, ele fez sua estreia no time principal na reta final da S\u00e9rie A, enquanto o Santos brigava contra o rebaixamento. Neste ano, fez um refor\u00e7o muscular depois de uma recupera\u00e7\u00e3o &#8216;atropelada&#8217; por conta do momento do clube em 2023.<\/p>\n\n\n\n<p>Reestreou pelo Paulist\u00e3o, retornou ao Sub-20 a pedido da comiss\u00e3o t\u00e9cnica de F\u00e1bio Carille para ganhar minutagem e voltou ao time principal. Desde julho, com a sa\u00edda de Joaquim, tornou-se titular absoluto na zaga ao lado do experiente Gil. Recentemente, acertou a renova\u00e7\u00e3o com o Peixe at\u00e9 o fim de 2027.<\/p>\n\n\n\n<p>Em 2022, o jogador j\u00e1 havia sido destaque no vice-campeonato do Peixe na Copinha, participando dos nove jogos. Pelo Brasileiro Sub-20, participou de seis jogos e foi importante na campanha do t\u00edtulo do Paulista Sub-20, atuando em 23 confrontos. Ele chegou a descer para refor\u00e7ar o Sub-17 em confronto direto pelo Brasileiro e ficou no banco do time principal diante do Fluminense, Coritiba e Botafogo.<\/p>\n\n\n\n<p>Jair j\u00e1 vivia a expectativa de ser utilizado no time principal. Iniciou o ano passado sofrendo uma les\u00e3o de ligamento cruzado anterior e no menisco do joelho direito em um lance sozinho na derrota do Peixe para o Santo Andr\u00e9 por 3 a 0, no Bruno Jos\u00e9 Daniel, em duelo v\u00e1lido pela 3\u00aa rodada da primeira fase da Copa S\u00e3o Paulo, no dia 11 de janeiro de 2023.<\/p>\n\n\n\n<p>Recuperando-se no profissional, o zagueiro fez sua estreia no principal na vit\u00f3ria do Santos sobre o Goi\u00e1s por 1 a 0, na Serrinha, pelo Campeonato Brasileiro, no dia 9 de novembro. O clube brigava contra o rebaixamento e via falta de defensores, o que justificou a entrada do garoto no time principal e a recupera\u00e7\u00e3o acelerada.<\/p>\n\n\n\n<p>Nesta temporada, reestreou pelo Peixe na vit\u00f3ria sobre a Internacional de Limeira por 3 a 2, na Vila Belmiro, pela 12\u00aa rodada do Campeonato Paulista, no dia 9 de mar\u00e7o. Depois, entrou diante da Portuguesa nas quartas de final do Paulist\u00e3o, no fim do empate sem gols, e converteu o p\u00eanalti que deu a classifica\u00e7\u00e3o ao Alvinegro.<\/p>\n\n\n\n<p>No estadual, ficou no banco na semifinal contra o Red Bull Bragantino e nas finais contra o Palmeiras. Na S\u00e9rie B, ficou no banco diante do Amazonas, Guarani, Brusque e Am\u00e9rica-MG e foi titular contra a Chapecoense, Cear\u00e1, Ituano, Vila Nova, Coritiba, CRB e Sport no primeiro turno. Neste returno, foi titular contra Paysandu, Ava\u00ed e Guarani.<\/p>\n","protected":false},"excerpt":{"rendered":"<p>Santos recusa proposta do Botafogo por Jair e reafirma compromisso com a reestrutura\u00e7\u00e3o O Santos recusou a proposta do Botafogo pelo zagueiro Jair. Em suas redes sociais, o presidente do clube, Marcelo Teixeira, divulgou uma nota para comunicar a recusa da proposta e a perman\u00eancia do Menino da Vila. O mandat\u00e1rio afirmou que seu objetivo [&hellip;]<\/p>\n","protected":false},"author":20,"featured_media":150813,"comment_status":"open","ping_status":"closed","sticky":false,"template":"","format":"standard","meta":{"footnotes":""},"categories":[138,139],"tags":[],"class_list":["post-160721","post","type-post","status-publish","format-standard","has-post-thumbnail","hentry","category-botafogo","category-santos"],"yoast_head":"<!-- This site is optimized with the Yoast SEO Premium plugin v24.2 (Yoast SEO v26.9) - https:\/\/yoast.com\/product\/yoast-seo-premium-wordpress\/ -->\n<title>Presidente do Santos emite nota oficial sobre o futuro de Jair<\/title>\n<meta name=\"robots\" content=\"index, follow, max-snippet:-1, max-image-preview:large, max-video-preview:-1\" \/>\n<link rel=\"canonical\" href=\"https:\/\/www.gaveanews.com\/index.php\/2024\/08\/23\/presidente-do-santos-emite-nota-oficial-sobre-o-futuro-de-jair\/\" \/>\n<meta property=\"og:locale\" content=\"pt_BR\" \/>\n<meta property=\"og:type\" content=\"article\" \/>\n<meta property=\"og:title\" content=\"Presidente do Santos emite nota oficial sobre o futuro de Jair\" \/>\n<meta property=\"og:description\" content=\"Santos recusa proposta do Botafogo por Jair e reafirma compromisso com a reestrutura\u00e7\u00e3o O Santos recusou a proposta do Botafogo pelo zagueiro Jair. Em suas redes sociais, o presidente do clube, Marcelo Teixeira, divulgou uma nota para comunicar a recusa da proposta e a perman\u00eancia do Menino da Vila. O mandat\u00e1rio afirmou que seu objetivo [&hellip;]\" \/>\n<meta property=\"og:url\" content=\"https:\/\/www.gaveanews.com\/index.php\/2024\/08\/23\/presidente-do-santos-emite-nota-oficial-sobre-o-futuro-de-jair\/\" \/>\n<meta property=\"og:site_name\" content=\"G\u00e1vea News\" \/>\n<meta property=\"article:publisher\" content=\"https:\/\/facebook.com\/gaveaNews\/\" \/>\n<meta property=\"article:published_time\" content=\"2024-08-23T17:00:00+00:00\" \/>\n<meta property=\"og:image\" content=\"https:\/\/www.gaveanews.com\/wp-content\/uploads\/Jair-com-a-camisa-do-Santos.webp\" \/>\n\t<meta property=\"og:image:width\" content=\"1280\" \/>\n\t<meta property=\"og:image:height\" content=\"1600\" \/>\n\t<meta property=\"og:image:type\" content=\"image\/jpeg\" \/>\n<meta name=\"author\" content=\"Lucas Barros\" \/>\n<meta name=\"twitter:card\" content=\"summary_large_image\" \/>\n<meta name=\"twitter:label1\" content=\"Escrito por\" \/>\n\t<meta name=\"twitter:data1\" content=\"Lucas Barros\" \/>\n\t<meta name=\"twitter:label2\" content=\"Est. tempo de leitura\" \/>\n\t<meta name=\"twitter:data2\" content=\"5 minutos\" \/>\n<script type=\"application\/ld+json\" class=\"yoast-schema-graph\">{\"@context\":\"https:\/\/schema.org\",\"@graph\":[{\"@type\":\"NewsArticle\",\"@id\":\"https:\/\/www.gaveanews.com\/index.php\/2024\/08\/23\/presidente-do-santos-emite-nota-oficial-sobre-o-futuro-de-jair\/#article\",\"isPartOf\":{\"@id\":\"https:\/\/www.gaveanews.com\/index.php\/2024\/08\/23\/presidente-do-santos-emite-nota-oficial-sobre-o-futuro-de-jair\/\"},\"author\":{\"name\":\"Lucas Barros\",\"@id\":\"https:\/\/www.gaveanews.com\/#\/schema\/person\/2abf0cfa878f5f899daa5f781e82264c\"},\"headline\":\"Presidente do Santos emite nota oficial sobre o futuro de Jair\",\"datePublished\":\"2024-08-23T17:00:00+00:00\",\"mainEntityOfPage\":{\"@id\":\"https:\/\/www.gaveanews.com\/index.php\/2024\/08\/23\/presidente-do-santos-emite-nota-oficial-sobre-o-futuro-de-jair\/\"},\"wordCount\":837,\"commentCount\":0,\"image\":{\"@id\":\"https:\/\/www.gaveanews.com\/index.php\/2024\/08\/23\/presidente-do-santos-emite-nota-oficial-sobre-o-futuro-de-jair\/#primaryimage\"},\"thumbnailUrl\":\"https:\/\/www.gaveanews.com\/wp-content\/uploads\/Jair-com-a-camisa-do-Santos.webp\",\"articleSection\":[\"Botafogo\",\"Santos\"],\"inLanguage\":\"pt-BR\",\"potentialAction\":[{\"@type\":\"CommentAction\",\"name\":\"Comment\",\"target\":[\"https:\/\/www.gaveanews.com\/index.php\/2024\/08\/23\/presidente-do-santos-emite-nota-oficial-sobre-o-futuro-de-jair\/#respond\"]}],\"copyrightYear\":\"2024\",\"copyrightHolder\":{\"@id\":\"https:\/\/www.gaveanews.com\/#organization\"}},{\"@type\":\"WebPage\",\"@id\":\"https:\/\/www.gaveanews.com\/index.php\/2024\/08\/23\/presidente-do-santos-emite-nota-oficial-sobre-o-futuro-de-jair\/\",\"url\":\"https:\/\/www.gaveanews.com\/index.php\/2024\/08\/23\/presidente-do-santos-emite-nota-oficial-sobre-o-futuro-de-jair\/\",\"name\":\"Presidente do Santos emite nota oficial sobre o futuro de Jair\",\"isPartOf\":{\"@id\":\"https:\/\/www.gaveanews.com\/#website\"},\"primaryImageOfPage\":{\"@id\":\"https:\/\/www.gaveanews.com\/index.php\/2024\/08\/23\/presidente-do-santos-emite-nota-oficial-sobre-o-futuro-de-jair\/#primaryimage\"},\"image\":{\"@id\":\"https:\/\/www.gaveanews.com\/index.php\/2024\/08\/23\/presidente-do-santos-emite-nota-oficial-sobre-o-futuro-de-jair\/#primaryimage\"},\"thumbnailUrl\":\"https:\/\/www.gaveanews.com\/wp-content\/uploads\/Jair-com-a-camisa-do-Santos.webp\",\"datePublished\":\"2024-08-23T17:00:00+00:00\",\"author\":{\"@id\":\"https:\/\/www.gaveanews.com\/#\/schema\/person\/2abf0cfa878f5f899daa5f781e82264c\"},\"breadcrumb\":{\"@id\":\"https:\/\/www.gaveanews.com\/index.php\/2024\/08\/23\/presidente-do-santos-emite-nota-oficial-sobre-o-futuro-de-jair\/#breadcrumb\"},\"inLanguage\":\"pt-BR\",\"potentialAction\":[{\"@type\":\"ReadAction\",\"target\":[\"https:\/\/www.gaveanews.com\/index.php\/2024\/08\/23\/presidente-do-santos-emite-nota-oficial-sobre-o-futuro-de-jair\/\"]}]},{\"@type\":\"ImageObject\",\"inLanguage\":\"pt-BR\",\"@id\":\"https:\/\/www.gaveanews.com\/index.php\/2024\/08\/23\/presidente-do-santos-emite-nota-oficial-sobre-o-futuro-de-jair\/#primaryimage\",\"url\":\"https:\/\/www.gaveanews.com\/wp-content\/uploads\/Jair-com-a-camisa-do-Santos.webp\",\"contentUrl\":\"https:\/\/www.gaveanews.com\/wp-content\/uploads\/Jair-com-a-camisa-do-Santos.webp\",\"width\":1280,\"height\":1600,\"caption\":\"Jair com a camisa do Santos (Foto: Reprodu\u00e7\u00e3o\/Santos)\"},{\"@type\":\"BreadcrumbList\",\"@id\":\"https:\/\/www.gaveanews.com\/index.php\/2024\/08\/23\/presidente-do-santos-emite-nota-oficial-sobre-o-futuro-de-jair\/#breadcrumb\",\"itemListElement\":[{\"@type\":\"ListItem\",\"position\":1,\"name\":\"Home\",\"item\":\"https:\/\/www.gaveanews.com\/\"},{\"@type\":\"ListItem\",\"position\":2,\"name\":\"Presidente do Santos emite nota oficial sobre o futuro de Jair\"}]},{\"@type\":\"WebSite\",\"@id\":\"https:\/\/www.gaveanews.com\/#website\",\"url\":\"https:\/\/www.gaveanews.com\/\",\"name\":\"G\u00e1vea News\",\"description\":\"Veja todas as not\u00edcias sobre o Flamengo: Contrata\u00e7\u00f5es, categorias de base, resultados das partidas, tabela de classifica\u00e7\u00e3o, pr\u00f3ximos jogos!\",\"potentialAction\":[{\"@type\":\"SearchAction\",\"target\":{\"@type\":\"EntryPoint\",\"urlTemplate\":\"https:\/\/www.gaveanews.com\/?s={search_term_string}\"},\"query-input\":{\"@type\":\"PropertyValueSpecification\",\"valueRequired\":true,\"valueName\":\"search_term_string\"}}],\"inLanguage\":\"pt-BR\"},{\"@type\":\"Person\",\"@id\":\"https:\/\/www.gaveanews.com\/#\/schema\/person\/2abf0cfa878f5f899daa5f781e82264c\",\"name\":\"Lucas Barros\",\"image\":{\"@type\":\"ImageObject\",\"inLanguage\":\"pt-BR\",\"@id\":\"https:\/\/www.gaveanews.com\/#\/schema\/person\/image\/\",\"url\":\"https:\/\/secure.gravatar.com\/avatar\/67a6069eba66bf6fd7c80b70e1331baa3dbc3d6df5012d5c22eff29c7d59e0b0?s=96&d=mm&r=g\",\"contentUrl\":\"https:\/\/secure.gravatar.com\/avatar\/67a6069eba66bf6fd7c80b70e1331baa3dbc3d6df5012d5c22eff29c7d59e0b0?s=96&d=mm&r=g\",\"caption\":\"Lucas Barros\"}}]}<\/script>\n<!-- \/ Yoast SEO Premium plugin. -->","yoast_head_json":{"title":"Presidente do Santos emite nota oficial sobre o futuro de Jair","robots":{"index":"index","follow":"follow","max-snippet":"max-snippet:-1","max-image-preview":"max-image-preview:large","max-video-preview":"max-video-preview:-1"},"canonical":"https:\/\/www.gaveanews.com\/index.php\/2024\/08\/23\/presidente-do-santos-emite-nota-oficial-sobre-o-futuro-de-jair\/","og_locale":"pt_BR","og_type":"article","og_title":"Presidente do Santos emite nota oficial sobre o futuro de Jair","og_description":"Santos recusa proposta do Botafogo por Jair e reafirma compromisso com a reestrutura\u00e7\u00e3o O Santos recusou a proposta do Botafogo pelo zagueiro Jair. Em suas redes sociais, o presidente do clube, Marcelo Teixeira, divulgou uma nota para comunicar a recusa da proposta e a perman\u00eancia do Menino da Vila. O mandat\u00e1rio afirmou que seu objetivo [&hellip;]","og_url":"https:\/\/www.gaveanews.com\/index.php\/2024\/08\/23\/presidente-do-santos-emite-nota-oficial-sobre-o-futuro-de-jair\/","og_site_name":"G\u00e1vea News","article_publisher":"https:\/\/facebook.com\/gaveaNews\/","article_published_time":"2024-08-23T17:00:00+00:00","og_image":[{"width":1280,"height":1600,"url":"https:\/\/www.gaveanews.com\/wp-content\/uploads\/Jair-com-a-camisa-do-Santos.webp","type":"image\/jpeg"}],"author":"Lucas Barros","twitter_card":"summary_large_image","twitter_misc":{"Escrito por":"Lucas Barros","Est. tempo de leitura":"5 minutos"},"schema":{"@context":"https:\/\/schema.org","@graph":[{"@type":"NewsArticle","@id":"https:\/\/www.gaveanews.com\/index.php\/2024\/08\/23\/presidente-do-santos-emite-nota-oficial-sobre-o-futuro-de-jair\/#article","isPartOf":{"@id":"https:\/\/www.gaveanews.com\/index.php\/2024\/08\/23\/presidente-do-santos-emite-nota-oficial-sobre-o-futuro-de-jair\/"},"author":{"name":"Lucas Barros","@id":"https:\/\/www.gaveanews.com\/#\/schema\/person\/2abf0cfa878f5f899daa5f781e82264c"},"headline":"Presidente do Santos emite nota oficial sobre o futuro de Jair","datePublished":"2024-08-23T17:00:00+00:00","mainEntityOfPage":{"@id":"https:\/\/www.gaveanews.com\/index.php\/2024\/08\/23\/presidente-do-santos-emite-nota-oficial-sobre-o-futuro-de-jair\/"},"wordCount":837,"commentCount":0,"image":{"@id":"https:\/\/www.gaveanews.com\/index.php\/2024\/08\/23\/presidente-do-santos-emite-nota-oficial-sobre-o-futuro-de-jair\/#primaryimage"},"thumbnailUrl":"https:\/\/www.gaveanews.com\/wp-content\/uploads\/Jair-com-a-camisa-do-Santos.webp","articleSection":["Botafogo","Santos"],"inLanguage":"pt-BR","potentialAction":[{"@type":"CommentAction","name":"Comment","target":["https:\/\/www.gaveanews.com\/index.php\/2024\/08\/23\/presidente-do-santos-emite-nota-oficial-sobre-o-futuro-de-jair\/#respond"]}],"copyrightYear":"2024","copyrightHolder":{"@id":"https:\/\/www.gaveanews.com\/#organization"}},{"@type":"WebPage","@id":"https:\/\/www.gaveanews.com\/index.php\/2024\/08\/23\/presidente-do-santos-emite-nota-oficial-sobre-o-futuro-de-jair\/","url":"https:\/\/www.gaveanews.com\/index.php\/2024\/08\/23\/presidente-do-santos-emite-nota-oficial-sobre-o-futuro-de-jair\/","name":"Presidente do Santos emite nota oficial sobre o futuro de Jair","isPartOf":{"@id":"https:\/\/www.gaveanews.com\/#website"},"primaryImageOfPage":{"@id":"https:\/\/www.gaveanews.com\/index.php\/2024\/08\/23\/presidente-do-santos-emite-nota-oficial-sobre-o-futuro-de-jair\/#primaryimage"},"image":{"@id":"https:\/\/www.gaveanews.com\/index.php\/2024\/08\/23\/presidente-do-santos-emite-nota-oficial-sobre-o-futuro-de-jair\/#primaryimage"},"thumbnailUrl":"https:\/\/www.gaveanews.com\/wp-content\/uploads\/Jair-com-a-camisa-do-Santos.webp","datePublished":"2024-08-23T17:00:00+00:00","author":{"@id":"https:\/\/www.gaveanews.com\/#\/schema\/person\/2abf0cfa878f5f899daa5f781e82264c"},"breadcrumb":{"@id":"https:\/\/www.gaveanews.com\/index.php\/2024\/08\/23\/presidente-do-santos-emite-nota-oficial-sobre-o-futuro-de-jair\/#breadcrumb"},"inLanguage":"pt-BR","potentialAction":[{"@type":"ReadAction","target":["https:\/\/www.gaveanews.com\/index.php\/2024\/08\/23\/presidente-do-santos-emite-nota-oficial-sobre-o-futuro-de-jair\/"]}]},{"@type":"ImageObject","inLanguage":"pt-BR","@id":"https:\/\/www.gaveanews.com\/index.php\/2024\/08\/23\/presidente-do-santos-emite-nota-oficial-sobre-o-futuro-de-jair\/#primaryimage","url":"https:\/\/www.gaveanews.com\/wp-content\/uploads\/Jair-com-a-camisa-do-Santos.webp","contentUrl":"https:\/\/www.gaveanews.com\/wp-content\/uploads\/Jair-com-a-camisa-do-Santos.webp","width":1280,"height":1600,"caption":"Jair com a camisa do Santos (Foto: Reprodu\u00e7\u00e3o\/Santos)"},{"@type":"BreadcrumbList","@id":"https:\/\/www.gaveanews.com\/index.php\/2024\/08\/23\/presidente-do-santos-emite-nota-oficial-sobre-o-futuro-de-jair\/#breadcrumb","itemListElement":[{"@type":"ListItem","position":1,"name":"Home","item":"https:\/\/www.gaveanews.com\/"},{"@type":"ListItem","position":2,"name":"Presidente do Santos emite nota oficial sobre o futuro de Jair"}]},{"@type":"WebSite","@id":"https:\/\/www.gaveanews.com\/#website","url":"https:\/\/www.gaveanews.com\/","name":"G\u00e1vea News","description":"Veja todas as not\u00edcias sobre o Flamengo: Contrata\u00e7\u00f5es, categorias de base, resultados das partidas, tabela de classifica\u00e7\u00e3o, pr\u00f3ximos jogos!","potentialAction":[{"@type":"SearchAction","target":{"@type":"EntryPoint","urlTemplate":"https:\/\/www.gaveanews.com\/?s={search_term_string}"},"query-input":{"@type":"PropertyValueSpecification","valueRequired":true,"valueName":"search_term_string"}}],"inLanguage":"pt-BR"},{"@type":"Person","@id":"https:\/\/www.gaveanews.com\/#\/schema\/person\/2abf0cfa878f5f899daa5f781e82264c","name":"Lucas Barros","image":{"@type":"ImageObject","inLanguage":"pt-BR","@id":"https:\/\/www.gaveanews.com\/#\/schema\/person\/image\/","url":"https:\/\/secure.gravatar.com\/avatar\/67a6069eba66bf6fd7c80b70e1331baa3dbc3d6df5012d5c22eff29c7d59e0b0?s=96&d=mm&r=g","contentUrl":"https:\/\/secure.gravatar.com\/avatar\/67a6069eba66bf6fd7c80b70e1331baa3dbc3d6df5012d5c22eff29c7d59e0b0?s=96&d=mm&r=g","caption":"Lucas Barros"}}]}},"_links":{"self":[{"href":"https:\/\/www.gaveanews.com\/index.php\/wp-json\/wp\/v2\/posts\/160721","targetHints":{"allow":["GET"]}}],"collection":[{"href":"https:\/\/www.gaveanews.com\/index.php\/wp-json\/wp\/v2\/posts"}],"about":[{"href":"https:\/\/www.gaveanews.com\/index.php\/wp-json\/wp\/v2\/types\/post"}],"author":[{"embeddable":true,"href":"https:\/\/www.gaveanews.com\/index.php\/wp-json\/wp\/v2\/users\/20"}],"replies":[{"embeddable":true,"href":"https:\/\/www.gaveanews.com\/index.php\/wp-json\/wp\/v2\/comments?post=160721"}],"version-history":[{"count":2,"href":"https:\/\/www.gaveanews.com\/index.php\/wp-json\/wp\/v2\/posts\/160721\/revisions"}],"predecessor-version":[{"id":160771,"href":"https:\/\/www.gaveanews.com\/index.php\/wp-json\/wp\/v2\/posts\/160721\/revisions\/160771"}],"wp:featuredmedia":[{"embeddable":true,"href":"https:\/\/www.gaveanews.com\/index.php\/wp-json\/wp\/v2\/media\/150813"}],"wp:attachment":[{"href":"https:\/\/www.gaveanews.com\/index.php\/wp-json\/wp\/v2\/media?parent=160721"}],"wp:term":[{"taxonomy":"category","embeddable":true,"href":"https:\/\/www.gaveanews.com\/index.php\/wp-json\/wp\/v2\/categories?post=160721"},{"taxonomy":"post_tag","embeddable":true,"href":"https:\/\/www.gaveanews.com\/index.php\/wp-json\/wp\/v2\/tags?post=160721"}],"curies":[{"name":"wp","href":"https:\/\/api.w.org\/{rel}","templated":true}]}}