{"id":160936,"date":"2024-08-24T19:24:57","date_gmt":"2024-08-24T22:24:57","guid":{"rendered":"https:\/\/www.gaveanews.com\/?p=160936"},"modified":"2024-08-24T19:24:58","modified_gmt":"2024-08-24T22:24:58","slug":"santos-x-amazonas-carille-ganha-reforco","status":"publish","type":"post","link":"https:\/\/www.gaveanews.com\/index.php\/2024\/08\/24\/santos-x-amazonas-carille-ganha-reforco\/","title":{"rendered":"Santos x Amazonas: Carille ganha &#8216;refor\u00e7o&#8217;"},"content":{"rendered":"\n<h2 class=\"wp-block-heading\" id=\"h-giuliano-retorna-ao-time-e-carille-promove-ajustes-no-elenco-para-a-23\u00aa-rodada-da-serie-b\">Giuliano retorna ao time e Carille promove ajustes no elenco para a 23\u00aa rodada da S\u00e9rie B<\/h2>\n\n\n\n<p>O Santos encerrou, nesta sexta-feira (23), os preparativos para o confronto contra o Amazonas, v\u00e1lido pela 23\u00aa rodada da S\u00e9rie B. Durante o treino realizado pela manh\u00e3, o t\u00e9cnico F\u00e1bio Carille fez os \u00faltimos ajustes na equipe, que contar\u00e1 com a volta importante de Giuliano ao meio-campo.<\/p>\n\n\n\n<ul class=\"wp-block-list\">\n<li><a href=\"https:\/\/www.gaveanews.com\/index.php\/2024\/08\/24\/santos-x-amazonas-novo-atacante-pode-estrear-pelo-peixe\/\">Santos x Amazonas: novo atacante pode estrear pelo Peixe<\/a><\/li>\n\n\n\n<li><a href=\"https:\/\/www.gaveanews.com\/index.php\/2024\/08\/23\/presidente-do-santos-emite-nota-oficial-sobre-o-futuro-de-jair\/\">Presidente do Santos emite nota oficial sobre o futuro de Jair<\/a><\/li>\n<\/ul>\n\n\n\n<p>Recuperado de duas les\u00f5es musculares consecutivas na coxa, o meia Giuliano treinou normalmente com os titulares e est\u00e1 preparado para retornar ap\u00f3s ficar de fora dos \u00faltimos cinco jogos. Al\u00e9m dele, Carille deve realizar outras mudan\u00e7as na equipe titular para o confronto.<\/p>\n\n\n\n<p>Com as suspens\u00f5es dos laterais-direitos JP Chermont e Hayner, Rodrigo Ferreira foi testado entre os titulares e deve come\u00e7ar jogando. Outras poss\u00edveis altera\u00e7\u00f5es incluem a entrada de Sandry no meio-campo, no lugar de Diego Pituca, e a poss\u00edvel estreia de Wendel Silva como centroavante, substituindo Julio Furch, dependendo de sua condi\u00e7\u00e3o f\u00edsica.<\/p>\n\n\n\n<p>Otero tamb\u00e9m \u00e9 esperado de volta \u00e0 titularidade ap\u00f3s ser reserva contra o Guarani, j\u00e1 que Pedrinho, titular na \u00faltima partida, est\u00e1 suspenso. O atacante Willian Bigode \u00e9 outro desfalque devido a dores no joelho direito.<\/p>\n\n\n\n<p>Durante a sess\u00e3o de treinamento, a equipe santista trabalhou aspectos f\u00edsicos, t\u00e1ticos e jogadas ensaiadas de bola parada. O Santos entrar\u00e1 em campo na Vila Viva Sorte neste s\u00e1bado (24), \u00e0s 21h, buscando uma vit\u00f3ria para subir na tabela da competi\u00e7\u00e3o.<\/p>\n\n\n\n<p><strong>Prov\u00e1vel escala\u00e7\u00e3o do Santos<\/strong>: Gabriel Braz\u00e3o; Rodrigo Ferreira, Jair, Gil e Escobar; Jo\u00e3o Schmidt, Sandry (Diego Pituca) e Giuliano; Otero, Guilherme e Wendel Silva (Julio Furch).<\/p>\n","protected":false},"excerpt":{"rendered":"<p>Giuliano retorna ao time e Carille promove ajustes no elenco para a 23\u00aa rodada da S\u00e9rie B O Santos encerrou, nesta sexta-feira (23), os preparativos para o confronto contra o Amazonas, v\u00e1lido pela 23\u00aa rodada da S\u00e9rie B. Durante o treino realizado pela manh\u00e3, o t\u00e9cnico F\u00e1bio Carille fez os \u00faltimos ajustes na equipe, que [&hellip;]<\/p>\n","protected":false},"author":20,"featured_media":153909,"comment_status":"open","ping_status":"closed","sticky":false,"template":"","format":"standard","meta":{"footnotes":""},"categories":[139],"tags":[],"class_list":["post-160936","post","type-post","status-publish","format-standard","has-post-thumbnail","hentry","category-santos"],"yoast_head":"<!-- This site is optimized with the Yoast SEO Premium plugin v24.2 (Yoast SEO v26.9) - https:\/\/yoast.com\/product\/yoast-seo-premium-wordpress\/ -->\n<title>Santos x Amazonas: Carille ganha &#039;refor\u00e7o&#039;<\/title>\n<meta name=\"robots\" content=\"index, follow, max-snippet:-1, max-image-preview:large, max-video-preview:-1\" \/>\n<link rel=\"canonical\" href=\"https:\/\/www.gaveanews.com\/index.php\/2024\/08\/24\/santos-x-amazonas-carille-ganha-reforco\/\" \/>\n<meta property=\"og:locale\" content=\"pt_BR\" \/>\n<meta property=\"og:type\" content=\"article\" \/>\n<meta property=\"og:title\" content=\"Santos x Amazonas: Carille ganha &#039;refor\u00e7o&#039;\" \/>\n<meta property=\"og:description\" content=\"Giuliano retorna ao time e Carille promove ajustes no elenco para a 23\u00aa rodada da S\u00e9rie B O Santos encerrou, nesta sexta-feira (23), os preparativos para o confronto contra o Amazonas, v\u00e1lido pela 23\u00aa rodada da S\u00e9rie B. Durante o treino realizado pela manh\u00e3, o t\u00e9cnico F\u00e1bio Carille fez os \u00faltimos ajustes na equipe, que [&hellip;]\" \/>\n<meta property=\"og:url\" content=\"https:\/\/www.gaveanews.com\/index.php\/2024\/08\/24\/santos-x-amazonas-carille-ganha-reforco\/\" \/>\n<meta property=\"og:site_name\" content=\"G\u00e1vea News\" \/>\n<meta property=\"article:publisher\" content=\"https:\/\/facebook.com\/gaveaNews\/\" \/>\n<meta property=\"article:published_time\" content=\"2024-08-24T22:24:57+00:00\" \/>\n<meta property=\"article:modified_time\" content=\"2024-08-24T22:24:58+00:00\" \/>\n<meta property=\"og:image\" content=\"https:\/\/www.gaveanews.com\/wp-content\/uploads\/Giuliano-Victor-de-Paula-com-a-camisa-do-Santos-em-2024.webp\" \/>\n\t<meta property=\"og:image:width\" content=\"1600\" \/>\n\t<meta property=\"og:image:height\" content=\"1122\" \/>\n\t<meta property=\"og:image:type\" content=\"image\/jpeg\" \/>\n<meta name=\"author\" content=\"Lucas Barros\" \/>\n<meta name=\"twitter:card\" content=\"summary_large_image\" \/>\n<meta name=\"twitter:label1\" content=\"Escrito por\" \/>\n\t<meta name=\"twitter:data1\" content=\"Lucas Barros\" \/>\n\t<meta name=\"twitter:label2\" content=\"Est. tempo de leitura\" \/>\n\t<meta name=\"twitter:data2\" content=\"2 minutos\" \/>\n<script type=\"application\/ld+json\" class=\"yoast-schema-graph\">{\"@context\":\"https:\/\/schema.org\",\"@graph\":[{\"@type\":\"NewsArticle\",\"@id\":\"https:\/\/www.gaveanews.com\/index.php\/2024\/08\/24\/santos-x-amazonas-carille-ganha-reforco\/#article\",\"isPartOf\":{\"@id\":\"https:\/\/www.gaveanews.com\/index.php\/2024\/08\/24\/santos-x-amazonas-carille-ganha-reforco\/\"},\"author\":{\"name\":\"Lucas Barros\",\"@id\":\"https:\/\/www.gaveanews.com\/#\/schema\/person\/2abf0cfa878f5f899daa5f781e82264c\"},\"headline\":\"Santos x Amazonas: Carille ganha &#8216;refor\u00e7o&#8217;\",\"datePublished\":\"2024-08-24T22:24:57+00:00\",\"dateModified\":\"2024-08-24T22:24:58+00:00\",\"mainEntityOfPage\":{\"@id\":\"https:\/\/www.gaveanews.com\/index.php\/2024\/08\/24\/santos-x-amazonas-carille-ganha-reforco\/\"},\"wordCount\":309,\"commentCount\":0,\"image\":{\"@id\":\"https:\/\/www.gaveanews.com\/index.php\/2024\/08\/24\/santos-x-amazonas-carille-ganha-reforco\/#primaryimage\"},\"thumbnailUrl\":\"https:\/\/www.gaveanews.com\/wp-content\/uploads\/Giuliano-Victor-de-Paula-com-a-camisa-do-Santos-em-2024.webp\",\"articleSection\":[\"Santos\"],\"inLanguage\":\"pt-BR\",\"potentialAction\":[{\"@type\":\"CommentAction\",\"name\":\"Comment\",\"target\":[\"https:\/\/www.gaveanews.com\/index.php\/2024\/08\/24\/santos-x-amazonas-carille-ganha-reforco\/#respond\"]}],\"copyrightYear\":\"2024\",\"copyrightHolder\":{\"@id\":\"https:\/\/www.gaveanews.com\/#organization\"}},{\"@type\":\"WebPage\",\"@id\":\"https:\/\/www.gaveanews.com\/index.php\/2024\/08\/24\/santos-x-amazonas-carille-ganha-reforco\/\",\"url\":\"https:\/\/www.gaveanews.com\/index.php\/2024\/08\/24\/santos-x-amazonas-carille-ganha-reforco\/\",\"name\":\"Santos x Amazonas: Carille ganha 'refor\u00e7o'\",\"isPartOf\":{\"@id\":\"https:\/\/www.gaveanews.com\/#website\"},\"primaryImageOfPage\":{\"@id\":\"https:\/\/www.gaveanews.com\/index.php\/2024\/08\/24\/santos-x-amazonas-carille-ganha-reforco\/#primaryimage\"},\"image\":{\"@id\":\"https:\/\/www.gaveanews.com\/index.php\/2024\/08\/24\/santos-x-amazonas-carille-ganha-reforco\/#primaryimage\"},\"thumbnailUrl\":\"https:\/\/www.gaveanews.com\/wp-content\/uploads\/Giuliano-Victor-de-Paula-com-a-camisa-do-Santos-em-2024.webp\",\"datePublished\":\"2024-08-24T22:24:57+00:00\",\"dateModified\":\"2024-08-24T22:24:58+00:00\",\"author\":{\"@id\":\"https:\/\/www.gaveanews.com\/#\/schema\/person\/2abf0cfa878f5f899daa5f781e82264c\"},\"breadcrumb\":{\"@id\":\"https:\/\/www.gaveanews.com\/index.php\/2024\/08\/24\/santos-x-amazonas-carille-ganha-reforco\/#breadcrumb\"},\"inLanguage\":\"pt-BR\",\"potentialAction\":[{\"@type\":\"ReadAction\",\"target\":[\"https:\/\/www.gaveanews.com\/index.php\/2024\/08\/24\/santos-x-amazonas-carille-ganha-reforco\/\"]}]},{\"@type\":\"ImageObject\",\"inLanguage\":\"pt-BR\",\"@id\":\"https:\/\/www.gaveanews.com\/index.php\/2024\/08\/24\/santos-x-amazonas-carille-ganha-reforco\/#primaryimage\",\"url\":\"https:\/\/www.gaveanews.com\/wp-content\/uploads\/Giuliano-Victor-de-Paula-com-a-camisa-do-Santos-em-2024.webp\",\"contentUrl\":\"https:\/\/www.gaveanews.com\/wp-content\/uploads\/Giuliano-Victor-de-Paula-com-a-camisa-do-Santos-em-2024.webp\",\"width\":1600,\"height\":1122,\"caption\":\"Giuliano Victor de Paula com a camisa do Santos em 2024 (Foto: Reprodu\u00e7\u00e3o\/Santos)\"},{\"@type\":\"BreadcrumbList\",\"@id\":\"https:\/\/www.gaveanews.com\/index.php\/2024\/08\/24\/santos-x-amazonas-carille-ganha-reforco\/#breadcrumb\",\"itemListElement\":[{\"@type\":\"ListItem\",\"position\":1,\"name\":\"Home\",\"item\":\"https:\/\/www.gaveanews.com\/\"},{\"@type\":\"ListItem\",\"position\":2,\"name\":\"Santos x Amazonas: Carille ganha &#8216;refor\u00e7o&#8217;\"}]},{\"@type\":\"WebSite\",\"@id\":\"https:\/\/www.gaveanews.com\/#website\",\"url\":\"https:\/\/www.gaveanews.com\/\",\"name\":\"G\u00e1vea News\",\"description\":\"Veja todas as not\u00edcias sobre o Flamengo: Contrata\u00e7\u00f5es, categorias de base, resultados das partidas, tabela de classifica\u00e7\u00e3o, pr\u00f3ximos jogos!\",\"potentialAction\":[{\"@type\":\"SearchAction\",\"target\":{\"@type\":\"EntryPoint\",\"urlTemplate\":\"https:\/\/www.gaveanews.com\/?s={search_term_string}\"},\"query-input\":{\"@type\":\"PropertyValueSpecification\",\"valueRequired\":true,\"valueName\":\"search_term_string\"}}],\"inLanguage\":\"pt-BR\"},{\"@type\":\"Person\",\"@id\":\"https:\/\/www.gaveanews.com\/#\/schema\/person\/2abf0cfa878f5f899daa5f781e82264c\",\"name\":\"Lucas Barros\",\"image\":{\"@type\":\"ImageObject\",\"inLanguage\":\"pt-BR\",\"@id\":\"https:\/\/www.gaveanews.com\/#\/schema\/person\/image\/\",\"url\":\"https:\/\/secure.gravatar.com\/avatar\/67a6069eba66bf6fd7c80b70e1331baa3dbc3d6df5012d5c22eff29c7d59e0b0?s=96&d=mm&r=g\",\"contentUrl\":\"https:\/\/secure.gravatar.com\/avatar\/67a6069eba66bf6fd7c80b70e1331baa3dbc3d6df5012d5c22eff29c7d59e0b0?s=96&d=mm&r=g\",\"caption\":\"Lucas Barros\"}}]}<\/script>\n<!-- \/ Yoast SEO Premium plugin. -->","yoast_head_json":{"title":"Santos x Amazonas: Carille ganha 'refor\u00e7o'","robots":{"index":"index","follow":"follow","max-snippet":"max-snippet:-1","max-image-preview":"max-image-preview:large","max-video-preview":"max-video-preview:-1"},"canonical":"https:\/\/www.gaveanews.com\/index.php\/2024\/08\/24\/santos-x-amazonas-carille-ganha-reforco\/","og_locale":"pt_BR","og_type":"article","og_title":"Santos x Amazonas: Carille ganha 'refor\u00e7o'","og_description":"Giuliano retorna ao time e Carille promove ajustes no elenco para a 23\u00aa rodada da S\u00e9rie B O Santos encerrou, nesta sexta-feira (23), os preparativos para o confronto contra o Amazonas, v\u00e1lido pela 23\u00aa rodada da S\u00e9rie B. Durante o treino realizado pela manh\u00e3, o t\u00e9cnico F\u00e1bio Carille fez os \u00faltimos ajustes na equipe, que [&hellip;]","og_url":"https:\/\/www.gaveanews.com\/index.php\/2024\/08\/24\/santos-x-amazonas-carille-ganha-reforco\/","og_site_name":"G\u00e1vea News","article_publisher":"https:\/\/facebook.com\/gaveaNews\/","article_published_time":"2024-08-24T22:24:57+00:00","article_modified_time":"2024-08-24T22:24:58+00:00","og_image":[{"width":1600,"height":1122,"url":"https:\/\/www.gaveanews.com\/wp-content\/uploads\/Giuliano-Victor-de-Paula-com-a-camisa-do-Santos-em-2024.webp","type":"image\/jpeg"}],"author":"Lucas Barros","twitter_card":"summary_large_image","twitter_misc":{"Escrito por":"Lucas Barros","Est. tempo de leitura":"2 minutos"},"schema":{"@context":"https:\/\/schema.org","@graph":[{"@type":"NewsArticle","@id":"https:\/\/www.gaveanews.com\/index.php\/2024\/08\/24\/santos-x-amazonas-carille-ganha-reforco\/#article","isPartOf":{"@id":"https:\/\/www.gaveanews.com\/index.php\/2024\/08\/24\/santos-x-amazonas-carille-ganha-reforco\/"},"author":{"name":"Lucas Barros","@id":"https:\/\/www.gaveanews.com\/#\/schema\/person\/2abf0cfa878f5f899daa5f781e82264c"},"headline":"Santos x Amazonas: Carille ganha &#8216;refor\u00e7o&#8217;","datePublished":"2024-08-24T22:24:57+00:00","dateModified":"2024-08-24T22:24:58+00:00","mainEntityOfPage":{"@id":"https:\/\/www.gaveanews.com\/index.php\/2024\/08\/24\/santos-x-amazonas-carille-ganha-reforco\/"},"wordCount":309,"commentCount":0,"image":{"@id":"https:\/\/www.gaveanews.com\/index.php\/2024\/08\/24\/santos-x-amazonas-carille-ganha-reforco\/#primaryimage"},"thumbnailUrl":"https:\/\/www.gaveanews.com\/wp-content\/uploads\/Giuliano-Victor-de-Paula-com-a-camisa-do-Santos-em-2024.webp","articleSection":["Santos"],"inLanguage":"pt-BR","potentialAction":[{"@type":"CommentAction","name":"Comment","target":["https:\/\/www.gaveanews.com\/index.php\/2024\/08\/24\/santos-x-amazonas-carille-ganha-reforco\/#respond"]}],"copyrightYear":"2024","copyrightHolder":{"@id":"https:\/\/www.gaveanews.com\/#organization"}},{"@type":"WebPage","@id":"https:\/\/www.gaveanews.com\/index.php\/2024\/08\/24\/santos-x-amazonas-carille-ganha-reforco\/","url":"https:\/\/www.gaveanews.com\/index.php\/2024\/08\/24\/santos-x-amazonas-carille-ganha-reforco\/","name":"Santos x Amazonas: Carille ganha 'refor\u00e7o'","isPartOf":{"@id":"https:\/\/www.gaveanews.com\/#website"},"primaryImageOfPage":{"@id":"https:\/\/www.gaveanews.com\/index.php\/2024\/08\/24\/santos-x-amazonas-carille-ganha-reforco\/#primaryimage"},"image":{"@id":"https:\/\/www.gaveanews.com\/index.php\/2024\/08\/24\/santos-x-amazonas-carille-ganha-reforco\/#primaryimage"},"thumbnailUrl":"https:\/\/www.gaveanews.com\/wp-content\/uploads\/Giuliano-Victor-de-Paula-com-a-camisa-do-Santos-em-2024.webp","datePublished":"2024-08-24T22:24:57+00:00","dateModified":"2024-08-24T22:24:58+00:00","author":{"@id":"https:\/\/www.gaveanews.com\/#\/schema\/person\/2abf0cfa878f5f899daa5f781e82264c"},"breadcrumb":{"@id":"https:\/\/www.gaveanews.com\/index.php\/2024\/08\/24\/santos-x-amazonas-carille-ganha-reforco\/#breadcrumb"},"inLanguage":"pt-BR","potentialAction":[{"@type":"ReadAction","target":["https:\/\/www.gaveanews.com\/index.php\/2024\/08\/24\/santos-x-amazonas-carille-ganha-reforco\/"]}]},{"@type":"ImageObject","inLanguage":"pt-BR","@id":"https:\/\/www.gaveanews.com\/index.php\/2024\/08\/24\/santos-x-amazonas-carille-ganha-reforco\/#primaryimage","url":"https:\/\/www.gaveanews.com\/wp-content\/uploads\/Giuliano-Victor-de-Paula-com-a-camisa-do-Santos-em-2024.webp","contentUrl":"https:\/\/www.gaveanews.com\/wp-content\/uploads\/Giuliano-Victor-de-Paula-com-a-camisa-do-Santos-em-2024.webp","width":1600,"height":1122,"caption":"Giuliano Victor de Paula com a camisa do Santos em 2024 (Foto: Reprodu\u00e7\u00e3o\/Santos)"},{"@type":"BreadcrumbList","@id":"https:\/\/www.gaveanews.com\/index.php\/2024\/08\/24\/santos-x-amazonas-carille-ganha-reforco\/#breadcrumb","itemListElement":[{"@type":"ListItem","position":1,"name":"Home","item":"https:\/\/www.gaveanews.com\/"},{"@type":"ListItem","position":2,"name":"Santos x Amazonas: Carille ganha &#8216;refor\u00e7o&#8217;"}]},{"@type":"WebSite","@id":"https:\/\/www.gaveanews.com\/#website","url":"https:\/\/www.gaveanews.com\/","name":"G\u00e1vea News","description":"Veja todas as not\u00edcias sobre o Flamengo: Contrata\u00e7\u00f5es, categorias de base, resultados das partidas, tabela de classifica\u00e7\u00e3o, pr\u00f3ximos jogos!","potentialAction":[{"@type":"SearchAction","target":{"@type":"EntryPoint","urlTemplate":"https:\/\/www.gaveanews.com\/?s={search_term_string}"},"query-input":{"@type":"PropertyValueSpecification","valueRequired":true,"valueName":"search_term_string"}}],"inLanguage":"pt-BR"},{"@type":"Person","@id":"https:\/\/www.gaveanews.com\/#\/schema\/person\/2abf0cfa878f5f899daa5f781e82264c","name":"Lucas Barros","image":{"@type":"ImageObject","inLanguage":"pt-BR","@id":"https:\/\/www.gaveanews.com\/#\/schema\/person\/image\/","url":"https:\/\/secure.gravatar.com\/avatar\/67a6069eba66bf6fd7c80b70e1331baa3dbc3d6df5012d5c22eff29c7d59e0b0?s=96&d=mm&r=g","contentUrl":"https:\/\/secure.gravatar.com\/avatar\/67a6069eba66bf6fd7c80b70e1331baa3dbc3d6df5012d5c22eff29c7d59e0b0?s=96&d=mm&r=g","caption":"Lucas Barros"}}]}},"_links":{"self":[{"href":"https:\/\/www.gaveanews.com\/index.php\/wp-json\/wp\/v2\/posts\/160936","targetHints":{"allow":["GET"]}}],"collection":[{"href":"https:\/\/www.gaveanews.com\/index.php\/wp-json\/wp\/v2\/posts"}],"about":[{"href":"https:\/\/www.gaveanews.com\/index.php\/wp-json\/wp\/v2\/types\/post"}],"author":[{"embeddable":true,"href":"https:\/\/www.gaveanews.com\/index.php\/wp-json\/wp\/v2\/users\/20"}],"replies":[{"embeddable":true,"href":"https:\/\/www.gaveanews.com\/index.php\/wp-json\/wp\/v2\/comments?post=160936"}],"version-history":[{"count":1,"href":"https:\/\/www.gaveanews.com\/index.php\/wp-json\/wp\/v2\/posts\/160936\/revisions"}],"predecessor-version":[{"id":160937,"href":"https:\/\/www.gaveanews.com\/index.php\/wp-json\/wp\/v2\/posts\/160936\/revisions\/160937"}],"wp:featuredmedia":[{"embeddable":true,"href":"https:\/\/www.gaveanews.com\/index.php\/wp-json\/wp\/v2\/media\/153909"}],"wp:attachment":[{"href":"https:\/\/www.gaveanews.com\/index.php\/wp-json\/wp\/v2\/media?parent=160936"}],"wp:term":[{"taxonomy":"category","embeddable":true,"href":"https:\/\/www.gaveanews.com\/index.php\/wp-json\/wp\/v2\/categories?post=160936"},{"taxonomy":"post_tag","embeddable":true,"href":"https:\/\/www.gaveanews.com\/index.php\/wp-json\/wp\/v2\/tags?post=160936"}],"curies":[{"name":"wp","href":"https:\/\/api.w.org\/{rel}","templated":true}]}}