{"id":160940,"date":"2024-08-24T19:25:31","date_gmt":"2024-08-24T22:25:31","guid":{"rendered":"https:\/\/www.gaveanews.com\/?p=160940"},"modified":"2024-08-24T19:25:33","modified_gmt":"2024-08-24T22:25:33","slug":"trio-do-santos-e-convocado-para-a-selecao","status":"publish","type":"post","link":"https:\/\/www.gaveanews.com\/index.php\/2024\/08\/24\/trio-do-santos-e-convocado-para-a-selecao\/","title":{"rendered":"Trio do Santos \u00e9 convocado para a sele\u00e7\u00e3o"},"content":{"rendered":"\n<h2 class=\"wp-block-heading\" id=\"h-marcelo-torrez-miguelito-e-enzo-monteiro-sao-chamados-para-as-eliminatorias-da-copa-do-mundo-de-2026\">Marcelo Torrez, Miguelito e Enzo Monteiro s\u00e3o chamados para as Eliminat\u00f3rias da Copa do Mundo de 2026<\/h2>\n\n\n\n<p>O Santos FC ter\u00e1 tr\u00eas de seus jovens talentos representando a Bol\u00edvia nas Eliminat\u00f3rias para a Copa do Mundo de 2026. <\/p>\n\n\n\n<ul class=\"wp-block-list\">\n<li><a href=\"https:\/\/www.gaveanews.com\/index.php\/2024\/08\/23\/presidente-do-santos-emite-nota-oficial-sobre-o-futuro-de-jair\/\">Presidente do Santos emite nota oficial sobre o futuro de Jair<\/a><\/li>\n\n\n\n<li><a href=\"https:\/\/www.gaveanews.com\/index.php\/2024\/08\/22\/santos-tera-tres-desfalques-diante-do-amazonas\/\">Santos ter\u00e1 tr\u00eas desfalques diante do Amazonas<\/a><\/li>\n<\/ul>\n\n\n\n<p>O zagueiro Marcelo Torrez, o meia Miguelito e o atacante Enzo Monteiro, todos atuando pela equipe Sub-20 do Santos, foram convocados para defender a sele\u00e7\u00e3o boliviana.<\/p>\n\n\n\n<p>Marcelo Torrez, que recentemente participou de um per\u00edodo de treinamentos com a Sele\u00e7\u00e3o Boliviana Sub-19 em Cochabamba, tem mostrado seu potencial desde 2022, quando come\u00e7ou a ser chamado para a sele\u00e7\u00e3o Sub-17. <\/p>\n\n\n\n<p>O jovem defensor, nascido em 2006, assinou seu primeiro contrato com o Santos h\u00e1 pouco mais de um m\u00eas, ap\u00f3s completar 18 anos, com v\u00ednculo at\u00e9 janeiro de 2025 e op\u00e7\u00e3o de renova\u00e7\u00e3o.<\/p>\n\n\n\n<p>Assim como Torrez, Miguelito e Enzo Monteiro tamb\u00e9m vieram do Projeto Bol\u00edvia 2022 e precisaram aguardar a maioridade para formalizar seus contratos com o Santos. <\/p>\n\n\n\n<p>Miguelito tem sido uma presen\u00e7a constante nas convoca\u00e7\u00f5es para a sele\u00e7\u00e3o boliviana, participando inclusive da \u00faltima Copa Am\u00e9rica Sub-20. J\u00e1 Enzo Monteiro, apesar de algumas oscila\u00e7\u00f5es, tamb\u00e9m tem sido lembrado e chegou a estar na pr\u00e9-lista para a competi\u00e7\u00e3o continental.<\/p>\n\n\n\n<p>A Bol\u00edvia enfrentar\u00e1 a Venezuela no dia 5 de setembro, em casa, e o Chile no dia 10, fora de casa, nas pr\u00f3ximas rodadas das Eliminat\u00f3rias. Com a convoca\u00e7\u00e3o dos jovens talentos santistas, a sele\u00e7\u00e3o boliviana espera fortalecer seu elenco na busca por uma vaga na Copa do Mundo de 2026.<\/p>\n","protected":false},"excerpt":{"rendered":"<p>Marcelo Torrez, Miguelito e Enzo Monteiro s\u00e3o chamados para as Eliminat\u00f3rias da Copa do Mundo de 2026 O Santos FC ter\u00e1 tr\u00eas de seus jovens talentos representando a Bol\u00edvia nas Eliminat\u00f3rias para a Copa do Mundo de 2026. O zagueiro Marcelo Torrez, o meia Miguelito e o atacante Enzo Monteiro, todos atuando pela equipe Sub-20 [&hellip;]<\/p>\n","protected":false},"author":20,"featured_media":147627,"comment_status":"open","ping_status":"closed","sticky":false,"template":"","format":"standard","meta":{"footnotes":""},"categories":[139],"tags":[],"class_list":["post-160940","post","type-post","status-publish","format-standard","has-post-thumbnail","hentry","category-santos"],"yoast_head":"<!-- This site is optimized with the Yoast SEO Premium plugin v24.2 (Yoast SEO v26.9) - https:\/\/yoast.com\/product\/yoast-seo-premium-wordpress\/ -->\n<title>Trio do Santos \u00e9 convocado para a sele\u00e7\u00e3o<\/title>\n<meta name=\"robots\" content=\"index, follow, max-snippet:-1, max-image-preview:large, max-video-preview:-1\" \/>\n<link rel=\"canonical\" href=\"https:\/\/www.gaveanews.com\/index.php\/2024\/08\/24\/trio-do-santos-e-convocado-para-a-selecao\/\" \/>\n<meta property=\"og:locale\" content=\"pt_BR\" \/>\n<meta property=\"og:type\" content=\"article\" \/>\n<meta property=\"og:title\" content=\"Trio do Santos \u00e9 convocado para a sele\u00e7\u00e3o\" \/>\n<meta property=\"og:description\" content=\"Marcelo Torrez, Miguelito e Enzo Monteiro s\u00e3o chamados para as Eliminat\u00f3rias da Copa do Mundo de 2026 O Santos FC ter\u00e1 tr\u00eas de seus jovens talentos representando a Bol\u00edvia nas Eliminat\u00f3rias para a Copa do Mundo de 2026. O zagueiro Marcelo Torrez, o meia Miguelito e o atacante Enzo Monteiro, todos atuando pela equipe Sub-20 [&hellip;]\" \/>\n<meta property=\"og:url\" content=\"https:\/\/www.gaveanews.com\/index.php\/2024\/08\/24\/trio-do-santos-e-convocado-para-a-selecao\/\" \/>\n<meta property=\"og:site_name\" content=\"G\u00e1vea News\" \/>\n<meta property=\"article:publisher\" content=\"https:\/\/facebook.com\/gaveaNews\/\" \/>\n<meta property=\"article:published_time\" content=\"2024-08-24T22:25:31+00:00\" \/>\n<meta property=\"article:modified_time\" content=\"2024-08-24T22:25:33+00:00\" \/>\n<meta property=\"og:image\" content=\"https:\/\/www.gaveanews.com\/wp-content\/uploads\/Miguelito-durante-treino-do-Santos.webp\" \/>\n\t<meta property=\"og:image:width\" content=\"819\" \/>\n\t<meta property=\"og:image:height\" content=\"1024\" \/>\n\t<meta property=\"og:image:type\" content=\"image\/jpeg\" \/>\n<meta name=\"author\" content=\"Lucas Barros\" \/>\n<meta name=\"twitter:card\" content=\"summary_large_image\" \/>\n<meta name=\"twitter:label1\" content=\"Escrito por\" \/>\n\t<meta name=\"twitter:data1\" content=\"Lucas Barros\" \/>\n\t<meta name=\"twitter:label2\" content=\"Est. tempo de leitura\" \/>\n\t<meta name=\"twitter:data2\" content=\"2 minutos\" \/>\n<script type=\"application\/ld+json\" class=\"yoast-schema-graph\">{\"@context\":\"https:\/\/schema.org\",\"@graph\":[{\"@type\":\"NewsArticle\",\"@id\":\"https:\/\/www.gaveanews.com\/index.php\/2024\/08\/24\/trio-do-santos-e-convocado-para-a-selecao\/#article\",\"isPartOf\":{\"@id\":\"https:\/\/www.gaveanews.com\/index.php\/2024\/08\/24\/trio-do-santos-e-convocado-para-a-selecao\/\"},\"author\":{\"name\":\"Lucas Barros\",\"@id\":\"https:\/\/www.gaveanews.com\/#\/schema\/person\/2abf0cfa878f5f899daa5f781e82264c\"},\"headline\":\"Trio do Santos \u00e9 convocado para a sele\u00e7\u00e3o\",\"datePublished\":\"2024-08-24T22:25:31+00:00\",\"dateModified\":\"2024-08-24T22:25:33+00:00\",\"mainEntityOfPage\":{\"@id\":\"https:\/\/www.gaveanews.com\/index.php\/2024\/08\/24\/trio-do-santos-e-convocado-para-a-selecao\/\"},\"wordCount\":292,\"commentCount\":0,\"image\":{\"@id\":\"https:\/\/www.gaveanews.com\/index.php\/2024\/08\/24\/trio-do-santos-e-convocado-para-a-selecao\/#primaryimage\"},\"thumbnailUrl\":\"https:\/\/www.gaveanews.com\/wp-content\/uploads\/Miguelito-durante-treino-do-Santos.webp\",\"articleSection\":[\"Santos\"],\"inLanguage\":\"pt-BR\",\"potentialAction\":[{\"@type\":\"CommentAction\",\"name\":\"Comment\",\"target\":[\"https:\/\/www.gaveanews.com\/index.php\/2024\/08\/24\/trio-do-santos-e-convocado-para-a-selecao\/#respond\"]}],\"copyrightYear\":\"2024\",\"copyrightHolder\":{\"@id\":\"https:\/\/www.gaveanews.com\/#organization\"}},{\"@type\":\"WebPage\",\"@id\":\"https:\/\/www.gaveanews.com\/index.php\/2024\/08\/24\/trio-do-santos-e-convocado-para-a-selecao\/\",\"url\":\"https:\/\/www.gaveanews.com\/index.php\/2024\/08\/24\/trio-do-santos-e-convocado-para-a-selecao\/\",\"name\":\"Trio do Santos \u00e9 convocado para a sele\u00e7\u00e3o\",\"isPartOf\":{\"@id\":\"https:\/\/www.gaveanews.com\/#website\"},\"primaryImageOfPage\":{\"@id\":\"https:\/\/www.gaveanews.com\/index.php\/2024\/08\/24\/trio-do-santos-e-convocado-para-a-selecao\/#primaryimage\"},\"image\":{\"@id\":\"https:\/\/www.gaveanews.com\/index.php\/2024\/08\/24\/trio-do-santos-e-convocado-para-a-selecao\/#primaryimage\"},\"thumbnailUrl\":\"https:\/\/www.gaveanews.com\/wp-content\/uploads\/Miguelito-durante-treino-do-Santos.webp\",\"datePublished\":\"2024-08-24T22:25:31+00:00\",\"dateModified\":\"2024-08-24T22:25:33+00:00\",\"author\":{\"@id\":\"https:\/\/www.gaveanews.com\/#\/schema\/person\/2abf0cfa878f5f899daa5f781e82264c\"},\"breadcrumb\":{\"@id\":\"https:\/\/www.gaveanews.com\/index.php\/2024\/08\/24\/trio-do-santos-e-convocado-para-a-selecao\/#breadcrumb\"},\"inLanguage\":\"pt-BR\",\"potentialAction\":[{\"@type\":\"ReadAction\",\"target\":[\"https:\/\/www.gaveanews.com\/index.php\/2024\/08\/24\/trio-do-santos-e-convocado-para-a-selecao\/\"]}]},{\"@type\":\"ImageObject\",\"inLanguage\":\"pt-BR\",\"@id\":\"https:\/\/www.gaveanews.com\/index.php\/2024\/08\/24\/trio-do-santos-e-convocado-para-a-selecao\/#primaryimage\",\"url\":\"https:\/\/www.gaveanews.com\/wp-content\/uploads\/Miguelito-durante-treino-do-Santos.webp\",\"contentUrl\":\"https:\/\/www.gaveanews.com\/wp-content\/uploads\/Miguelito-durante-treino-do-Santos.webp\",\"width\":819,\"height\":1024,\"caption\":\"Miguelito durante treino do Santos (Foto: Divulga\u00e7\u00e3o\/Santos)\"},{\"@type\":\"BreadcrumbList\",\"@id\":\"https:\/\/www.gaveanews.com\/index.php\/2024\/08\/24\/trio-do-santos-e-convocado-para-a-selecao\/#breadcrumb\",\"itemListElement\":[{\"@type\":\"ListItem\",\"position\":1,\"name\":\"Home\",\"item\":\"https:\/\/www.gaveanews.com\/\"},{\"@type\":\"ListItem\",\"position\":2,\"name\":\"Trio do Santos \u00e9 convocado para a sele\u00e7\u00e3o\"}]},{\"@type\":\"WebSite\",\"@id\":\"https:\/\/www.gaveanews.com\/#website\",\"url\":\"https:\/\/www.gaveanews.com\/\",\"name\":\"G\u00e1vea News\",\"description\":\"Veja todas as not\u00edcias sobre o Flamengo: Contrata\u00e7\u00f5es, categorias de base, resultados das partidas, tabela de classifica\u00e7\u00e3o, pr\u00f3ximos jogos!\",\"potentialAction\":[{\"@type\":\"SearchAction\",\"target\":{\"@type\":\"EntryPoint\",\"urlTemplate\":\"https:\/\/www.gaveanews.com\/?s={search_term_string}\"},\"query-input\":{\"@type\":\"PropertyValueSpecification\",\"valueRequired\":true,\"valueName\":\"search_term_string\"}}],\"inLanguage\":\"pt-BR\"},{\"@type\":\"Person\",\"@id\":\"https:\/\/www.gaveanews.com\/#\/schema\/person\/2abf0cfa878f5f899daa5f781e82264c\",\"name\":\"Lucas Barros\",\"image\":{\"@type\":\"ImageObject\",\"inLanguage\":\"pt-BR\",\"@id\":\"https:\/\/www.gaveanews.com\/#\/schema\/person\/image\/\",\"url\":\"https:\/\/secure.gravatar.com\/avatar\/67a6069eba66bf6fd7c80b70e1331baa3dbc3d6df5012d5c22eff29c7d59e0b0?s=96&d=mm&r=g\",\"contentUrl\":\"https:\/\/secure.gravatar.com\/avatar\/67a6069eba66bf6fd7c80b70e1331baa3dbc3d6df5012d5c22eff29c7d59e0b0?s=96&d=mm&r=g\",\"caption\":\"Lucas Barros\"}}]}<\/script>\n<!-- \/ Yoast SEO Premium plugin. -->","yoast_head_json":{"title":"Trio do Santos \u00e9 convocado para a sele\u00e7\u00e3o","robots":{"index":"index","follow":"follow","max-snippet":"max-snippet:-1","max-image-preview":"max-image-preview:large","max-video-preview":"max-video-preview:-1"},"canonical":"https:\/\/www.gaveanews.com\/index.php\/2024\/08\/24\/trio-do-santos-e-convocado-para-a-selecao\/","og_locale":"pt_BR","og_type":"article","og_title":"Trio do Santos \u00e9 convocado para a sele\u00e7\u00e3o","og_description":"Marcelo Torrez, Miguelito e Enzo Monteiro s\u00e3o chamados para as Eliminat\u00f3rias da Copa do Mundo de 2026 O Santos FC ter\u00e1 tr\u00eas de seus jovens talentos representando a Bol\u00edvia nas Eliminat\u00f3rias para a Copa do Mundo de 2026. O zagueiro Marcelo Torrez, o meia Miguelito e o atacante Enzo Monteiro, todos atuando pela equipe Sub-20 [&hellip;]","og_url":"https:\/\/www.gaveanews.com\/index.php\/2024\/08\/24\/trio-do-santos-e-convocado-para-a-selecao\/","og_site_name":"G\u00e1vea News","article_publisher":"https:\/\/facebook.com\/gaveaNews\/","article_published_time":"2024-08-24T22:25:31+00:00","article_modified_time":"2024-08-24T22:25:33+00:00","og_image":[{"width":819,"height":1024,"url":"https:\/\/www.gaveanews.com\/wp-content\/uploads\/Miguelito-durante-treino-do-Santos.webp","type":"image\/jpeg"}],"author":"Lucas Barros","twitter_card":"summary_large_image","twitter_misc":{"Escrito por":"Lucas Barros","Est. tempo de leitura":"2 minutos"},"schema":{"@context":"https:\/\/schema.org","@graph":[{"@type":"NewsArticle","@id":"https:\/\/www.gaveanews.com\/index.php\/2024\/08\/24\/trio-do-santos-e-convocado-para-a-selecao\/#article","isPartOf":{"@id":"https:\/\/www.gaveanews.com\/index.php\/2024\/08\/24\/trio-do-santos-e-convocado-para-a-selecao\/"},"author":{"name":"Lucas Barros","@id":"https:\/\/www.gaveanews.com\/#\/schema\/person\/2abf0cfa878f5f899daa5f781e82264c"},"headline":"Trio do Santos \u00e9 convocado para a sele\u00e7\u00e3o","datePublished":"2024-08-24T22:25:31+00:00","dateModified":"2024-08-24T22:25:33+00:00","mainEntityOfPage":{"@id":"https:\/\/www.gaveanews.com\/index.php\/2024\/08\/24\/trio-do-santos-e-convocado-para-a-selecao\/"},"wordCount":292,"commentCount":0,"image":{"@id":"https:\/\/www.gaveanews.com\/index.php\/2024\/08\/24\/trio-do-santos-e-convocado-para-a-selecao\/#primaryimage"},"thumbnailUrl":"https:\/\/www.gaveanews.com\/wp-content\/uploads\/Miguelito-durante-treino-do-Santos.webp","articleSection":["Santos"],"inLanguage":"pt-BR","potentialAction":[{"@type":"CommentAction","name":"Comment","target":["https:\/\/www.gaveanews.com\/index.php\/2024\/08\/24\/trio-do-santos-e-convocado-para-a-selecao\/#respond"]}],"copyrightYear":"2024","copyrightHolder":{"@id":"https:\/\/www.gaveanews.com\/#organization"}},{"@type":"WebPage","@id":"https:\/\/www.gaveanews.com\/index.php\/2024\/08\/24\/trio-do-santos-e-convocado-para-a-selecao\/","url":"https:\/\/www.gaveanews.com\/index.php\/2024\/08\/24\/trio-do-santos-e-convocado-para-a-selecao\/","name":"Trio do Santos \u00e9 convocado para a sele\u00e7\u00e3o","isPartOf":{"@id":"https:\/\/www.gaveanews.com\/#website"},"primaryImageOfPage":{"@id":"https:\/\/www.gaveanews.com\/index.php\/2024\/08\/24\/trio-do-santos-e-convocado-para-a-selecao\/#primaryimage"},"image":{"@id":"https:\/\/www.gaveanews.com\/index.php\/2024\/08\/24\/trio-do-santos-e-convocado-para-a-selecao\/#primaryimage"},"thumbnailUrl":"https:\/\/www.gaveanews.com\/wp-content\/uploads\/Miguelito-durante-treino-do-Santos.webp","datePublished":"2024-08-24T22:25:31+00:00","dateModified":"2024-08-24T22:25:33+00:00","author":{"@id":"https:\/\/www.gaveanews.com\/#\/schema\/person\/2abf0cfa878f5f899daa5f781e82264c"},"breadcrumb":{"@id":"https:\/\/www.gaveanews.com\/index.php\/2024\/08\/24\/trio-do-santos-e-convocado-para-a-selecao\/#breadcrumb"},"inLanguage":"pt-BR","potentialAction":[{"@type":"ReadAction","target":["https:\/\/www.gaveanews.com\/index.php\/2024\/08\/24\/trio-do-santos-e-convocado-para-a-selecao\/"]}]},{"@type":"ImageObject","inLanguage":"pt-BR","@id":"https:\/\/www.gaveanews.com\/index.php\/2024\/08\/24\/trio-do-santos-e-convocado-para-a-selecao\/#primaryimage","url":"https:\/\/www.gaveanews.com\/wp-content\/uploads\/Miguelito-durante-treino-do-Santos.webp","contentUrl":"https:\/\/www.gaveanews.com\/wp-content\/uploads\/Miguelito-durante-treino-do-Santos.webp","width":819,"height":1024,"caption":"Miguelito durante treino do Santos (Foto: Divulga\u00e7\u00e3o\/Santos)"},{"@type":"BreadcrumbList","@id":"https:\/\/www.gaveanews.com\/index.php\/2024\/08\/24\/trio-do-santos-e-convocado-para-a-selecao\/#breadcrumb","itemListElement":[{"@type":"ListItem","position":1,"name":"Home","item":"https:\/\/www.gaveanews.com\/"},{"@type":"ListItem","position":2,"name":"Trio do Santos \u00e9 convocado para a sele\u00e7\u00e3o"}]},{"@type":"WebSite","@id":"https:\/\/www.gaveanews.com\/#website","url":"https:\/\/www.gaveanews.com\/","name":"G\u00e1vea News","description":"Veja todas as not\u00edcias sobre o Flamengo: Contrata\u00e7\u00f5es, categorias de base, resultados das partidas, tabela de classifica\u00e7\u00e3o, pr\u00f3ximos jogos!","potentialAction":[{"@type":"SearchAction","target":{"@type":"EntryPoint","urlTemplate":"https:\/\/www.gaveanews.com\/?s={search_term_string}"},"query-input":{"@type":"PropertyValueSpecification","valueRequired":true,"valueName":"search_term_string"}}],"inLanguage":"pt-BR"},{"@type":"Person","@id":"https:\/\/www.gaveanews.com\/#\/schema\/person\/2abf0cfa878f5f899daa5f781e82264c","name":"Lucas Barros","image":{"@type":"ImageObject","inLanguage":"pt-BR","@id":"https:\/\/www.gaveanews.com\/#\/schema\/person\/image\/","url":"https:\/\/secure.gravatar.com\/avatar\/67a6069eba66bf6fd7c80b70e1331baa3dbc3d6df5012d5c22eff29c7d59e0b0?s=96&d=mm&r=g","contentUrl":"https:\/\/secure.gravatar.com\/avatar\/67a6069eba66bf6fd7c80b70e1331baa3dbc3d6df5012d5c22eff29c7d59e0b0?s=96&d=mm&r=g","caption":"Lucas Barros"}}]}},"_links":{"self":[{"href":"https:\/\/www.gaveanews.com\/index.php\/wp-json\/wp\/v2\/posts\/160940","targetHints":{"allow":["GET"]}}],"collection":[{"href":"https:\/\/www.gaveanews.com\/index.php\/wp-json\/wp\/v2\/posts"}],"about":[{"href":"https:\/\/www.gaveanews.com\/index.php\/wp-json\/wp\/v2\/types\/post"}],"author":[{"embeddable":true,"href":"https:\/\/www.gaveanews.com\/index.php\/wp-json\/wp\/v2\/users\/20"}],"replies":[{"embeddable":true,"href":"https:\/\/www.gaveanews.com\/index.php\/wp-json\/wp\/v2\/comments?post=160940"}],"version-history":[{"count":2,"href":"https:\/\/www.gaveanews.com\/index.php\/wp-json\/wp\/v2\/posts\/160940\/revisions"}],"predecessor-version":[{"id":160944,"href":"https:\/\/www.gaveanews.com\/index.php\/wp-json\/wp\/v2\/posts\/160940\/revisions\/160944"}],"wp:featuredmedia":[{"embeddable":true,"href":"https:\/\/www.gaveanews.com\/index.php\/wp-json\/wp\/v2\/media\/147627"}],"wp:attachment":[{"href":"https:\/\/www.gaveanews.com\/index.php\/wp-json\/wp\/v2\/media?parent=160940"}],"wp:term":[{"taxonomy":"category","embeddable":true,"href":"https:\/\/www.gaveanews.com\/index.php\/wp-json\/wp\/v2\/categories?post=160940"},{"taxonomy":"post_tag","embeddable":true,"href":"https:\/\/www.gaveanews.com\/index.php\/wp-json\/wp\/v2\/tags?post=160940"}],"curies":[{"name":"wp","href":"https:\/\/api.w.org\/{rel}","templated":true}]}}