{"id":160988,"date":"2024-08-24T19:22:57","date_gmt":"2024-08-24T22:22:57","guid":{"rendered":"https:\/\/www.gaveanews.com\/?p=160988"},"modified":"2024-08-24T19:30:13","modified_gmt":"2024-08-24T22:30:13","slug":"time-da-europa-comete-erro-com-o-flamengo","status":"publish","type":"post","link":"https:\/\/www.gaveanews.com\/index.php\/2024\/08\/24\/time-da-europa-comete-erro-com-o-flamengo\/","title":{"rendered":"Time da Europa comete gafe com o Flamengo"},"content":{"rendered":"\n<p>No \u00faltimo s\u00e1bado (24), o Flamengo conquistou o t\u00edtulo do Mundial de Clubes Sub-20 ao vencer o Olympiacos por 2 a 1, de virada, em uma partida emocionante no Maracan\u00e3. Com essa vit\u00f3ria, o Rubro-Negro se tornou o terceiro clube na hist\u00f3ria a levantar o trof\u00e9u da competi\u00e7\u00e3o, que re\u00fane os campe\u00f5es europeus e sul-americanos da categoria. Os gols do Flamengo foram marcados por Caio Garcia e Felipe Teresa, que garantiram a vit\u00f3ria ap\u00f3s o time grego abrir o placar.<\/p>\n\n\n\n<p>Horas antes da final, o Olympiacos cometeu uma gafe ao errar o nome do Flamengo na fl\u00e2mula que seria trocada entre os capit\u00e3es das equipes. Em vez de &#8220;CR Flamengo&#8221; (Clube de Regatas do Flamengo), os gregos inscreveram &#8220;Flamengo FC&#8221;. O erro foi mostrado em uma publica\u00e7\u00e3o oficial da CONMEBOL Libertadores Sub-20, gerando repercuss\u00e3o entre os torcedores e a imprensa.<\/p>\n\n\n\n<figure class=\"wp-block-embed is-type-photo is-provider-flickr wp-block-embed-flickr\"><div class=\"wp-block-embed__wrapper\">\n<a href=\"https:\/\/www.flickr.com\/photos\/201155970@N03\/53944290482\/in\/dateposted-public\/\"><img loading=\"lazy\" decoding=\"async\" src=\"https:\/\/live.staticflickr.com\/65535\/53944290482_bdda09aaca_c.webp\" alt=\"GVwv5oUXYAAEFlA\" width=\"600\" height=\"800\" \/><\/a>\n<\/div><\/figure>\n\n\n\n<p>Para chegar \u00e0 final do Mundial, o Flamengo precisou vencer a Libertadores Sub-20, onde derrotou o Boca Juniors por 2 a 1 na decis\u00e3o. Esse t\u00edtulo continental foi fundamental para que o time carioca pudesse disputar o torneio intercontinental. <\/p>\n\n\n\n<p>O Olympiacos, por sua vez, garantiu sua vaga no Mundial Sub-20 ao vencer a Uefa Youth League. Na final dessa competi\u00e7\u00e3o europeia, os gregos derrotaram o Milan por 3 a 0, mostrando que chegariam ao Brasil como um advers\u00e1rio de respeito. No entanto, mesmo com um in\u00edcio promissor na final, o Olympiacos n\u00e3o conseguiu segurar a press\u00e3o flamenguista e acabou sendo superado.<\/p>\n\n\n\n<p>O Mundial de Clubes Sub-20 \u00e9 uma competi\u00e7\u00e3o relativamente nova, tendo sido realizada pela primeira vez em 2022. Naquela ocasi\u00e3o, o Benfica sagrou-se campe\u00e3o ao vencer o Pe\u00f1arol por 1 a 0 no Est\u00e1dio Centen\u00e1rio, em Montevid\u00e9u. <\/p>\n\n\n\n<p>No ano seguinte, o Boca Juniors conquistou o t\u00edtulo ao derrotar o AZ Alkmaar nos p\u00eanaltis, ap\u00f3s empate em 1 a 1 no tempo regulamentar, em uma final disputada na Bombonera, na Argentina.<\/p>\n","protected":false},"excerpt":{"rendered":"<p>No \u00faltimo s\u00e1bado (24), o Flamengo conquistou o t\u00edtulo do Mundial de Clubes Sub-20 ao vencer o Olympiacos por 2 a 1, de virada, em uma partida emocionante no Maracan\u00e3. Com essa vit\u00f3ria, o Rubro-Negro se tornou o terceiro clube na hist\u00f3ria a levantar o trof\u00e9u da competi\u00e7\u00e3o, que re\u00fane os campe\u00f5es europeus e sul-americanos [&hellip;]<\/p>\n","protected":false},"author":1,"featured_media":124684,"comment_status":"open","ping_status":"closed","sticky":false,"template":"","format":"standard","meta":{"footnotes":""},"categories":[1],"tags":[],"class_list":["post-160988","post","type-post","status-publish","format-standard","has-post-thumbnail","hentry","category-flamengo"],"yoast_head":"<!-- This site is optimized with the Yoast SEO Premium plugin v24.2 (Yoast SEO v26.9) - https:\/\/yoast.com\/product\/yoast-seo-premium-wordpress\/ -->\n<title>Time da Europa comete gafe com o Flamengo<\/title>\n<meta name=\"robots\" content=\"index, follow, max-snippet:-1, max-image-preview:large, max-video-preview:-1\" \/>\n<link rel=\"canonical\" href=\"https:\/\/www.gaveanews.com\/index.php\/2024\/08\/24\/time-da-europa-comete-erro-com-o-flamengo\/\" \/>\n<meta property=\"og:locale\" content=\"pt_BR\" \/>\n<meta property=\"og:type\" content=\"article\" \/>\n<meta property=\"og:title\" content=\"Time da Europa comete gafe com o Flamengo\" \/>\n<meta property=\"og:description\" content=\"No \u00faltimo s\u00e1bado (24), o Flamengo conquistou o t\u00edtulo do Mundial de Clubes Sub-20 ao vencer o Olympiacos por 2 a 1, de virada, em uma partida emocionante no Maracan\u00e3. Com essa vit\u00f3ria, o Rubro-Negro se tornou o terceiro clube na hist\u00f3ria a levantar o trof\u00e9u da competi\u00e7\u00e3o, que re\u00fane os campe\u00f5es europeus e sul-americanos [&hellip;]\" \/>\n<meta property=\"og:url\" content=\"https:\/\/www.gaveanews.com\/index.php\/2024\/08\/24\/time-da-europa-comete-erro-com-o-flamengo\/\" \/>\n<meta property=\"og:site_name\" content=\"G\u00e1vea News\" \/>\n<meta property=\"article:publisher\" content=\"https:\/\/facebook.com\/gaveaNews\/\" \/>\n<meta property=\"article:published_time\" content=\"2024-08-24T22:22:57+00:00\" \/>\n<meta property=\"article:modified_time\" content=\"2024-08-24T22:30:13+00:00\" \/>\n<meta property=\"og:image\" content=\"https:\/\/www.gaveanews.com\/wp-content\/uploads\/escudoDoFlamengo.webp\" \/>\n\t<meta property=\"og:image:width\" content=\"1095\" \/>\n\t<meta property=\"og:image:height\" content=\"730\" \/>\n\t<meta property=\"og:image:type\" content=\"image\/webp\" \/>\n<meta name=\"author\" content=\"Equipe G\u00e1vea News\" \/>\n<meta name=\"twitter:card\" content=\"summary_large_image\" \/>\n<meta name=\"twitter:label1\" content=\"Escrito por\" \/>\n\t<meta name=\"twitter:data1\" content=\"Equipe G\u00e1vea News\" \/>\n\t<meta name=\"twitter:label2\" content=\"Est. tempo de leitura\" \/>\n\t<meta name=\"twitter:data2\" content=\"2 minutos\" \/>\n<script type=\"application\/ld+json\" class=\"yoast-schema-graph\">{\"@context\":\"https:\/\/schema.org\",\"@graph\":[{\"@type\":\"NewsArticle\",\"@id\":\"https:\/\/www.gaveanews.com\/index.php\/2024\/08\/24\/time-da-europa-comete-erro-com-o-flamengo\/#article\",\"isPartOf\":{\"@id\":\"https:\/\/www.gaveanews.com\/index.php\/2024\/08\/24\/time-da-europa-comete-erro-com-o-flamengo\/\"},\"author\":{\"name\":\"Equipe G\u00e1vea News\",\"@id\":\"https:\/\/www.gaveanews.com\/#\/schema\/person\/2ec14f73fb96be2caf28f91afb14749d\"},\"headline\":\"Time da Europa comete gafe com o Flamengo\",\"datePublished\":\"2024-08-24T22:22:57+00:00\",\"dateModified\":\"2024-08-24T22:30:13+00:00\",\"mainEntityOfPage\":{\"@id\":\"https:\/\/www.gaveanews.com\/index.php\/2024\/08\/24\/time-da-europa-comete-erro-com-o-flamengo\/\"},\"wordCount\":344,\"commentCount\":0,\"image\":{\"@id\":\"https:\/\/www.gaveanews.com\/index.php\/2024\/08\/24\/time-da-europa-comete-erro-com-o-flamengo\/#primaryimage\"},\"thumbnailUrl\":\"https:\/\/www.gaveanews.com\/wp-content\/uploads\/escudoDoFlamengo.webp\",\"articleSection\":[\"Flamengo\"],\"inLanguage\":\"pt-BR\",\"potentialAction\":[{\"@type\":\"CommentAction\",\"name\":\"Comment\",\"target\":[\"https:\/\/www.gaveanews.com\/index.php\/2024\/08\/24\/time-da-europa-comete-erro-com-o-flamengo\/#respond\"]}],\"copyrightYear\":\"2024\",\"copyrightHolder\":{\"@id\":\"https:\/\/www.gaveanews.com\/#organization\"}},{\"@type\":\"WebPage\",\"@id\":\"https:\/\/www.gaveanews.com\/index.php\/2024\/08\/24\/time-da-europa-comete-erro-com-o-flamengo\/\",\"url\":\"https:\/\/www.gaveanews.com\/index.php\/2024\/08\/24\/time-da-europa-comete-erro-com-o-flamengo\/\",\"name\":\"Time da Europa comete gafe com o Flamengo\",\"isPartOf\":{\"@id\":\"https:\/\/www.gaveanews.com\/#website\"},\"primaryImageOfPage\":{\"@id\":\"https:\/\/www.gaveanews.com\/index.php\/2024\/08\/24\/time-da-europa-comete-erro-com-o-flamengo\/#primaryimage\"},\"image\":{\"@id\":\"https:\/\/www.gaveanews.com\/index.php\/2024\/08\/24\/time-da-europa-comete-erro-com-o-flamengo\/#primaryimage\"},\"thumbnailUrl\":\"https:\/\/www.gaveanews.com\/wp-content\/uploads\/escudoDoFlamengo.webp\",\"datePublished\":\"2024-08-24T22:22:57+00:00\",\"dateModified\":\"2024-08-24T22:30:13+00:00\",\"author\":{\"@id\":\"https:\/\/www.gaveanews.com\/#\/schema\/person\/2ec14f73fb96be2caf28f91afb14749d\"},\"breadcrumb\":{\"@id\":\"https:\/\/www.gaveanews.com\/index.php\/2024\/08\/24\/time-da-europa-comete-erro-com-o-flamengo\/#breadcrumb\"},\"inLanguage\":\"pt-BR\",\"potentialAction\":[{\"@type\":\"ReadAction\",\"target\":[\"https:\/\/www.gaveanews.com\/index.php\/2024\/08\/24\/time-da-europa-comete-erro-com-o-flamengo\/\"]}]},{\"@type\":\"ImageObject\",\"inLanguage\":\"pt-BR\",\"@id\":\"https:\/\/www.gaveanews.com\/index.php\/2024\/08\/24\/time-da-europa-comete-erro-com-o-flamengo\/#primaryimage\",\"url\":\"https:\/\/www.gaveanews.com\/wp-content\/uploads\/escudoDoFlamengo.webp\",\"contentUrl\":\"https:\/\/www.gaveanews.com\/wp-content\/uploads\/escudoDoFlamengo.webp\",\"width\":1095,\"height\":730,\"caption\":\"Centro de treinamento do Flamengo (Foto: Reprodu\u00e7\u00e3o)\"},{\"@type\":\"BreadcrumbList\",\"@id\":\"https:\/\/www.gaveanews.com\/index.php\/2024\/08\/24\/time-da-europa-comete-erro-com-o-flamengo\/#breadcrumb\",\"itemListElement\":[{\"@type\":\"ListItem\",\"position\":1,\"name\":\"Home\",\"item\":\"https:\/\/www.gaveanews.com\/\"},{\"@type\":\"ListItem\",\"position\":2,\"name\":\"Time da Europa comete gafe com o Flamengo\"}]},{\"@type\":\"WebSite\",\"@id\":\"https:\/\/www.gaveanews.com\/#website\",\"url\":\"https:\/\/www.gaveanews.com\/\",\"name\":\"G\u00e1vea News\",\"description\":\"Veja todas as not\u00edcias sobre o Flamengo: Contrata\u00e7\u00f5es, categorias de base, resultados das partidas, tabela de classifica\u00e7\u00e3o, pr\u00f3ximos jogos!\",\"potentialAction\":[{\"@type\":\"SearchAction\",\"target\":{\"@type\":\"EntryPoint\",\"urlTemplate\":\"https:\/\/www.gaveanews.com\/?s={search_term_string}\"},\"query-input\":{\"@type\":\"PropertyValueSpecification\",\"valueRequired\":true,\"valueName\":\"search_term_string\"}}],\"inLanguage\":\"pt-BR\"},{\"@type\":\"Person\",\"@id\":\"https:\/\/www.gaveanews.com\/#\/schema\/person\/2ec14f73fb96be2caf28f91afb14749d\",\"name\":\"Equipe G\u00e1vea News\",\"image\":{\"@type\":\"ImageObject\",\"inLanguage\":\"pt-BR\",\"@id\":\"https:\/\/www.gaveanews.com\/#\/schema\/person\/image\/\",\"url\":\"https:\/\/secure.gravatar.com\/avatar\/1e1956f1facbffd3f8fa53a326721950116b3b9dc9bd44939c01180fd4a745a9?s=96&d=mm&r=g\",\"contentUrl\":\"https:\/\/secure.gravatar.com\/avatar\/1e1956f1facbffd3f8fa53a326721950116b3b9dc9bd44939c01180fd4a745a9?s=96&d=mm&r=g\",\"caption\":\"Equipe G\u00e1vea News\"}}]}<\/script>\n<!-- \/ Yoast SEO Premium plugin. -->","yoast_head_json":{"title":"Time da Europa comete gafe com o Flamengo","robots":{"index":"index","follow":"follow","max-snippet":"max-snippet:-1","max-image-preview":"max-image-preview:large","max-video-preview":"max-video-preview:-1"},"canonical":"https:\/\/www.gaveanews.com\/index.php\/2024\/08\/24\/time-da-europa-comete-erro-com-o-flamengo\/","og_locale":"pt_BR","og_type":"article","og_title":"Time da Europa comete gafe com o Flamengo","og_description":"No \u00faltimo s\u00e1bado (24), o Flamengo conquistou o t\u00edtulo do Mundial de Clubes Sub-20 ao vencer o Olympiacos por 2 a 1, de virada, em uma partida emocionante no Maracan\u00e3. Com essa vit\u00f3ria, o Rubro-Negro se tornou o terceiro clube na hist\u00f3ria a levantar o trof\u00e9u da competi\u00e7\u00e3o, que re\u00fane os campe\u00f5es europeus e sul-americanos [&hellip;]","og_url":"https:\/\/www.gaveanews.com\/index.php\/2024\/08\/24\/time-da-europa-comete-erro-com-o-flamengo\/","og_site_name":"G\u00e1vea News","article_publisher":"https:\/\/facebook.com\/gaveaNews\/","article_published_time":"2024-08-24T22:22:57+00:00","article_modified_time":"2024-08-24T22:30:13+00:00","og_image":[{"width":1095,"height":730,"url":"https:\/\/www.gaveanews.com\/wp-content\/uploads\/escudoDoFlamengo.webp","type":"image\/webp"}],"author":"Equipe G\u00e1vea News","twitter_card":"summary_large_image","twitter_misc":{"Escrito por":"Equipe G\u00e1vea News","Est. tempo de leitura":"2 minutos"},"schema":{"@context":"https:\/\/schema.org","@graph":[{"@type":"NewsArticle","@id":"https:\/\/www.gaveanews.com\/index.php\/2024\/08\/24\/time-da-europa-comete-erro-com-o-flamengo\/#article","isPartOf":{"@id":"https:\/\/www.gaveanews.com\/index.php\/2024\/08\/24\/time-da-europa-comete-erro-com-o-flamengo\/"},"author":{"name":"Equipe G\u00e1vea News","@id":"https:\/\/www.gaveanews.com\/#\/schema\/person\/2ec14f73fb96be2caf28f91afb14749d"},"headline":"Time da Europa comete gafe com o Flamengo","datePublished":"2024-08-24T22:22:57+00:00","dateModified":"2024-08-24T22:30:13+00:00","mainEntityOfPage":{"@id":"https:\/\/www.gaveanews.com\/index.php\/2024\/08\/24\/time-da-europa-comete-erro-com-o-flamengo\/"},"wordCount":344,"commentCount":0,"image":{"@id":"https:\/\/www.gaveanews.com\/index.php\/2024\/08\/24\/time-da-europa-comete-erro-com-o-flamengo\/#primaryimage"},"thumbnailUrl":"https:\/\/www.gaveanews.com\/wp-content\/uploads\/escudoDoFlamengo.webp","articleSection":["Flamengo"],"inLanguage":"pt-BR","potentialAction":[{"@type":"CommentAction","name":"Comment","target":["https:\/\/www.gaveanews.com\/index.php\/2024\/08\/24\/time-da-europa-comete-erro-com-o-flamengo\/#respond"]}],"copyrightYear":"2024","copyrightHolder":{"@id":"https:\/\/www.gaveanews.com\/#organization"}},{"@type":"WebPage","@id":"https:\/\/www.gaveanews.com\/index.php\/2024\/08\/24\/time-da-europa-comete-erro-com-o-flamengo\/","url":"https:\/\/www.gaveanews.com\/index.php\/2024\/08\/24\/time-da-europa-comete-erro-com-o-flamengo\/","name":"Time da Europa comete gafe com o Flamengo","isPartOf":{"@id":"https:\/\/www.gaveanews.com\/#website"},"primaryImageOfPage":{"@id":"https:\/\/www.gaveanews.com\/index.php\/2024\/08\/24\/time-da-europa-comete-erro-com-o-flamengo\/#primaryimage"},"image":{"@id":"https:\/\/www.gaveanews.com\/index.php\/2024\/08\/24\/time-da-europa-comete-erro-com-o-flamengo\/#primaryimage"},"thumbnailUrl":"https:\/\/www.gaveanews.com\/wp-content\/uploads\/escudoDoFlamengo.webp","datePublished":"2024-08-24T22:22:57+00:00","dateModified":"2024-08-24T22:30:13+00:00","author":{"@id":"https:\/\/www.gaveanews.com\/#\/schema\/person\/2ec14f73fb96be2caf28f91afb14749d"},"breadcrumb":{"@id":"https:\/\/www.gaveanews.com\/index.php\/2024\/08\/24\/time-da-europa-comete-erro-com-o-flamengo\/#breadcrumb"},"inLanguage":"pt-BR","potentialAction":[{"@type":"ReadAction","target":["https:\/\/www.gaveanews.com\/index.php\/2024\/08\/24\/time-da-europa-comete-erro-com-o-flamengo\/"]}]},{"@type":"ImageObject","inLanguage":"pt-BR","@id":"https:\/\/www.gaveanews.com\/index.php\/2024\/08\/24\/time-da-europa-comete-erro-com-o-flamengo\/#primaryimage","url":"https:\/\/www.gaveanews.com\/wp-content\/uploads\/escudoDoFlamengo.webp","contentUrl":"https:\/\/www.gaveanews.com\/wp-content\/uploads\/escudoDoFlamengo.webp","width":1095,"height":730,"caption":"Centro de treinamento do Flamengo (Foto: Reprodu\u00e7\u00e3o)"},{"@type":"BreadcrumbList","@id":"https:\/\/www.gaveanews.com\/index.php\/2024\/08\/24\/time-da-europa-comete-erro-com-o-flamengo\/#breadcrumb","itemListElement":[{"@type":"ListItem","position":1,"name":"Home","item":"https:\/\/www.gaveanews.com\/"},{"@type":"ListItem","position":2,"name":"Time da Europa comete gafe com o Flamengo"}]},{"@type":"WebSite","@id":"https:\/\/www.gaveanews.com\/#website","url":"https:\/\/www.gaveanews.com\/","name":"G\u00e1vea News","description":"Veja todas as not\u00edcias sobre o Flamengo: Contrata\u00e7\u00f5es, categorias de base, resultados das partidas, tabela de classifica\u00e7\u00e3o, pr\u00f3ximos jogos!","potentialAction":[{"@type":"SearchAction","target":{"@type":"EntryPoint","urlTemplate":"https:\/\/www.gaveanews.com\/?s={search_term_string}"},"query-input":{"@type":"PropertyValueSpecification","valueRequired":true,"valueName":"search_term_string"}}],"inLanguage":"pt-BR"},{"@type":"Person","@id":"https:\/\/www.gaveanews.com\/#\/schema\/person\/2ec14f73fb96be2caf28f91afb14749d","name":"Equipe G\u00e1vea News","image":{"@type":"ImageObject","inLanguage":"pt-BR","@id":"https:\/\/www.gaveanews.com\/#\/schema\/person\/image\/","url":"https:\/\/secure.gravatar.com\/avatar\/1e1956f1facbffd3f8fa53a326721950116b3b9dc9bd44939c01180fd4a745a9?s=96&d=mm&r=g","contentUrl":"https:\/\/secure.gravatar.com\/avatar\/1e1956f1facbffd3f8fa53a326721950116b3b9dc9bd44939c01180fd4a745a9?s=96&d=mm&r=g","caption":"Equipe G\u00e1vea News"}}]}},"_links":{"self":[{"href":"https:\/\/www.gaveanews.com\/index.php\/wp-json\/wp\/v2\/posts\/160988","targetHints":{"allow":["GET"]}}],"collection":[{"href":"https:\/\/www.gaveanews.com\/index.php\/wp-json\/wp\/v2\/posts"}],"about":[{"href":"https:\/\/www.gaveanews.com\/index.php\/wp-json\/wp\/v2\/types\/post"}],"author":[{"embeddable":true,"href":"https:\/\/www.gaveanews.com\/index.php\/wp-json\/wp\/v2\/users\/1"}],"replies":[{"embeddable":true,"href":"https:\/\/www.gaveanews.com\/index.php\/wp-json\/wp\/v2\/comments?post=160988"}],"version-history":[{"count":2,"href":"https:\/\/www.gaveanews.com\/index.php\/wp-json\/wp\/v2\/posts\/160988\/revisions"}],"predecessor-version":[{"id":160995,"href":"https:\/\/www.gaveanews.com\/index.php\/wp-json\/wp\/v2\/posts\/160988\/revisions\/160995"}],"wp:featuredmedia":[{"embeddable":true,"href":"https:\/\/www.gaveanews.com\/index.php\/wp-json\/wp\/v2\/media\/124684"}],"wp:attachment":[{"href":"https:\/\/www.gaveanews.com\/index.php\/wp-json\/wp\/v2\/media?parent=160988"}],"wp:term":[{"taxonomy":"category","embeddable":true,"href":"https:\/\/www.gaveanews.com\/index.php\/wp-json\/wp\/v2\/categories?post=160988"},{"taxonomy":"post_tag","embeddable":true,"href":"https:\/\/www.gaveanews.com\/index.php\/wp-json\/wp\/v2\/tags?post=160988"}],"curies":[{"name":"wp","href":"https:\/\/api.w.org\/{rel}","templated":true}]}}