{"id":161091,"date":"2024-08-26T05:30:00","date_gmt":"2024-08-26T08:30:00","guid":{"rendered":"https:\/\/www.gaveanews.com\/?p=161091"},"modified":"2024-08-26T01:47:50","modified_gmt":"2024-08-26T04:47:50","slug":"sao-paulo-x-vitoria-a-declaracao-de-erick-apos-a-partida","status":"publish","type":"post","link":"https:\/\/www.gaveanews.com\/index.php\/2024\/08\/26\/sao-paulo-x-vitoria-a-declaracao-de-erick-apos-a-partida\/","title":{"rendered":"S\u00e3o Paulo x Vit\u00f3ria: a declara\u00e7\u00e3o de Erick ap\u00f3s a partida"},"content":{"rendered":"\n<h2 class=\"wp-block-heading\" id=\"h-tricolor-venceu-o-vitoria-no-morumbi-com-dois-golacos-e-encosta-no-g-4-do-brasileirao\">Tricolor venceu o Vit\u00f3ria no Morumbi com dois gola\u00e7os e encosta no G-4 do Brasileir\u00e3o<\/h2>\n\n\n\n<p>O S\u00e3o Paulo derrotou o Vit\u00f3ria por 2 a 1 neste domingo, no Morumbi, em um confronto v\u00e1lido pela 24\u00aa rodada do Campeonato Brasileiro. Com dois belos gols no primeiro tempo, o Tricolor garantiu tr\u00eas pontos importantes e se aproximou do G-4 da competi\u00e7\u00e3o.<\/p>\n\n\n\n<ul class=\"wp-block-list\">\n<li><a href=\"https:\/\/www.gaveanews.com\/index.php\/2024\/08\/25\/a-declaracao-de-william-gomes-apos-sao-paulo-x-vitoria-no-morumbis\/\">A declara\u00e7\u00e3o de William Gomes ap\u00f3s S\u00e3o Paulo x Vit\u00f3ria no Morumbis<\/a><\/li>\n<\/ul>\n\n\n\n<p>A equipe da casa abriu o placar logo aos 5 minutos, com um gola\u00e7o do jovem William Gomes. O jogador de 18 anos, revelado nas categorias de base do clube, aproveitou uma virada de bola errada da defesa advers\u00e1ria e, com um chute preciso, acertou o \u00e2ngulo do goleiro Lucas Arcanjo. Foi o primeiro gol do garoto pelos profissionais do S\u00e3o Paulo, marcando um momento especial para o &#8220;Made in Cotia&#8221;.<\/p>\n\n\n\n<p>O segundo gol do Tricolor veio aos 29 minutos, tamb\u00e9m em grande estilo. Erick, em uma jogada de ousadia, arriscou de fora da \u00e1rea e acertou outro belo chute no \u00e2ngulo, ampliando a vantagem para 2 a 0. O S\u00e3o Paulo dominava as a\u00e7\u00f5es e parecia caminhar para uma vit\u00f3ria tranquila.<\/p>\n\n\n\n<p>No entanto, as mudan\u00e7as promovidas pelo t\u00e9cnico Luis Zubeldia no segundo tempo deixaram o time mais vulner\u00e1vel, o que permitiu ao Vit\u00f3ria crescer na partida. Aos 16 minutos da etapa final, o visitante teve a chance de diminuir o placar ap\u00f3s Lucas Esteves sofrer p\u00eanalti. Alerrandro cobrou com precis\u00e3o e fez o gol que recolocou o Vit\u00f3ria no jogo.<\/p>\n\n\n\n<p>Ap\u00f3s o gol, o time baiano intensificou a press\u00e3o, buscando o empate, mas o S\u00e3o Paulo conseguiu segurar o resultado at\u00e9 o final. Com a vit\u00f3ria, o Tricolor chegou aos 41 pontos e subiu para a quinta posi\u00e7\u00e3o na tabela, colando no G-4 do Brasileir\u00e3o. J\u00e1 o Vit\u00f3ria, com 22 pontos, segue na 17\u00aa coloca\u00e7\u00e3o, lutando para se afastar da zona de rebaixamento.<\/p>\n\n\n\n<h2 class=\"wp-block-heading\" id=\"h-fala-erick\">Fala, Erick <\/h2>\n\n\n\n<p>Erick falou sobre como \u00e9 voltar a jogar no Morumbis.  Sobre a disputa de posi\u00e7\u00e3o, o jogador afirmou que \u00e9 uma disputa sadia e quem entra d\u00e1 conta do recado.<\/p>\n\n\n\n<p>&#8220;Muito feliz por voltar a jogar no Morumbis, feliz pela vit\u00f3ria. Comemorar um pouco e descansar porque meio de semana j\u00e1 tem jogo. Luta sadia, s\u00f3 quem tem a ganhar \u00e9 o S\u00e3o Paulo. Quem entra d\u00e1 conta do recado. Feliz que o Zubeld\u00eda deu oportunidade para a gente&#8221;, disse Erick.<\/p>\n\n\n\n<p>William Gomes chegou do lado de seu companheiro e respondeu tamb\u00e9m sobre essa competi\u00e7\u00e3o de posi\u00e7\u00f5es.<\/p>\n\n\n\n<p>&#8220;Disputa sadia, importante ter essa disputa porque ajuda o elenco e o S\u00e3o Paulo. Feliz em disputar com Erick, Lucas&#8221;, afirmou William Gomes.<\/p>\n","protected":false},"excerpt":{"rendered":"<p>Tricolor venceu o Vit\u00f3ria no Morumbi com dois gola\u00e7os e encosta no G-4 do Brasileir\u00e3o O S\u00e3o Paulo derrotou o Vit\u00f3ria por 2 a 1 neste domingo, no Morumbi, em um confronto v\u00e1lido pela 24\u00aa rodada do Campeonato Brasileiro. Com dois belos gols no primeiro tempo, o Tricolor garantiu tr\u00eas pontos importantes e se aproximou [&hellip;]<\/p>\n","protected":false},"author":17,"featured_media":161150,"comment_status":"open","ping_status":"closed","sticky":false,"template":"","format":"standard","meta":{"footnotes":""},"categories":[151],"tags":[],"class_list":["post-161091","post","type-post","status-publish","format-standard","has-post-thumbnail","hentry","category-sao-paulo"],"yoast_head":"<!-- This site is optimized with the Yoast SEO Premium plugin v24.2 (Yoast SEO v26.9) - https:\/\/yoast.com\/product\/yoast-seo-premium-wordpress\/ -->\n<title>S\u00e3o Paulo x Vit\u00f3ria: a declara\u00e7\u00e3o de Erick ap\u00f3s a partida<\/title>\n<meta name=\"robots\" content=\"index, follow, max-snippet:-1, max-image-preview:large, max-video-preview:-1\" \/>\n<link rel=\"canonical\" href=\"https:\/\/www.gaveanews.com\/index.php\/2024\/08\/26\/sao-paulo-x-vitoria-a-declaracao-de-erick-apos-a-partida\/\" \/>\n<meta property=\"og:locale\" content=\"pt_BR\" \/>\n<meta property=\"og:type\" content=\"article\" \/>\n<meta property=\"og:title\" content=\"S\u00e3o Paulo x Vit\u00f3ria: a declara\u00e7\u00e3o de Erick ap\u00f3s a partida\" \/>\n<meta property=\"og:description\" content=\"Tricolor venceu o Vit\u00f3ria no Morumbi com dois gola\u00e7os e encosta no G-4 do Brasileir\u00e3o O S\u00e3o Paulo derrotou o Vit\u00f3ria por 2 a 1 neste domingo, no Morumbi, em um confronto v\u00e1lido pela 24\u00aa rodada do Campeonato Brasileiro. Com dois belos gols no primeiro tempo, o Tricolor garantiu tr\u00eas pontos importantes e se aproximou [&hellip;]\" \/>\n<meta property=\"og:url\" content=\"https:\/\/www.gaveanews.com\/index.php\/2024\/08\/26\/sao-paulo-x-vitoria-a-declaracao-de-erick-apos-a-partida\/\" \/>\n<meta property=\"og:site_name\" content=\"G\u00e1vea News\" \/>\n<meta property=\"article:publisher\" content=\"https:\/\/facebook.com\/gaveaNews\/\" \/>\n<meta property=\"article:published_time\" content=\"2024-08-26T08:30:00+00:00\" \/>\n<meta property=\"og:image\" content=\"https:\/\/www.gaveanews.com\/wp-content\/uploads\/Erick-em-acao-pelo-Sao-Paulo-pelo-Brasileirao-2024.webp\" \/>\n\t<meta property=\"og:image:width\" content=\"774\" \/>\n\t<meta property=\"og:image:height\" content=\"516\" \/>\n\t<meta property=\"og:image:type\" content=\"image\/webp\" \/>\n<meta name=\"author\" content=\"Geovanna Thomaz\" \/>\n<meta name=\"twitter:card\" content=\"summary_large_image\" \/>\n<meta name=\"twitter:label1\" content=\"Escrito por\" \/>\n\t<meta name=\"twitter:data1\" content=\"Geovanna Thomaz\" \/>\n\t<meta name=\"twitter:label2\" content=\"Est. tempo de leitura\" \/>\n\t<meta name=\"twitter:data2\" content=\"3 minutos\" \/>\n<script type=\"application\/ld+json\" class=\"yoast-schema-graph\">{\"@context\":\"https:\/\/schema.org\",\"@graph\":[{\"@type\":\"NewsArticle\",\"@id\":\"https:\/\/www.gaveanews.com\/index.php\/2024\/08\/26\/sao-paulo-x-vitoria-a-declaracao-de-erick-apos-a-partida\/#article\",\"isPartOf\":{\"@id\":\"https:\/\/www.gaveanews.com\/index.php\/2024\/08\/26\/sao-paulo-x-vitoria-a-declaracao-de-erick-apos-a-partida\/\"},\"author\":{\"name\":\"Geovanna Thomaz\",\"@id\":\"https:\/\/www.gaveanews.com\/#\/schema\/person\/f42654babcd2b2014a1a65af82b081f1\"},\"headline\":\"S\u00e3o Paulo x Vit\u00f3ria: a declara\u00e7\u00e3o de Erick ap\u00f3s a partida\",\"datePublished\":\"2024-08-26T08:30:00+00:00\",\"mainEntityOfPage\":{\"@id\":\"https:\/\/www.gaveanews.com\/index.php\/2024\/08\/26\/sao-paulo-x-vitoria-a-declaracao-de-erick-apos-a-partida\/\"},\"wordCount\":480,\"commentCount\":0,\"image\":{\"@id\":\"https:\/\/www.gaveanews.com\/index.php\/2024\/08\/26\/sao-paulo-x-vitoria-a-declaracao-de-erick-apos-a-partida\/#primaryimage\"},\"thumbnailUrl\":\"https:\/\/www.gaveanews.com\/wp-content\/uploads\/Erick-em-acao-pelo-Sao-Paulo-pelo-Brasileirao-2024.webp\",\"articleSection\":[\"S\u00e3o Paulo\"],\"inLanguage\":\"pt-BR\",\"potentialAction\":[{\"@type\":\"CommentAction\",\"name\":\"Comment\",\"target\":[\"https:\/\/www.gaveanews.com\/index.php\/2024\/08\/26\/sao-paulo-x-vitoria-a-declaracao-de-erick-apos-a-partida\/#respond\"]}],\"copyrightYear\":\"2024\",\"copyrightHolder\":{\"@id\":\"https:\/\/www.gaveanews.com\/#organization\"}},{\"@type\":\"WebPage\",\"@id\":\"https:\/\/www.gaveanews.com\/index.php\/2024\/08\/26\/sao-paulo-x-vitoria-a-declaracao-de-erick-apos-a-partida\/\",\"url\":\"https:\/\/www.gaveanews.com\/index.php\/2024\/08\/26\/sao-paulo-x-vitoria-a-declaracao-de-erick-apos-a-partida\/\",\"name\":\"S\u00e3o Paulo x Vit\u00f3ria: a declara\u00e7\u00e3o de Erick ap\u00f3s a partida\",\"isPartOf\":{\"@id\":\"https:\/\/www.gaveanews.com\/#website\"},\"primaryImageOfPage\":{\"@id\":\"https:\/\/www.gaveanews.com\/index.php\/2024\/08\/26\/sao-paulo-x-vitoria-a-declaracao-de-erick-apos-a-partida\/#primaryimage\"},\"image\":{\"@id\":\"https:\/\/www.gaveanews.com\/index.php\/2024\/08\/26\/sao-paulo-x-vitoria-a-declaracao-de-erick-apos-a-partida\/#primaryimage\"},\"thumbnailUrl\":\"https:\/\/www.gaveanews.com\/wp-content\/uploads\/Erick-em-acao-pelo-Sao-Paulo-pelo-Brasileirao-2024.webp\",\"datePublished\":\"2024-08-26T08:30:00+00:00\",\"author\":{\"@id\":\"https:\/\/www.gaveanews.com\/#\/schema\/person\/f42654babcd2b2014a1a65af82b081f1\"},\"breadcrumb\":{\"@id\":\"https:\/\/www.gaveanews.com\/index.php\/2024\/08\/26\/sao-paulo-x-vitoria-a-declaracao-de-erick-apos-a-partida\/#breadcrumb\"},\"inLanguage\":\"pt-BR\",\"potentialAction\":[{\"@type\":\"ReadAction\",\"target\":[\"https:\/\/www.gaveanews.com\/index.php\/2024\/08\/26\/sao-paulo-x-vitoria-a-declaracao-de-erick-apos-a-partida\/\"]}]},{\"@type\":\"ImageObject\",\"inLanguage\":\"pt-BR\",\"@id\":\"https:\/\/www.gaveanews.com\/index.php\/2024\/08\/26\/sao-paulo-x-vitoria-a-declaracao-de-erick-apos-a-partida\/#primaryimage\",\"url\":\"https:\/\/www.gaveanews.com\/wp-content\/uploads\/Erick-em-acao-pelo-Sao-Paulo-pelo-Brasileirao-2024.webp\",\"contentUrl\":\"https:\/\/www.gaveanews.com\/wp-content\/uploads\/Erick-em-acao-pelo-Sao-Paulo-pelo-Brasileirao-2024.webp\",\"width\":774,\"height\":516,\"caption\":\"Erick em a\u00e7\u00e3o pelo S\u00e3o Paulo pelo Brasileir\u00e3o 2024 (Foto: Rubens Chiri\/S\u00e3o Paulo)\"},{\"@type\":\"BreadcrumbList\",\"@id\":\"https:\/\/www.gaveanews.com\/index.php\/2024\/08\/26\/sao-paulo-x-vitoria-a-declaracao-de-erick-apos-a-partida\/#breadcrumb\",\"itemListElement\":[{\"@type\":\"ListItem\",\"position\":1,\"name\":\"Home\",\"item\":\"https:\/\/www.gaveanews.com\/\"},{\"@type\":\"ListItem\",\"position\":2,\"name\":\"S\u00e3o Paulo x Vit\u00f3ria: a declara\u00e7\u00e3o de Erick ap\u00f3s a partida\"}]},{\"@type\":\"WebSite\",\"@id\":\"https:\/\/www.gaveanews.com\/#website\",\"url\":\"https:\/\/www.gaveanews.com\/\",\"name\":\"G\u00e1vea News\",\"description\":\"Veja todas as not\u00edcias sobre o Flamengo: Contrata\u00e7\u00f5es, categorias de base, resultados das partidas, tabela de classifica\u00e7\u00e3o, pr\u00f3ximos jogos!\",\"potentialAction\":[{\"@type\":\"SearchAction\",\"target\":{\"@type\":\"EntryPoint\",\"urlTemplate\":\"https:\/\/www.gaveanews.com\/?s={search_term_string}\"},\"query-input\":{\"@type\":\"PropertyValueSpecification\",\"valueRequired\":true,\"valueName\":\"search_term_string\"}}],\"inLanguage\":\"pt-BR\"},{\"@type\":\"Person\",\"@id\":\"https:\/\/www.gaveanews.com\/#\/schema\/person\/f42654babcd2b2014a1a65af82b081f1\",\"name\":\"Geovanna Thomaz\",\"image\":{\"@type\":\"ImageObject\",\"inLanguage\":\"pt-BR\",\"@id\":\"https:\/\/www.gaveanews.com\/#\/schema\/person\/image\/\",\"url\":\"https:\/\/secure.gravatar.com\/avatar\/4092073255489533afb558984b49b64268c47198af8623cc82a925ae9fb7118a?s=96&d=mm&r=g\",\"contentUrl\":\"https:\/\/secure.gravatar.com\/avatar\/4092073255489533afb558984b49b64268c47198af8623cc82a925ae9fb7118a?s=96&d=mm&r=g\",\"caption\":\"Geovanna Thomaz\"}}]}<\/script>\n<!-- \/ Yoast SEO Premium plugin. -->","yoast_head_json":{"title":"S\u00e3o Paulo x Vit\u00f3ria: a declara\u00e7\u00e3o de Erick ap\u00f3s a partida","robots":{"index":"index","follow":"follow","max-snippet":"max-snippet:-1","max-image-preview":"max-image-preview:large","max-video-preview":"max-video-preview:-1"},"canonical":"https:\/\/www.gaveanews.com\/index.php\/2024\/08\/26\/sao-paulo-x-vitoria-a-declaracao-de-erick-apos-a-partida\/","og_locale":"pt_BR","og_type":"article","og_title":"S\u00e3o Paulo x Vit\u00f3ria: a declara\u00e7\u00e3o de Erick ap\u00f3s a partida","og_description":"Tricolor venceu o Vit\u00f3ria no Morumbi com dois gola\u00e7os e encosta no G-4 do Brasileir\u00e3o O S\u00e3o Paulo derrotou o Vit\u00f3ria por 2 a 1 neste domingo, no Morumbi, em um confronto v\u00e1lido pela 24\u00aa rodada do Campeonato Brasileiro. Com dois belos gols no primeiro tempo, o Tricolor garantiu tr\u00eas pontos importantes e se aproximou [&hellip;]","og_url":"https:\/\/www.gaveanews.com\/index.php\/2024\/08\/26\/sao-paulo-x-vitoria-a-declaracao-de-erick-apos-a-partida\/","og_site_name":"G\u00e1vea News","article_publisher":"https:\/\/facebook.com\/gaveaNews\/","article_published_time":"2024-08-26T08:30:00+00:00","og_image":[{"width":774,"height":516,"url":"https:\/\/www.gaveanews.com\/wp-content\/uploads\/Erick-em-acao-pelo-Sao-Paulo-pelo-Brasileirao-2024.webp","type":"image\/webp"}],"author":"Geovanna Thomaz","twitter_card":"summary_large_image","twitter_misc":{"Escrito por":"Geovanna Thomaz","Est. tempo de leitura":"3 minutos"},"schema":{"@context":"https:\/\/schema.org","@graph":[{"@type":"NewsArticle","@id":"https:\/\/www.gaveanews.com\/index.php\/2024\/08\/26\/sao-paulo-x-vitoria-a-declaracao-de-erick-apos-a-partida\/#article","isPartOf":{"@id":"https:\/\/www.gaveanews.com\/index.php\/2024\/08\/26\/sao-paulo-x-vitoria-a-declaracao-de-erick-apos-a-partida\/"},"author":{"name":"Geovanna Thomaz","@id":"https:\/\/www.gaveanews.com\/#\/schema\/person\/f42654babcd2b2014a1a65af82b081f1"},"headline":"S\u00e3o Paulo x Vit\u00f3ria: a declara\u00e7\u00e3o de Erick ap\u00f3s a partida","datePublished":"2024-08-26T08:30:00+00:00","mainEntityOfPage":{"@id":"https:\/\/www.gaveanews.com\/index.php\/2024\/08\/26\/sao-paulo-x-vitoria-a-declaracao-de-erick-apos-a-partida\/"},"wordCount":480,"commentCount":0,"image":{"@id":"https:\/\/www.gaveanews.com\/index.php\/2024\/08\/26\/sao-paulo-x-vitoria-a-declaracao-de-erick-apos-a-partida\/#primaryimage"},"thumbnailUrl":"https:\/\/www.gaveanews.com\/wp-content\/uploads\/Erick-em-acao-pelo-Sao-Paulo-pelo-Brasileirao-2024.webp","articleSection":["S\u00e3o Paulo"],"inLanguage":"pt-BR","potentialAction":[{"@type":"CommentAction","name":"Comment","target":["https:\/\/www.gaveanews.com\/index.php\/2024\/08\/26\/sao-paulo-x-vitoria-a-declaracao-de-erick-apos-a-partida\/#respond"]}],"copyrightYear":"2024","copyrightHolder":{"@id":"https:\/\/www.gaveanews.com\/#organization"}},{"@type":"WebPage","@id":"https:\/\/www.gaveanews.com\/index.php\/2024\/08\/26\/sao-paulo-x-vitoria-a-declaracao-de-erick-apos-a-partida\/","url":"https:\/\/www.gaveanews.com\/index.php\/2024\/08\/26\/sao-paulo-x-vitoria-a-declaracao-de-erick-apos-a-partida\/","name":"S\u00e3o Paulo x Vit\u00f3ria: a declara\u00e7\u00e3o de Erick ap\u00f3s a partida","isPartOf":{"@id":"https:\/\/www.gaveanews.com\/#website"},"primaryImageOfPage":{"@id":"https:\/\/www.gaveanews.com\/index.php\/2024\/08\/26\/sao-paulo-x-vitoria-a-declaracao-de-erick-apos-a-partida\/#primaryimage"},"image":{"@id":"https:\/\/www.gaveanews.com\/index.php\/2024\/08\/26\/sao-paulo-x-vitoria-a-declaracao-de-erick-apos-a-partida\/#primaryimage"},"thumbnailUrl":"https:\/\/www.gaveanews.com\/wp-content\/uploads\/Erick-em-acao-pelo-Sao-Paulo-pelo-Brasileirao-2024.webp","datePublished":"2024-08-26T08:30:00+00:00","author":{"@id":"https:\/\/www.gaveanews.com\/#\/schema\/person\/f42654babcd2b2014a1a65af82b081f1"},"breadcrumb":{"@id":"https:\/\/www.gaveanews.com\/index.php\/2024\/08\/26\/sao-paulo-x-vitoria-a-declaracao-de-erick-apos-a-partida\/#breadcrumb"},"inLanguage":"pt-BR","potentialAction":[{"@type":"ReadAction","target":["https:\/\/www.gaveanews.com\/index.php\/2024\/08\/26\/sao-paulo-x-vitoria-a-declaracao-de-erick-apos-a-partida\/"]}]},{"@type":"ImageObject","inLanguage":"pt-BR","@id":"https:\/\/www.gaveanews.com\/index.php\/2024\/08\/26\/sao-paulo-x-vitoria-a-declaracao-de-erick-apos-a-partida\/#primaryimage","url":"https:\/\/www.gaveanews.com\/wp-content\/uploads\/Erick-em-acao-pelo-Sao-Paulo-pelo-Brasileirao-2024.webp","contentUrl":"https:\/\/www.gaveanews.com\/wp-content\/uploads\/Erick-em-acao-pelo-Sao-Paulo-pelo-Brasileirao-2024.webp","width":774,"height":516,"caption":"Erick em a\u00e7\u00e3o pelo S\u00e3o Paulo pelo Brasileir\u00e3o 2024 (Foto: Rubens Chiri\/S\u00e3o Paulo)"},{"@type":"BreadcrumbList","@id":"https:\/\/www.gaveanews.com\/index.php\/2024\/08\/26\/sao-paulo-x-vitoria-a-declaracao-de-erick-apos-a-partida\/#breadcrumb","itemListElement":[{"@type":"ListItem","position":1,"name":"Home","item":"https:\/\/www.gaveanews.com\/"},{"@type":"ListItem","position":2,"name":"S\u00e3o Paulo x Vit\u00f3ria: a declara\u00e7\u00e3o de Erick ap\u00f3s a partida"}]},{"@type":"WebSite","@id":"https:\/\/www.gaveanews.com\/#website","url":"https:\/\/www.gaveanews.com\/","name":"G\u00e1vea News","description":"Veja todas as not\u00edcias sobre o Flamengo: Contrata\u00e7\u00f5es, categorias de base, resultados das partidas, tabela de classifica\u00e7\u00e3o, pr\u00f3ximos jogos!","potentialAction":[{"@type":"SearchAction","target":{"@type":"EntryPoint","urlTemplate":"https:\/\/www.gaveanews.com\/?s={search_term_string}"},"query-input":{"@type":"PropertyValueSpecification","valueRequired":true,"valueName":"search_term_string"}}],"inLanguage":"pt-BR"},{"@type":"Person","@id":"https:\/\/www.gaveanews.com\/#\/schema\/person\/f42654babcd2b2014a1a65af82b081f1","name":"Geovanna Thomaz","image":{"@type":"ImageObject","inLanguage":"pt-BR","@id":"https:\/\/www.gaveanews.com\/#\/schema\/person\/image\/","url":"https:\/\/secure.gravatar.com\/avatar\/4092073255489533afb558984b49b64268c47198af8623cc82a925ae9fb7118a?s=96&d=mm&r=g","contentUrl":"https:\/\/secure.gravatar.com\/avatar\/4092073255489533afb558984b49b64268c47198af8623cc82a925ae9fb7118a?s=96&d=mm&r=g","caption":"Geovanna Thomaz"}}]}},"_links":{"self":[{"href":"https:\/\/www.gaveanews.com\/index.php\/wp-json\/wp\/v2\/posts\/161091","targetHints":{"allow":["GET"]}}],"collection":[{"href":"https:\/\/www.gaveanews.com\/index.php\/wp-json\/wp\/v2\/posts"}],"about":[{"href":"https:\/\/www.gaveanews.com\/index.php\/wp-json\/wp\/v2\/types\/post"}],"author":[{"embeddable":true,"href":"https:\/\/www.gaveanews.com\/index.php\/wp-json\/wp\/v2\/users\/17"}],"replies":[{"embeddable":true,"href":"https:\/\/www.gaveanews.com\/index.php\/wp-json\/wp\/v2\/comments?post=161091"}],"version-history":[{"count":1,"href":"https:\/\/www.gaveanews.com\/index.php\/wp-json\/wp\/v2\/posts\/161091\/revisions"}],"predecessor-version":[{"id":161108,"href":"https:\/\/www.gaveanews.com\/index.php\/wp-json\/wp\/v2\/posts\/161091\/revisions\/161108"}],"wp:featuredmedia":[{"embeddable":true,"href":"https:\/\/www.gaveanews.com\/index.php\/wp-json\/wp\/v2\/media\/161150"}],"wp:attachment":[{"href":"https:\/\/www.gaveanews.com\/index.php\/wp-json\/wp\/v2\/media?parent=161091"}],"wp:term":[{"taxonomy":"category","embeddable":true,"href":"https:\/\/www.gaveanews.com\/index.php\/wp-json\/wp\/v2\/categories?post=161091"},{"taxonomy":"post_tag","embeddable":true,"href":"https:\/\/www.gaveanews.com\/index.php\/wp-json\/wp\/v2\/tags?post=161091"}],"curies":[{"name":"wp","href":"https:\/\/api.w.org\/{rel}","templated":true}]}}