{"id":161306,"date":"2024-08-26T17:22:12","date_gmt":"2024-08-26T20:22:12","guid":{"rendered":"https:\/\/www.gaveanews.com\/?p=161306"},"modified":"2024-08-26T17:22:13","modified_gmt":"2024-08-26T20:22:13","slug":"veja-o-que-alisson-disse-sobre-o-liverpool-e-seu-futuro-substituto-no-liverpool","status":"publish","type":"post","link":"https:\/\/www.gaveanews.com\/index.php\/2024\/08\/26\/veja-o-que-alisson-disse-sobre-o-liverpool-e-seu-futuro-substituto-no-liverpool\/","title":{"rendered":"Veja o que Alisson disse sobre o Liverpool e seu futuro substituto no Liverpool"},"content":{"rendered":"\n<h2 class=\"wp-block-heading\" id=\"h-contrato-do-goleiro-esta-perto-do-fim\">Contrato do goleiro est\u00e1 perto do fim <\/h2>\n\n\n\n<p>Desde que chegou ao Liverpool, Alisson \u00e9 titular absoluto no gol dos Reds. Recentemente, em entrevista \u00e0 imprensa brit\u00e2nica, o brasileiro disse que pretende cumprir seu contrato at\u00e9 o fim, que se encerra em junho de 2026. Alisson ainda comentou que rejeitou uma proposta do futebol \u00e1rabe e falou sobre seu futuro substituto. <\/p>\n\n\n\n<p><em>&#8211; Quero honrar meu contrato, termin\u00e1-lo ou fazer um novo. Por que continuar? Sou realmente feliz aqui, minha fam\u00edlia est\u00e1 contente. Nunca cheguei ao ponto de tratar de sal\u00e1rios, foi apenas interesse, mas, quando ouve os n\u00fameros que os outros jogadores est\u00e3o recebendo, voc\u00ea fica atra\u00eddo um pouco, \u00e9 normal. Nunca pensei em sair. Quando o interesse da Ar\u00e1bia Saudita surgiu, n\u00e3o podia fechar a porta para um acordo grande, mas minha decis\u00e3o foi sempre de permanecer e focar no que podemos alcan\u00e7ar. Se for do interesse do clube negociar, a\u00ed ser\u00e1 outra conversa. No momento, nesta janela, estou focado no meu trabalho e na minha vida em Liverpool<\/em>. <\/p>\n\n\n\n<p>O goleiro atuava pela Roma e se transferiu para a Inglaterra em 2018. Alisson estava presente nas principais conquistas do clube nas \u00faltimas temporadas, como a Liga dos Campe\u00f5es da temporada 2018\/19, o Mundial de Clubes de 2019 e o primeiro trof\u00e9u de Campeonato Ingl\u00eas na era Premier League em 2019\/20. <\/p>\n\n\n\n<p>Alisson comentou sobre o Liverpool procurar um substituto e elogiou o nome de Mamardashvil que \u00e9 ventilado no clube. O goleiro de 23 anos foi um dos principais destaques da Euro 2024 e os Reds negociam com o Valencia a compra do goleiro da Ge\u00f3rgia e est\u00e1 disposto a emprestar por no m\u00e1ximo duas temporadas. <\/p>\n\n\n\n<p><em>&#8211; O clube precisa se preparar para o futuro, n\u00e3o vamos durar para sempre aqui, estou ficando velho. Para um goleiro, ainda sou jovem, tenho muita energia e ainda tenho muito a dar para este clube. Acho que foi uma boa ideia (o Mamardashvili). Eu sabia antes de aparecer nas redes sociais e essa \u00e9 uma boa mensagem porque o clube se preocupa com o que penso &#8211;<\/em> disse Alisson.<\/p>\n\n\n\n<p>Nos dois primeiros jogos da Premier League na temporada 2024\/25, Alisson saiu de campo sem sofrer gols, ap\u00f3s duas vit\u00f3rias do Liverpool por 2 a 0, contra Ipswich e Brentford. <\/p>\n","protected":false},"excerpt":{"rendered":"<p>Contrato do goleiro est\u00e1 perto do fim Desde que chegou ao Liverpool, Alisson \u00e9 titular absoluto no gol dos Reds. Recentemente, em entrevista \u00e0 imprensa brit\u00e2nica, o brasileiro disse que pretende cumprir seu contrato at\u00e9 o fim, que se encerra em junho de 2026. Alisson ainda comentou que rejeitou uma proposta do futebol \u00e1rabe e [&hellip;]<\/p>\n","protected":false},"author":21,"featured_media":120135,"comment_status":"open","ping_status":"closed","sticky":false,"template":"","format":"standard","meta":{"footnotes":""},"categories":[92],"tags":[],"class_list":["post-161306","post","type-post","status-publish","format-standard","has-post-thumbnail","hentry","category-liverpool"],"yoast_head":"<!-- This site is optimized with the Yoast SEO Premium plugin v24.2 (Yoast SEO v26.9) - https:\/\/yoast.com\/product\/yoast-seo-premium-wordpress\/ -->\n<title>Veja o que Alisson disse sobre o Liverpool e seu futuro substituto no Liverpool<\/title>\n<meta name=\"robots\" content=\"index, follow, max-snippet:-1, max-image-preview:large, max-video-preview:-1\" \/>\n<link rel=\"canonical\" href=\"https:\/\/www.gaveanews.com\/index.php\/2024\/08\/26\/veja-o-que-alisson-disse-sobre-o-liverpool-e-seu-futuro-substituto-no-liverpool\/\" \/>\n<meta property=\"og:locale\" content=\"pt_BR\" \/>\n<meta property=\"og:type\" content=\"article\" \/>\n<meta property=\"og:title\" content=\"Veja o que Alisson disse sobre o Liverpool e seu futuro substituto no Liverpool\" \/>\n<meta property=\"og:description\" content=\"Contrato do goleiro est\u00e1 perto do fim Desde que chegou ao Liverpool, Alisson \u00e9 titular absoluto no gol dos Reds. Recentemente, em entrevista \u00e0 imprensa brit\u00e2nica, o brasileiro disse que pretende cumprir seu contrato at\u00e9 o fim, que se encerra em junho de 2026. Alisson ainda comentou que rejeitou uma proposta do futebol \u00e1rabe e [&hellip;]\" \/>\n<meta property=\"og:url\" content=\"https:\/\/www.gaveanews.com\/index.php\/2024\/08\/26\/veja-o-que-alisson-disse-sobre-o-liverpool-e-seu-futuro-substituto-no-liverpool\/\" \/>\n<meta property=\"og:site_name\" content=\"G\u00e1vea News\" \/>\n<meta property=\"article:publisher\" content=\"https:\/\/facebook.com\/gaveaNews\/\" \/>\n<meta property=\"article:published_time\" content=\"2024-08-26T20:22:12+00:00\" \/>\n<meta property=\"article:modified_time\" content=\"2024-08-26T20:22:13+00:00\" \/>\n<meta property=\"og:image\" content=\"https:\/\/www.gaveanews.com\/wp-content\/uploads\/Liverpool.webp\" \/>\n\t<meta property=\"og:image:width\" content=\"850\" \/>\n\t<meta property=\"og:image:height\" content=\"510\" \/>\n\t<meta property=\"og:image:type\" content=\"image\/jpeg\" \/>\n<meta name=\"author\" content=\"Andr\u00e9 Serra\" \/>\n<meta name=\"twitter:card\" content=\"summary_large_image\" \/>\n<meta name=\"twitter:label1\" content=\"Escrito por\" \/>\n\t<meta name=\"twitter:data1\" content=\"Andr\u00e9 Serra\" \/>\n\t<meta name=\"twitter:label2\" content=\"Est. tempo de leitura\" \/>\n\t<meta name=\"twitter:data2\" content=\"3 minutos\" \/>\n<script type=\"application\/ld+json\" class=\"yoast-schema-graph\">{\"@context\":\"https:\/\/schema.org\",\"@graph\":[{\"@type\":\"NewsArticle\",\"@id\":\"https:\/\/www.gaveanews.com\/index.php\/2024\/08\/26\/veja-o-que-alisson-disse-sobre-o-liverpool-e-seu-futuro-substituto-no-liverpool\/#article\",\"isPartOf\":{\"@id\":\"https:\/\/www.gaveanews.com\/index.php\/2024\/08\/26\/veja-o-que-alisson-disse-sobre-o-liverpool-e-seu-futuro-substituto-no-liverpool\/\"},\"author\":{\"name\":\"Andr\u00e9 Serra\",\"@id\":\"https:\/\/www.gaveanews.com\/#\/schema\/person\/0277a79a1289c451c281ec0411d84f0c\"},\"headline\":\"Veja o que Alisson disse sobre o Liverpool e seu futuro substituto no Liverpool\",\"datePublished\":\"2024-08-26T20:22:12+00:00\",\"dateModified\":\"2024-08-26T20:22:13+00:00\",\"mainEntityOfPage\":{\"@id\":\"https:\/\/www.gaveanews.com\/index.php\/2024\/08\/26\/veja-o-que-alisson-disse-sobre-o-liverpool-e-seu-futuro-substituto-no-liverpool\/\"},\"wordCount\":393,\"commentCount\":0,\"image\":{\"@id\":\"https:\/\/www.gaveanews.com\/index.php\/2024\/08\/26\/veja-o-que-alisson-disse-sobre-o-liverpool-e-seu-futuro-substituto-no-liverpool\/#primaryimage\"},\"thumbnailUrl\":\"https:\/\/www.gaveanews.com\/wp-content\/uploads\/Liverpool.webp\",\"articleSection\":[\"Liverpool\"],\"inLanguage\":\"pt-BR\",\"potentialAction\":[{\"@type\":\"CommentAction\",\"name\":\"Comment\",\"target\":[\"https:\/\/www.gaveanews.com\/index.php\/2024\/08\/26\/veja-o-que-alisson-disse-sobre-o-liverpool-e-seu-futuro-substituto-no-liverpool\/#respond\"]}],\"copyrightYear\":\"2024\",\"copyrightHolder\":{\"@id\":\"https:\/\/www.gaveanews.com\/#organization\"}},{\"@type\":\"WebPage\",\"@id\":\"https:\/\/www.gaveanews.com\/index.php\/2024\/08\/26\/veja-o-que-alisson-disse-sobre-o-liverpool-e-seu-futuro-substituto-no-liverpool\/\",\"url\":\"https:\/\/www.gaveanews.com\/index.php\/2024\/08\/26\/veja-o-que-alisson-disse-sobre-o-liverpool-e-seu-futuro-substituto-no-liverpool\/\",\"name\":\"Veja o que Alisson disse sobre o Liverpool e seu futuro substituto no Liverpool\",\"isPartOf\":{\"@id\":\"https:\/\/www.gaveanews.com\/#website\"},\"primaryImageOfPage\":{\"@id\":\"https:\/\/www.gaveanews.com\/index.php\/2024\/08\/26\/veja-o-que-alisson-disse-sobre-o-liverpool-e-seu-futuro-substituto-no-liverpool\/#primaryimage\"},\"image\":{\"@id\":\"https:\/\/www.gaveanews.com\/index.php\/2024\/08\/26\/veja-o-que-alisson-disse-sobre-o-liverpool-e-seu-futuro-substituto-no-liverpool\/#primaryimage\"},\"thumbnailUrl\":\"https:\/\/www.gaveanews.com\/wp-content\/uploads\/Liverpool.webp\",\"datePublished\":\"2024-08-26T20:22:12+00:00\",\"dateModified\":\"2024-08-26T20:22:13+00:00\",\"author\":{\"@id\":\"https:\/\/www.gaveanews.com\/#\/schema\/person\/0277a79a1289c451c281ec0411d84f0c\"},\"breadcrumb\":{\"@id\":\"https:\/\/www.gaveanews.com\/index.php\/2024\/08\/26\/veja-o-que-alisson-disse-sobre-o-liverpool-e-seu-futuro-substituto-no-liverpool\/#breadcrumb\"},\"inLanguage\":\"pt-BR\",\"potentialAction\":[{\"@type\":\"ReadAction\",\"target\":[\"https:\/\/www.gaveanews.com\/index.php\/2024\/08\/26\/veja-o-que-alisson-disse-sobre-o-liverpool-e-seu-futuro-substituto-no-liverpool\/\"]}]},{\"@type\":\"ImageObject\",\"inLanguage\":\"pt-BR\",\"@id\":\"https:\/\/www.gaveanews.com\/index.php\/2024\/08\/26\/veja-o-que-alisson-disse-sobre-o-liverpool-e-seu-futuro-substituto-no-liverpool\/#primaryimage\",\"url\":\"https:\/\/www.gaveanews.com\/wp-content\/uploads\/Liverpool.webp\",\"contentUrl\":\"https:\/\/www.gaveanews.com\/wp-content\/uploads\/Liverpool.webp\",\"width\":850,\"height\":510,\"caption\":\"Bandeirinha de escanteio do Liverpool em Anfield (Foto: Divulga\u00e7\u00e3o)\"},{\"@type\":\"BreadcrumbList\",\"@id\":\"https:\/\/www.gaveanews.com\/index.php\/2024\/08\/26\/veja-o-que-alisson-disse-sobre-o-liverpool-e-seu-futuro-substituto-no-liverpool\/#breadcrumb\",\"itemListElement\":[{\"@type\":\"ListItem\",\"position\":1,\"name\":\"Home\",\"item\":\"https:\/\/www.gaveanews.com\/\"},{\"@type\":\"ListItem\",\"position\":2,\"name\":\"Veja o que Alisson disse sobre o Liverpool e seu futuro substituto no Liverpool\"}]},{\"@type\":\"WebSite\",\"@id\":\"https:\/\/www.gaveanews.com\/#website\",\"url\":\"https:\/\/www.gaveanews.com\/\",\"name\":\"G\u00e1vea News\",\"description\":\"Veja todas as not\u00edcias sobre o Flamengo: Contrata\u00e7\u00f5es, categorias de base, resultados das partidas, tabela de classifica\u00e7\u00e3o, pr\u00f3ximos jogos!\",\"potentialAction\":[{\"@type\":\"SearchAction\",\"target\":{\"@type\":\"EntryPoint\",\"urlTemplate\":\"https:\/\/www.gaveanews.com\/?s={search_term_string}\"},\"query-input\":{\"@type\":\"PropertyValueSpecification\",\"valueRequired\":true,\"valueName\":\"search_term_string\"}}],\"inLanguage\":\"pt-BR\"},{\"@type\":\"Person\",\"@id\":\"https:\/\/www.gaveanews.com\/#\/schema\/person\/0277a79a1289c451c281ec0411d84f0c\",\"name\":\"Andr\u00e9 Serra\",\"image\":{\"@type\":\"ImageObject\",\"inLanguage\":\"pt-BR\",\"@id\":\"https:\/\/www.gaveanews.com\/#\/schema\/person\/image\/\",\"url\":\"https:\/\/secure.gravatar.com\/avatar\/d7231369fe48db93292b3e88eb2162dbd9a34a47a8437d9ef3bcaca2a86a83d7?s=96&d=mm&r=g\",\"contentUrl\":\"https:\/\/secure.gravatar.com\/avatar\/d7231369fe48db93292b3e88eb2162dbd9a34a47a8437d9ef3bcaca2a86a83d7?s=96&d=mm&r=g\",\"caption\":\"Andr\u00e9 Serra\"}}]}<\/script>\n<!-- \/ Yoast SEO Premium plugin. -->","yoast_head_json":{"title":"Veja o que Alisson disse sobre o Liverpool e seu futuro substituto no Liverpool","robots":{"index":"index","follow":"follow","max-snippet":"max-snippet:-1","max-image-preview":"max-image-preview:large","max-video-preview":"max-video-preview:-1"},"canonical":"https:\/\/www.gaveanews.com\/index.php\/2024\/08\/26\/veja-o-que-alisson-disse-sobre-o-liverpool-e-seu-futuro-substituto-no-liverpool\/","og_locale":"pt_BR","og_type":"article","og_title":"Veja o que Alisson disse sobre o Liverpool e seu futuro substituto no Liverpool","og_description":"Contrato do goleiro est\u00e1 perto do fim Desde que chegou ao Liverpool, Alisson \u00e9 titular absoluto no gol dos Reds. Recentemente, em entrevista \u00e0 imprensa brit\u00e2nica, o brasileiro disse que pretende cumprir seu contrato at\u00e9 o fim, que se encerra em junho de 2026. Alisson ainda comentou que rejeitou uma proposta do futebol \u00e1rabe e [&hellip;]","og_url":"https:\/\/www.gaveanews.com\/index.php\/2024\/08\/26\/veja-o-que-alisson-disse-sobre-o-liverpool-e-seu-futuro-substituto-no-liverpool\/","og_site_name":"G\u00e1vea News","article_publisher":"https:\/\/facebook.com\/gaveaNews\/","article_published_time":"2024-08-26T20:22:12+00:00","article_modified_time":"2024-08-26T20:22:13+00:00","og_image":[{"width":850,"height":510,"url":"https:\/\/www.gaveanews.com\/wp-content\/uploads\/Liverpool.webp","type":"image\/jpeg"}],"author":"Andr\u00e9 Serra","twitter_card":"summary_large_image","twitter_misc":{"Escrito por":"Andr\u00e9 Serra","Est. tempo de leitura":"3 minutos"},"schema":{"@context":"https:\/\/schema.org","@graph":[{"@type":"NewsArticle","@id":"https:\/\/www.gaveanews.com\/index.php\/2024\/08\/26\/veja-o-que-alisson-disse-sobre-o-liverpool-e-seu-futuro-substituto-no-liverpool\/#article","isPartOf":{"@id":"https:\/\/www.gaveanews.com\/index.php\/2024\/08\/26\/veja-o-que-alisson-disse-sobre-o-liverpool-e-seu-futuro-substituto-no-liverpool\/"},"author":{"name":"Andr\u00e9 Serra","@id":"https:\/\/www.gaveanews.com\/#\/schema\/person\/0277a79a1289c451c281ec0411d84f0c"},"headline":"Veja o que Alisson disse sobre o Liverpool e seu futuro substituto no Liverpool","datePublished":"2024-08-26T20:22:12+00:00","dateModified":"2024-08-26T20:22:13+00:00","mainEntityOfPage":{"@id":"https:\/\/www.gaveanews.com\/index.php\/2024\/08\/26\/veja-o-que-alisson-disse-sobre-o-liverpool-e-seu-futuro-substituto-no-liverpool\/"},"wordCount":393,"commentCount":0,"image":{"@id":"https:\/\/www.gaveanews.com\/index.php\/2024\/08\/26\/veja-o-que-alisson-disse-sobre-o-liverpool-e-seu-futuro-substituto-no-liverpool\/#primaryimage"},"thumbnailUrl":"https:\/\/www.gaveanews.com\/wp-content\/uploads\/Liverpool.webp","articleSection":["Liverpool"],"inLanguage":"pt-BR","potentialAction":[{"@type":"CommentAction","name":"Comment","target":["https:\/\/www.gaveanews.com\/index.php\/2024\/08\/26\/veja-o-que-alisson-disse-sobre-o-liverpool-e-seu-futuro-substituto-no-liverpool\/#respond"]}],"copyrightYear":"2024","copyrightHolder":{"@id":"https:\/\/www.gaveanews.com\/#organization"}},{"@type":"WebPage","@id":"https:\/\/www.gaveanews.com\/index.php\/2024\/08\/26\/veja-o-que-alisson-disse-sobre-o-liverpool-e-seu-futuro-substituto-no-liverpool\/","url":"https:\/\/www.gaveanews.com\/index.php\/2024\/08\/26\/veja-o-que-alisson-disse-sobre-o-liverpool-e-seu-futuro-substituto-no-liverpool\/","name":"Veja o que Alisson disse sobre o Liverpool e seu futuro substituto no Liverpool","isPartOf":{"@id":"https:\/\/www.gaveanews.com\/#website"},"primaryImageOfPage":{"@id":"https:\/\/www.gaveanews.com\/index.php\/2024\/08\/26\/veja-o-que-alisson-disse-sobre-o-liverpool-e-seu-futuro-substituto-no-liverpool\/#primaryimage"},"image":{"@id":"https:\/\/www.gaveanews.com\/index.php\/2024\/08\/26\/veja-o-que-alisson-disse-sobre-o-liverpool-e-seu-futuro-substituto-no-liverpool\/#primaryimage"},"thumbnailUrl":"https:\/\/www.gaveanews.com\/wp-content\/uploads\/Liverpool.webp","datePublished":"2024-08-26T20:22:12+00:00","dateModified":"2024-08-26T20:22:13+00:00","author":{"@id":"https:\/\/www.gaveanews.com\/#\/schema\/person\/0277a79a1289c451c281ec0411d84f0c"},"breadcrumb":{"@id":"https:\/\/www.gaveanews.com\/index.php\/2024\/08\/26\/veja-o-que-alisson-disse-sobre-o-liverpool-e-seu-futuro-substituto-no-liverpool\/#breadcrumb"},"inLanguage":"pt-BR","potentialAction":[{"@type":"ReadAction","target":["https:\/\/www.gaveanews.com\/index.php\/2024\/08\/26\/veja-o-que-alisson-disse-sobre-o-liverpool-e-seu-futuro-substituto-no-liverpool\/"]}]},{"@type":"ImageObject","inLanguage":"pt-BR","@id":"https:\/\/www.gaveanews.com\/index.php\/2024\/08\/26\/veja-o-que-alisson-disse-sobre-o-liverpool-e-seu-futuro-substituto-no-liverpool\/#primaryimage","url":"https:\/\/www.gaveanews.com\/wp-content\/uploads\/Liverpool.webp","contentUrl":"https:\/\/www.gaveanews.com\/wp-content\/uploads\/Liverpool.webp","width":850,"height":510,"caption":"Bandeirinha de escanteio do Liverpool em Anfield (Foto: Divulga\u00e7\u00e3o)"},{"@type":"BreadcrumbList","@id":"https:\/\/www.gaveanews.com\/index.php\/2024\/08\/26\/veja-o-que-alisson-disse-sobre-o-liverpool-e-seu-futuro-substituto-no-liverpool\/#breadcrumb","itemListElement":[{"@type":"ListItem","position":1,"name":"Home","item":"https:\/\/www.gaveanews.com\/"},{"@type":"ListItem","position":2,"name":"Veja o que Alisson disse sobre o Liverpool e seu futuro substituto no Liverpool"}]},{"@type":"WebSite","@id":"https:\/\/www.gaveanews.com\/#website","url":"https:\/\/www.gaveanews.com\/","name":"G\u00e1vea News","description":"Veja todas as not\u00edcias sobre o Flamengo: Contrata\u00e7\u00f5es, categorias de base, resultados das partidas, tabela de classifica\u00e7\u00e3o, pr\u00f3ximos jogos!","potentialAction":[{"@type":"SearchAction","target":{"@type":"EntryPoint","urlTemplate":"https:\/\/www.gaveanews.com\/?s={search_term_string}"},"query-input":{"@type":"PropertyValueSpecification","valueRequired":true,"valueName":"search_term_string"}}],"inLanguage":"pt-BR"},{"@type":"Person","@id":"https:\/\/www.gaveanews.com\/#\/schema\/person\/0277a79a1289c451c281ec0411d84f0c","name":"Andr\u00e9 Serra","image":{"@type":"ImageObject","inLanguage":"pt-BR","@id":"https:\/\/www.gaveanews.com\/#\/schema\/person\/image\/","url":"https:\/\/secure.gravatar.com\/avatar\/d7231369fe48db93292b3e88eb2162dbd9a34a47a8437d9ef3bcaca2a86a83d7?s=96&d=mm&r=g","contentUrl":"https:\/\/secure.gravatar.com\/avatar\/d7231369fe48db93292b3e88eb2162dbd9a34a47a8437d9ef3bcaca2a86a83d7?s=96&d=mm&r=g","caption":"Andr\u00e9 Serra"}}]}},"_links":{"self":[{"href":"https:\/\/www.gaveanews.com\/index.php\/wp-json\/wp\/v2\/posts\/161306","targetHints":{"allow":["GET"]}}],"collection":[{"href":"https:\/\/www.gaveanews.com\/index.php\/wp-json\/wp\/v2\/posts"}],"about":[{"href":"https:\/\/www.gaveanews.com\/index.php\/wp-json\/wp\/v2\/types\/post"}],"author":[{"embeddable":true,"href":"https:\/\/www.gaveanews.com\/index.php\/wp-json\/wp\/v2\/users\/21"}],"replies":[{"embeddable":true,"href":"https:\/\/www.gaveanews.com\/index.php\/wp-json\/wp\/v2\/comments?post=161306"}],"version-history":[{"count":1,"href":"https:\/\/www.gaveanews.com\/index.php\/wp-json\/wp\/v2\/posts\/161306\/revisions"}],"predecessor-version":[{"id":161343,"href":"https:\/\/www.gaveanews.com\/index.php\/wp-json\/wp\/v2\/posts\/161306\/revisions\/161343"}],"wp:featuredmedia":[{"embeddable":true,"href":"https:\/\/www.gaveanews.com\/index.php\/wp-json\/wp\/v2\/media\/120135"}],"wp:attachment":[{"href":"https:\/\/www.gaveanews.com\/index.php\/wp-json\/wp\/v2\/media?parent=161306"}],"wp:term":[{"taxonomy":"category","embeddable":true,"href":"https:\/\/www.gaveanews.com\/index.php\/wp-json\/wp\/v2\/categories?post=161306"},{"taxonomy":"post_tag","embeddable":true,"href":"https:\/\/www.gaveanews.com\/index.php\/wp-json\/wp\/v2\/tags?post=161306"}],"curies":[{"name":"wp","href":"https:\/\/api.w.org\/{rel}","templated":true}]}}