{"id":161436,"date":"2024-08-26T20:51:32","date_gmt":"2024-08-26T23:51:32","guid":{"rendered":"https:\/\/www.gaveanews.com\/?p=161436"},"modified":"2024-08-26T20:51:35","modified_gmt":"2024-08-26T23:51:35","slug":"goleiro-do-flamengo-tira-onda-nas-redes-sociais","status":"publish","type":"post","link":"https:\/\/www.gaveanews.com\/index.php\/2024\/08\/26\/goleiro-do-flamengo-tira-onda-nas-redes-sociais\/","title":{"rendered":"Goleiro do Flamengo tira onda nas redes sociais"},"content":{"rendered":"\n<p>O Flamengo Sub-20 foi a campo no \u00faltimo s\u00e1bado, dia 24 de agosto, para disputar o Mundial da categoria. O Mengo enfrentou o Olympiacos, da Gr\u00e9cia, e foi o grande vitorioso do confronto, se consagrando como campe\u00e3o.<\/p>\n\n\n\n<ul class=\"wp-block-list\">\n<li><a href=\"https:\/\/www.gaveanews.com\/index.php\/2024\/08\/26\/como-chega-o-bahia-para-o-jogo-contra-o-flamengo\/\">Como chega o Bahia para o jogo contra o Flamengo<\/a><\/li>\n\n\n\n<li><a href=\"https:\/\/www.gaveanews.com\/index.php\/2024\/08\/26\/a-data-em-que-alex-sandro-vai-ser-apresentar-ao-flamengo\/\">A data em que Alex Sandro vai ser apresentar ao Flamengo<\/a><\/li>\n<\/ul>\n\n\n\n<p>Ap\u00f3s o duelo, os jogadores tiraram bastante onda nas redes sociais, e o goleiro Dyogo Alves n\u00e3o perdeu a oportunidade de se exibir. Atrav\u00e9s do Instagram, o arqueiro compartilhou uma foto no palco do t\u00edtulo, e legendou da seguinte forma: &#8220;Bom dia para quem acordou campe\u00e3o do mundo&#8221;.<\/p>\n\n\n\n<h2 class=\"wp-block-heading\" id=\"h-o-jogo\">O jogo<\/h2>\n\n\n\n<p>Na decis\u00e3o do Mundial Sub-20, Flamengo e Olympiacos terminaram o primeiro tempo no 0 a 0. Na etapa final, o time grego foi quem abriu o placar, aos nove minutos, e tinha vantagem no marcador, at\u00e9 as altera\u00e7\u00f5es de Filipe Lu\u00eds.<\/p>\n\n\n\n<p>As mexidas de Filipe foram certeiras, e o Fla definitivamente entrou no jogo, ficando competitivo. Com Caio Garcia, o Rubro-Negro empatou a partida, que estava em 1 a 1, e assumiu o protagonismo. Os gregos sentiram o gol e ca\u00edram de produ\u00e7\u00e3o, fazendo o Flamengo aproveitar a superioridade.<\/p>\n\n\n\n<p>Com o apoio da torcida, nos acr\u00e9scimos, Felipe Teresa estufou as redes do Olympiacos, garantiu a virada e, de quebra, o t\u00edtulo do Meng\u00e3o. O Flamengo \u00e9 o primeiro time brasileiro a vencer jogo entre campe\u00f5es da Am\u00e9rica do Sul e Europa.<\/p>\n\n\n\n<h2 class=\"wp-block-heading\" id=\"h-o-goleiro-dyogo-alves\">O goleiro Dyogo Alves<\/h2>\n\n\n\n<p>Hoje com 20 anos, Dyogo Alves chegou ao Flamengo aos 15. O goleiro \u00e9 um dos 16 sobreviventes do inc\u00eandio no Ninho do Urubu, que ocorreu no dia 8 de fevereiro de 2019 e culminou na morte de 10 jovens das categorias de base.<\/p>\n\n\n\n<p>Dyogo \u00e9 o goleiro titular do Sub-20 do Flamengo e a terceira op\u00e7\u00e3o de Tite na equipe principal. O goleiro, inclusive, renovou o contrato recentemente. Na \u00faltima sexta-feira (23), o Rubro-Negro emitiu um comunicado informando que estendeu o tempo de v\u00ednculo com o goleiro.<\/p>\n","protected":false},"excerpt":{"rendered":"<p>O Flamengo Sub-20 foi a campo no \u00faltimo s\u00e1bado, dia 24 de agosto, para disputar o Mundial da categoria. O Mengo enfrentou o Olympiacos, da Gr\u00e9cia, e foi o grande vitorioso do confronto, se consagrando como campe\u00e3o. Ap\u00f3s o duelo, os jogadores tiraram bastante onda nas redes sociais, e o goleiro Dyogo Alves n\u00e3o perdeu [&hellip;]<\/p>\n","protected":false},"author":18,"featured_media":124518,"comment_status":"open","ping_status":"closed","sticky":false,"template":"","format":"standard","meta":{"footnotes":""},"categories":[1],"tags":[],"class_list":["post-161436","post","type-post","status-publish","format-standard","has-post-thumbnail","hentry","category-flamengo"],"yoast_head":"<!-- This site is optimized with the Yoast SEO Premium plugin v24.2 (Yoast SEO v26.9) - https:\/\/yoast.com\/product\/yoast-seo-premium-wordpress\/ -->\n<title>Goleiro do Flamengo tira onda nas redes sociais<\/title>\n<meta name=\"robots\" content=\"index, follow, max-snippet:-1, max-image-preview:large, max-video-preview:-1\" \/>\n<link rel=\"canonical\" href=\"https:\/\/www.gaveanews.com\/index.php\/2024\/08\/26\/goleiro-do-flamengo-tira-onda-nas-redes-sociais\/\" \/>\n<meta property=\"og:locale\" content=\"pt_BR\" \/>\n<meta property=\"og:type\" content=\"article\" \/>\n<meta property=\"og:title\" content=\"Goleiro do Flamengo tira onda nas redes sociais\" \/>\n<meta property=\"og:description\" content=\"O Flamengo Sub-20 foi a campo no \u00faltimo s\u00e1bado, dia 24 de agosto, para disputar o Mundial da categoria. O Mengo enfrentou o Olympiacos, da Gr\u00e9cia, e foi o grande vitorioso do confronto, se consagrando como campe\u00e3o. Ap\u00f3s o duelo, os jogadores tiraram bastante onda nas redes sociais, e o goleiro Dyogo Alves n\u00e3o perdeu [&hellip;]\" \/>\n<meta property=\"og:url\" content=\"https:\/\/www.gaveanews.com\/index.php\/2024\/08\/26\/goleiro-do-flamengo-tira-onda-nas-redes-sociais\/\" \/>\n<meta property=\"og:site_name\" content=\"G\u00e1vea News\" \/>\n<meta property=\"article:publisher\" content=\"https:\/\/facebook.com\/gaveaNews\/\" \/>\n<meta property=\"article:published_time\" content=\"2024-08-26T23:51:32+00:00\" \/>\n<meta property=\"article:modified_time\" content=\"2024-08-26T23:51:35+00:00\" \/>\n<meta property=\"og:image\" content=\"https:\/\/www.gaveanews.com\/wp-content\/uploads\/Centro-de-Treinamento-Ninho-do-Urubu.webp\" \/>\n\t<meta property=\"og:image:width\" content=\"1200\" \/>\n\t<meta property=\"og:image:height\" content=\"799\" \/>\n\t<meta property=\"og:image:type\" content=\"image\/jpeg\" \/>\n<meta name=\"author\" content=\"Paula Silva\" \/>\n<meta name=\"twitter:card\" content=\"summary_large_image\" \/>\n<meta name=\"twitter:label1\" content=\"Escrito por\" \/>\n\t<meta name=\"twitter:data1\" content=\"Paula Silva\" \/>\n\t<meta name=\"twitter:label2\" content=\"Est. tempo de leitura\" \/>\n\t<meta name=\"twitter:data2\" content=\"3 minutos\" \/>\n<script type=\"application\/ld+json\" class=\"yoast-schema-graph\">{\"@context\":\"https:\/\/schema.org\",\"@graph\":[{\"@type\":\"NewsArticle\",\"@id\":\"https:\/\/www.gaveanews.com\/index.php\/2024\/08\/26\/goleiro-do-flamengo-tira-onda-nas-redes-sociais\/#article\",\"isPartOf\":{\"@id\":\"https:\/\/www.gaveanews.com\/index.php\/2024\/08\/26\/goleiro-do-flamengo-tira-onda-nas-redes-sociais\/\"},\"author\":{\"name\":\"Paula Silva\",\"@id\":\"https:\/\/www.gaveanews.com\/#\/schema\/person\/daf63eec72e1164eb13dc35096c2b8da\"},\"headline\":\"Goleiro do Flamengo tira onda nas redes sociais\",\"datePublished\":\"2024-08-26T23:51:32+00:00\",\"dateModified\":\"2024-08-26T23:51:35+00:00\",\"mainEntityOfPage\":{\"@id\":\"https:\/\/www.gaveanews.com\/index.php\/2024\/08\/26\/goleiro-do-flamengo-tira-onda-nas-redes-sociais\/\"},\"wordCount\":345,\"commentCount\":0,\"image\":{\"@id\":\"https:\/\/www.gaveanews.com\/index.php\/2024\/08\/26\/goleiro-do-flamengo-tira-onda-nas-redes-sociais\/#primaryimage\"},\"thumbnailUrl\":\"https:\/\/www.gaveanews.com\/wp-content\/uploads\/Centro-de-Treinamento-Ninho-do-Urubu.webp\",\"articleSection\":[\"Flamengo\"],\"inLanguage\":\"pt-BR\",\"potentialAction\":[{\"@type\":\"CommentAction\",\"name\":\"Comment\",\"target\":[\"https:\/\/www.gaveanews.com\/index.php\/2024\/08\/26\/goleiro-do-flamengo-tira-onda-nas-redes-sociais\/#respond\"]}],\"copyrightYear\":\"2024\",\"copyrightHolder\":{\"@id\":\"https:\/\/www.gaveanews.com\/#organization\"}},{\"@type\":\"WebPage\",\"@id\":\"https:\/\/www.gaveanews.com\/index.php\/2024\/08\/26\/goleiro-do-flamengo-tira-onda-nas-redes-sociais\/\",\"url\":\"https:\/\/www.gaveanews.com\/index.php\/2024\/08\/26\/goleiro-do-flamengo-tira-onda-nas-redes-sociais\/\",\"name\":\"Goleiro do Flamengo tira onda nas redes sociais\",\"isPartOf\":{\"@id\":\"https:\/\/www.gaveanews.com\/#website\"},\"primaryImageOfPage\":{\"@id\":\"https:\/\/www.gaveanews.com\/index.php\/2024\/08\/26\/goleiro-do-flamengo-tira-onda-nas-redes-sociais\/#primaryimage\"},\"image\":{\"@id\":\"https:\/\/www.gaveanews.com\/index.php\/2024\/08\/26\/goleiro-do-flamengo-tira-onda-nas-redes-sociais\/#primaryimage\"},\"thumbnailUrl\":\"https:\/\/www.gaveanews.com\/wp-content\/uploads\/Centro-de-Treinamento-Ninho-do-Urubu.webp\",\"datePublished\":\"2024-08-26T23:51:32+00:00\",\"dateModified\":\"2024-08-26T23:51:35+00:00\",\"author\":{\"@id\":\"https:\/\/www.gaveanews.com\/#\/schema\/person\/daf63eec72e1164eb13dc35096c2b8da\"},\"breadcrumb\":{\"@id\":\"https:\/\/www.gaveanews.com\/index.php\/2024\/08\/26\/goleiro-do-flamengo-tira-onda-nas-redes-sociais\/#breadcrumb\"},\"inLanguage\":\"pt-BR\",\"potentialAction\":[{\"@type\":\"ReadAction\",\"target\":[\"https:\/\/www.gaveanews.com\/index.php\/2024\/08\/26\/goleiro-do-flamengo-tira-onda-nas-redes-sociais\/\"]}]},{\"@type\":\"ImageObject\",\"inLanguage\":\"pt-BR\",\"@id\":\"https:\/\/www.gaveanews.com\/index.php\/2024\/08\/26\/goleiro-do-flamengo-tira-onda-nas-redes-sociais\/#primaryimage\",\"url\":\"https:\/\/www.gaveanews.com\/wp-content\/uploads\/Centro-de-Treinamento-Ninho-do-Urubu.webp\",\"contentUrl\":\"https:\/\/www.gaveanews.com\/wp-content\/uploads\/Centro-de-Treinamento-Ninho-do-Urubu.webp\",\"width\":1200,\"height\":799,\"caption\":\"Centro de Treinamento Ninho do Urubu - Foto: divulga\u00e7\u00e3o\"},{\"@type\":\"BreadcrumbList\",\"@id\":\"https:\/\/www.gaveanews.com\/index.php\/2024\/08\/26\/goleiro-do-flamengo-tira-onda-nas-redes-sociais\/#breadcrumb\",\"itemListElement\":[{\"@type\":\"ListItem\",\"position\":1,\"name\":\"Home\",\"item\":\"https:\/\/www.gaveanews.com\/\"},{\"@type\":\"ListItem\",\"position\":2,\"name\":\"Goleiro do Flamengo tira onda nas redes sociais\"}]},{\"@type\":\"WebSite\",\"@id\":\"https:\/\/www.gaveanews.com\/#website\",\"url\":\"https:\/\/www.gaveanews.com\/\",\"name\":\"G\u00e1vea News\",\"description\":\"Veja todas as not\u00edcias sobre o Flamengo: Contrata\u00e7\u00f5es, categorias de base, resultados das partidas, tabela de classifica\u00e7\u00e3o, pr\u00f3ximos jogos!\",\"potentialAction\":[{\"@type\":\"SearchAction\",\"target\":{\"@type\":\"EntryPoint\",\"urlTemplate\":\"https:\/\/www.gaveanews.com\/?s={search_term_string}\"},\"query-input\":{\"@type\":\"PropertyValueSpecification\",\"valueRequired\":true,\"valueName\":\"search_term_string\"}}],\"inLanguage\":\"pt-BR\"},{\"@type\":\"Person\",\"@id\":\"https:\/\/www.gaveanews.com\/#\/schema\/person\/daf63eec72e1164eb13dc35096c2b8da\",\"name\":\"Paula Silva\",\"image\":{\"@type\":\"ImageObject\",\"inLanguage\":\"pt-BR\",\"@id\":\"https:\/\/www.gaveanews.com\/#\/schema\/person\/image\/\",\"url\":\"https:\/\/secure.gravatar.com\/avatar\/eda381c845527cc5d64c13b901833cda29d97500ba040d3e6461f76f51d163bb?s=96&d=mm&r=g\",\"contentUrl\":\"https:\/\/secure.gravatar.com\/avatar\/eda381c845527cc5d64c13b901833cda29d97500ba040d3e6461f76f51d163bb?s=96&d=mm&r=g\",\"caption\":\"Paula Silva\"}}]}<\/script>\n<!-- \/ Yoast SEO Premium plugin. -->","yoast_head_json":{"title":"Goleiro do Flamengo tira onda nas redes sociais","robots":{"index":"index","follow":"follow","max-snippet":"max-snippet:-1","max-image-preview":"max-image-preview:large","max-video-preview":"max-video-preview:-1"},"canonical":"https:\/\/www.gaveanews.com\/index.php\/2024\/08\/26\/goleiro-do-flamengo-tira-onda-nas-redes-sociais\/","og_locale":"pt_BR","og_type":"article","og_title":"Goleiro do Flamengo tira onda nas redes sociais","og_description":"O Flamengo Sub-20 foi a campo no \u00faltimo s\u00e1bado, dia 24 de agosto, para disputar o Mundial da categoria. O Mengo enfrentou o Olympiacos, da Gr\u00e9cia, e foi o grande vitorioso do confronto, se consagrando como campe\u00e3o. Ap\u00f3s o duelo, os jogadores tiraram bastante onda nas redes sociais, e o goleiro Dyogo Alves n\u00e3o perdeu [&hellip;]","og_url":"https:\/\/www.gaveanews.com\/index.php\/2024\/08\/26\/goleiro-do-flamengo-tira-onda-nas-redes-sociais\/","og_site_name":"G\u00e1vea News","article_publisher":"https:\/\/facebook.com\/gaveaNews\/","article_published_time":"2024-08-26T23:51:32+00:00","article_modified_time":"2024-08-26T23:51:35+00:00","og_image":[{"width":1200,"height":799,"url":"https:\/\/www.gaveanews.com\/wp-content\/uploads\/Centro-de-Treinamento-Ninho-do-Urubu.webp","type":"image\/jpeg"}],"author":"Paula Silva","twitter_card":"summary_large_image","twitter_misc":{"Escrito por":"Paula Silva","Est. tempo de leitura":"3 minutos"},"schema":{"@context":"https:\/\/schema.org","@graph":[{"@type":"NewsArticle","@id":"https:\/\/www.gaveanews.com\/index.php\/2024\/08\/26\/goleiro-do-flamengo-tira-onda-nas-redes-sociais\/#article","isPartOf":{"@id":"https:\/\/www.gaveanews.com\/index.php\/2024\/08\/26\/goleiro-do-flamengo-tira-onda-nas-redes-sociais\/"},"author":{"name":"Paula Silva","@id":"https:\/\/www.gaveanews.com\/#\/schema\/person\/daf63eec72e1164eb13dc35096c2b8da"},"headline":"Goleiro do Flamengo tira onda nas redes sociais","datePublished":"2024-08-26T23:51:32+00:00","dateModified":"2024-08-26T23:51:35+00:00","mainEntityOfPage":{"@id":"https:\/\/www.gaveanews.com\/index.php\/2024\/08\/26\/goleiro-do-flamengo-tira-onda-nas-redes-sociais\/"},"wordCount":345,"commentCount":0,"image":{"@id":"https:\/\/www.gaveanews.com\/index.php\/2024\/08\/26\/goleiro-do-flamengo-tira-onda-nas-redes-sociais\/#primaryimage"},"thumbnailUrl":"https:\/\/www.gaveanews.com\/wp-content\/uploads\/Centro-de-Treinamento-Ninho-do-Urubu.webp","articleSection":["Flamengo"],"inLanguage":"pt-BR","potentialAction":[{"@type":"CommentAction","name":"Comment","target":["https:\/\/www.gaveanews.com\/index.php\/2024\/08\/26\/goleiro-do-flamengo-tira-onda-nas-redes-sociais\/#respond"]}],"copyrightYear":"2024","copyrightHolder":{"@id":"https:\/\/www.gaveanews.com\/#organization"}},{"@type":"WebPage","@id":"https:\/\/www.gaveanews.com\/index.php\/2024\/08\/26\/goleiro-do-flamengo-tira-onda-nas-redes-sociais\/","url":"https:\/\/www.gaveanews.com\/index.php\/2024\/08\/26\/goleiro-do-flamengo-tira-onda-nas-redes-sociais\/","name":"Goleiro do Flamengo tira onda nas redes sociais","isPartOf":{"@id":"https:\/\/www.gaveanews.com\/#website"},"primaryImageOfPage":{"@id":"https:\/\/www.gaveanews.com\/index.php\/2024\/08\/26\/goleiro-do-flamengo-tira-onda-nas-redes-sociais\/#primaryimage"},"image":{"@id":"https:\/\/www.gaveanews.com\/index.php\/2024\/08\/26\/goleiro-do-flamengo-tira-onda-nas-redes-sociais\/#primaryimage"},"thumbnailUrl":"https:\/\/www.gaveanews.com\/wp-content\/uploads\/Centro-de-Treinamento-Ninho-do-Urubu.webp","datePublished":"2024-08-26T23:51:32+00:00","dateModified":"2024-08-26T23:51:35+00:00","author":{"@id":"https:\/\/www.gaveanews.com\/#\/schema\/person\/daf63eec72e1164eb13dc35096c2b8da"},"breadcrumb":{"@id":"https:\/\/www.gaveanews.com\/index.php\/2024\/08\/26\/goleiro-do-flamengo-tira-onda-nas-redes-sociais\/#breadcrumb"},"inLanguage":"pt-BR","potentialAction":[{"@type":"ReadAction","target":["https:\/\/www.gaveanews.com\/index.php\/2024\/08\/26\/goleiro-do-flamengo-tira-onda-nas-redes-sociais\/"]}]},{"@type":"ImageObject","inLanguage":"pt-BR","@id":"https:\/\/www.gaveanews.com\/index.php\/2024\/08\/26\/goleiro-do-flamengo-tira-onda-nas-redes-sociais\/#primaryimage","url":"https:\/\/www.gaveanews.com\/wp-content\/uploads\/Centro-de-Treinamento-Ninho-do-Urubu.webp","contentUrl":"https:\/\/www.gaveanews.com\/wp-content\/uploads\/Centro-de-Treinamento-Ninho-do-Urubu.webp","width":1200,"height":799,"caption":"Centro de Treinamento Ninho do Urubu - Foto: divulga\u00e7\u00e3o"},{"@type":"BreadcrumbList","@id":"https:\/\/www.gaveanews.com\/index.php\/2024\/08\/26\/goleiro-do-flamengo-tira-onda-nas-redes-sociais\/#breadcrumb","itemListElement":[{"@type":"ListItem","position":1,"name":"Home","item":"https:\/\/www.gaveanews.com\/"},{"@type":"ListItem","position":2,"name":"Goleiro do Flamengo tira onda nas redes sociais"}]},{"@type":"WebSite","@id":"https:\/\/www.gaveanews.com\/#website","url":"https:\/\/www.gaveanews.com\/","name":"G\u00e1vea News","description":"Veja todas as not\u00edcias sobre o Flamengo: Contrata\u00e7\u00f5es, categorias de base, resultados das partidas, tabela de classifica\u00e7\u00e3o, pr\u00f3ximos jogos!","potentialAction":[{"@type":"SearchAction","target":{"@type":"EntryPoint","urlTemplate":"https:\/\/www.gaveanews.com\/?s={search_term_string}"},"query-input":{"@type":"PropertyValueSpecification","valueRequired":true,"valueName":"search_term_string"}}],"inLanguage":"pt-BR"},{"@type":"Person","@id":"https:\/\/www.gaveanews.com\/#\/schema\/person\/daf63eec72e1164eb13dc35096c2b8da","name":"Paula Silva","image":{"@type":"ImageObject","inLanguage":"pt-BR","@id":"https:\/\/www.gaveanews.com\/#\/schema\/person\/image\/","url":"https:\/\/secure.gravatar.com\/avatar\/eda381c845527cc5d64c13b901833cda29d97500ba040d3e6461f76f51d163bb?s=96&d=mm&r=g","contentUrl":"https:\/\/secure.gravatar.com\/avatar\/eda381c845527cc5d64c13b901833cda29d97500ba040d3e6461f76f51d163bb?s=96&d=mm&r=g","caption":"Paula Silva"}}]}},"_links":{"self":[{"href":"https:\/\/www.gaveanews.com\/index.php\/wp-json\/wp\/v2\/posts\/161436","targetHints":{"allow":["GET"]}}],"collection":[{"href":"https:\/\/www.gaveanews.com\/index.php\/wp-json\/wp\/v2\/posts"}],"about":[{"href":"https:\/\/www.gaveanews.com\/index.php\/wp-json\/wp\/v2\/types\/post"}],"author":[{"embeddable":true,"href":"https:\/\/www.gaveanews.com\/index.php\/wp-json\/wp\/v2\/users\/18"}],"replies":[{"embeddable":true,"href":"https:\/\/www.gaveanews.com\/index.php\/wp-json\/wp\/v2\/comments?post=161436"}],"version-history":[{"count":1,"href":"https:\/\/www.gaveanews.com\/index.php\/wp-json\/wp\/v2\/posts\/161436\/revisions"}],"predecessor-version":[{"id":161438,"href":"https:\/\/www.gaveanews.com\/index.php\/wp-json\/wp\/v2\/posts\/161436\/revisions\/161438"}],"wp:featuredmedia":[{"embeddable":true,"href":"https:\/\/www.gaveanews.com\/index.php\/wp-json\/wp\/v2\/media\/124518"}],"wp:attachment":[{"href":"https:\/\/www.gaveanews.com\/index.php\/wp-json\/wp\/v2\/media?parent=161436"}],"wp:term":[{"taxonomy":"category","embeddable":true,"href":"https:\/\/www.gaveanews.com\/index.php\/wp-json\/wp\/v2\/categories?post=161436"},{"taxonomy":"post_tag","embeddable":true,"href":"https:\/\/www.gaveanews.com\/index.php\/wp-json\/wp\/v2\/tags?post=161436"}],"curies":[{"name":"wp","href":"https:\/\/api.w.org\/{rel}","templated":true}]}}