{"id":161762,"date":"2024-08-28T08:30:00","date_gmt":"2024-08-28T11:30:00","guid":{"rendered":"https:\/\/www.gaveanews.com\/?p=161762"},"modified":"2024-08-28T06:45:46","modified_gmt":"2024-08-28T09:45:46","slug":"o-valor-do-salario-renata-fan-e-denilson-na-band","status":"publish","type":"post","link":"https:\/\/www.gaveanews.com\/index.php\/2024\/08\/28\/o-valor-do-salario-renata-fan-e-denilson-na-band\/","title":{"rendered":"O valor do sal\u00e1rio Renata Fan e Den\u00edlson na Band"},"content":{"rendered":"\n<p>A apresentadora Renata Fan e o comentarista Den\u00edlson Show tem sido uma dupla que vive divertindo milhares de apaixonados por futebol, na hora do almo\u00e7o, h\u00e1 muitos anos, na Band.<\/p>\n\n\n\n<ul class=\"wp-block-yoast-seo-related-links yoast-seo-related-links\">\n<li><a href=\"https:\/\/www.gaveanews.com\/index.php\/2021\/05\/26\/video-gabigol-autografa-bandeirao-e-recebe-placa-da-torcida-do-flamengo\/\">V\u00eddeo: Gabigol autografa bandeir\u00e3o e recebe placa da torcida do Flamengo<\/a><\/li>\n\n\n\n<li><a href=\"https:\/\/www.gaveanews.com\/index.php\/2020\/09\/16\/conmebol-tv-busca-parceiros-para-diminuir-valor-da-assinatura\/\">Conmebol TV busca parceiros para diminuir valor da assinatura<\/a><\/li>\n<\/ul>\n\n\n\n<p>Hoje, o Jogo Aberto possui tamb\u00e9m outros membros, como o ex-goleiro Ronaldo Giovanelli, o narrador Ulisses Costa, o rep\u00f3rter Jo\u00e3o Paulo Cappellanes, al\u00e9m dos comentaristas Chico Garcia, Heverton Guimar\u00e3es e Jo\u00e3o Pedro Sgarbi, o que abrilhantam ainda mais a atra\u00e7\u00e3o.<\/p>\n\n\n\n<p>Ela comanda o programa desde o ano de 2007 e ganhou a companhia do craque, que defendeu Palmeiras e S\u00e3o Paulo quando atuava como jogador profissional cinco anos depois. Ou seja, no ano de 2012.<\/p>\n\n\n\n<p>O entrosamento foi imediato. De uma maneira muito informal, eles sempre procuraram agir com naturalidade, e buscando uma conversa como se fosse feita pelos telespectadores.<\/p>\n\n\n\n<p>Sendo assim, obviamente, a tira\u00e7\u00e3o de sarro \u00e9 uma t\u00f4nica do programa. \u00c9 sabido que a apresentadora \u00e9 torcedora do Internacional, enquanto o ex-jogador tem familiaridade com dois times brasileiros em que defendeu em sua carreira como atleta.<\/p>\n\n\n\n<h2 class=\"wp-block-heading\" id=\"h-qual-e-o-salario-da-dupla\">Qual \u00e9 o sal\u00e1rio da dupla?<\/h2>\n\n\n\n<p>Para estarem na telinha dos amantes do esporte mais popular do planeta, de segunda a sexta, a emissora de Jo\u00e3o Carlos Saad desembolsa um alto valor para a dupla, mensalmente.<\/p>\n\n\n\n<p>Renata Fan, que j\u00e1 viu o elenco da atra\u00e7\u00e3o mudar com o passar dos anos, fatura incr\u00edveis R$ 180 mil mensais para ser a respons\u00e1vel por comandar a atra\u00e7\u00e3o. A jornalista esportiva come\u00e7ou na carreira na TV Record, fazendo parte do programa &#8220;Terceiro Tempo&#8221; e &#8220;Debate Bola&#8221;. Vale lembrar que a ga\u00facha foi eleita Miss Brasil no ano de 1999.<\/p>\n\n\n\n<p>J\u00e1 Den\u00edlson n\u00e3o fatura igual aos seus tempos de jogador. Afinal ele ficou muitos anos atuando na Europa, pelo Real Betis, da Espanha, e atuou pela Sele\u00e7\u00e3o Brasileira em duas Copas do Mundo: em 1998, da Fran\u00e7a, e em 2002, no Jap\u00e3o e na Coreia do Sul, ano em que o Brasil faturou o Pentacampeonato Mundial, o \u00faltimo da Sele\u00e7\u00e3o at\u00e9 hoje.<\/p>\n\n\n\n<p>No entanto, o comentarista que tem uma personalidade muito descontra\u00edda tamb\u00e9m tem um sal\u00e1rio muito alto, um pouco inferior ao de Renata: ele recebe, mensalmente, R$ 150 mil para fazer parte da equipe de comentaristas da Band.<\/p>\n\n\n\n<h2 class=\"wp-block-heading\" id=\"h-vai-alem-disso\">Vai al\u00e9m disso<\/h2>\n\n\n\n<p>Al\u00e9m dos altos sal\u00e1rios, a dupla ainda recebe um valor maior ainda. Isso porque a Band divide as fatias de merchandising entre os dois. Em cada comercial feito, eles recebem ainda mais. N\u00e3o se sabe o valor total que eles recebem em cada m\u00eas, mas sabe-se que \u00e9 uma quantia bem cheia.<\/p>\n","protected":false},"excerpt":{"rendered":"<p>A apresentadora Renata Fan e o comentarista Den\u00edlson Show tem sido uma dupla que vive divertindo milhares de apaixonados por futebol, na hora do almo\u00e7o, h\u00e1 muitos anos, na Band. Hoje, o Jogo Aberto possui tamb\u00e9m outros membros, como o ex-goleiro Ronaldo Giovanelli, o narrador Ulisses Costa, o rep\u00f3rter Jo\u00e3o Paulo Cappellanes, al\u00e9m dos comentaristas [&hellip;]<\/p>\n","protected":false},"author":26,"featured_media":126323,"comment_status":"open","ping_status":"closed","sticky":false,"template":"","format":"standard","meta":{"footnotes":""},"categories":[1,148,150,151],"tags":[],"class_list":["post-161762","post","type-post","status-publish","format-standard","has-post-thumbnail","hentry","category-flamengo","category-internacional","category-palmeiras","category-sao-paulo"],"yoast_head":"<!-- This site is optimized with the Yoast SEO Premium plugin v24.2 (Yoast SEO v26.9) - https:\/\/yoast.com\/product\/yoast-seo-premium-wordpress\/ -->\n<title>O valor do sal\u00e1rio Renata Fan e Den\u00edlson na Band<\/title>\n<meta name=\"description\" content=\"Dupla tem muito entrosamento no programa Jogo Aberto, da Band, e fazem o programa de uma forma muito descontra\u00edda\" \/>\n<meta name=\"robots\" content=\"index, follow, max-snippet:-1, max-image-preview:large, max-video-preview:-1\" \/>\n<link rel=\"canonical\" href=\"https:\/\/www.gaveanews.com\/index.php\/2024\/08\/28\/o-valor-do-salario-renata-fan-e-denilson-na-band\/\" \/>\n<meta property=\"og:locale\" content=\"pt_BR\" \/>\n<meta property=\"og:type\" content=\"article\" \/>\n<meta property=\"og:title\" content=\"O valor do sal\u00e1rio Renata Fan e Den\u00edlson na Band\" \/>\n<meta property=\"og:description\" content=\"Dupla tem muito entrosamento no programa Jogo Aberto, da Band, e fazem o programa de uma forma muito descontra\u00edda\" \/>\n<meta property=\"og:url\" content=\"https:\/\/www.gaveanews.com\/index.php\/2024\/08\/28\/o-valor-do-salario-renata-fan-e-denilson-na-band\/\" \/>\n<meta property=\"og:site_name\" content=\"G\u00e1vea News\" \/>\n<meta property=\"article:publisher\" content=\"https:\/\/facebook.com\/gaveaNews\/\" \/>\n<meta property=\"article:published_time\" content=\"2024-08-28T11:30:00+00:00\" \/>\n<meta property=\"og:image\" content=\"https:\/\/www.gaveanews.com\/wp-content\/uploads\/IMAGEM6-3.webp\" \/>\n\t<meta property=\"og:image:width\" content=\"720\" \/>\n\t<meta property=\"og:image:height\" content=\"412\" \/>\n\t<meta property=\"og:image:type\" content=\"image\/jpeg\" \/>\n<meta name=\"author\" content=\"Thomas Lagoa\" \/>\n<meta name=\"twitter:card\" content=\"summary_large_image\" \/>\n<meta name=\"twitter:label1\" content=\"Escrito por\" \/>\n\t<meta name=\"twitter:data1\" content=\"Thomas Lagoa\" \/>\n\t<meta name=\"twitter:label2\" content=\"Est. tempo de leitura\" \/>\n\t<meta name=\"twitter:data2\" content=\"3 minutos\" \/>\n<script type=\"application\/ld+json\" class=\"yoast-schema-graph\">{\"@context\":\"https:\/\/schema.org\",\"@graph\":[{\"@type\":\"NewsArticle\",\"@id\":\"https:\/\/www.gaveanews.com\/index.php\/2024\/08\/28\/o-valor-do-salario-renata-fan-e-denilson-na-band\/#article\",\"isPartOf\":{\"@id\":\"https:\/\/www.gaveanews.com\/index.php\/2024\/08\/28\/o-valor-do-salario-renata-fan-e-denilson-na-band\/\"},\"author\":{\"name\":\"Thomas Lagoa\",\"@id\":\"https:\/\/www.gaveanews.com\/#\/schema\/person\/94f72788a9abec954fe62594ba04ff40\"},\"headline\":\"O valor do sal\u00e1rio Renata Fan e Den\u00edlson na Band\",\"datePublished\":\"2024-08-28T11:30:00+00:00\",\"mainEntityOfPage\":{\"@id\":\"https:\/\/www.gaveanews.com\/index.php\/2024\/08\/28\/o-valor-do-salario-renata-fan-e-denilson-na-band\/\"},\"wordCount\":474,\"commentCount\":0,\"image\":{\"@id\":\"https:\/\/www.gaveanews.com\/index.php\/2024\/08\/28\/o-valor-do-salario-renata-fan-e-denilson-na-band\/#primaryimage\"},\"thumbnailUrl\":\"https:\/\/www.gaveanews.com\/wp-content\/uploads\/IMAGEM6-3.webp\",\"articleSection\":[\"Flamengo\",\"Internacional\",\"Palmeiras\",\"S\u00e3o Paulo\"],\"inLanguage\":\"pt-BR\",\"potentialAction\":[{\"@type\":\"CommentAction\",\"name\":\"Comment\",\"target\":[\"https:\/\/www.gaveanews.com\/index.php\/2024\/08\/28\/o-valor-do-salario-renata-fan-e-denilson-na-band\/#respond\"]}],\"copyrightYear\":\"2024\",\"copyrightHolder\":{\"@id\":\"https:\/\/www.gaveanews.com\/#organization\"}},{\"@type\":\"WebPage\",\"@id\":\"https:\/\/www.gaveanews.com\/index.php\/2024\/08\/28\/o-valor-do-salario-renata-fan-e-denilson-na-band\/\",\"url\":\"https:\/\/www.gaveanews.com\/index.php\/2024\/08\/28\/o-valor-do-salario-renata-fan-e-denilson-na-band\/\",\"name\":\"O valor do sal\u00e1rio Renata Fan e Den\u00edlson na Band\",\"isPartOf\":{\"@id\":\"https:\/\/www.gaveanews.com\/#website\"},\"primaryImageOfPage\":{\"@id\":\"https:\/\/www.gaveanews.com\/index.php\/2024\/08\/28\/o-valor-do-salario-renata-fan-e-denilson-na-band\/#primaryimage\"},\"image\":{\"@id\":\"https:\/\/www.gaveanews.com\/index.php\/2024\/08\/28\/o-valor-do-salario-renata-fan-e-denilson-na-band\/#primaryimage\"},\"thumbnailUrl\":\"https:\/\/www.gaveanews.com\/wp-content\/uploads\/IMAGEM6-3.webp\",\"datePublished\":\"2024-08-28T11:30:00+00:00\",\"author\":{\"@id\":\"https:\/\/www.gaveanews.com\/#\/schema\/person\/94f72788a9abec954fe62594ba04ff40\"},\"description\":\"Dupla tem muito entrosamento no programa Jogo Aberto, da Band, e fazem o programa de uma forma muito descontra\u00edda\",\"breadcrumb\":{\"@id\":\"https:\/\/www.gaveanews.com\/index.php\/2024\/08\/28\/o-valor-do-salario-renata-fan-e-denilson-na-band\/#breadcrumb\"},\"inLanguage\":\"pt-BR\",\"potentialAction\":[{\"@type\":\"ReadAction\",\"target\":[\"https:\/\/www.gaveanews.com\/index.php\/2024\/08\/28\/o-valor-do-salario-renata-fan-e-denilson-na-band\/\"]}]},{\"@type\":\"ImageObject\",\"inLanguage\":\"pt-BR\",\"@id\":\"https:\/\/www.gaveanews.com\/index.php\/2024\/08\/28\/o-valor-do-salario-renata-fan-e-denilson-na-band\/#primaryimage\",\"url\":\"https:\/\/www.gaveanews.com\/wp-content\/uploads\/IMAGEM6-3.webp\",\"contentUrl\":\"https:\/\/www.gaveanews.com\/wp-content\/uploads\/IMAGEM6-3.webp\",\"width\":720,\"height\":412,\"caption\":\"Renata Fan e Den\u00edlson (Foto: Reprodu\u00e7\u00e3o)\"},{\"@type\":\"BreadcrumbList\",\"@id\":\"https:\/\/www.gaveanews.com\/index.php\/2024\/08\/28\/o-valor-do-salario-renata-fan-e-denilson-na-band\/#breadcrumb\",\"itemListElement\":[{\"@type\":\"ListItem\",\"position\":1,\"name\":\"Home\",\"item\":\"https:\/\/www.gaveanews.com\/\"},{\"@type\":\"ListItem\",\"position\":2,\"name\":\"O valor do sal\u00e1rio Renata Fan e Den\u00edlson na Band\"}]},{\"@type\":\"WebSite\",\"@id\":\"https:\/\/www.gaveanews.com\/#website\",\"url\":\"https:\/\/www.gaveanews.com\/\",\"name\":\"G\u00e1vea News\",\"description\":\"Veja todas as not\u00edcias sobre o Flamengo: Contrata\u00e7\u00f5es, categorias de base, resultados das partidas, tabela de classifica\u00e7\u00e3o, pr\u00f3ximos jogos!\",\"potentialAction\":[{\"@type\":\"SearchAction\",\"target\":{\"@type\":\"EntryPoint\",\"urlTemplate\":\"https:\/\/www.gaveanews.com\/?s={search_term_string}\"},\"query-input\":{\"@type\":\"PropertyValueSpecification\",\"valueRequired\":true,\"valueName\":\"search_term_string\"}}],\"inLanguage\":\"pt-BR\"},{\"@type\":\"Person\",\"@id\":\"https:\/\/www.gaveanews.com\/#\/schema\/person\/94f72788a9abec954fe62594ba04ff40\",\"name\":\"Thomas Lagoa\",\"image\":{\"@type\":\"ImageObject\",\"inLanguage\":\"pt-BR\",\"@id\":\"https:\/\/www.gaveanews.com\/#\/schema\/person\/image\/\",\"url\":\"https:\/\/secure.gravatar.com\/avatar\/65b40a047623a8007d4c7eb1bd0fa5753fc73b74a3bea0092a01bbd0428fe135?s=96&d=mm&r=g\",\"contentUrl\":\"https:\/\/secure.gravatar.com\/avatar\/65b40a047623a8007d4c7eb1bd0fa5753fc73b74a3bea0092a01bbd0428fe135?s=96&d=mm&r=g\",\"caption\":\"Thomas Lagoa\"}}]}<\/script>\n<!-- \/ Yoast SEO Premium plugin. -->","yoast_head_json":{"title":"O valor do sal\u00e1rio Renata Fan e Den\u00edlson na Band","description":"Dupla tem muito entrosamento no programa Jogo Aberto, da Band, e fazem o programa de uma forma muito descontra\u00edda","robots":{"index":"index","follow":"follow","max-snippet":"max-snippet:-1","max-image-preview":"max-image-preview:large","max-video-preview":"max-video-preview:-1"},"canonical":"https:\/\/www.gaveanews.com\/index.php\/2024\/08\/28\/o-valor-do-salario-renata-fan-e-denilson-na-band\/","og_locale":"pt_BR","og_type":"article","og_title":"O valor do sal\u00e1rio Renata Fan e Den\u00edlson na Band","og_description":"Dupla tem muito entrosamento no programa Jogo Aberto, da Band, e fazem o programa de uma forma muito descontra\u00edda","og_url":"https:\/\/www.gaveanews.com\/index.php\/2024\/08\/28\/o-valor-do-salario-renata-fan-e-denilson-na-band\/","og_site_name":"G\u00e1vea News","article_publisher":"https:\/\/facebook.com\/gaveaNews\/","article_published_time":"2024-08-28T11:30:00+00:00","og_image":[{"width":720,"height":412,"url":"https:\/\/www.gaveanews.com\/wp-content\/uploads\/IMAGEM6-3.webp","type":"image\/jpeg"}],"author":"Thomas Lagoa","twitter_card":"summary_large_image","twitter_misc":{"Escrito por":"Thomas Lagoa","Est. tempo de leitura":"3 minutos"},"schema":{"@context":"https:\/\/schema.org","@graph":[{"@type":"NewsArticle","@id":"https:\/\/www.gaveanews.com\/index.php\/2024\/08\/28\/o-valor-do-salario-renata-fan-e-denilson-na-band\/#article","isPartOf":{"@id":"https:\/\/www.gaveanews.com\/index.php\/2024\/08\/28\/o-valor-do-salario-renata-fan-e-denilson-na-band\/"},"author":{"name":"Thomas Lagoa","@id":"https:\/\/www.gaveanews.com\/#\/schema\/person\/94f72788a9abec954fe62594ba04ff40"},"headline":"O valor do sal\u00e1rio Renata Fan e Den\u00edlson na Band","datePublished":"2024-08-28T11:30:00+00:00","mainEntityOfPage":{"@id":"https:\/\/www.gaveanews.com\/index.php\/2024\/08\/28\/o-valor-do-salario-renata-fan-e-denilson-na-band\/"},"wordCount":474,"commentCount":0,"image":{"@id":"https:\/\/www.gaveanews.com\/index.php\/2024\/08\/28\/o-valor-do-salario-renata-fan-e-denilson-na-band\/#primaryimage"},"thumbnailUrl":"https:\/\/www.gaveanews.com\/wp-content\/uploads\/IMAGEM6-3.webp","articleSection":["Flamengo","Internacional","Palmeiras","S\u00e3o Paulo"],"inLanguage":"pt-BR","potentialAction":[{"@type":"CommentAction","name":"Comment","target":["https:\/\/www.gaveanews.com\/index.php\/2024\/08\/28\/o-valor-do-salario-renata-fan-e-denilson-na-band\/#respond"]}],"copyrightYear":"2024","copyrightHolder":{"@id":"https:\/\/www.gaveanews.com\/#organization"}},{"@type":"WebPage","@id":"https:\/\/www.gaveanews.com\/index.php\/2024\/08\/28\/o-valor-do-salario-renata-fan-e-denilson-na-band\/","url":"https:\/\/www.gaveanews.com\/index.php\/2024\/08\/28\/o-valor-do-salario-renata-fan-e-denilson-na-band\/","name":"O valor do sal\u00e1rio Renata Fan e Den\u00edlson na Band","isPartOf":{"@id":"https:\/\/www.gaveanews.com\/#website"},"primaryImageOfPage":{"@id":"https:\/\/www.gaveanews.com\/index.php\/2024\/08\/28\/o-valor-do-salario-renata-fan-e-denilson-na-band\/#primaryimage"},"image":{"@id":"https:\/\/www.gaveanews.com\/index.php\/2024\/08\/28\/o-valor-do-salario-renata-fan-e-denilson-na-band\/#primaryimage"},"thumbnailUrl":"https:\/\/www.gaveanews.com\/wp-content\/uploads\/IMAGEM6-3.webp","datePublished":"2024-08-28T11:30:00+00:00","author":{"@id":"https:\/\/www.gaveanews.com\/#\/schema\/person\/94f72788a9abec954fe62594ba04ff40"},"description":"Dupla tem muito entrosamento no programa Jogo Aberto, da Band, e fazem o programa de uma forma muito descontra\u00edda","breadcrumb":{"@id":"https:\/\/www.gaveanews.com\/index.php\/2024\/08\/28\/o-valor-do-salario-renata-fan-e-denilson-na-band\/#breadcrumb"},"inLanguage":"pt-BR","potentialAction":[{"@type":"ReadAction","target":["https:\/\/www.gaveanews.com\/index.php\/2024\/08\/28\/o-valor-do-salario-renata-fan-e-denilson-na-band\/"]}]},{"@type":"ImageObject","inLanguage":"pt-BR","@id":"https:\/\/www.gaveanews.com\/index.php\/2024\/08\/28\/o-valor-do-salario-renata-fan-e-denilson-na-band\/#primaryimage","url":"https:\/\/www.gaveanews.com\/wp-content\/uploads\/IMAGEM6-3.webp","contentUrl":"https:\/\/www.gaveanews.com\/wp-content\/uploads\/IMAGEM6-3.webp","width":720,"height":412,"caption":"Renata Fan e Den\u00edlson (Foto: Reprodu\u00e7\u00e3o)"},{"@type":"BreadcrumbList","@id":"https:\/\/www.gaveanews.com\/index.php\/2024\/08\/28\/o-valor-do-salario-renata-fan-e-denilson-na-band\/#breadcrumb","itemListElement":[{"@type":"ListItem","position":1,"name":"Home","item":"https:\/\/www.gaveanews.com\/"},{"@type":"ListItem","position":2,"name":"O valor do sal\u00e1rio Renata Fan e Den\u00edlson na Band"}]},{"@type":"WebSite","@id":"https:\/\/www.gaveanews.com\/#website","url":"https:\/\/www.gaveanews.com\/","name":"G\u00e1vea News","description":"Veja todas as not\u00edcias sobre o Flamengo: Contrata\u00e7\u00f5es, categorias de base, resultados das partidas, tabela de classifica\u00e7\u00e3o, pr\u00f3ximos jogos!","potentialAction":[{"@type":"SearchAction","target":{"@type":"EntryPoint","urlTemplate":"https:\/\/www.gaveanews.com\/?s={search_term_string}"},"query-input":{"@type":"PropertyValueSpecification","valueRequired":true,"valueName":"search_term_string"}}],"inLanguage":"pt-BR"},{"@type":"Person","@id":"https:\/\/www.gaveanews.com\/#\/schema\/person\/94f72788a9abec954fe62594ba04ff40","name":"Thomas Lagoa","image":{"@type":"ImageObject","inLanguage":"pt-BR","@id":"https:\/\/www.gaveanews.com\/#\/schema\/person\/image\/","url":"https:\/\/secure.gravatar.com\/avatar\/65b40a047623a8007d4c7eb1bd0fa5753fc73b74a3bea0092a01bbd0428fe135?s=96&d=mm&r=g","contentUrl":"https:\/\/secure.gravatar.com\/avatar\/65b40a047623a8007d4c7eb1bd0fa5753fc73b74a3bea0092a01bbd0428fe135?s=96&d=mm&r=g","caption":"Thomas Lagoa"}}]}},"_links":{"self":[{"href":"https:\/\/www.gaveanews.com\/index.php\/wp-json\/wp\/v2\/posts\/161762","targetHints":{"allow":["GET"]}}],"collection":[{"href":"https:\/\/www.gaveanews.com\/index.php\/wp-json\/wp\/v2\/posts"}],"about":[{"href":"https:\/\/www.gaveanews.com\/index.php\/wp-json\/wp\/v2\/types\/post"}],"author":[{"embeddable":true,"href":"https:\/\/www.gaveanews.com\/index.php\/wp-json\/wp\/v2\/users\/26"}],"replies":[{"embeddable":true,"href":"https:\/\/www.gaveanews.com\/index.php\/wp-json\/wp\/v2\/comments?post=161762"}],"version-history":[{"count":2,"href":"https:\/\/www.gaveanews.com\/index.php\/wp-json\/wp\/v2\/posts\/161762\/revisions"}],"predecessor-version":[{"id":161889,"href":"https:\/\/www.gaveanews.com\/index.php\/wp-json\/wp\/v2\/posts\/161762\/revisions\/161889"}],"wp:featuredmedia":[{"embeddable":true,"href":"https:\/\/www.gaveanews.com\/index.php\/wp-json\/wp\/v2\/media\/126323"}],"wp:attachment":[{"href":"https:\/\/www.gaveanews.com\/index.php\/wp-json\/wp\/v2\/media?parent=161762"}],"wp:term":[{"taxonomy":"category","embeddable":true,"href":"https:\/\/www.gaveanews.com\/index.php\/wp-json\/wp\/v2\/categories?post=161762"},{"taxonomy":"post_tag","embeddable":true,"href":"https:\/\/www.gaveanews.com\/index.php\/wp-json\/wp\/v2\/tags?post=161762"}],"curies":[{"name":"wp","href":"https:\/\/api.w.org\/{rel}","templated":true}]}}