{"id":161964,"date":"2024-08-28T14:22:19","date_gmt":"2024-08-28T17:22:19","guid":{"rendered":"https:\/\/www.gaveanews.com\/?p=161964"},"modified":"2024-08-28T14:22:21","modified_gmt":"2024-08-28T17:22:21","slug":"presidente-do-corinthians-emite-nota-oficial-sobre-o-impeachment","status":"publish","type":"post","link":"https:\/\/www.gaveanews.com\/index.php\/2024\/08\/28\/presidente-do-corinthians-emite-nota-oficial-sobre-o-impeachment\/","title":{"rendered":"Presidente do Corinthians emite nota oficial sobre o impeachment"},"content":{"rendered":"\n<h2 class=\"wp-block-heading\" id=\"h-presidente-do-clube-se-defende-e-afirma-que-solicitacao-e-uma-tentativa-de-desestabilizacao\">Presidente do clube se defende e afirma que solicita\u00e7\u00e3o \u00e9 uma tentativa de desestabiliza\u00e7\u00e3o<\/h2>\n\n\n\n<p>Na \u00faltima segunda-feira, o Conselho Deliberativo do Corinthians recebeu um requerimento solicitando a destitui\u00e7\u00e3o de Augusto Melo da presid\u00eancia do clube. Em resposta, na noite desta ter\u00e7a-feira, o presidente emitiu uma nota oficial em suas redes sociais, classificando o pedido de impeachment como uma &#8220;tentativa de desestabilizar o ambiente&#8221; no clube.<\/p>\n\n\n\n<ul class=\"wp-block-list\">\n<li><a href=\"https:\/\/www.gaveanews.com\/index.php\/2024\/08\/28\/corinthians-x-flamengo-hugo-souza-vai-jogar\/\">Corinthians x Flamengo: Hugo Souza vai jogar?<\/a><\/li>\n\n\n\n<li><a href=\"https:\/\/www.gaveanews.com\/index.php\/2024\/08\/28\/veja-fotos-do-novo-uniforme-do-corinthians-2\/\">Veja fotos do novo uniforme do Corinthians<\/a><\/li>\n<\/ul>\n\n\n\n<p>Augusto Melo afirmou que a a\u00e7\u00e3o, feita logo ap\u00f3s uma derrota no Campeonato Brasileiro, \u00e9 uma tentativa de minar sua gest\u00e3o: &#8220;Esta atitude, tomada logo ap\u00f3s uma derrota no campeonato brasileiro, \u00e9 uma clara tentativa de desestabilizar o ambiente no Parque S\u00e3o Jorge, conduzida por aqueles que n\u00e3o aceitam a vontade soberana das urnas&#8221;, declarou.<\/p>\n\n\n\n<p>O requerimento, que possui 19 p\u00e1ginas, detalha eventos recentes envolvendo a gest\u00e3o de Augusto Melo, como a entrevista de Rubens Gomes, a sa\u00edda de dirigentes e a perda de patrocinadores. O documento acusa a atual administra\u00e7\u00e3o de pr\u00e1ticas prejudiciais ao clube e busca esclarecer supostos erros e condutas arriscadas da gest\u00e3o.<\/p>\n\n\n\n<p>Apesar de ainda n\u00e3o ter recebido oficialmente o teor do pedido, Augusto Melo recha\u00e7ou as alega\u00e7\u00f5es, chamando a medida de &#8220;fr\u00e1gil e sem base&#8221;. Ele tamb\u00e9m enfatizou seu compromisso com a recupera\u00e7\u00e3o financeira do Corinthians e com a melhoria do desempenho da equipe tanto dentro quanto fora dos campos: &#8220;Como Presidente, em conjunto com minha diretoria, continuarei lutando para recuperar as finan\u00e7as do clube e os resultados em campo, sem medir esfor\u00e7os para impedir que interesses pessoais e pol\u00edticos interfiram na nossa recupera\u00e7\u00e3o&#8221;.<\/p>\n\n\n\n<p>A gest\u00e3o de Augusto Melo tem enfrentado cr\u00edticas internas, principalmente devido \u00e0 posi\u00e7\u00e3o do time no Campeonato Brasileiro, onde o Corinthians ocupa a 18\u00aa coloca\u00e7\u00e3o com apenas 22 pontos em 24 rodadas. No entanto, nas competi\u00e7\u00f5es de mata-mata, o clube tem demonstrado for\u00e7a, estando nas quartas de final tanto da Copa do Brasil quanto da Copa Sul-Americana.<\/p>\n\n\n\n<p>O presidente conclamou a uni\u00e3o dos associados e conselheiros em apoio ao clube, refor\u00e7ando que n\u00e3o permitir\u00e1 que &#8220;artif\u00edcios pol\u00edticos&#8221; desviem o Corinthians de seu objetivo principal, que \u00e9 alcan\u00e7ar o sucesso dentro e fora de campo.<\/p>\n\n\n\n<p>O pedido de destitui\u00e7\u00e3o apresentado ao Conselho Deliberativo aponta o Corinthians como &#8220;v\u00edtima de crimes cometidos pelos pr\u00f3prios dirigentes&#8221;, e menciona a necessidade de ressarcimento por preju\u00edzos financeiros causados por pagamentos indevidos a uma empresa que nunca intermediou a confec\u00e7\u00e3o de contratos de patroc\u00ednio.<\/p>\n\n\n\n<p>O clube se prepara para enfrentar o Juventude nesta quinta-feira, \u00e0s 20h (de Bras\u00edlia), pela partida de ida das quartas de final da Copa do Brasil, no est\u00e1dio Alfredo Jaconi. A continuidade da gest\u00e3o de Augusto Melo ser\u00e1 debatida nos pr\u00f3ximos encontros do Conselho, que dever\u00e3o definir os rumos da administra\u00e7\u00e3o corintiana.<\/p>\n\n\n\n<h2 class=\"wp-block-heading\" id=\"h-nota-oficial-de-augusto-melo-na-integra\">Nota oficial de Augusto Melo na \u00edntegra:<\/h2>\n\n\n\n<blockquote class=\"wp-block-quote is-layout-flow wp-block-quote-is-layout-flow\">\n<p>&#8220;\u00c0 Na\u00e7\u00e3o corinthiana, Conselheiros e Associados, recebi a not\u00edcia vinda da imprensa, de que um grupo de conselheiros teria protocolado um pedido de impeachment, buscando meu afastamento da Presid\u00eancia do Sport Club Corinthians Paulista. Esta atitude, tomada logo ap\u00f3s uma derrota no campeonato brasileiro, \u00e9 uma clara tentativa de desestabilizar o ambiente no Parque S\u00e3o Jorge, conduzida por aqueles que n\u00e3o aceitam a vontade soberana das urnas.<\/p>\n\n\n\n<p>Embora n\u00e3o tenhamos conhecimento oficial sobre o teor do pedido, se as informa\u00e7\u00f5es veiculadas na imprensa forem verdadeiras, trata-se de uma medida fr\u00e1gil e sem base, mostrando a total falta de argumentos leg\u00edtimos por parte daqueles que tentam prejudicar o Corinthians em um momento decisivo da temporada.<\/p>\n\n\n\n<p>Como Presidente, em conjunto com minha diretoria, continuarei lutando para recuperar as finan\u00e7as do clube e os resultados em campo, sem medir esfor\u00e7os para impedir que interesses pessoais e pol\u00edticos interfiram na nossa recupera\u00e7\u00e3o. Conclamo a todos os associados, conselheiros e a Na\u00e7\u00e3o corinthiana para que se somem no apoio ao nosso clube at\u00e9 o final dos campeonatos.<\/p>\n\n\n\n<p>A atual gest\u00e3o permanece tranquila e comprometida em recolocar o Corinthians no caminho certo, focando no trabalho s\u00e9rio e respons\u00e1vel que sempre guiou nossas decis\u00f5es. N\u00e3o permitiremos que artif\u00edcios pol\u00edticos desviem o clube de seu objetivo maior: o sucesso dentro e fora de campo.&#8221;<\/p>\n<\/blockquote>\n","protected":false},"excerpt":{"rendered":"<p>Presidente do clube se defende e afirma que solicita\u00e7\u00e3o \u00e9 uma tentativa de desestabiliza\u00e7\u00e3o Na \u00faltima segunda-feira, o Conselho Deliberativo do Corinthians recebeu um requerimento solicitando a destitui\u00e7\u00e3o de Augusto Melo da presid\u00eancia do clube. Em resposta, na noite desta ter\u00e7a-feira, o presidente emitiu uma nota oficial em suas redes sociais, classificando o pedido de [&hellip;]<\/p>\n","protected":false},"author":20,"featured_media":145590,"comment_status":"open","ping_status":"closed","sticky":false,"template":"","format":"standard","meta":{"footnotes":""},"categories":[141],"tags":[],"class_list":["post-161964","post","type-post","status-publish","format-standard","has-post-thumbnail","hentry","category-corinthians"],"yoast_head":"<!-- This site is optimized with the Yoast SEO Premium plugin v24.2 (Yoast SEO v26.9) - https:\/\/yoast.com\/product\/yoast-seo-premium-wordpress\/ -->\n<title>Presidente do Corinthians emite nota oficial sobre o impeachment<\/title>\n<meta name=\"robots\" content=\"index, follow, max-snippet:-1, max-image-preview:large, max-video-preview:-1\" \/>\n<link rel=\"canonical\" href=\"https:\/\/www.gaveanews.com\/index.php\/2024\/08\/28\/presidente-do-corinthians-emite-nota-oficial-sobre-o-impeachment\/\" \/>\n<meta property=\"og:locale\" content=\"pt_BR\" \/>\n<meta property=\"og:type\" content=\"article\" \/>\n<meta property=\"og:title\" content=\"Presidente do Corinthians emite nota oficial sobre o impeachment\" \/>\n<meta property=\"og:description\" content=\"Presidente do clube se defende e afirma que solicita\u00e7\u00e3o \u00e9 uma tentativa de desestabiliza\u00e7\u00e3o Na \u00faltima segunda-feira, o Conselho Deliberativo do Corinthians recebeu um requerimento solicitando a destitui\u00e7\u00e3o de Augusto Melo da presid\u00eancia do clube. Em resposta, na noite desta ter\u00e7a-feira, o presidente emitiu uma nota oficial em suas redes sociais, classificando o pedido de [&hellip;]\" \/>\n<meta property=\"og:url\" content=\"https:\/\/www.gaveanews.com\/index.php\/2024\/08\/28\/presidente-do-corinthians-emite-nota-oficial-sobre-o-impeachment\/\" \/>\n<meta property=\"og:site_name\" content=\"G\u00e1vea News\" \/>\n<meta property=\"article:publisher\" content=\"https:\/\/facebook.com\/gaveaNews\/\" \/>\n<meta property=\"article:published_time\" content=\"2024-08-28T17:22:19+00:00\" \/>\n<meta property=\"article:modified_time\" content=\"2024-08-28T17:22:21+00:00\" \/>\n<meta property=\"og:image\" content=\"https:\/\/www.gaveanews.com\/wp-content\/uploads\/Augusto-Melo-durante-coletiva-de-imprensa-do-Corinthians.webp\" \/>\n\t<meta property=\"og:image:width\" content=\"1920\" \/>\n\t<meta property=\"og:image:height\" content=\"1080\" \/>\n\t<meta property=\"og:image:type\" content=\"image\/jpeg\" \/>\n<meta name=\"author\" content=\"Lucas Barros\" \/>\n<meta name=\"twitter:card\" content=\"summary_large_image\" \/>\n<meta name=\"twitter:label1\" content=\"Escrito por\" \/>\n\t<meta name=\"twitter:data1\" content=\"Lucas Barros\" \/>\n\t<meta name=\"twitter:label2\" content=\"Est. tempo de leitura\" \/>\n\t<meta name=\"twitter:data2\" content=\"3 minutos\" \/>\n<script type=\"application\/ld+json\" class=\"yoast-schema-graph\">{\"@context\":\"https:\/\/schema.org\",\"@graph\":[{\"@type\":\"NewsArticle\",\"@id\":\"https:\/\/www.gaveanews.com\/index.php\/2024\/08\/28\/presidente-do-corinthians-emite-nota-oficial-sobre-o-impeachment\/#article\",\"isPartOf\":{\"@id\":\"https:\/\/www.gaveanews.com\/index.php\/2024\/08\/28\/presidente-do-corinthians-emite-nota-oficial-sobre-o-impeachment\/\"},\"author\":{\"name\":\"Lucas Barros\",\"@id\":\"https:\/\/www.gaveanews.com\/#\/schema\/person\/2abf0cfa878f5f899daa5f781e82264c\"},\"headline\":\"Presidente do Corinthians emite nota oficial sobre o impeachment\",\"datePublished\":\"2024-08-28T17:22:19+00:00\",\"dateModified\":\"2024-08-28T17:22:21+00:00\",\"mainEntityOfPage\":{\"@id\":\"https:\/\/www.gaveanews.com\/index.php\/2024\/08\/28\/presidente-do-corinthians-emite-nota-oficial-sobre-o-impeachment\/\"},\"wordCount\":752,\"commentCount\":0,\"image\":{\"@id\":\"https:\/\/www.gaveanews.com\/index.php\/2024\/08\/28\/presidente-do-corinthians-emite-nota-oficial-sobre-o-impeachment\/#primaryimage\"},\"thumbnailUrl\":\"https:\/\/www.gaveanews.com\/wp-content\/uploads\/Augusto-Melo-durante-coletiva-de-imprensa-do-Corinthians.webp\",\"articleSection\":[\"Corinthians\"],\"inLanguage\":\"pt-BR\",\"potentialAction\":[{\"@type\":\"CommentAction\",\"name\":\"Comment\",\"target\":[\"https:\/\/www.gaveanews.com\/index.php\/2024\/08\/28\/presidente-do-corinthians-emite-nota-oficial-sobre-o-impeachment\/#respond\"]}],\"copyrightYear\":\"2024\",\"copyrightHolder\":{\"@id\":\"https:\/\/www.gaveanews.com\/#organization\"}},{\"@type\":\"WebPage\",\"@id\":\"https:\/\/www.gaveanews.com\/index.php\/2024\/08\/28\/presidente-do-corinthians-emite-nota-oficial-sobre-o-impeachment\/\",\"url\":\"https:\/\/www.gaveanews.com\/index.php\/2024\/08\/28\/presidente-do-corinthians-emite-nota-oficial-sobre-o-impeachment\/\",\"name\":\"Presidente do Corinthians emite nota oficial sobre o impeachment\",\"isPartOf\":{\"@id\":\"https:\/\/www.gaveanews.com\/#website\"},\"primaryImageOfPage\":{\"@id\":\"https:\/\/www.gaveanews.com\/index.php\/2024\/08\/28\/presidente-do-corinthians-emite-nota-oficial-sobre-o-impeachment\/#primaryimage\"},\"image\":{\"@id\":\"https:\/\/www.gaveanews.com\/index.php\/2024\/08\/28\/presidente-do-corinthians-emite-nota-oficial-sobre-o-impeachment\/#primaryimage\"},\"thumbnailUrl\":\"https:\/\/www.gaveanews.com\/wp-content\/uploads\/Augusto-Melo-durante-coletiva-de-imprensa-do-Corinthians.webp\",\"datePublished\":\"2024-08-28T17:22:19+00:00\",\"dateModified\":\"2024-08-28T17:22:21+00:00\",\"author\":{\"@id\":\"https:\/\/www.gaveanews.com\/#\/schema\/person\/2abf0cfa878f5f899daa5f781e82264c\"},\"breadcrumb\":{\"@id\":\"https:\/\/www.gaveanews.com\/index.php\/2024\/08\/28\/presidente-do-corinthians-emite-nota-oficial-sobre-o-impeachment\/#breadcrumb\"},\"inLanguage\":\"pt-BR\",\"potentialAction\":[{\"@type\":\"ReadAction\",\"target\":[\"https:\/\/www.gaveanews.com\/index.php\/2024\/08\/28\/presidente-do-corinthians-emite-nota-oficial-sobre-o-impeachment\/\"]}]},{\"@type\":\"ImageObject\",\"inLanguage\":\"pt-BR\",\"@id\":\"https:\/\/www.gaveanews.com\/index.php\/2024\/08\/28\/presidente-do-corinthians-emite-nota-oficial-sobre-o-impeachment\/#primaryimage\",\"url\":\"https:\/\/www.gaveanews.com\/wp-content\/uploads\/Augusto-Melo-durante-coletiva-de-imprensa-do-Corinthians.webp\",\"contentUrl\":\"https:\/\/www.gaveanews.com\/wp-content\/uploads\/Augusto-Melo-durante-coletiva-de-imprensa-do-Corinthians.webp\",\"width\":1920,\"height\":1080,\"caption\":\"Augusto Melo durante coletiva de imprensa do Corinthians (Foto: Rodrigo Coca\/ Corinthians)\"},{\"@type\":\"BreadcrumbList\",\"@id\":\"https:\/\/www.gaveanews.com\/index.php\/2024\/08\/28\/presidente-do-corinthians-emite-nota-oficial-sobre-o-impeachment\/#breadcrumb\",\"itemListElement\":[{\"@type\":\"ListItem\",\"position\":1,\"name\":\"Home\",\"item\":\"https:\/\/www.gaveanews.com\/\"},{\"@type\":\"ListItem\",\"position\":2,\"name\":\"Presidente do Corinthians emite nota oficial sobre o impeachment\"}]},{\"@type\":\"WebSite\",\"@id\":\"https:\/\/www.gaveanews.com\/#website\",\"url\":\"https:\/\/www.gaveanews.com\/\",\"name\":\"G\u00e1vea News\",\"description\":\"Veja todas as not\u00edcias sobre o Flamengo: Contrata\u00e7\u00f5es, categorias de base, resultados das partidas, tabela de classifica\u00e7\u00e3o, pr\u00f3ximos jogos!\",\"potentialAction\":[{\"@type\":\"SearchAction\",\"target\":{\"@type\":\"EntryPoint\",\"urlTemplate\":\"https:\/\/www.gaveanews.com\/?s={search_term_string}\"},\"query-input\":{\"@type\":\"PropertyValueSpecification\",\"valueRequired\":true,\"valueName\":\"search_term_string\"}}],\"inLanguage\":\"pt-BR\"},{\"@type\":\"Person\",\"@id\":\"https:\/\/www.gaveanews.com\/#\/schema\/person\/2abf0cfa878f5f899daa5f781e82264c\",\"name\":\"Lucas Barros\",\"image\":{\"@type\":\"ImageObject\",\"inLanguage\":\"pt-BR\",\"@id\":\"https:\/\/www.gaveanews.com\/#\/schema\/person\/image\/\",\"url\":\"https:\/\/secure.gravatar.com\/avatar\/67a6069eba66bf6fd7c80b70e1331baa3dbc3d6df5012d5c22eff29c7d59e0b0?s=96&d=mm&r=g\",\"contentUrl\":\"https:\/\/secure.gravatar.com\/avatar\/67a6069eba66bf6fd7c80b70e1331baa3dbc3d6df5012d5c22eff29c7d59e0b0?s=96&d=mm&r=g\",\"caption\":\"Lucas Barros\"}}]}<\/script>\n<!-- \/ Yoast SEO Premium plugin. -->","yoast_head_json":{"title":"Presidente do Corinthians emite nota oficial sobre o impeachment","robots":{"index":"index","follow":"follow","max-snippet":"max-snippet:-1","max-image-preview":"max-image-preview:large","max-video-preview":"max-video-preview:-1"},"canonical":"https:\/\/www.gaveanews.com\/index.php\/2024\/08\/28\/presidente-do-corinthians-emite-nota-oficial-sobre-o-impeachment\/","og_locale":"pt_BR","og_type":"article","og_title":"Presidente do Corinthians emite nota oficial sobre o impeachment","og_description":"Presidente do clube se defende e afirma que solicita\u00e7\u00e3o \u00e9 uma tentativa de desestabiliza\u00e7\u00e3o Na \u00faltima segunda-feira, o Conselho Deliberativo do Corinthians recebeu um requerimento solicitando a destitui\u00e7\u00e3o de Augusto Melo da presid\u00eancia do clube. Em resposta, na noite desta ter\u00e7a-feira, o presidente emitiu uma nota oficial em suas redes sociais, classificando o pedido de [&hellip;]","og_url":"https:\/\/www.gaveanews.com\/index.php\/2024\/08\/28\/presidente-do-corinthians-emite-nota-oficial-sobre-o-impeachment\/","og_site_name":"G\u00e1vea News","article_publisher":"https:\/\/facebook.com\/gaveaNews\/","article_published_time":"2024-08-28T17:22:19+00:00","article_modified_time":"2024-08-28T17:22:21+00:00","og_image":[{"width":1920,"height":1080,"url":"https:\/\/www.gaveanews.com\/wp-content\/uploads\/Augusto-Melo-durante-coletiva-de-imprensa-do-Corinthians.webp","type":"image\/jpeg"}],"author":"Lucas Barros","twitter_card":"summary_large_image","twitter_misc":{"Escrito por":"Lucas Barros","Est. tempo de leitura":"3 minutos"},"schema":{"@context":"https:\/\/schema.org","@graph":[{"@type":"NewsArticle","@id":"https:\/\/www.gaveanews.com\/index.php\/2024\/08\/28\/presidente-do-corinthians-emite-nota-oficial-sobre-o-impeachment\/#article","isPartOf":{"@id":"https:\/\/www.gaveanews.com\/index.php\/2024\/08\/28\/presidente-do-corinthians-emite-nota-oficial-sobre-o-impeachment\/"},"author":{"name":"Lucas Barros","@id":"https:\/\/www.gaveanews.com\/#\/schema\/person\/2abf0cfa878f5f899daa5f781e82264c"},"headline":"Presidente do Corinthians emite nota oficial sobre o impeachment","datePublished":"2024-08-28T17:22:19+00:00","dateModified":"2024-08-28T17:22:21+00:00","mainEntityOfPage":{"@id":"https:\/\/www.gaveanews.com\/index.php\/2024\/08\/28\/presidente-do-corinthians-emite-nota-oficial-sobre-o-impeachment\/"},"wordCount":752,"commentCount":0,"image":{"@id":"https:\/\/www.gaveanews.com\/index.php\/2024\/08\/28\/presidente-do-corinthians-emite-nota-oficial-sobre-o-impeachment\/#primaryimage"},"thumbnailUrl":"https:\/\/www.gaveanews.com\/wp-content\/uploads\/Augusto-Melo-durante-coletiva-de-imprensa-do-Corinthians.webp","articleSection":["Corinthians"],"inLanguage":"pt-BR","potentialAction":[{"@type":"CommentAction","name":"Comment","target":["https:\/\/www.gaveanews.com\/index.php\/2024\/08\/28\/presidente-do-corinthians-emite-nota-oficial-sobre-o-impeachment\/#respond"]}],"copyrightYear":"2024","copyrightHolder":{"@id":"https:\/\/www.gaveanews.com\/#organization"}},{"@type":"WebPage","@id":"https:\/\/www.gaveanews.com\/index.php\/2024\/08\/28\/presidente-do-corinthians-emite-nota-oficial-sobre-o-impeachment\/","url":"https:\/\/www.gaveanews.com\/index.php\/2024\/08\/28\/presidente-do-corinthians-emite-nota-oficial-sobre-o-impeachment\/","name":"Presidente do Corinthians emite nota oficial sobre o impeachment","isPartOf":{"@id":"https:\/\/www.gaveanews.com\/#website"},"primaryImageOfPage":{"@id":"https:\/\/www.gaveanews.com\/index.php\/2024\/08\/28\/presidente-do-corinthians-emite-nota-oficial-sobre-o-impeachment\/#primaryimage"},"image":{"@id":"https:\/\/www.gaveanews.com\/index.php\/2024\/08\/28\/presidente-do-corinthians-emite-nota-oficial-sobre-o-impeachment\/#primaryimage"},"thumbnailUrl":"https:\/\/www.gaveanews.com\/wp-content\/uploads\/Augusto-Melo-durante-coletiva-de-imprensa-do-Corinthians.webp","datePublished":"2024-08-28T17:22:19+00:00","dateModified":"2024-08-28T17:22:21+00:00","author":{"@id":"https:\/\/www.gaveanews.com\/#\/schema\/person\/2abf0cfa878f5f899daa5f781e82264c"},"breadcrumb":{"@id":"https:\/\/www.gaveanews.com\/index.php\/2024\/08\/28\/presidente-do-corinthians-emite-nota-oficial-sobre-o-impeachment\/#breadcrumb"},"inLanguage":"pt-BR","potentialAction":[{"@type":"ReadAction","target":["https:\/\/www.gaveanews.com\/index.php\/2024\/08\/28\/presidente-do-corinthians-emite-nota-oficial-sobre-o-impeachment\/"]}]},{"@type":"ImageObject","inLanguage":"pt-BR","@id":"https:\/\/www.gaveanews.com\/index.php\/2024\/08\/28\/presidente-do-corinthians-emite-nota-oficial-sobre-o-impeachment\/#primaryimage","url":"https:\/\/www.gaveanews.com\/wp-content\/uploads\/Augusto-Melo-durante-coletiva-de-imprensa-do-Corinthians.webp","contentUrl":"https:\/\/www.gaveanews.com\/wp-content\/uploads\/Augusto-Melo-durante-coletiva-de-imprensa-do-Corinthians.webp","width":1920,"height":1080,"caption":"Augusto Melo durante coletiva de imprensa do Corinthians (Foto: Rodrigo Coca\/ Corinthians)"},{"@type":"BreadcrumbList","@id":"https:\/\/www.gaveanews.com\/index.php\/2024\/08\/28\/presidente-do-corinthians-emite-nota-oficial-sobre-o-impeachment\/#breadcrumb","itemListElement":[{"@type":"ListItem","position":1,"name":"Home","item":"https:\/\/www.gaveanews.com\/"},{"@type":"ListItem","position":2,"name":"Presidente do Corinthians emite nota oficial sobre o impeachment"}]},{"@type":"WebSite","@id":"https:\/\/www.gaveanews.com\/#website","url":"https:\/\/www.gaveanews.com\/","name":"G\u00e1vea News","description":"Veja todas as not\u00edcias sobre o Flamengo: Contrata\u00e7\u00f5es, categorias de base, resultados das partidas, tabela de classifica\u00e7\u00e3o, pr\u00f3ximos jogos!","potentialAction":[{"@type":"SearchAction","target":{"@type":"EntryPoint","urlTemplate":"https:\/\/www.gaveanews.com\/?s={search_term_string}"},"query-input":{"@type":"PropertyValueSpecification","valueRequired":true,"valueName":"search_term_string"}}],"inLanguage":"pt-BR"},{"@type":"Person","@id":"https:\/\/www.gaveanews.com\/#\/schema\/person\/2abf0cfa878f5f899daa5f781e82264c","name":"Lucas Barros","image":{"@type":"ImageObject","inLanguage":"pt-BR","@id":"https:\/\/www.gaveanews.com\/#\/schema\/person\/image\/","url":"https:\/\/secure.gravatar.com\/avatar\/67a6069eba66bf6fd7c80b70e1331baa3dbc3d6df5012d5c22eff29c7d59e0b0?s=96&d=mm&r=g","contentUrl":"https:\/\/secure.gravatar.com\/avatar\/67a6069eba66bf6fd7c80b70e1331baa3dbc3d6df5012d5c22eff29c7d59e0b0?s=96&d=mm&r=g","caption":"Lucas Barros"}}]}},"_links":{"self":[{"href":"https:\/\/www.gaveanews.com\/index.php\/wp-json\/wp\/v2\/posts\/161964","targetHints":{"allow":["GET"]}}],"collection":[{"href":"https:\/\/www.gaveanews.com\/index.php\/wp-json\/wp\/v2\/posts"}],"about":[{"href":"https:\/\/www.gaveanews.com\/index.php\/wp-json\/wp\/v2\/types\/post"}],"author":[{"embeddable":true,"href":"https:\/\/www.gaveanews.com\/index.php\/wp-json\/wp\/v2\/users\/20"}],"replies":[{"embeddable":true,"href":"https:\/\/www.gaveanews.com\/index.php\/wp-json\/wp\/v2\/comments?post=161964"}],"version-history":[{"count":2,"href":"https:\/\/www.gaveanews.com\/index.php\/wp-json\/wp\/v2\/posts\/161964\/revisions"}],"predecessor-version":[{"id":162008,"href":"https:\/\/www.gaveanews.com\/index.php\/wp-json\/wp\/v2\/posts\/161964\/revisions\/162008"}],"wp:featuredmedia":[{"embeddable":true,"href":"https:\/\/www.gaveanews.com\/index.php\/wp-json\/wp\/v2\/media\/145590"}],"wp:attachment":[{"href":"https:\/\/www.gaveanews.com\/index.php\/wp-json\/wp\/v2\/media?parent=161964"}],"wp:term":[{"taxonomy":"category","embeddable":true,"href":"https:\/\/www.gaveanews.com\/index.php\/wp-json\/wp\/v2\/categories?post=161964"},{"taxonomy":"post_tag","embeddable":true,"href":"https:\/\/www.gaveanews.com\/index.php\/wp-json\/wp\/v2\/tags?post=161964"}],"curies":[{"name":"wp","href":"https:\/\/api.w.org\/{rel}","templated":true}]}}