{"id":162021,"date":"2024-08-28T17:18:37","date_gmt":"2024-08-28T20:18:37","guid":{"rendered":"https:\/\/www.gaveanews.com\/?p=162021"},"modified":"2024-08-28T17:18:38","modified_gmt":"2024-08-28T20:18:38","slug":"agora-e-oficial-arsenal-anuncia-chegada-de-reforco","status":"publish","type":"post","link":"https:\/\/www.gaveanews.com\/index.php\/2024\/08\/28\/agora-e-oficial-arsenal-anuncia-chegada-de-reforco\/","title":{"rendered":"Agora \u00e9 oficial: Arsenal anuncia chegada de refor\u00e7o"},"content":{"rendered":"\n<h2 class=\"wp-block-heading\" id=\"h-jogador-chega-para-reforcar-os-gunners-em-nova-temporada\">Jogador chega para refor\u00e7ar os Gunners em nova temporada<\/h2>\n\n\n\n<p>A temporada 2024\/25 j\u00e1 come\u00e7ou, mas enquanto a janela de transfer\u00eancias n\u00e3o fecha, os clubes continuam de olho no mercado para fechar com grandes contrata\u00e7\u00f5es. Na \u00faltima ter\u00e7a-feira (27), o Arsenal anunciou de forma oficial a chegada do meia espanhol Mikel Merino, de 28 anos. <\/p>\n\n\n\n<ul class=\"wp-block-list\">\n<li><a href=\"https:\/\/www.gaveanews.com\/index.php\/2024\/08\/21\/arsenal-vai-buscar-reforco-na-espanha\/\">Arsenal vai buscar refor\u00e7o na Espanha<\/a><\/li>\n\n\n\n<li><a href=\"https:\/\/www.gaveanews.com\/index.php\/2024\/08\/13\/adidas-lanca-novos-uniformes-para-real-madrid-arsenal-bayern-juventus-e-manchester-united-veja-fotos\/\">Adidas lan\u00e7a novos uniformes para Real Madrid, Arsenal, Bayern, Juventus e Manchester United; veja fotos<\/a><\/li>\n<\/ul>\n\n\n\n<p>Merino atuava pela Real Sociedad, da Espanha e era um dos destaques do time. O meia ganhou mais destaque ainda ap\u00f3s marcar o gol que garantiu a vit\u00f3ria da sele\u00e7\u00e3o espanhola sobre a Alemanha na Eurocopa de 2024. O jogador disputou todas as partidas de sua sele\u00e7\u00e3o no torneio. <\/p>\n\n\n\n<p>Segundo a imprensa inglesa, o Arsenal ir\u00e1 pagar aproximadamente 32 milh\u00f5es de euros (mais de 196 milh\u00f5es de reais na cota\u00e7\u00e3o atual) a Real Sociedad por Mikel Merino. O meia ainda n\u00e3o atuou na nova temporada, que teve seu in\u00edcio recente, mas o atleta chega com condi\u00e7\u00f5es de jogo e poder\u00e1 estrear muito em breve pelos Gunners. Merino usar\u00e1 a camisa de n\u00famero 23. <\/p>\n\n\n\n<figure class=\"wp-block-image size-large\"><img loading=\"lazy\" decoding=\"async\" width=\"1024\" height=\"704\" src=\"https:\/\/www.gaveanews.com\/wp-content\/uploads\/Mikel-Merino-em-acao-pela-Espanha-1024x704.webp\" alt=\"\" class=\"wp-image-157829\" srcset=\"https:\/\/www.gaveanews.com\/wp-content\/uploads\/Mikel-Merino-em-acao-pela-Espanha-1024x704.webp 1024w, https:\/\/www.gaveanews.com\/wp-content\/uploads\/Mikel-Merino-em-acao-pela-Espanha-300x206.webp 300w, https:\/\/www.gaveanews.com\/wp-content\/uploads\/Mikel-Merino-em-acao-pela-Espanha-768x528.webp 768w, https:\/\/www.gaveanews.com\/wp-content\/uploads\/Mikel-Merino-em-acao-pela-Espanha-611x420.webp 611w, https:\/\/www.gaveanews.com\/wp-content\/uploads\/Mikel-Merino-em-acao-pela-Espanha-640x440.webp 640w, https:\/\/www.gaveanews.com\/wp-content\/uploads\/Mikel-Merino-em-acao-pela-Espanha-681x468.webp 681w, https:\/\/www.gaveanews.com\/wp-content\/uploads\/Mikel-Merino-em-acao-pela-Espanha-100x69.webp 100w, https:\/\/www.gaveanews.com\/wp-content\/uploads\/Mikel-Merino-em-acao-pela-Espanha.webp 1080w\" sizes=\"auto, (max-width: 1024px) 100vw, 1024px\" \/><figcaption class=\"wp-element-caption\">Mikel Merino em a\u00e7\u00e3o pela Espanha (Foto: Reprodu\u00e7\u00e3o\/Instagram)<\/figcaption><\/figure>\n\n\n\n<p>O diretor esportivo do Arsenal, Edu Gaspar, comentou sobre a chegada do refor\u00e7o. Edu disse que est\u00e3o muito felizes pela chegada de Merino e que o jogador foi alvo de muitos clubes nesta janela de transfer\u00eancias. <\/p>\n\n\n\n<p><em>\u2014 Estamos muito felizes com a transfer\u00eancia de Mikel Merino. Foi mais um grande esfor\u00e7o de v\u00e1rias pessoas do clube para finalizar o neg\u00f3cio por um jogador que despertou o interesse de v\u00e1rios clubes. Mikel foi um importante alvo para n\u00f3s neste ver\u00e3o e identificamos que ele \u00e9 um jogador que pode se encaixar perfeitamente no nosso elenco \u2014 <\/em>comentou Edu Gaspar. <\/p>\n\n\n\n<p>O Liverpool tamb\u00e9m demonstrou interesse na contrata\u00e7\u00e3o de Merino nesta janela de transfer\u00eancias, mas o jogador n\u00e3o teve o interesse de ingressar nos Reds. O espanhol assinou com o Arsenal at\u00e9 2028. <\/p>\n\n\n\n<p>O Arsenal volta a campo neste s\u00e1bado (31) contra o Brentford, pela terceira rodada da Premier League. A partida poder\u00e1 marcar a estreia de Mikel Merino. Nas primeiras duas rodadas do Campeonato Ingl\u00eas, os Gunner sa\u00edram vencedores. 2 a 0 no Wolves, no Emirates Stadium e 2 a 0 sobre o Aston Villa, no Villa Park. <\/p>\n","protected":false},"excerpt":{"rendered":"<p>Jogador chega para refor\u00e7ar os Gunners em nova temporada A temporada 2024\/25 j\u00e1 come\u00e7ou, mas enquanto a janela de transfer\u00eancias n\u00e3o fecha, os clubes continuam de olho no mercado para fechar com grandes contrata\u00e7\u00f5es. Na \u00faltima ter\u00e7a-feira (27), o Arsenal anunciou de forma oficial a chegada do meia espanhol Mikel Merino, de 28 anos. Merino [&hellip;]<\/p>\n","protected":false},"author":21,"featured_media":122019,"comment_status":"open","ping_status":"closed","sticky":false,"template":"","format":"standard","meta":{"footnotes":""},"categories":[91],"tags":[],"class_list":["post-162021","post","type-post","status-publish","format-standard","has-post-thumbnail","hentry","category-arsenal"],"yoast_head":"<!-- This site is optimized with the Yoast SEO Premium plugin v24.2 (Yoast SEO v26.9) - https:\/\/yoast.com\/product\/yoast-seo-premium-wordpress\/ -->\n<title>Agora \u00e9 oficial: Arsenal anuncia chegada de refor\u00e7o<\/title>\n<meta name=\"robots\" content=\"index, follow, max-snippet:-1, max-image-preview:large, max-video-preview:-1\" \/>\n<link rel=\"canonical\" href=\"https:\/\/www.gaveanews.com\/index.php\/2024\/08\/28\/agora-e-oficial-arsenal-anuncia-chegada-de-reforco\/\" \/>\n<meta property=\"og:locale\" content=\"pt_BR\" \/>\n<meta property=\"og:type\" content=\"article\" \/>\n<meta property=\"og:title\" content=\"Agora \u00e9 oficial: Arsenal anuncia chegada de refor\u00e7o\" \/>\n<meta property=\"og:description\" content=\"Jogador chega para refor\u00e7ar os Gunners em nova temporada A temporada 2024\/25 j\u00e1 come\u00e7ou, mas enquanto a janela de transfer\u00eancias n\u00e3o fecha, os clubes continuam de olho no mercado para fechar com grandes contrata\u00e7\u00f5es. Na \u00faltima ter\u00e7a-feira (27), o Arsenal anunciou de forma oficial a chegada do meia espanhol Mikel Merino, de 28 anos. Merino [&hellip;]\" \/>\n<meta property=\"og:url\" content=\"https:\/\/www.gaveanews.com\/index.php\/2024\/08\/28\/agora-e-oficial-arsenal-anuncia-chegada-de-reforco\/\" \/>\n<meta property=\"og:site_name\" content=\"G\u00e1vea News\" \/>\n<meta property=\"article:publisher\" content=\"https:\/\/facebook.com\/gaveaNews\/\" \/>\n<meta property=\"article:published_time\" content=\"2024-08-28T20:18:37+00:00\" \/>\n<meta property=\"article:modified_time\" content=\"2024-08-28T20:18:38+00:00\" \/>\n<meta property=\"og:image\" content=\"https:\/\/www.gaveanews.com\/wp-content\/uploads\/ArsenalFlag.webp\" \/>\n\t<meta property=\"og:image:width\" content=\"694\" \/>\n\t<meta property=\"og:image:height\" content=\"428\" \/>\n\t<meta property=\"og:image:type\" content=\"image\/webp\" \/>\n<meta name=\"author\" content=\"Andr\u00e9 Serra\" \/>\n<meta name=\"twitter:card\" content=\"summary_large_image\" \/>\n<meta name=\"twitter:label1\" content=\"Escrito por\" \/>\n\t<meta name=\"twitter:data1\" content=\"Andr\u00e9 Serra\" \/>\n\t<meta name=\"twitter:label2\" content=\"Est. tempo de leitura\" \/>\n\t<meta name=\"twitter:data2\" content=\"3 minutos\" \/>\n<script type=\"application\/ld+json\" class=\"yoast-schema-graph\">{\"@context\":\"https:\/\/schema.org\",\"@graph\":[{\"@type\":\"NewsArticle\",\"@id\":\"https:\/\/www.gaveanews.com\/index.php\/2024\/08\/28\/agora-e-oficial-arsenal-anuncia-chegada-de-reforco\/#article\",\"isPartOf\":{\"@id\":\"https:\/\/www.gaveanews.com\/index.php\/2024\/08\/28\/agora-e-oficial-arsenal-anuncia-chegada-de-reforco\/\"},\"author\":{\"name\":\"Andr\u00e9 Serra\",\"@id\":\"https:\/\/www.gaveanews.com\/#\/schema\/person\/0277a79a1289c451c281ec0411d84f0c\"},\"headline\":\"Agora \u00e9 oficial: Arsenal anuncia chegada de refor\u00e7o\",\"datePublished\":\"2024-08-28T20:18:37+00:00\",\"dateModified\":\"2024-08-28T20:18:38+00:00\",\"mainEntityOfPage\":{\"@id\":\"https:\/\/www.gaveanews.com\/index.php\/2024\/08\/28\/agora-e-oficial-arsenal-anuncia-chegada-de-reforco\/\"},\"wordCount\":413,\"commentCount\":0,\"image\":{\"@id\":\"https:\/\/www.gaveanews.com\/index.php\/2024\/08\/28\/agora-e-oficial-arsenal-anuncia-chegada-de-reforco\/#primaryimage\"},\"thumbnailUrl\":\"https:\/\/www.gaveanews.com\/wp-content\/uploads\/ArsenalFlag.webp\",\"articleSection\":[\"Arsenal\"],\"inLanguage\":\"pt-BR\",\"potentialAction\":[{\"@type\":\"CommentAction\",\"name\":\"Comment\",\"target\":[\"https:\/\/www.gaveanews.com\/index.php\/2024\/08\/28\/agora-e-oficial-arsenal-anuncia-chegada-de-reforco\/#respond\"]}],\"copyrightYear\":\"2024\",\"copyrightHolder\":{\"@id\":\"https:\/\/www.gaveanews.com\/#organization\"}},{\"@type\":\"WebPage\",\"@id\":\"https:\/\/www.gaveanews.com\/index.php\/2024\/08\/28\/agora-e-oficial-arsenal-anuncia-chegada-de-reforco\/\",\"url\":\"https:\/\/www.gaveanews.com\/index.php\/2024\/08\/28\/agora-e-oficial-arsenal-anuncia-chegada-de-reforco\/\",\"name\":\"Agora \u00e9 oficial: Arsenal anuncia chegada de refor\u00e7o\",\"isPartOf\":{\"@id\":\"https:\/\/www.gaveanews.com\/#website\"},\"primaryImageOfPage\":{\"@id\":\"https:\/\/www.gaveanews.com\/index.php\/2024\/08\/28\/agora-e-oficial-arsenal-anuncia-chegada-de-reforco\/#primaryimage\"},\"image\":{\"@id\":\"https:\/\/www.gaveanews.com\/index.php\/2024\/08\/28\/agora-e-oficial-arsenal-anuncia-chegada-de-reforco\/#primaryimage\"},\"thumbnailUrl\":\"https:\/\/www.gaveanews.com\/wp-content\/uploads\/ArsenalFlag.webp\",\"datePublished\":\"2024-08-28T20:18:37+00:00\",\"dateModified\":\"2024-08-28T20:18:38+00:00\",\"author\":{\"@id\":\"https:\/\/www.gaveanews.com\/#\/schema\/person\/0277a79a1289c451c281ec0411d84f0c\"},\"breadcrumb\":{\"@id\":\"https:\/\/www.gaveanews.com\/index.php\/2024\/08\/28\/agora-e-oficial-arsenal-anuncia-chegada-de-reforco\/#breadcrumb\"},\"inLanguage\":\"pt-BR\",\"potentialAction\":[{\"@type\":\"ReadAction\",\"target\":[\"https:\/\/www.gaveanews.com\/index.php\/2024\/08\/28\/agora-e-oficial-arsenal-anuncia-chegada-de-reforco\/\"]}]},{\"@type\":\"ImageObject\",\"inLanguage\":\"pt-BR\",\"@id\":\"https:\/\/www.gaveanews.com\/index.php\/2024\/08\/28\/agora-e-oficial-arsenal-anuncia-chegada-de-reforco\/#primaryimage\",\"url\":\"https:\/\/www.gaveanews.com\/wp-content\/uploads\/ArsenalFlag.webp\",\"contentUrl\":\"https:\/\/www.gaveanews.com\/wp-content\/uploads\/ArsenalFlag.webp\",\"width\":694,\"height\":428,\"caption\":\"Bandeira do Arsenal (Foto: Reprodu\u00e7\u00e3o)\"},{\"@type\":\"BreadcrumbList\",\"@id\":\"https:\/\/www.gaveanews.com\/index.php\/2024\/08\/28\/agora-e-oficial-arsenal-anuncia-chegada-de-reforco\/#breadcrumb\",\"itemListElement\":[{\"@type\":\"ListItem\",\"position\":1,\"name\":\"Home\",\"item\":\"https:\/\/www.gaveanews.com\/\"},{\"@type\":\"ListItem\",\"position\":2,\"name\":\"Agora \u00e9 oficial: Arsenal anuncia chegada de refor\u00e7o\"}]},{\"@type\":\"WebSite\",\"@id\":\"https:\/\/www.gaveanews.com\/#website\",\"url\":\"https:\/\/www.gaveanews.com\/\",\"name\":\"G\u00e1vea News\",\"description\":\"Veja todas as not\u00edcias sobre o Flamengo: Contrata\u00e7\u00f5es, categorias de base, resultados das partidas, tabela de classifica\u00e7\u00e3o, pr\u00f3ximos jogos!\",\"potentialAction\":[{\"@type\":\"SearchAction\",\"target\":{\"@type\":\"EntryPoint\",\"urlTemplate\":\"https:\/\/www.gaveanews.com\/?s={search_term_string}\"},\"query-input\":{\"@type\":\"PropertyValueSpecification\",\"valueRequired\":true,\"valueName\":\"search_term_string\"}}],\"inLanguage\":\"pt-BR\"},{\"@type\":\"Person\",\"@id\":\"https:\/\/www.gaveanews.com\/#\/schema\/person\/0277a79a1289c451c281ec0411d84f0c\",\"name\":\"Andr\u00e9 Serra\",\"image\":{\"@type\":\"ImageObject\",\"inLanguage\":\"pt-BR\",\"@id\":\"https:\/\/www.gaveanews.com\/#\/schema\/person\/image\/\",\"url\":\"https:\/\/secure.gravatar.com\/avatar\/d7231369fe48db93292b3e88eb2162dbd9a34a47a8437d9ef3bcaca2a86a83d7?s=96&d=mm&r=g\",\"contentUrl\":\"https:\/\/secure.gravatar.com\/avatar\/d7231369fe48db93292b3e88eb2162dbd9a34a47a8437d9ef3bcaca2a86a83d7?s=96&d=mm&r=g\",\"caption\":\"Andr\u00e9 Serra\"}}]}<\/script>\n<!-- \/ Yoast SEO Premium plugin. -->","yoast_head_json":{"title":"Agora \u00e9 oficial: Arsenal anuncia chegada de refor\u00e7o","robots":{"index":"index","follow":"follow","max-snippet":"max-snippet:-1","max-image-preview":"max-image-preview:large","max-video-preview":"max-video-preview:-1"},"canonical":"https:\/\/www.gaveanews.com\/index.php\/2024\/08\/28\/agora-e-oficial-arsenal-anuncia-chegada-de-reforco\/","og_locale":"pt_BR","og_type":"article","og_title":"Agora \u00e9 oficial: Arsenal anuncia chegada de refor\u00e7o","og_description":"Jogador chega para refor\u00e7ar os Gunners em nova temporada A temporada 2024\/25 j\u00e1 come\u00e7ou, mas enquanto a janela de transfer\u00eancias n\u00e3o fecha, os clubes continuam de olho no mercado para fechar com grandes contrata\u00e7\u00f5es. Na \u00faltima ter\u00e7a-feira (27), o Arsenal anunciou de forma oficial a chegada do meia espanhol Mikel Merino, de 28 anos. Merino [&hellip;]","og_url":"https:\/\/www.gaveanews.com\/index.php\/2024\/08\/28\/agora-e-oficial-arsenal-anuncia-chegada-de-reforco\/","og_site_name":"G\u00e1vea News","article_publisher":"https:\/\/facebook.com\/gaveaNews\/","article_published_time":"2024-08-28T20:18:37+00:00","article_modified_time":"2024-08-28T20:18:38+00:00","og_image":[{"width":694,"height":428,"url":"https:\/\/www.gaveanews.com\/wp-content\/uploads\/ArsenalFlag.webp","type":"image\/webp"}],"author":"Andr\u00e9 Serra","twitter_card":"summary_large_image","twitter_misc":{"Escrito por":"Andr\u00e9 Serra","Est. tempo de leitura":"3 minutos"},"schema":{"@context":"https:\/\/schema.org","@graph":[{"@type":"NewsArticle","@id":"https:\/\/www.gaveanews.com\/index.php\/2024\/08\/28\/agora-e-oficial-arsenal-anuncia-chegada-de-reforco\/#article","isPartOf":{"@id":"https:\/\/www.gaveanews.com\/index.php\/2024\/08\/28\/agora-e-oficial-arsenal-anuncia-chegada-de-reforco\/"},"author":{"name":"Andr\u00e9 Serra","@id":"https:\/\/www.gaveanews.com\/#\/schema\/person\/0277a79a1289c451c281ec0411d84f0c"},"headline":"Agora \u00e9 oficial: Arsenal anuncia chegada de refor\u00e7o","datePublished":"2024-08-28T20:18:37+00:00","dateModified":"2024-08-28T20:18:38+00:00","mainEntityOfPage":{"@id":"https:\/\/www.gaveanews.com\/index.php\/2024\/08\/28\/agora-e-oficial-arsenal-anuncia-chegada-de-reforco\/"},"wordCount":413,"commentCount":0,"image":{"@id":"https:\/\/www.gaveanews.com\/index.php\/2024\/08\/28\/agora-e-oficial-arsenal-anuncia-chegada-de-reforco\/#primaryimage"},"thumbnailUrl":"https:\/\/www.gaveanews.com\/wp-content\/uploads\/ArsenalFlag.webp","articleSection":["Arsenal"],"inLanguage":"pt-BR","potentialAction":[{"@type":"CommentAction","name":"Comment","target":["https:\/\/www.gaveanews.com\/index.php\/2024\/08\/28\/agora-e-oficial-arsenal-anuncia-chegada-de-reforco\/#respond"]}],"copyrightYear":"2024","copyrightHolder":{"@id":"https:\/\/www.gaveanews.com\/#organization"}},{"@type":"WebPage","@id":"https:\/\/www.gaveanews.com\/index.php\/2024\/08\/28\/agora-e-oficial-arsenal-anuncia-chegada-de-reforco\/","url":"https:\/\/www.gaveanews.com\/index.php\/2024\/08\/28\/agora-e-oficial-arsenal-anuncia-chegada-de-reforco\/","name":"Agora \u00e9 oficial: Arsenal anuncia chegada de refor\u00e7o","isPartOf":{"@id":"https:\/\/www.gaveanews.com\/#website"},"primaryImageOfPage":{"@id":"https:\/\/www.gaveanews.com\/index.php\/2024\/08\/28\/agora-e-oficial-arsenal-anuncia-chegada-de-reforco\/#primaryimage"},"image":{"@id":"https:\/\/www.gaveanews.com\/index.php\/2024\/08\/28\/agora-e-oficial-arsenal-anuncia-chegada-de-reforco\/#primaryimage"},"thumbnailUrl":"https:\/\/www.gaveanews.com\/wp-content\/uploads\/ArsenalFlag.webp","datePublished":"2024-08-28T20:18:37+00:00","dateModified":"2024-08-28T20:18:38+00:00","author":{"@id":"https:\/\/www.gaveanews.com\/#\/schema\/person\/0277a79a1289c451c281ec0411d84f0c"},"breadcrumb":{"@id":"https:\/\/www.gaveanews.com\/index.php\/2024\/08\/28\/agora-e-oficial-arsenal-anuncia-chegada-de-reforco\/#breadcrumb"},"inLanguage":"pt-BR","potentialAction":[{"@type":"ReadAction","target":["https:\/\/www.gaveanews.com\/index.php\/2024\/08\/28\/agora-e-oficial-arsenal-anuncia-chegada-de-reforco\/"]}]},{"@type":"ImageObject","inLanguage":"pt-BR","@id":"https:\/\/www.gaveanews.com\/index.php\/2024\/08\/28\/agora-e-oficial-arsenal-anuncia-chegada-de-reforco\/#primaryimage","url":"https:\/\/www.gaveanews.com\/wp-content\/uploads\/ArsenalFlag.webp","contentUrl":"https:\/\/www.gaveanews.com\/wp-content\/uploads\/ArsenalFlag.webp","width":694,"height":428,"caption":"Bandeira do Arsenal (Foto: Reprodu\u00e7\u00e3o)"},{"@type":"BreadcrumbList","@id":"https:\/\/www.gaveanews.com\/index.php\/2024\/08\/28\/agora-e-oficial-arsenal-anuncia-chegada-de-reforco\/#breadcrumb","itemListElement":[{"@type":"ListItem","position":1,"name":"Home","item":"https:\/\/www.gaveanews.com\/"},{"@type":"ListItem","position":2,"name":"Agora \u00e9 oficial: Arsenal anuncia chegada de refor\u00e7o"}]},{"@type":"WebSite","@id":"https:\/\/www.gaveanews.com\/#website","url":"https:\/\/www.gaveanews.com\/","name":"G\u00e1vea News","description":"Veja todas as not\u00edcias sobre o Flamengo: Contrata\u00e7\u00f5es, categorias de base, resultados das partidas, tabela de classifica\u00e7\u00e3o, pr\u00f3ximos jogos!","potentialAction":[{"@type":"SearchAction","target":{"@type":"EntryPoint","urlTemplate":"https:\/\/www.gaveanews.com\/?s={search_term_string}"},"query-input":{"@type":"PropertyValueSpecification","valueRequired":true,"valueName":"search_term_string"}}],"inLanguage":"pt-BR"},{"@type":"Person","@id":"https:\/\/www.gaveanews.com\/#\/schema\/person\/0277a79a1289c451c281ec0411d84f0c","name":"Andr\u00e9 Serra","image":{"@type":"ImageObject","inLanguage":"pt-BR","@id":"https:\/\/www.gaveanews.com\/#\/schema\/person\/image\/","url":"https:\/\/secure.gravatar.com\/avatar\/d7231369fe48db93292b3e88eb2162dbd9a34a47a8437d9ef3bcaca2a86a83d7?s=96&d=mm&r=g","contentUrl":"https:\/\/secure.gravatar.com\/avatar\/d7231369fe48db93292b3e88eb2162dbd9a34a47a8437d9ef3bcaca2a86a83d7?s=96&d=mm&r=g","caption":"Andr\u00e9 Serra"}}]}},"_links":{"self":[{"href":"https:\/\/www.gaveanews.com\/index.php\/wp-json\/wp\/v2\/posts\/162021","targetHints":{"allow":["GET"]}}],"collection":[{"href":"https:\/\/www.gaveanews.com\/index.php\/wp-json\/wp\/v2\/posts"}],"about":[{"href":"https:\/\/www.gaveanews.com\/index.php\/wp-json\/wp\/v2\/types\/post"}],"author":[{"embeddable":true,"href":"https:\/\/www.gaveanews.com\/index.php\/wp-json\/wp\/v2\/users\/21"}],"replies":[{"embeddable":true,"href":"https:\/\/www.gaveanews.com\/index.php\/wp-json\/wp\/v2\/comments?post=162021"}],"version-history":[{"count":2,"href":"https:\/\/www.gaveanews.com\/index.php\/wp-json\/wp\/v2\/posts\/162021\/revisions"}],"predecessor-version":[{"id":162108,"href":"https:\/\/www.gaveanews.com\/index.php\/wp-json\/wp\/v2\/posts\/162021\/revisions\/162108"}],"wp:featuredmedia":[{"embeddable":true,"href":"https:\/\/www.gaveanews.com\/index.php\/wp-json\/wp\/v2\/media\/122019"}],"wp:attachment":[{"href":"https:\/\/www.gaveanews.com\/index.php\/wp-json\/wp\/v2\/media?parent=162021"}],"wp:term":[{"taxonomy":"category","embeddable":true,"href":"https:\/\/www.gaveanews.com\/index.php\/wp-json\/wp\/v2\/categories?post=162021"},{"taxonomy":"post_tag","embeddable":true,"href":"https:\/\/www.gaveanews.com\/index.php\/wp-json\/wp\/v2\/tags?post=162021"}],"curies":[{"name":"wp","href":"https:\/\/api.w.org\/{rel}","templated":true}]}}