{"id":162028,"date":"2024-08-28T17:20:00","date_gmt":"2024-08-28T20:20:00","guid":{"rendered":"https:\/\/www.gaveanews.com\/?p=162028"},"modified":"2024-08-28T16:49:47","modified_gmt":"2024-08-28T19:49:47","slug":"cbf-promove-alteracao-em-jogo-do-palmeiras-no-brasileirao","status":"publish","type":"post","link":"https:\/\/www.gaveanews.com\/index.php\/2024\/08\/28\/cbf-promove-alteracao-em-jogo-do-palmeiras-no-brasileirao\/","title":{"rendered":"CBF promove altera\u00e7\u00e3o em jogo do Palmeiras no Brasileir\u00e3o"},"content":{"rendered":"\n<p>A Confedera\u00e7\u00e3o Brasileira de Futebol (CBF) oficializou na noite deste domingo (25) a mudan\u00e7a no hor\u00e1rio da partida entre Athletico-PR e Palmeiras, v\u00e1lida pela 25\u00aa rodada do Campeonato Brasileiro. O duelo, que ser\u00e1 realizado no pr\u00f3ximo domingo (01\/09), na Ligga Arena, em Curitiba, foi remarcado para \u00e0s 18h30 (de Bras\u00edlia), alterando o hor\u00e1rio original das 16h.<\/p>\n\n\n\n<ul class=\"wp-block-list\">\n<li><strong><a href=\"https:\/\/www.gaveanews.com\/index.php\/2024\/08\/27\/apresentadora-da-rede-globo-detona-abel-ferreira-do-palmeiras\/?utm_source=terra_capa_parceiros&amp;utm_medium=referral\">Apresentadora da Rede Globo detona Abel Ferreira, do Palmeiras<\/a><\/strong><\/li>\n\n\n\n<li><strong><a href=\"https:\/\/www.gaveanews.com\/index.php\/2024\/08\/28\/brasileira-vende-sua-madalha-olimpica-mas-comprador-devolve\/?utm_source=terra_capa_parceiros&amp;utm_medium=referral\">Brasileira vende sua medalha ol\u00edmpica mas comprador devolve<\/a><\/strong><\/li>\n<\/ul>\n\n\n\n<p>No primeiro turno do Brasileir\u00e3o, o Furac\u00e3o levou a melhor sobre o Palmeiras, vencendo por 2 a 0 na Arena Barueri, em partida disputada no dia 12 de maio. Agora, o Verd\u00e3o ter\u00e1 a chance de buscar a revanche fora de casa, tentando encurtar a dist\u00e2ncia para o l\u00edder Fortaleza, que tem quatro pontos a mais e um jogo a menos.<\/p>\n\n\n\n<p>O Palmeiras chega para esse confronto embalado pela goleada sobre o Cuiab\u00e1 por 5 a 0, no \u00faltimo s\u00e1bado (24), no Est\u00e1dio Brinco de Ouro da Princesa, em Campinas. Na ocasi\u00e3o, Est\u00eav\u00e3o, que balan\u00e7ou as redes duas vezes, Murilo, Maur\u00edcio e Felipe Anderson foram os respons\u00e1veis pelos gols do Maior Campe\u00e3o do Brasil.<\/p>\n\n\n\n<p>Com a elimina\u00e7\u00e3o das demais competi\u00e7\u00f5es, o t\u00e9cnico Abel Ferreira ter\u00e1 a semana inteira para preparar a equipe visando o confronto contra o Athletico-PR. Atualmente, o Palmeiras ocupa a terceira coloca\u00e7\u00e3o na tabela, com 44 pontos, e est\u00e1 focado na recupera\u00e7\u00e3o de atletas e ajustes finais para a reta decisiva do Brasileir\u00e3o.<\/p>\n\n\n\n<p>O Verd\u00e3o, no entanto, enfrenta problemas com les\u00f5es. Bruno Rodrigues e Piquerez passaram por cirurgias e s\u00f3 devem retornar em 2025. Gabriel Menino, por sua vez, segue em recupera\u00e7\u00e3o de uma les\u00e3o na coxa, enquanto Dudu trabalha para melhorar seu condicionamento f\u00edsico. Al\u00e9m deles, Mayke e Vitor Reis tamb\u00e9m s\u00e3o d\u00favidas para o jogo de domingo. O lateral-direito est\u00e1 com les\u00e3o na panturrilha direita, e o zagueiro enfrenta um edema na coxa esquerda.<\/p>\n\n\n\n<h2 class=\"wp-block-heading\" id=\"h-fusca-chines-sera-vendido-no-brasil\">Fusca chin\u00eas ser\u00e1 vendido no Brasil<\/h2>\n\n\n\n<p>Al\u00e9m disso, o portal G\u00e1vea News tamb\u00e9m est\u00e1 produzindo conte\u00fados relacionados ao setor automotivo. Em outras palavras, se voc\u00ea deseja se manter bem informado sobre esse assunto,&nbsp;<a href=\"https:\/\/www.gaveanews.com\/index.php\/carros\/\">clique aqui para acessar exclusivamente as not\u00edcias dessa categoria.<\/a>&nbsp;Assim sendo, n\u00f3s publicamos duas not\u00edcias de destaque:&nbsp;<a href=\"https:\/\/www.gaveanews.com\/index.php\/2024\/04\/20\/carros-populares-com-manutencao-cara-e-complicada?utm_source=Recirculacao&amp;utm_medium=SubtituloFinalDaMateria&amp;utm_campaign=SubtituloFinalDaMateria\" target=\"_blank\" rel=\"noreferrer noopener\">Carros populares com manuten\u00e7\u00e3o cara e complicada<\/a>, e&nbsp;<a href=\"https:\/\/www.gaveanews.com\/index.php\/2024\/04\/19\/muito-moderno-fusca-alternativo-comecara-a-ser-vendido-no-brasil\/?utm_source=Recirculacao&amp;utm_medium=SubtituloFinalDaMateria&amp;utm_campaign=SubtituloFinalDaMateria\" target=\"_blank\" rel=\"noreferrer noopener\">Fusca \u2018alternativo\u2019 come\u00e7ar\u00e1 a ser vendido no Brasil (veja fotos).<\/a><\/p>\n","protected":false},"excerpt":{"rendered":"<p>A Confedera\u00e7\u00e3o Brasileira de Futebol (CBF) oficializou na noite deste domingo (25) a mudan\u00e7a no hor\u00e1rio da partida entre Athletico-PR e Palmeiras, v\u00e1lida pela 25\u00aa rodada do Campeonato Brasileiro. O duelo, que ser\u00e1 realizado no pr\u00f3ximo domingo (01\/09), na Ligga Arena, em Curitiba, foi remarcado para \u00e0s 18h30 (de Bras\u00edlia), alterando o hor\u00e1rio original das [&hellip;]<\/p>\n","protected":false},"author":23,"featured_media":158317,"comment_status":"open","ping_status":"closed","sticky":false,"template":"","format":"standard","meta":{"footnotes":""},"categories":[150],"tags":[],"class_list":["post-162028","post","type-post","status-publish","format-standard","has-post-thumbnail","hentry","category-palmeiras"],"yoast_head":"<!-- This site is optimized with the Yoast SEO Premium plugin v24.2 (Yoast SEO v26.9) - https:\/\/yoast.com\/product\/yoast-seo-premium-wordpress\/ -->\n<title>CBF promove altera\u00e7\u00e3o em jogo do Palmeiras no Brasileir\u00e3o<\/title>\n<meta name=\"robots\" content=\"index, follow, max-snippet:-1, max-image-preview:large, max-video-preview:-1\" \/>\n<link rel=\"canonical\" href=\"https:\/\/www.gaveanews.com\/index.php\/2024\/08\/28\/cbf-promove-alteracao-em-jogo-do-palmeiras-no-brasileirao\/\" \/>\n<meta property=\"og:locale\" content=\"pt_BR\" \/>\n<meta property=\"og:type\" content=\"article\" \/>\n<meta property=\"og:title\" content=\"CBF promove altera\u00e7\u00e3o em jogo do Palmeiras no Brasileir\u00e3o\" \/>\n<meta property=\"og:description\" content=\"A Confedera\u00e7\u00e3o Brasileira de Futebol (CBF) oficializou na noite deste domingo (25) a mudan\u00e7a no hor\u00e1rio da partida entre Athletico-PR e Palmeiras, v\u00e1lida pela 25\u00aa rodada do Campeonato Brasileiro. O duelo, que ser\u00e1 realizado no pr\u00f3ximo domingo (01\/09), na Ligga Arena, em Curitiba, foi remarcado para \u00e0s 18h30 (de Bras\u00edlia), alterando o hor\u00e1rio original das [&hellip;]\" \/>\n<meta property=\"og:url\" content=\"https:\/\/www.gaveanews.com\/index.php\/2024\/08\/28\/cbf-promove-alteracao-em-jogo-do-palmeiras-no-brasileirao\/\" \/>\n<meta property=\"og:site_name\" content=\"G\u00e1vea News\" \/>\n<meta property=\"article:publisher\" content=\"https:\/\/facebook.com\/gaveaNews\/\" \/>\n<meta property=\"article:published_time\" content=\"2024-08-28T20:20:00+00:00\" \/>\n<meta property=\"og:image\" content=\"https:\/\/www.gaveanews.com\/wp-content\/uploads\/Jogadores-do-Palmeiras-reunidos-durante-partida-da-Copa-do-Brasil-2024.webp\" \/>\n\t<meta property=\"og:image:width\" content=\"1187\" \/>\n\t<meta property=\"og:image:height\" content=\"792\" \/>\n\t<meta property=\"og:image:type\" content=\"image\/webp\" \/>\n<meta name=\"author\" content=\"Leandro Azevedo\" \/>\n<meta name=\"twitter:card\" content=\"summary_large_image\" \/>\n<meta name=\"twitter:label1\" content=\"Escrito por\" \/>\n\t<meta name=\"twitter:data1\" content=\"Leandro Azevedo\" \/>\n\t<meta name=\"twitter:label2\" content=\"Est. tempo de leitura\" \/>\n\t<meta name=\"twitter:data2\" content=\"3 minutos\" \/>\n<script type=\"application\/ld+json\" class=\"yoast-schema-graph\">{\"@context\":\"https:\/\/schema.org\",\"@graph\":[{\"@type\":\"NewsArticle\",\"@id\":\"https:\/\/www.gaveanews.com\/index.php\/2024\/08\/28\/cbf-promove-alteracao-em-jogo-do-palmeiras-no-brasileirao\/#article\",\"isPartOf\":{\"@id\":\"https:\/\/www.gaveanews.com\/index.php\/2024\/08\/28\/cbf-promove-alteracao-em-jogo-do-palmeiras-no-brasileirao\/\"},\"author\":{\"name\":\"Leandro Azevedo\",\"@id\":\"https:\/\/www.gaveanews.com\/#\/schema\/person\/2877169f354c4596cf5aab74ea7c56a8\"},\"headline\":\"CBF promove altera\u00e7\u00e3o em jogo do Palmeiras no Brasileir\u00e3o\",\"datePublished\":\"2024-08-28T20:20:00+00:00\",\"mainEntityOfPage\":{\"@id\":\"https:\/\/www.gaveanews.com\/index.php\/2024\/08\/28\/cbf-promove-alteracao-em-jogo-do-palmeiras-no-brasileirao\/\"},\"wordCount\":432,\"commentCount\":0,\"image\":{\"@id\":\"https:\/\/www.gaveanews.com\/index.php\/2024\/08\/28\/cbf-promove-alteracao-em-jogo-do-palmeiras-no-brasileirao\/#primaryimage\"},\"thumbnailUrl\":\"https:\/\/www.gaveanews.com\/wp-content\/uploads\/Jogadores-do-Palmeiras-reunidos-durante-partida-da-Copa-do-Brasil-2024.webp\",\"articleSection\":[\"Palmeiras\"],\"inLanguage\":\"pt-BR\",\"potentialAction\":[{\"@type\":\"CommentAction\",\"name\":\"Comment\",\"target\":[\"https:\/\/www.gaveanews.com\/index.php\/2024\/08\/28\/cbf-promove-alteracao-em-jogo-do-palmeiras-no-brasileirao\/#respond\"]}],\"copyrightYear\":\"2024\",\"copyrightHolder\":{\"@id\":\"https:\/\/www.gaveanews.com\/#organization\"}},{\"@type\":\"WebPage\",\"@id\":\"https:\/\/www.gaveanews.com\/index.php\/2024\/08\/28\/cbf-promove-alteracao-em-jogo-do-palmeiras-no-brasileirao\/\",\"url\":\"https:\/\/www.gaveanews.com\/index.php\/2024\/08\/28\/cbf-promove-alteracao-em-jogo-do-palmeiras-no-brasileirao\/\",\"name\":\"CBF promove altera\u00e7\u00e3o em jogo do Palmeiras no Brasileir\u00e3o\",\"isPartOf\":{\"@id\":\"https:\/\/www.gaveanews.com\/#website\"},\"primaryImageOfPage\":{\"@id\":\"https:\/\/www.gaveanews.com\/index.php\/2024\/08\/28\/cbf-promove-alteracao-em-jogo-do-palmeiras-no-brasileirao\/#primaryimage\"},\"image\":{\"@id\":\"https:\/\/www.gaveanews.com\/index.php\/2024\/08\/28\/cbf-promove-alteracao-em-jogo-do-palmeiras-no-brasileirao\/#primaryimage\"},\"thumbnailUrl\":\"https:\/\/www.gaveanews.com\/wp-content\/uploads\/Jogadores-do-Palmeiras-reunidos-durante-partida-da-Copa-do-Brasil-2024.webp\",\"datePublished\":\"2024-08-28T20:20:00+00:00\",\"author\":{\"@id\":\"https:\/\/www.gaveanews.com\/#\/schema\/person\/2877169f354c4596cf5aab74ea7c56a8\"},\"breadcrumb\":{\"@id\":\"https:\/\/www.gaveanews.com\/index.php\/2024\/08\/28\/cbf-promove-alteracao-em-jogo-do-palmeiras-no-brasileirao\/#breadcrumb\"},\"inLanguage\":\"pt-BR\",\"potentialAction\":[{\"@type\":\"ReadAction\",\"target\":[\"https:\/\/www.gaveanews.com\/index.php\/2024\/08\/28\/cbf-promove-alteracao-em-jogo-do-palmeiras-no-brasileirao\/\"]}]},{\"@type\":\"ImageObject\",\"inLanguage\":\"pt-BR\",\"@id\":\"https:\/\/www.gaveanews.com\/index.php\/2024\/08\/28\/cbf-promove-alteracao-em-jogo-do-palmeiras-no-brasileirao\/#primaryimage\",\"url\":\"https:\/\/www.gaveanews.com\/wp-content\/uploads\/Jogadores-do-Palmeiras-reunidos-durante-partida-da-Copa-do-Brasil-2024.webp\",\"contentUrl\":\"https:\/\/www.gaveanews.com\/wp-content\/uploads\/Jogadores-do-Palmeiras-reunidos-durante-partida-da-Copa-do-Brasil-2024.webp\",\"width\":1187,\"height\":792,\"caption\":\"Jogadores do Palmeiras reunidos durante partida da Copa do Brasil 2024 (Foto: Reprodu\u00e7\u00e3o\/Palmeiras)\"},{\"@type\":\"BreadcrumbList\",\"@id\":\"https:\/\/www.gaveanews.com\/index.php\/2024\/08\/28\/cbf-promove-alteracao-em-jogo-do-palmeiras-no-brasileirao\/#breadcrumb\",\"itemListElement\":[{\"@type\":\"ListItem\",\"position\":1,\"name\":\"Home\",\"item\":\"https:\/\/www.gaveanews.com\/\"},{\"@type\":\"ListItem\",\"position\":2,\"name\":\"CBF promove altera\u00e7\u00e3o em jogo do Palmeiras no Brasileir\u00e3o\"}]},{\"@type\":\"WebSite\",\"@id\":\"https:\/\/www.gaveanews.com\/#website\",\"url\":\"https:\/\/www.gaveanews.com\/\",\"name\":\"G\u00e1vea News\",\"description\":\"Veja todas as not\u00edcias sobre o Flamengo: Contrata\u00e7\u00f5es, categorias de base, resultados das partidas, tabela de classifica\u00e7\u00e3o, pr\u00f3ximos jogos!\",\"potentialAction\":[{\"@type\":\"SearchAction\",\"target\":{\"@type\":\"EntryPoint\",\"urlTemplate\":\"https:\/\/www.gaveanews.com\/?s={search_term_string}\"},\"query-input\":{\"@type\":\"PropertyValueSpecification\",\"valueRequired\":true,\"valueName\":\"search_term_string\"}}],\"inLanguage\":\"pt-BR\"},{\"@type\":\"Person\",\"@id\":\"https:\/\/www.gaveanews.com\/#\/schema\/person\/2877169f354c4596cf5aab74ea7c56a8\",\"name\":\"Leandro Azevedo\",\"image\":{\"@type\":\"ImageObject\",\"inLanguage\":\"pt-BR\",\"@id\":\"https:\/\/www.gaveanews.com\/#\/schema\/person\/image\/\",\"url\":\"https:\/\/secure.gravatar.com\/avatar\/e2f72eb6d986a41d592a85e4e36a6c6170e9ea8a1f433dfc29d0011a8968f89c?s=96&d=mm&r=g\",\"contentUrl\":\"https:\/\/secure.gravatar.com\/avatar\/e2f72eb6d986a41d592a85e4e36a6c6170e9ea8a1f433dfc29d0011a8968f89c?s=96&d=mm&r=g\",\"caption\":\"Leandro Azevedo\"}}]}<\/script>\n<!-- \/ Yoast SEO Premium plugin. -->","yoast_head_json":{"title":"CBF promove altera\u00e7\u00e3o em jogo do Palmeiras no Brasileir\u00e3o","robots":{"index":"index","follow":"follow","max-snippet":"max-snippet:-1","max-image-preview":"max-image-preview:large","max-video-preview":"max-video-preview:-1"},"canonical":"https:\/\/www.gaveanews.com\/index.php\/2024\/08\/28\/cbf-promove-alteracao-em-jogo-do-palmeiras-no-brasileirao\/","og_locale":"pt_BR","og_type":"article","og_title":"CBF promove altera\u00e7\u00e3o em jogo do Palmeiras no Brasileir\u00e3o","og_description":"A Confedera\u00e7\u00e3o Brasileira de Futebol (CBF) oficializou na noite deste domingo (25) a mudan\u00e7a no hor\u00e1rio da partida entre Athletico-PR e Palmeiras, v\u00e1lida pela 25\u00aa rodada do Campeonato Brasileiro. O duelo, que ser\u00e1 realizado no pr\u00f3ximo domingo (01\/09), na Ligga Arena, em Curitiba, foi remarcado para \u00e0s 18h30 (de Bras\u00edlia), alterando o hor\u00e1rio original das [&hellip;]","og_url":"https:\/\/www.gaveanews.com\/index.php\/2024\/08\/28\/cbf-promove-alteracao-em-jogo-do-palmeiras-no-brasileirao\/","og_site_name":"G\u00e1vea News","article_publisher":"https:\/\/facebook.com\/gaveaNews\/","article_published_time":"2024-08-28T20:20:00+00:00","og_image":[{"width":1187,"height":792,"url":"https:\/\/www.gaveanews.com\/wp-content\/uploads\/Jogadores-do-Palmeiras-reunidos-durante-partida-da-Copa-do-Brasil-2024.webp","type":"image\/webp"}],"author":"Leandro Azevedo","twitter_card":"summary_large_image","twitter_misc":{"Escrito por":"Leandro Azevedo","Est. tempo de leitura":"3 minutos"},"schema":{"@context":"https:\/\/schema.org","@graph":[{"@type":"NewsArticle","@id":"https:\/\/www.gaveanews.com\/index.php\/2024\/08\/28\/cbf-promove-alteracao-em-jogo-do-palmeiras-no-brasileirao\/#article","isPartOf":{"@id":"https:\/\/www.gaveanews.com\/index.php\/2024\/08\/28\/cbf-promove-alteracao-em-jogo-do-palmeiras-no-brasileirao\/"},"author":{"name":"Leandro Azevedo","@id":"https:\/\/www.gaveanews.com\/#\/schema\/person\/2877169f354c4596cf5aab74ea7c56a8"},"headline":"CBF promove altera\u00e7\u00e3o em jogo do Palmeiras no Brasileir\u00e3o","datePublished":"2024-08-28T20:20:00+00:00","mainEntityOfPage":{"@id":"https:\/\/www.gaveanews.com\/index.php\/2024\/08\/28\/cbf-promove-alteracao-em-jogo-do-palmeiras-no-brasileirao\/"},"wordCount":432,"commentCount":0,"image":{"@id":"https:\/\/www.gaveanews.com\/index.php\/2024\/08\/28\/cbf-promove-alteracao-em-jogo-do-palmeiras-no-brasileirao\/#primaryimage"},"thumbnailUrl":"https:\/\/www.gaveanews.com\/wp-content\/uploads\/Jogadores-do-Palmeiras-reunidos-durante-partida-da-Copa-do-Brasil-2024.webp","articleSection":["Palmeiras"],"inLanguage":"pt-BR","potentialAction":[{"@type":"CommentAction","name":"Comment","target":["https:\/\/www.gaveanews.com\/index.php\/2024\/08\/28\/cbf-promove-alteracao-em-jogo-do-palmeiras-no-brasileirao\/#respond"]}],"copyrightYear":"2024","copyrightHolder":{"@id":"https:\/\/www.gaveanews.com\/#organization"}},{"@type":"WebPage","@id":"https:\/\/www.gaveanews.com\/index.php\/2024\/08\/28\/cbf-promove-alteracao-em-jogo-do-palmeiras-no-brasileirao\/","url":"https:\/\/www.gaveanews.com\/index.php\/2024\/08\/28\/cbf-promove-alteracao-em-jogo-do-palmeiras-no-brasileirao\/","name":"CBF promove altera\u00e7\u00e3o em jogo do Palmeiras no Brasileir\u00e3o","isPartOf":{"@id":"https:\/\/www.gaveanews.com\/#website"},"primaryImageOfPage":{"@id":"https:\/\/www.gaveanews.com\/index.php\/2024\/08\/28\/cbf-promove-alteracao-em-jogo-do-palmeiras-no-brasileirao\/#primaryimage"},"image":{"@id":"https:\/\/www.gaveanews.com\/index.php\/2024\/08\/28\/cbf-promove-alteracao-em-jogo-do-palmeiras-no-brasileirao\/#primaryimage"},"thumbnailUrl":"https:\/\/www.gaveanews.com\/wp-content\/uploads\/Jogadores-do-Palmeiras-reunidos-durante-partida-da-Copa-do-Brasil-2024.webp","datePublished":"2024-08-28T20:20:00+00:00","author":{"@id":"https:\/\/www.gaveanews.com\/#\/schema\/person\/2877169f354c4596cf5aab74ea7c56a8"},"breadcrumb":{"@id":"https:\/\/www.gaveanews.com\/index.php\/2024\/08\/28\/cbf-promove-alteracao-em-jogo-do-palmeiras-no-brasileirao\/#breadcrumb"},"inLanguage":"pt-BR","potentialAction":[{"@type":"ReadAction","target":["https:\/\/www.gaveanews.com\/index.php\/2024\/08\/28\/cbf-promove-alteracao-em-jogo-do-palmeiras-no-brasileirao\/"]}]},{"@type":"ImageObject","inLanguage":"pt-BR","@id":"https:\/\/www.gaveanews.com\/index.php\/2024\/08\/28\/cbf-promove-alteracao-em-jogo-do-palmeiras-no-brasileirao\/#primaryimage","url":"https:\/\/www.gaveanews.com\/wp-content\/uploads\/Jogadores-do-Palmeiras-reunidos-durante-partida-da-Copa-do-Brasil-2024.webp","contentUrl":"https:\/\/www.gaveanews.com\/wp-content\/uploads\/Jogadores-do-Palmeiras-reunidos-durante-partida-da-Copa-do-Brasil-2024.webp","width":1187,"height":792,"caption":"Jogadores do Palmeiras reunidos durante partida da Copa do Brasil 2024 (Foto: Reprodu\u00e7\u00e3o\/Palmeiras)"},{"@type":"BreadcrumbList","@id":"https:\/\/www.gaveanews.com\/index.php\/2024\/08\/28\/cbf-promove-alteracao-em-jogo-do-palmeiras-no-brasileirao\/#breadcrumb","itemListElement":[{"@type":"ListItem","position":1,"name":"Home","item":"https:\/\/www.gaveanews.com\/"},{"@type":"ListItem","position":2,"name":"CBF promove altera\u00e7\u00e3o em jogo do Palmeiras no Brasileir\u00e3o"}]},{"@type":"WebSite","@id":"https:\/\/www.gaveanews.com\/#website","url":"https:\/\/www.gaveanews.com\/","name":"G\u00e1vea News","description":"Veja todas as not\u00edcias sobre o Flamengo: Contrata\u00e7\u00f5es, categorias de base, resultados das partidas, tabela de classifica\u00e7\u00e3o, pr\u00f3ximos jogos!","potentialAction":[{"@type":"SearchAction","target":{"@type":"EntryPoint","urlTemplate":"https:\/\/www.gaveanews.com\/?s={search_term_string}"},"query-input":{"@type":"PropertyValueSpecification","valueRequired":true,"valueName":"search_term_string"}}],"inLanguage":"pt-BR"},{"@type":"Person","@id":"https:\/\/www.gaveanews.com\/#\/schema\/person\/2877169f354c4596cf5aab74ea7c56a8","name":"Leandro Azevedo","image":{"@type":"ImageObject","inLanguage":"pt-BR","@id":"https:\/\/www.gaveanews.com\/#\/schema\/person\/image\/","url":"https:\/\/secure.gravatar.com\/avatar\/e2f72eb6d986a41d592a85e4e36a6c6170e9ea8a1f433dfc29d0011a8968f89c?s=96&d=mm&r=g","contentUrl":"https:\/\/secure.gravatar.com\/avatar\/e2f72eb6d986a41d592a85e4e36a6c6170e9ea8a1f433dfc29d0011a8968f89c?s=96&d=mm&r=g","caption":"Leandro Azevedo"}}]}},"_links":{"self":[{"href":"https:\/\/www.gaveanews.com\/index.php\/wp-json\/wp\/v2\/posts\/162028","targetHints":{"allow":["GET"]}}],"collection":[{"href":"https:\/\/www.gaveanews.com\/index.php\/wp-json\/wp\/v2\/posts"}],"about":[{"href":"https:\/\/www.gaveanews.com\/index.php\/wp-json\/wp\/v2\/types\/post"}],"author":[{"embeddable":true,"href":"https:\/\/www.gaveanews.com\/index.php\/wp-json\/wp\/v2\/users\/23"}],"replies":[{"embeddable":true,"href":"https:\/\/www.gaveanews.com\/index.php\/wp-json\/wp\/v2\/comments?post=162028"}],"version-history":[{"count":2,"href":"https:\/\/www.gaveanews.com\/index.php\/wp-json\/wp\/v2\/posts\/162028\/revisions"}],"predecessor-version":[{"id":162084,"href":"https:\/\/www.gaveanews.com\/index.php\/wp-json\/wp\/v2\/posts\/162028\/revisions\/162084"}],"wp:featuredmedia":[{"embeddable":true,"href":"https:\/\/www.gaveanews.com\/index.php\/wp-json\/wp\/v2\/media\/158317"}],"wp:attachment":[{"href":"https:\/\/www.gaveanews.com\/index.php\/wp-json\/wp\/v2\/media?parent=162028"}],"wp:term":[{"taxonomy":"category","embeddable":true,"href":"https:\/\/www.gaveanews.com\/index.php\/wp-json\/wp\/v2\/categories?post=162028"},{"taxonomy":"post_tag","embeddable":true,"href":"https:\/\/www.gaveanews.com\/index.php\/wp-json\/wp\/v2\/tags?post=162028"}],"curies":[{"name":"wp","href":"https:\/\/api.w.org\/{rel}","templated":true}]}}