{"id":162046,"date":"2024-08-31T19:30:38","date_gmt":"2024-08-31T22:30:38","guid":{"rendered":"https:\/\/www.gaveanews.com\/?p=162046"},"modified":"2024-08-31T19:02:44","modified_gmt":"2024-08-31T22:02:44","slug":"arena-da-torre-eiffel-vira-palco-do-futebol-de-cegos-nas-paralimpiadas","status":"publish","type":"post","link":"https:\/\/www.gaveanews.com\/index.php\/2024\/08\/31\/arena-da-torre-eiffel-vira-palco-do-futebol-de-cegos-nas-paralimpiadas\/","title":{"rendered":"Arena da Torre Eiffel vira palco do futebol de cegos nas Paralimp\u00edadas"},"content":{"rendered":"\n<p>A Arena da Torre Eiffel ganhou nova cara para as Paralimp\u00edadas de Paris. O complexo, que impressionou pela beleza nas Olimp\u00edadas, passou por uma transforma\u00e7\u00e3o para a substitui\u00e7\u00e3o do v\u00f4lei de praia para o futebol de cegos.<\/p>\n\n\n\n<ul class=\"wp-block-list\">\n<li><a href=\"https:\/\/www.gaveanews.com\/index.php\/2024\/08\/16\/veja-o-valor-da-premiacao-dos-atletas-paralimpicos-em-paris-2024\/\">Veja o valor da premia\u00e7\u00e3o dos atletas paral\u00edmpicos em Paris 2024<\/a><\/li>\n\n\n\n<li><a href=\"https:\/\/www.gaveanews.com\/index.php\/2024\/08\/12\/adeus-olimpiadas-cinco-esportes-que-podem-deixar-de-serem-disputados\/\">Adeus Olimp\u00edadas: cinco esportes que podem deixar de serem disputados<\/a><\/li>\n<\/ul>\n\n\n\n<p>Esse \u00e9 o mesmo palco de quando Duda e Ana Patr\u00edcia ganharam o ouro pelo v\u00f4lei de praia, e agora pode ser o cen\u00e1rio para o hexa da sele\u00e7\u00e3o brasileira de futebol de cegos, que est\u00e1 invicta em Jogos Paral\u00edmpicos.<\/p>\n\n\n\n<h2 class=\"wp-block-heading\" id=\"h-abertura-das-paralimpiadas\">Abertura das Paralimp\u00edadas <\/h2>\n\n\n\n<p>A cerim\u00f4nia de abertura das Paralimp\u00edadas de Paris 2024 ser\u00e1 realizada nesta quarta-feira (28), \u00e0s 15h (hor\u00e1rio de Bras\u00edlia). Com isso, todo o evento ocorrer\u00e1 no cora\u00e7\u00e3o da capital francesa e contar\u00e1 com 184 delega\u00e7\u00f5es do mundo todo.<\/p>\n\n\n\n<h2 class=\"wp-block-heading\" id=\"h-arena-da-torre-eiffel-nbsp\">Arena da Torre Eiffel&nbsp;<\/h2>\n\n\n\n<blockquote class=\"twitter-tweet\"><p lang=\"pt\" dir=\"ltr\">Bom dia, Paris! \ud83c\uddeb\ud83c\uddf7 Acordamos felizes por aqui, porque hoje finalmente come\u00e7am os Jogos Paral\u00edmpicos <a href=\"https:\/\/twitter.com\/hashtag\/Paris2024?src=hash&amp;ref_src=twsrc%5Etfw\">#Paris2024<\/a>! \u2764\ufe0f\ud83d\udc99<br><br>A linda arena de futebol de cegos na Torre Eiffel j\u00e1 est\u00e1 pronta para receber os atletas e ser o palco de jogos incr\u00edveis. \ud83e\udd29 Preparados? Ent\u00e3o vamos! \ud83d\udd25 <a href=\"https:\/\/t.co\/ic9a4BaWem\">pic.twitter.com\/ic9a4BaWem<\/a><\/p>&mdash; Comit\u00ea Paral\u00edmpico Brasileiro (@BraParalimpico) <a href=\"https:\/\/twitter.com\/BraParalimpico\/status\/1828702299218203029?ref_src=twsrc%5Etfw\">August 28, 2024<\/a><\/blockquote> <script async src=\"https:\/\/platform.twitter.com\/widgets.js\" charset=\"utf-8\"><\/script><script async src=\"https:\/\/platform.twitter.com\/widgets.js\" charset=\"utf-8\"><\/script>\n\n\n\n<p>A Arena da Torre Eiffel est\u00e1 sendo localizada no Champ de Mars, aos p\u00e9s do maior monumento de Paris. Conta com mais de 10 mil metros quadrados e com capacidade para mais de 12 mil pessoas.<\/p>\n\n\n\n<p>Por\u00e9m, vale ressaltar que foi desenvolvido especialmente para os Jogos Ol\u00edmpicos e Paral\u00edmpicos de Paris 2024, sendo um complexo tempor\u00e1rio e que vai ser desmontado ao fim das Paralimp\u00edadas.<\/p>\n\n\n\n<h2 class=\"wp-block-heading\" id=\"h-arena-da-torre-eiffel-nbsp-no-volei-de-praia\">Arena da Torre Eiffel&nbsp;no v\u00f4lei de praia<\/h2>\n\n\n\n<blockquote class=\"instagram-media\" data-instgrm-permalink=\"https:\/\/www.instagram.com\/reel\/C-QsJWUuwwn\/?utm_source=ig_embed&amp;utm_campaign=loading\" data-instgrm-version=\"14\" style=\" background:#FFF; border:0; border-radius:3px; box-shadow:0 0 1px 0 rgba(0,0,0,0.5),0 1px 10px 0 rgba(0,0,0,0.15); margin: 1px; max-width:540px; min-width:326px; padding:0; width:99.375%; width:-webkit-calc(100% - 2px); width:calc(100% - 2px);\"><div style=\"padding:16px;\"> <a href=\"https:\/\/www.instagram.com\/reel\/C-QsJWUuwwn\/?utm_source=ig_embed&amp;utm_campaign=loading\" style=\" background:#FFFFFF; line-height:0; padding:0 0; text-align:center; text-decoration:none; width:100%;\" target=\"_blank\" rel=\"noopener\"> <div style=\" display: flex; flex-direction: row; align-items: center;\"> <div style=\"background-color: #F4F4F4; border-radius: 50%; flex-grow: 0; height: 40px; margin-right: 14px; width: 40px;\"><\/div> <div style=\"display: flex; flex-direction: column; flex-grow: 1; justify-content: center;\"> <div style=\" background-color: #F4F4F4; border-radius: 4px; flex-grow: 0; height: 14px; margin-bottom: 6px; width: 100px;\"><\/div> <div style=\" background-color: #F4F4F4; border-radius: 4px; flex-grow: 0; height: 14px; width: 60px;\"><\/div><\/div><\/div><div style=\"padding: 19% 0;\"><\/div> <div style=\"display:block; height:50px; margin:0 auto 12px; width:50px;\"><svg width=\"50px\" height=\"50px\" viewBox=\"0 0 60 60\" version=\"1.1\" xmlns=\"https:\/\/www.w3.org\/2000\/svg\" xmlns:xlink=\"https:\/\/www.w3.org\/1999\/xlink\"><g stroke=\"none\" stroke-width=\"1\" fill=\"none\" fill-rule=\"evenodd\"><g transform=\"translate(-511.000000, -20.000000)\" fill=\"#000000\"><g><path d=\"M556.869,30.41 C554.814,30.41 553.148,32.076 553.148,34.131 C553.148,36.186 554.814,37.852 556.869,37.852 C558.924,37.852 560.59,36.186 560.59,34.131 C560.59,32.076 558.924,30.41 556.869,30.41 M541,60.657 C535.114,60.657 530.342,55.887 530.342,50 C530.342,44.114 535.114,39.342 541,39.342 C546.887,39.342 551.658,44.114 551.658,50 C551.658,55.887 546.887,60.657 541,60.657 M541,33.886 C532.1,33.886 524.886,41.1 524.886,50 C524.886,58.899 532.1,66.113 541,66.113 C549.9,66.113 557.115,58.899 557.115,50 C557.115,41.1 549.9,33.886 541,33.886 M565.378,62.101 C565.244,65.022 564.756,66.606 564.346,67.663 C563.803,69.06 563.154,70.057 562.106,71.106 C561.058,72.155 560.06,72.803 558.662,73.347 C557.607,73.757 556.021,74.244 553.102,74.378 C549.944,74.521 548.997,74.552 541,74.552 C533.003,74.552 532.056,74.521 528.898,74.378 C525.979,74.244 524.393,73.757 523.338,73.347 C521.94,72.803 520.942,72.155 519.894,71.106 C518.846,70.057 518.197,69.06 517.654,67.663 C517.244,66.606 516.755,65.022 516.623,62.101 C516.479,58.943 516.448,57.996 516.448,50 C516.448,42.003 516.479,41.056 516.623,37.899 C516.755,34.978 517.244,33.391 517.654,32.338 C518.197,30.938 518.846,29.942 519.894,28.894 C520.942,27.846 521.94,27.196 523.338,26.654 C524.393,26.244 525.979,25.756 528.898,25.623 C532.057,25.479 533.004,25.448 541,25.448 C548.997,25.448 549.943,25.479 553.102,25.623 C556.021,25.756 557.607,26.244 558.662,26.654 C560.06,27.196 561.058,27.846 562.106,28.894 C563.154,29.942 563.803,30.938 564.346,32.338 C564.756,33.391 565.244,34.978 565.378,37.899 C565.522,41.056 565.552,42.003 565.552,50 C565.552,57.996 565.522,58.943 565.378,62.101 M570.82,37.631 C570.674,34.438 570.167,32.258 569.425,30.349 C568.659,28.377 567.633,26.702 565.965,25.035 C564.297,23.368 562.623,22.342 560.652,21.575 C558.743,20.834 556.562,20.326 553.369,20.18 C550.169,20.033 549.148,20 541,20 C532.853,20 531.831,20.033 528.631,20.18 C525.438,20.326 523.257,20.834 521.349,21.575 C519.376,22.342 517.703,23.368 516.035,25.035 C514.368,26.702 513.342,28.377 512.574,30.349 C511.834,32.258 511.326,34.438 511.181,37.631 C511.035,40.831 511,41.851 511,50 C511,58.147 511.035,59.17 511.181,62.369 C511.326,65.562 511.834,67.743 512.574,69.651 C513.342,71.625 514.368,73.296 516.035,74.965 C517.703,76.634 519.376,77.658 521.349,78.425 C523.257,79.167 525.438,79.673 528.631,79.82 C531.831,79.965 532.853,80.001 541,80.001 C549.148,80.001 550.169,79.965 553.369,79.82 C556.562,79.673 558.743,79.167 560.652,78.425 C562.623,77.658 564.297,76.634 565.965,74.965 C567.633,73.296 568.659,71.625 569.425,69.651 C570.167,67.743 570.674,65.562 570.82,62.369 C570.966,59.17 571,58.147 571,50 C571,41.851 570.966,40.831 570.82,37.631\"><\/path><\/g><\/g><\/g><\/svg><\/div><div style=\"padding-top: 8px;\"> <div style=\" color:#3897f0; font-family:Arial,sans-serif; font-size:14px; font-style:normal; font-weight:550; line-height:18px;\">Ver essa foto no Instagram<\/div><\/div><div style=\"padding: 12.5% 0;\"><\/div> <div style=\"display: flex; flex-direction: row; margin-bottom: 14px; align-items: center;\"><div> <div style=\"background-color: #F4F4F4; border-radius: 50%; height: 12.5px; width: 12.5px; transform: translateX(0px) translateY(7px);\"><\/div> <div style=\"background-color: #F4F4F4; height: 12.5px; transform: rotate(-45deg) translateX(3px) translateY(1px); width: 12.5px; flex-grow: 0; margin-right: 14px; margin-left: 2px;\"><\/div> <div style=\"background-color: #F4F4F4; border-radius: 50%; height: 12.5px; width: 12.5px; transform: translateX(9px) translateY(-18px);\"><\/div><\/div><div style=\"margin-left: 8px;\"> <div style=\" background-color: #F4F4F4; border-radius: 50%; flex-grow: 0; height: 20px; width: 20px;\"><\/div> <div style=\" width: 0; height: 0; border-top: 2px solid transparent; border-left: 6px solid #f4f4f4; border-bottom: 2px solid transparent; transform: translateX(16px) translateY(-4px) rotate(30deg)\"><\/div><\/div><div style=\"margin-left: auto;\"> <div style=\" width: 0px; border-top: 8px solid #F4F4F4; border-right: 8px solid transparent; transform: translateY(16px);\"><\/div> <div style=\" background-color: #F4F4F4; flex-grow: 0; height: 12px; width: 16px; transform: translateY(-4px);\"><\/div> <div style=\" width: 0; height: 0; border-top: 8px solid #F4F4F4; border-left: 8px solid transparent; transform: translateY(-4px) translateX(8px);\"><\/div><\/div><\/div> <div style=\"display: flex; flex-direction: column; flex-grow: 1; justify-content: center; margin-bottom: 24px;\"> <div style=\" background-color: #F4F4F4; border-radius: 4px; flex-grow: 0; height: 14px; margin-bottom: 6px; width: 224px;\"><\/div> <div style=\" background-color: #F4F4F4; border-radius: 4px; flex-grow: 0; height: 14px; width: 144px;\"><\/div><\/div><\/a><p style=\" color:#c9c8cd; font-family:Arial,sans-serif; font-size:14px; line-height:17px; margin-bottom:0; margin-top:8px; overflow:hidden; padding:8px 0 7px; text-align:center; text-overflow:ellipsis; white-space:nowrap;\"><a href=\"https:\/\/www.instagram.com\/reel\/C-QsJWUuwwn\/?utm_source=ig_embed&amp;utm_campaign=loading\" style=\" color:#c9c8cd; font-family:Arial,sans-serif; font-size:14px; font-style:normal; font-weight:normal; line-height:17px; text-decoration:none;\" target=\"_blank\" rel=\"noopener\">Uma publica\u00e7\u00e3o compartilhada por Tiago Maranh\u00e3o (@tmaranhao)<\/a><\/p><\/div><\/blockquote>\n<script async src=\"\/\/www.instagram.com\/embed.js\"><\/script>\n\n\n\n<p>A Arena da Torre Eiffel foi o palco mais emblem\u00e1tico das Olimp\u00edadas de Paris em 2024, pois foi gerado bastante conte\u00fado nas redes sociais dos admiradores e das delega\u00e7\u00f5es que participaram dos jogos de v\u00f4lei de praia.<\/p>\n\n\n\n<p>Sendo o maior monumento da capital francesa que deu um charme extra \u00e0s competi\u00e7\u00f5es de v\u00f4lei de praia, proporcionando um cen\u00e1rio \u00fanico especialmente no p\u00f4r do sol e com os jogos de luzes na Torre Eiffel fizeram parte da festa.<\/p>\n\n\n\n<h2 class=\"wp-block-heading\" id=\"h-mudanca-para-as-paralimpiadas\">Mudan\u00e7a para as Paralimp\u00edadas <\/h2>\n\n\n\n<blockquote class=\"twitter-tweet\"><p lang=\"pt\" dir=\"ltr\">Substitui\u00e7\u00e3o no Est\u00e1dio Torre Eiffel: <br><br>\ud83d\udd3bSai Arena do V\u00f4lei de Praia <br>\u2705Entra Arena do Futebol de Cegos <br><br>Vai come\u00e7ar a Paralimp\u00edadas de <a href=\"https:\/\/twitter.com\/hashtag\/Paris2024?src=hash&amp;ref_src=twsrc%5Etfw\">#Paris2024<\/a>! BORA, BRASIL! \ud83c\udde7\ud83c\uddf7<a href=\"https:\/\/twitter.com\/hashtag\/Paralimp%C3%ADadasNaCaz%C3%A9TV?src=hash&amp;ref_src=twsrc%5Etfw\">#Paralimp\u00edadasNaCaz\u00e9TV<\/a><br><br>\ud83d\udcf7: <a href=\"https:\/\/twitter.com\/Paris2024?ref_src=twsrc%5Etfw\">@Paris2024<\/a> <a href=\"https:\/\/t.co\/5gU46LYogu\">pic.twitter.com\/5gU46LYogu<\/a><\/p>&mdash; Caz\u00e9TV (@CazeTVOficial) <a href=\"https:\/\/twitter.com\/CazeTVOficial\/status\/1828828914946584708?ref_src=twsrc%5Etfw\">August 28, 2024<\/a><\/blockquote> <script async src=\"https:\/\/platform.twitter.com\/widgets.js\" charset=\"utf-8\"><\/script><script async src=\"https:\/\/platform.twitter.com\/widgets.js\" charset=\"utf-8\"><\/script>\n\n\n\n<p>O cen\u00e1rio de filme felizmente vai se repetir nas Paralimp\u00edadas. Com apenas o piso que precisou ser trocado. Pois no lugar da quadra de areia do v\u00f4lei de praia, ser\u00e1 agora a grama sint\u00e9tica turquesa que dar\u00e1 um novo tom.<\/p>\n","protected":false},"excerpt":{"rendered":"<p>A Arena da Torre Eiffel ganhou nova cara para as Paralimp\u00edadas de Paris. O complexo, que impressionou pela beleza nas Olimp\u00edadas, passou por uma transforma\u00e7\u00e3o para a substitui\u00e7\u00e3o do v\u00f4lei de praia para o futebol de cegos. Esse \u00e9 o mesmo palco de quando Duda e Ana Patr\u00edcia ganharam o ouro pelo v\u00f4lei de praia, [&hellip;]<\/p>\n","protected":false},"author":22,"featured_media":162789,"comment_status":"open","ping_status":"closed","sticky":false,"template":"","format":"standard","meta":{"footnotes":""},"categories":[458],"tags":[],"class_list":["post-162046","post","type-post","status-publish","format-standard","has-post-thumbnail","hentry","category-olimpiadas"],"yoast_head":"<!-- This site is optimized with the Yoast SEO Premium plugin v24.2 (Yoast SEO v26.9) - https:\/\/yoast.com\/product\/yoast-seo-premium-wordpress\/ -->\n<title>Arena da Torre Eiffel vira palco do futebol de cegos nas Paralimp\u00edadas<\/title>\n<meta name=\"robots\" content=\"index, follow, max-snippet:-1, max-image-preview:large, max-video-preview:-1\" \/>\n<link rel=\"canonical\" href=\"https:\/\/www.gaveanews.com\/index.php\/2024\/08\/31\/arena-da-torre-eiffel-vira-palco-do-futebol-de-cegos-nas-paralimpiadas\/\" \/>\n<meta property=\"og:locale\" content=\"pt_BR\" \/>\n<meta property=\"og:type\" content=\"article\" \/>\n<meta property=\"og:title\" content=\"Arena da Torre Eiffel vira palco do futebol de cegos nas Paralimp\u00edadas\" \/>\n<meta property=\"og:description\" content=\"A Arena da Torre Eiffel ganhou nova cara para as Paralimp\u00edadas de Paris. O complexo, que impressionou pela beleza nas Olimp\u00edadas, passou por uma transforma\u00e7\u00e3o para a substitui\u00e7\u00e3o do v\u00f4lei de praia para o futebol de cegos. Esse \u00e9 o mesmo palco de quando Duda e Ana Patr\u00edcia ganharam o ouro pelo v\u00f4lei de praia, [&hellip;]\" \/>\n<meta property=\"og:url\" content=\"https:\/\/www.gaveanews.com\/index.php\/2024\/08\/31\/arena-da-torre-eiffel-vira-palco-do-futebol-de-cegos-nas-paralimpiadas\/\" \/>\n<meta property=\"og:site_name\" content=\"G\u00e1vea News\" \/>\n<meta property=\"article:publisher\" content=\"https:\/\/facebook.com\/gaveaNews\/\" \/>\n<meta property=\"article:published_time\" content=\"2024-08-31T22:30:38+00:00\" \/>\n<meta property=\"og:image\" content=\"https:\/\/www.gaveanews.com\/wp-content\/uploads\/Simbolo-das-Paralimpiadas-em-Paris-2024.webp\" \/>\n\t<meta property=\"og:image:width\" content=\"1080\" \/>\n\t<meta property=\"og:image:height\" content=\"675\" \/>\n\t<meta property=\"og:image:type\" content=\"image\/webp\" \/>\n<meta name=\"author\" content=\"Emilly Lima\" \/>\n<meta name=\"twitter:card\" content=\"summary_large_image\" \/>\n<meta name=\"twitter:label1\" content=\"Escrito por\" \/>\n\t<meta name=\"twitter:data1\" content=\"Emilly Lima\" \/>\n\t<meta name=\"twitter:label2\" content=\"Est. tempo de leitura\" \/>\n\t<meta name=\"twitter:data2\" content=\"3 minutos\" \/>\n<script type=\"application\/ld+json\" class=\"yoast-schema-graph\">{\"@context\":\"https:\/\/schema.org\",\"@graph\":[{\"@type\":\"NewsArticle\",\"@id\":\"https:\/\/www.gaveanews.com\/index.php\/2024\/08\/31\/arena-da-torre-eiffel-vira-palco-do-futebol-de-cegos-nas-paralimpiadas\/#article\",\"isPartOf\":{\"@id\":\"https:\/\/www.gaveanews.com\/index.php\/2024\/08\/31\/arena-da-torre-eiffel-vira-palco-do-futebol-de-cegos-nas-paralimpiadas\/\"},\"author\":{\"name\":\"Emilly Lima\",\"@id\":\"https:\/\/www.gaveanews.com\/#\/schema\/person\/8597dbe3f4d8513dd20048ce95a1895b\"},\"headline\":\"Arena da Torre Eiffel vira palco do futebol de cegos nas Paralimp\u00edadas\",\"datePublished\":\"2024-08-31T22:30:38+00:00\",\"mainEntityOfPage\":{\"@id\":\"https:\/\/www.gaveanews.com\/index.php\/2024\/08\/31\/arena-da-torre-eiffel-vira-palco-do-futebol-de-cegos-nas-paralimpiadas\/\"},\"wordCount\":502,\"commentCount\":0,\"image\":{\"@id\":\"https:\/\/www.gaveanews.com\/index.php\/2024\/08\/31\/arena-da-torre-eiffel-vira-palco-do-futebol-de-cegos-nas-paralimpiadas\/#primaryimage\"},\"thumbnailUrl\":\"https:\/\/www.gaveanews.com\/wp-content\/uploads\/Simbolo-das-Paralimpiadas-em-Paris-2024.webp\",\"articleSection\":[\"Olimp\u00edadas\"],\"inLanguage\":\"pt-BR\",\"potentialAction\":[{\"@type\":\"CommentAction\",\"name\":\"Comment\",\"target\":[\"https:\/\/www.gaveanews.com\/index.php\/2024\/08\/31\/arena-da-torre-eiffel-vira-palco-do-futebol-de-cegos-nas-paralimpiadas\/#respond\"]}],\"copyrightYear\":\"2024\",\"copyrightHolder\":{\"@id\":\"https:\/\/www.gaveanews.com\/#organization\"}},{\"@type\":\"WebPage\",\"@id\":\"https:\/\/www.gaveanews.com\/index.php\/2024\/08\/31\/arena-da-torre-eiffel-vira-palco-do-futebol-de-cegos-nas-paralimpiadas\/\",\"url\":\"https:\/\/www.gaveanews.com\/index.php\/2024\/08\/31\/arena-da-torre-eiffel-vira-palco-do-futebol-de-cegos-nas-paralimpiadas\/\",\"name\":\"Arena da Torre Eiffel vira palco do futebol de cegos nas Paralimp\u00edadas\",\"isPartOf\":{\"@id\":\"https:\/\/www.gaveanews.com\/#website\"},\"primaryImageOfPage\":{\"@id\":\"https:\/\/www.gaveanews.com\/index.php\/2024\/08\/31\/arena-da-torre-eiffel-vira-palco-do-futebol-de-cegos-nas-paralimpiadas\/#primaryimage\"},\"image\":{\"@id\":\"https:\/\/www.gaveanews.com\/index.php\/2024\/08\/31\/arena-da-torre-eiffel-vira-palco-do-futebol-de-cegos-nas-paralimpiadas\/#primaryimage\"},\"thumbnailUrl\":\"https:\/\/www.gaveanews.com\/wp-content\/uploads\/Simbolo-das-Paralimpiadas-em-Paris-2024.webp\",\"datePublished\":\"2024-08-31T22:30:38+00:00\",\"author\":{\"@id\":\"https:\/\/www.gaveanews.com\/#\/schema\/person\/8597dbe3f4d8513dd20048ce95a1895b\"},\"breadcrumb\":{\"@id\":\"https:\/\/www.gaveanews.com\/index.php\/2024\/08\/31\/arena-da-torre-eiffel-vira-palco-do-futebol-de-cegos-nas-paralimpiadas\/#breadcrumb\"},\"inLanguage\":\"pt-BR\",\"potentialAction\":[{\"@type\":\"ReadAction\",\"target\":[\"https:\/\/www.gaveanews.com\/index.php\/2024\/08\/31\/arena-da-torre-eiffel-vira-palco-do-futebol-de-cegos-nas-paralimpiadas\/\"]}]},{\"@type\":\"ImageObject\",\"inLanguage\":\"pt-BR\",\"@id\":\"https:\/\/www.gaveanews.com\/index.php\/2024\/08\/31\/arena-da-torre-eiffel-vira-palco-do-futebol-de-cegos-nas-paralimpiadas\/#primaryimage\",\"url\":\"https:\/\/www.gaveanews.com\/wp-content\/uploads\/Simbolo-das-Paralimpiadas-em-Paris-2024.webp\",\"contentUrl\":\"https:\/\/www.gaveanews.com\/wp-content\/uploads\/Simbolo-das-Paralimpiadas-em-Paris-2024.webp\",\"width\":1080,\"height\":675,\"caption\":\"S\u00edmbolo das Paralimp\u00edadas em Paris 2024 (Foto: Divulga\u00e7\u00e3o)\"},{\"@type\":\"BreadcrumbList\",\"@id\":\"https:\/\/www.gaveanews.com\/index.php\/2024\/08\/31\/arena-da-torre-eiffel-vira-palco-do-futebol-de-cegos-nas-paralimpiadas\/#breadcrumb\",\"itemListElement\":[{\"@type\":\"ListItem\",\"position\":1,\"name\":\"Home\",\"item\":\"https:\/\/www.gaveanews.com\/\"},{\"@type\":\"ListItem\",\"position\":2,\"name\":\"Arena da Torre Eiffel vira palco do futebol de cegos nas Paralimp\u00edadas\"}]},{\"@type\":\"WebSite\",\"@id\":\"https:\/\/www.gaveanews.com\/#website\",\"url\":\"https:\/\/www.gaveanews.com\/\",\"name\":\"G\u00e1vea News\",\"description\":\"Veja todas as not\u00edcias sobre o Flamengo: Contrata\u00e7\u00f5es, categorias de base, resultados das partidas, tabela de classifica\u00e7\u00e3o, pr\u00f3ximos jogos!\",\"potentialAction\":[{\"@type\":\"SearchAction\",\"target\":{\"@type\":\"EntryPoint\",\"urlTemplate\":\"https:\/\/www.gaveanews.com\/?s={search_term_string}\"},\"query-input\":{\"@type\":\"PropertyValueSpecification\",\"valueRequired\":true,\"valueName\":\"search_term_string\"}}],\"inLanguage\":\"pt-BR\"},{\"@type\":\"Person\",\"@id\":\"https:\/\/www.gaveanews.com\/#\/schema\/person\/8597dbe3f4d8513dd20048ce95a1895b\",\"name\":\"Emilly Lima\",\"image\":{\"@type\":\"ImageObject\",\"inLanguage\":\"pt-BR\",\"@id\":\"https:\/\/www.gaveanews.com\/#\/schema\/person\/image\/\",\"url\":\"https:\/\/secure.gravatar.com\/avatar\/ddb4d0548bae01de3cb52e0fe30386754e9c41797565aa0a5bf4440ab4f7c0be?s=96&d=mm&r=g\",\"contentUrl\":\"https:\/\/secure.gravatar.com\/avatar\/ddb4d0548bae01de3cb52e0fe30386754e9c41797565aa0a5bf4440ab4f7c0be?s=96&d=mm&r=g\",\"caption\":\"Emilly Lima\"}}]}<\/script>\n<!-- \/ Yoast SEO Premium plugin. -->","yoast_head_json":{"title":"Arena da Torre Eiffel vira palco do futebol de cegos nas Paralimp\u00edadas","robots":{"index":"index","follow":"follow","max-snippet":"max-snippet:-1","max-image-preview":"max-image-preview:large","max-video-preview":"max-video-preview:-1"},"canonical":"https:\/\/www.gaveanews.com\/index.php\/2024\/08\/31\/arena-da-torre-eiffel-vira-palco-do-futebol-de-cegos-nas-paralimpiadas\/","og_locale":"pt_BR","og_type":"article","og_title":"Arena da Torre Eiffel vira palco do futebol de cegos nas Paralimp\u00edadas","og_description":"A Arena da Torre Eiffel ganhou nova cara para as Paralimp\u00edadas de Paris. O complexo, que impressionou pela beleza nas Olimp\u00edadas, passou por uma transforma\u00e7\u00e3o para a substitui\u00e7\u00e3o do v\u00f4lei de praia para o futebol de cegos. Esse \u00e9 o mesmo palco de quando Duda e Ana Patr\u00edcia ganharam o ouro pelo v\u00f4lei de praia, [&hellip;]","og_url":"https:\/\/www.gaveanews.com\/index.php\/2024\/08\/31\/arena-da-torre-eiffel-vira-palco-do-futebol-de-cegos-nas-paralimpiadas\/","og_site_name":"G\u00e1vea News","article_publisher":"https:\/\/facebook.com\/gaveaNews\/","article_published_time":"2024-08-31T22:30:38+00:00","og_image":[{"width":1080,"height":675,"url":"https:\/\/www.gaveanews.com\/wp-content\/uploads\/Simbolo-das-Paralimpiadas-em-Paris-2024.webp","type":"image\/webp"}],"author":"Emilly Lima","twitter_card":"summary_large_image","twitter_misc":{"Escrito por":"Emilly Lima","Est. tempo de leitura":"3 minutos"},"schema":{"@context":"https:\/\/schema.org","@graph":[{"@type":"NewsArticle","@id":"https:\/\/www.gaveanews.com\/index.php\/2024\/08\/31\/arena-da-torre-eiffel-vira-palco-do-futebol-de-cegos-nas-paralimpiadas\/#article","isPartOf":{"@id":"https:\/\/www.gaveanews.com\/index.php\/2024\/08\/31\/arena-da-torre-eiffel-vira-palco-do-futebol-de-cegos-nas-paralimpiadas\/"},"author":{"name":"Emilly Lima","@id":"https:\/\/www.gaveanews.com\/#\/schema\/person\/8597dbe3f4d8513dd20048ce95a1895b"},"headline":"Arena da Torre Eiffel vira palco do futebol de cegos nas Paralimp\u00edadas","datePublished":"2024-08-31T22:30:38+00:00","mainEntityOfPage":{"@id":"https:\/\/www.gaveanews.com\/index.php\/2024\/08\/31\/arena-da-torre-eiffel-vira-palco-do-futebol-de-cegos-nas-paralimpiadas\/"},"wordCount":502,"commentCount":0,"image":{"@id":"https:\/\/www.gaveanews.com\/index.php\/2024\/08\/31\/arena-da-torre-eiffel-vira-palco-do-futebol-de-cegos-nas-paralimpiadas\/#primaryimage"},"thumbnailUrl":"https:\/\/www.gaveanews.com\/wp-content\/uploads\/Simbolo-das-Paralimpiadas-em-Paris-2024.webp","articleSection":["Olimp\u00edadas"],"inLanguage":"pt-BR","potentialAction":[{"@type":"CommentAction","name":"Comment","target":["https:\/\/www.gaveanews.com\/index.php\/2024\/08\/31\/arena-da-torre-eiffel-vira-palco-do-futebol-de-cegos-nas-paralimpiadas\/#respond"]}],"copyrightYear":"2024","copyrightHolder":{"@id":"https:\/\/www.gaveanews.com\/#organization"}},{"@type":"WebPage","@id":"https:\/\/www.gaveanews.com\/index.php\/2024\/08\/31\/arena-da-torre-eiffel-vira-palco-do-futebol-de-cegos-nas-paralimpiadas\/","url":"https:\/\/www.gaveanews.com\/index.php\/2024\/08\/31\/arena-da-torre-eiffel-vira-palco-do-futebol-de-cegos-nas-paralimpiadas\/","name":"Arena da Torre Eiffel vira palco do futebol de cegos nas Paralimp\u00edadas","isPartOf":{"@id":"https:\/\/www.gaveanews.com\/#website"},"primaryImageOfPage":{"@id":"https:\/\/www.gaveanews.com\/index.php\/2024\/08\/31\/arena-da-torre-eiffel-vira-palco-do-futebol-de-cegos-nas-paralimpiadas\/#primaryimage"},"image":{"@id":"https:\/\/www.gaveanews.com\/index.php\/2024\/08\/31\/arena-da-torre-eiffel-vira-palco-do-futebol-de-cegos-nas-paralimpiadas\/#primaryimage"},"thumbnailUrl":"https:\/\/www.gaveanews.com\/wp-content\/uploads\/Simbolo-das-Paralimpiadas-em-Paris-2024.webp","datePublished":"2024-08-31T22:30:38+00:00","author":{"@id":"https:\/\/www.gaveanews.com\/#\/schema\/person\/8597dbe3f4d8513dd20048ce95a1895b"},"breadcrumb":{"@id":"https:\/\/www.gaveanews.com\/index.php\/2024\/08\/31\/arena-da-torre-eiffel-vira-palco-do-futebol-de-cegos-nas-paralimpiadas\/#breadcrumb"},"inLanguage":"pt-BR","potentialAction":[{"@type":"ReadAction","target":["https:\/\/www.gaveanews.com\/index.php\/2024\/08\/31\/arena-da-torre-eiffel-vira-palco-do-futebol-de-cegos-nas-paralimpiadas\/"]}]},{"@type":"ImageObject","inLanguage":"pt-BR","@id":"https:\/\/www.gaveanews.com\/index.php\/2024\/08\/31\/arena-da-torre-eiffel-vira-palco-do-futebol-de-cegos-nas-paralimpiadas\/#primaryimage","url":"https:\/\/www.gaveanews.com\/wp-content\/uploads\/Simbolo-das-Paralimpiadas-em-Paris-2024.webp","contentUrl":"https:\/\/www.gaveanews.com\/wp-content\/uploads\/Simbolo-das-Paralimpiadas-em-Paris-2024.webp","width":1080,"height":675,"caption":"S\u00edmbolo das Paralimp\u00edadas em Paris 2024 (Foto: Divulga\u00e7\u00e3o)"},{"@type":"BreadcrumbList","@id":"https:\/\/www.gaveanews.com\/index.php\/2024\/08\/31\/arena-da-torre-eiffel-vira-palco-do-futebol-de-cegos-nas-paralimpiadas\/#breadcrumb","itemListElement":[{"@type":"ListItem","position":1,"name":"Home","item":"https:\/\/www.gaveanews.com\/"},{"@type":"ListItem","position":2,"name":"Arena da Torre Eiffel vira palco do futebol de cegos nas Paralimp\u00edadas"}]},{"@type":"WebSite","@id":"https:\/\/www.gaveanews.com\/#website","url":"https:\/\/www.gaveanews.com\/","name":"G\u00e1vea News","description":"Veja todas as not\u00edcias sobre o Flamengo: Contrata\u00e7\u00f5es, categorias de base, resultados das partidas, tabela de classifica\u00e7\u00e3o, pr\u00f3ximos jogos!","potentialAction":[{"@type":"SearchAction","target":{"@type":"EntryPoint","urlTemplate":"https:\/\/www.gaveanews.com\/?s={search_term_string}"},"query-input":{"@type":"PropertyValueSpecification","valueRequired":true,"valueName":"search_term_string"}}],"inLanguage":"pt-BR"},{"@type":"Person","@id":"https:\/\/www.gaveanews.com\/#\/schema\/person\/8597dbe3f4d8513dd20048ce95a1895b","name":"Emilly Lima","image":{"@type":"ImageObject","inLanguage":"pt-BR","@id":"https:\/\/www.gaveanews.com\/#\/schema\/person\/image\/","url":"https:\/\/secure.gravatar.com\/avatar\/ddb4d0548bae01de3cb52e0fe30386754e9c41797565aa0a5bf4440ab4f7c0be?s=96&d=mm&r=g","contentUrl":"https:\/\/secure.gravatar.com\/avatar\/ddb4d0548bae01de3cb52e0fe30386754e9c41797565aa0a5bf4440ab4f7c0be?s=96&d=mm&r=g","caption":"Emilly Lima"}}]}},"_links":{"self":[{"href":"https:\/\/www.gaveanews.com\/index.php\/wp-json\/wp\/v2\/posts\/162046","targetHints":{"allow":["GET"]}}],"collection":[{"href":"https:\/\/www.gaveanews.com\/index.php\/wp-json\/wp\/v2\/posts"}],"about":[{"href":"https:\/\/www.gaveanews.com\/index.php\/wp-json\/wp\/v2\/types\/post"}],"author":[{"embeddable":true,"href":"https:\/\/www.gaveanews.com\/index.php\/wp-json\/wp\/v2\/users\/22"}],"replies":[{"embeddable":true,"href":"https:\/\/www.gaveanews.com\/index.php\/wp-json\/wp\/v2\/comments?post=162046"}],"version-history":[{"count":2,"href":"https:\/\/www.gaveanews.com\/index.php\/wp-json\/wp\/v2\/posts\/162046\/revisions"}],"predecessor-version":[{"id":162963,"href":"https:\/\/www.gaveanews.com\/index.php\/wp-json\/wp\/v2\/posts\/162046\/revisions\/162963"}],"wp:featuredmedia":[{"embeddable":true,"href":"https:\/\/www.gaveanews.com\/index.php\/wp-json\/wp\/v2\/media\/162789"}],"wp:attachment":[{"href":"https:\/\/www.gaveanews.com\/index.php\/wp-json\/wp\/v2\/media?parent=162046"}],"wp:term":[{"taxonomy":"category","embeddable":true,"href":"https:\/\/www.gaveanews.com\/index.php\/wp-json\/wp\/v2\/categories?post=162046"},{"taxonomy":"post_tag","embeddable":true,"href":"https:\/\/www.gaveanews.com\/index.php\/wp-json\/wp\/v2\/tags?post=162046"}],"curies":[{"name":"wp","href":"https:\/\/api.w.org\/{rel}","templated":true}]}}