{"id":162047,"date":"2024-08-28T18:00:00","date_gmt":"2024-08-28T21:00:00","guid":{"rendered":"https:\/\/www.gaveanews.com\/?p=162047"},"modified":"2024-08-28T16:57:08","modified_gmt":"2024-08-28T19:57:08","slug":"marcos-braz-manda-recado-para-a-torcida-do-flamengo-2","status":"publish","type":"post","link":"https:\/\/www.gaveanews.com\/index.php\/2024\/08\/28\/marcos-braz-manda-recado-para-a-torcida-do-flamengo-2\/","title":{"rendered":"Marcos Braz manda recado para a torcida do Flamengo"},"content":{"rendered":"\n<h2 class=\"wp-block-heading\" id=\"h-braz-manda-indireta-pra-torcida-apos-criticas\">Braz manda indireta pra torcida ap\u00f3s criticas <\/h2>\n\n\n\n<p>Marcos Braz, vice-presidente de futebol do Flamengo, utilizou suas redes sociais para se comunicar com a torcida rubro-negra. Ele abordou as criticas dos torcedores que pediam mais contrata\u00e7\u00f5es de forma leve, compartilhando uma foto em que aparece com \u201cgelo no sangue\u201d. At\u00e9 o momento, o clube j\u00e1 trouxe tr\u00eas novos jogadores nesta janela de transfer\u00eancias: Carlos Alcaraz, Alex Sandro e Michael.<\/p>\n\n\n\n<ul class=\"wp-block-list\">\n<li><a href=\"https:\/\/www.gaveanews.com\/index.php\/2024\/08\/27\/de-saida-do-flamengo-ele-esta-de-fora-do-jogo-contra-o-bahia\/\">De sa\u00edda do Flamengo, ele est\u00e1 de fora do jogo contra o Bahia<\/a><\/li>\n\n\n\n<li><a href=\"https:\/\/www.gaveanews.com\/index.php\/2024\/08\/28\/flamengo-ajuda-o-bahia-a-turbinar-seu-faturamento\/\">Flamengo ajuda o Bahia a turbinar seu faturamento<\/a><br><\/li>\n<\/ul>\n\n\n\n<p><em>-Avisamos que a janela era at\u00e9 02 de setembro rsrsrs, escreveu Marcos Braz em postagem no twitter.<\/em><\/p>\n\n\n\n<blockquote class=\"twitter-tweet\"><p lang=\"pt\" dir=\"ltr\">Avisamos que a janela era at\u00e9 2 de Setembro\u2026. Rsrsrs <a href=\"https:\/\/t.co\/0gjo6P2w8t\">pic.twitter.com\/0gjo6P2w8t<\/a><\/p>&mdash; MarcosBraz (@marcosbrazrio) <a href=\"https:\/\/twitter.com\/marcosbrazrio\/status\/1828809158776238209?ref_src=twsrc%5Etfw\">August 28, 2024<\/a><\/blockquote> <script async src=\"https:\/\/platform.twitter.com\/widgets.js\" charset=\"utf-8\"><\/script>\n\n\n\n<p>Dentre os rec\u00e9m-contratados, apenas Michael j\u00e1 fez sua estreia pelo Flamengo. O atacante pela esquerda at\u00e9 marcou um gol na partida contra o Red Bull Bragantino no \u00faltimo domingo (25), v\u00e1lida pelo Campeonato Brasileiro. Agora, ele volta suas aten\u00e7\u00f5es para o jogo desta quarta-feira (28) contra o Bahia na Copa do Brasil.<\/p>\n\n\n\n<p>Carlos Alcaraz e Alex Sandro est\u00e3o programados para chegar ao Rio de Janeiro ainda esta semana. O meia argentino deve desembarcar na nesta quinta-feira (29), a partir das 18h (hor\u00e1rio de Bras\u00edlia). J\u00e1 o lateral esquerdo tem previs\u00e3o para chegar at\u00e9 sexta-feira (30).<\/p>\n\n\n\n<p>\u00c9 importante mencionar que o Flamengo ainda est\u00e1 tentando concluir a contrata\u00e7\u00e3o de mais um jogador: Gonzalo Plata, que atualmente defende o Al Sadd (CAT). Para que o acordo com o atleta equatoriano seja finalizado, falta apenas a revis\u00e3o dos documentos por parte das duas equipes, permitindo assim que a assinatura do contrato comece.<\/p>\n\n\n\n<p>Segundo a jornalista Ra\u00edsa Simplicio, Gonzalo Plata encontra-se na Espanha e aguarda a conclus\u00e3o dos procedimentos para viajar ao Rio de Janeiro. Assim que isso ocorrer, ele ser\u00e1 oficialmente apresentado e dar\u00e1 in\u00edcio aos treinos para se integrar ao time.<\/p>\n\n\n\n<p>A diretoria do Flamengo corre contra o tempo para finalizar a contrata\u00e7\u00e3o de Gonzalo Plata. Marcos Braz e Bruno Spindel foram \u00e0 Europa com o objetivo de agilizar as negocia\u00e7\u00f5es, uma vez que a janela de transfer\u00eancias fecha na pr\u00f3xima segunda-feira (02).<\/p>\n","protected":false},"excerpt":{"rendered":"<p>Marcos Braz manda recado para a torcida do Flamengo<\/p>\n","protected":false},"author":16,"featured_media":113681,"comment_status":"open","ping_status":"closed","sticky":false,"template":"","format":"standard","meta":{"footnotes":""},"categories":[1],"tags":[],"class_list":["post-162047","post","type-post","status-publish","format-standard","has-post-thumbnail","hentry","category-flamengo"],"yoast_head":"<!-- This site is optimized with the Yoast SEO Premium plugin v24.2 (Yoast SEO v26.9) - https:\/\/yoast.com\/product\/yoast-seo-premium-wordpress\/ -->\n<title>Marcos Braz manda recado para a torcida do Flamengo<\/title>\n<meta name=\"robots\" content=\"index, follow, max-snippet:-1, max-image-preview:large, max-video-preview:-1\" \/>\n<link rel=\"canonical\" href=\"https:\/\/www.gaveanews.com\/index.php\/2024\/08\/28\/marcos-braz-manda-recado-para-a-torcida-do-flamengo-2\/\" \/>\n<meta property=\"og:locale\" content=\"pt_BR\" \/>\n<meta property=\"og:type\" content=\"article\" \/>\n<meta property=\"og:title\" content=\"Marcos Braz manda recado para a torcida do Flamengo\" \/>\n<meta property=\"og:description\" content=\"Marcos Braz manda recado para a torcida do Flamengo\" \/>\n<meta property=\"og:url\" content=\"https:\/\/www.gaveanews.com\/index.php\/2024\/08\/28\/marcos-braz-manda-recado-para-a-torcida-do-flamengo-2\/\" \/>\n<meta property=\"og:site_name\" content=\"G\u00e1vea News\" \/>\n<meta property=\"article:publisher\" content=\"https:\/\/facebook.com\/gaveaNews\/\" \/>\n<meta property=\"article:published_time\" content=\"2024-08-28T21:00:00+00:00\" \/>\n<meta property=\"og:image\" content=\"https:\/\/www.gaveanews.com\/wp-content\/uploads\/marcos-braz-flamengo.jpg.webp\" \/>\n\t<meta property=\"og:image:width\" content=\"2000\" \/>\n\t<meta property=\"og:image:height\" content=\"1333\" \/>\n\t<meta property=\"og:image:type\" content=\"image\/webp\" \/>\n<meta name=\"author\" content=\"D\u00e9bora Figueiredo\" \/>\n<meta name=\"twitter:card\" content=\"summary_large_image\" \/>\n<meta name=\"twitter:label1\" content=\"Escrito por\" \/>\n\t<meta name=\"twitter:data1\" content=\"D\u00e9bora Figueiredo\" \/>\n\t<meta name=\"twitter:label2\" content=\"Est. tempo de leitura\" \/>\n\t<meta name=\"twitter:data2\" content=\"3 minutos\" \/>\n<script type=\"application\/ld+json\" class=\"yoast-schema-graph\">{\"@context\":\"https:\/\/schema.org\",\"@graph\":[{\"@type\":\"NewsArticle\",\"@id\":\"https:\/\/www.gaveanews.com\/index.php\/2024\/08\/28\/marcos-braz-manda-recado-para-a-torcida-do-flamengo-2\/#article\",\"isPartOf\":{\"@id\":\"https:\/\/www.gaveanews.com\/index.php\/2024\/08\/28\/marcos-braz-manda-recado-para-a-torcida-do-flamengo-2\/\"},\"author\":{\"name\":\"D\u00e9bora Figueiredo\",\"@id\":\"https:\/\/www.gaveanews.com\/#\/schema\/person\/37122681a8575a5c8db05a56f099a5e4\"},\"headline\":\"Marcos Braz manda recado para a torcida do Flamengo\",\"datePublished\":\"2024-08-28T21:00:00+00:00\",\"mainEntityOfPage\":{\"@id\":\"https:\/\/www.gaveanews.com\/index.php\/2024\/08\/28\/marcos-braz-manda-recado-para-a-torcida-do-flamengo-2\/\"},\"wordCount\":379,\"commentCount\":0,\"image\":{\"@id\":\"https:\/\/www.gaveanews.com\/index.php\/2024\/08\/28\/marcos-braz-manda-recado-para-a-torcida-do-flamengo-2\/#primaryimage\"},\"thumbnailUrl\":\"https:\/\/www.gaveanews.com\/wp-content\/uploads\/marcos-braz-flamengo.jpg.webp\",\"articleSection\":[\"Flamengo\"],\"inLanguage\":\"pt-BR\",\"potentialAction\":[{\"@type\":\"CommentAction\",\"name\":\"Comment\",\"target\":[\"https:\/\/www.gaveanews.com\/index.php\/2024\/08\/28\/marcos-braz-manda-recado-para-a-torcida-do-flamengo-2\/#respond\"]}],\"copyrightYear\":\"2024\",\"copyrightHolder\":{\"@id\":\"https:\/\/www.gaveanews.com\/#organization\"}},{\"@type\":\"WebPage\",\"@id\":\"https:\/\/www.gaveanews.com\/index.php\/2024\/08\/28\/marcos-braz-manda-recado-para-a-torcida-do-flamengo-2\/\",\"url\":\"https:\/\/www.gaveanews.com\/index.php\/2024\/08\/28\/marcos-braz-manda-recado-para-a-torcida-do-flamengo-2\/\",\"name\":\"Marcos Braz manda recado para a torcida do Flamengo\",\"isPartOf\":{\"@id\":\"https:\/\/www.gaveanews.com\/#website\"},\"primaryImageOfPage\":{\"@id\":\"https:\/\/www.gaveanews.com\/index.php\/2024\/08\/28\/marcos-braz-manda-recado-para-a-torcida-do-flamengo-2\/#primaryimage\"},\"image\":{\"@id\":\"https:\/\/www.gaveanews.com\/index.php\/2024\/08\/28\/marcos-braz-manda-recado-para-a-torcida-do-flamengo-2\/#primaryimage\"},\"thumbnailUrl\":\"https:\/\/www.gaveanews.com\/wp-content\/uploads\/marcos-braz-flamengo.jpg.webp\",\"datePublished\":\"2024-08-28T21:00:00+00:00\",\"author\":{\"@id\":\"https:\/\/www.gaveanews.com\/#\/schema\/person\/37122681a8575a5c8db05a56f099a5e4\"},\"breadcrumb\":{\"@id\":\"https:\/\/www.gaveanews.com\/index.php\/2024\/08\/28\/marcos-braz-manda-recado-para-a-torcida-do-flamengo-2\/#breadcrumb\"},\"inLanguage\":\"pt-BR\",\"potentialAction\":[{\"@type\":\"ReadAction\",\"target\":[\"https:\/\/www.gaveanews.com\/index.php\/2024\/08\/28\/marcos-braz-manda-recado-para-a-torcida-do-flamengo-2\/\"]}]},{\"@type\":\"ImageObject\",\"inLanguage\":\"pt-BR\",\"@id\":\"https:\/\/www.gaveanews.com\/index.php\/2024\/08\/28\/marcos-braz-manda-recado-para-a-torcida-do-flamengo-2\/#primaryimage\",\"url\":\"https:\/\/www.gaveanews.com\/wp-content\/uploads\/marcos-braz-flamengo.jpg.webp\",\"contentUrl\":\"https:\/\/www.gaveanews.com\/wp-content\/uploads\/marcos-braz-flamengo.jpg.webp\",\"width\":2000,\"height\":1333,\"caption\":\"Marcos Braz, vice-presidente de futebol do Flamengo e vereador do Rio de Janeiro (Foto: Icon Sport)\"},{\"@type\":\"BreadcrumbList\",\"@id\":\"https:\/\/www.gaveanews.com\/index.php\/2024\/08\/28\/marcos-braz-manda-recado-para-a-torcida-do-flamengo-2\/#breadcrumb\",\"itemListElement\":[{\"@type\":\"ListItem\",\"position\":1,\"name\":\"Home\",\"item\":\"https:\/\/www.gaveanews.com\/\"},{\"@type\":\"ListItem\",\"position\":2,\"name\":\"Marcos Braz manda recado para a torcida do Flamengo\"}]},{\"@type\":\"WebSite\",\"@id\":\"https:\/\/www.gaveanews.com\/#website\",\"url\":\"https:\/\/www.gaveanews.com\/\",\"name\":\"G\u00e1vea News\",\"description\":\"Veja todas as not\u00edcias sobre o Flamengo: Contrata\u00e7\u00f5es, categorias de base, resultados das partidas, tabela de classifica\u00e7\u00e3o, pr\u00f3ximos jogos!\",\"potentialAction\":[{\"@type\":\"SearchAction\",\"target\":{\"@type\":\"EntryPoint\",\"urlTemplate\":\"https:\/\/www.gaveanews.com\/?s={search_term_string}\"},\"query-input\":{\"@type\":\"PropertyValueSpecification\",\"valueRequired\":true,\"valueName\":\"search_term_string\"}}],\"inLanguage\":\"pt-BR\"},{\"@type\":\"Person\",\"@id\":\"https:\/\/www.gaveanews.com\/#\/schema\/person\/37122681a8575a5c8db05a56f099a5e4\",\"name\":\"D\u00e9bora Figueiredo\",\"image\":{\"@type\":\"ImageObject\",\"inLanguage\":\"pt-BR\",\"@id\":\"https:\/\/www.gaveanews.com\/#\/schema\/person\/image\/\",\"url\":\"https:\/\/secure.gravatar.com\/avatar\/1f44802859351588499d26f52aed1d15796ce17e67602895b72837c08018868d?s=96&d=mm&r=g\",\"contentUrl\":\"https:\/\/secure.gravatar.com\/avatar\/1f44802859351588499d26f52aed1d15796ce17e67602895b72837c08018868d?s=96&d=mm&r=g\",\"caption\":\"D\u00e9bora Figueiredo\"}}]}<\/script>\n<!-- \/ Yoast SEO Premium plugin. -->","yoast_head_json":{"title":"Marcos Braz manda recado para a torcida do Flamengo","robots":{"index":"index","follow":"follow","max-snippet":"max-snippet:-1","max-image-preview":"max-image-preview:large","max-video-preview":"max-video-preview:-1"},"canonical":"https:\/\/www.gaveanews.com\/index.php\/2024\/08\/28\/marcos-braz-manda-recado-para-a-torcida-do-flamengo-2\/","og_locale":"pt_BR","og_type":"article","og_title":"Marcos Braz manda recado para a torcida do Flamengo","og_description":"Marcos Braz manda recado para a torcida do Flamengo","og_url":"https:\/\/www.gaveanews.com\/index.php\/2024\/08\/28\/marcos-braz-manda-recado-para-a-torcida-do-flamengo-2\/","og_site_name":"G\u00e1vea News","article_publisher":"https:\/\/facebook.com\/gaveaNews\/","article_published_time":"2024-08-28T21:00:00+00:00","og_image":[{"width":2000,"height":1333,"url":"https:\/\/www.gaveanews.com\/wp-content\/uploads\/marcos-braz-flamengo.jpg.webp","type":"image\/webp"}],"author":"D\u00e9bora Figueiredo","twitter_card":"summary_large_image","twitter_misc":{"Escrito por":"D\u00e9bora Figueiredo","Est. tempo de leitura":"3 minutos"},"schema":{"@context":"https:\/\/schema.org","@graph":[{"@type":"NewsArticle","@id":"https:\/\/www.gaveanews.com\/index.php\/2024\/08\/28\/marcos-braz-manda-recado-para-a-torcida-do-flamengo-2\/#article","isPartOf":{"@id":"https:\/\/www.gaveanews.com\/index.php\/2024\/08\/28\/marcos-braz-manda-recado-para-a-torcida-do-flamengo-2\/"},"author":{"name":"D\u00e9bora Figueiredo","@id":"https:\/\/www.gaveanews.com\/#\/schema\/person\/37122681a8575a5c8db05a56f099a5e4"},"headline":"Marcos Braz manda recado para a torcida do Flamengo","datePublished":"2024-08-28T21:00:00+00:00","mainEntityOfPage":{"@id":"https:\/\/www.gaveanews.com\/index.php\/2024\/08\/28\/marcos-braz-manda-recado-para-a-torcida-do-flamengo-2\/"},"wordCount":379,"commentCount":0,"image":{"@id":"https:\/\/www.gaveanews.com\/index.php\/2024\/08\/28\/marcos-braz-manda-recado-para-a-torcida-do-flamengo-2\/#primaryimage"},"thumbnailUrl":"https:\/\/www.gaveanews.com\/wp-content\/uploads\/marcos-braz-flamengo.jpg.webp","articleSection":["Flamengo"],"inLanguage":"pt-BR","potentialAction":[{"@type":"CommentAction","name":"Comment","target":["https:\/\/www.gaveanews.com\/index.php\/2024\/08\/28\/marcos-braz-manda-recado-para-a-torcida-do-flamengo-2\/#respond"]}],"copyrightYear":"2024","copyrightHolder":{"@id":"https:\/\/www.gaveanews.com\/#organization"}},{"@type":"WebPage","@id":"https:\/\/www.gaveanews.com\/index.php\/2024\/08\/28\/marcos-braz-manda-recado-para-a-torcida-do-flamengo-2\/","url":"https:\/\/www.gaveanews.com\/index.php\/2024\/08\/28\/marcos-braz-manda-recado-para-a-torcida-do-flamengo-2\/","name":"Marcos Braz manda recado para a torcida do Flamengo","isPartOf":{"@id":"https:\/\/www.gaveanews.com\/#website"},"primaryImageOfPage":{"@id":"https:\/\/www.gaveanews.com\/index.php\/2024\/08\/28\/marcos-braz-manda-recado-para-a-torcida-do-flamengo-2\/#primaryimage"},"image":{"@id":"https:\/\/www.gaveanews.com\/index.php\/2024\/08\/28\/marcos-braz-manda-recado-para-a-torcida-do-flamengo-2\/#primaryimage"},"thumbnailUrl":"https:\/\/www.gaveanews.com\/wp-content\/uploads\/marcos-braz-flamengo.jpg.webp","datePublished":"2024-08-28T21:00:00+00:00","author":{"@id":"https:\/\/www.gaveanews.com\/#\/schema\/person\/37122681a8575a5c8db05a56f099a5e4"},"breadcrumb":{"@id":"https:\/\/www.gaveanews.com\/index.php\/2024\/08\/28\/marcos-braz-manda-recado-para-a-torcida-do-flamengo-2\/#breadcrumb"},"inLanguage":"pt-BR","potentialAction":[{"@type":"ReadAction","target":["https:\/\/www.gaveanews.com\/index.php\/2024\/08\/28\/marcos-braz-manda-recado-para-a-torcida-do-flamengo-2\/"]}]},{"@type":"ImageObject","inLanguage":"pt-BR","@id":"https:\/\/www.gaveanews.com\/index.php\/2024\/08\/28\/marcos-braz-manda-recado-para-a-torcida-do-flamengo-2\/#primaryimage","url":"https:\/\/www.gaveanews.com\/wp-content\/uploads\/marcos-braz-flamengo.jpg.webp","contentUrl":"https:\/\/www.gaveanews.com\/wp-content\/uploads\/marcos-braz-flamengo.jpg.webp","width":2000,"height":1333,"caption":"Marcos Braz, vice-presidente de futebol do Flamengo e vereador do Rio de Janeiro (Foto: Icon Sport)"},{"@type":"BreadcrumbList","@id":"https:\/\/www.gaveanews.com\/index.php\/2024\/08\/28\/marcos-braz-manda-recado-para-a-torcida-do-flamengo-2\/#breadcrumb","itemListElement":[{"@type":"ListItem","position":1,"name":"Home","item":"https:\/\/www.gaveanews.com\/"},{"@type":"ListItem","position":2,"name":"Marcos Braz manda recado para a torcida do Flamengo"}]},{"@type":"WebSite","@id":"https:\/\/www.gaveanews.com\/#website","url":"https:\/\/www.gaveanews.com\/","name":"G\u00e1vea News","description":"Veja todas as not\u00edcias sobre o Flamengo: Contrata\u00e7\u00f5es, categorias de base, resultados das partidas, tabela de classifica\u00e7\u00e3o, pr\u00f3ximos jogos!","potentialAction":[{"@type":"SearchAction","target":{"@type":"EntryPoint","urlTemplate":"https:\/\/www.gaveanews.com\/?s={search_term_string}"},"query-input":{"@type":"PropertyValueSpecification","valueRequired":true,"valueName":"search_term_string"}}],"inLanguage":"pt-BR"},{"@type":"Person","@id":"https:\/\/www.gaveanews.com\/#\/schema\/person\/37122681a8575a5c8db05a56f099a5e4","name":"D\u00e9bora Figueiredo","image":{"@type":"ImageObject","inLanguage":"pt-BR","@id":"https:\/\/www.gaveanews.com\/#\/schema\/person\/image\/","url":"https:\/\/secure.gravatar.com\/avatar\/1f44802859351588499d26f52aed1d15796ce17e67602895b72837c08018868d?s=96&d=mm&r=g","contentUrl":"https:\/\/secure.gravatar.com\/avatar\/1f44802859351588499d26f52aed1d15796ce17e67602895b72837c08018868d?s=96&d=mm&r=g","caption":"D\u00e9bora Figueiredo"}}]}},"_links":{"self":[{"href":"https:\/\/www.gaveanews.com\/index.php\/wp-json\/wp\/v2\/posts\/162047","targetHints":{"allow":["GET"]}}],"collection":[{"href":"https:\/\/www.gaveanews.com\/index.php\/wp-json\/wp\/v2\/posts"}],"about":[{"href":"https:\/\/www.gaveanews.com\/index.php\/wp-json\/wp\/v2\/types\/post"}],"author":[{"embeddable":true,"href":"https:\/\/www.gaveanews.com\/index.php\/wp-json\/wp\/v2\/users\/16"}],"replies":[{"embeddable":true,"href":"https:\/\/www.gaveanews.com\/index.php\/wp-json\/wp\/v2\/comments?post=162047"}],"version-history":[{"count":4,"href":"https:\/\/www.gaveanews.com\/index.php\/wp-json\/wp\/v2\/posts\/162047\/revisions"}],"predecessor-version":[{"id":162091,"href":"https:\/\/www.gaveanews.com\/index.php\/wp-json\/wp\/v2\/posts\/162047\/revisions\/162091"}],"wp:featuredmedia":[{"embeddable":true,"href":"https:\/\/www.gaveanews.com\/index.php\/wp-json\/wp\/v2\/media\/113681"}],"wp:attachment":[{"href":"https:\/\/www.gaveanews.com\/index.php\/wp-json\/wp\/v2\/media?parent=162047"}],"wp:term":[{"taxonomy":"category","embeddable":true,"href":"https:\/\/www.gaveanews.com\/index.php\/wp-json\/wp\/v2\/categories?post=162047"},{"taxonomy":"post_tag","embeddable":true,"href":"https:\/\/www.gaveanews.com\/index.php\/wp-json\/wp\/v2\/tags?post=162047"}],"curies":[{"name":"wp","href":"https:\/\/api.w.org\/{rel}","templated":true}]}}