{"id":162048,"date":"2024-08-28T17:09:19","date_gmt":"2024-08-28T20:09:19","guid":{"rendered":"https:\/\/www.gaveanews.com\/?p=162048"},"modified":"2024-08-28T17:09:21","modified_gmt":"2024-08-28T20:09:21","slug":"a-declaracao-de-atacante-do-vasco-sobre-lionel-messi","status":"publish","type":"post","link":"https:\/\/www.gaveanews.com\/index.php\/2024\/08\/28\/a-declaracao-de-atacante-do-vasco-sobre-lionel-messi\/","title":{"rendered":"A declara\u00e7\u00e3o de atacante do Vasco sobre Lionel Messi"},"content":{"rendered":"\n<h2 class=\"wp-block-heading\" id=\"h-jogador-conviveu-com-messi-no-inter-miami\">Jogador conviveu com Messi no Inter Miami<\/h2>\n\n\n\n<p>Na \u00faltima segunda-feira (26), Vasco e Athletico-PR se enfrentaram pelo Campeonato Brasileiro, em S\u00e3o Janu\u00e1rio. O Gigante da Colina venceu de virada por 2 a 1, com gols de Emerson Rodr\u00edguez e Pablo Vegetti. Ap\u00f3s a partida, Rodr\u00edguez disse que \u00e9 bom no um contra um e comentou sobre a viv\u00eancia com Lionel Messi, nos Estados Unidos. <\/p>\n\n\n\n<ul class=\"wp-block-list\">\n<li><a href=\"https:\/\/www.gaveanews.com\/index.php\/2024\/08\/26\/vasco-faz-proposta-por-zagueiro\/\">Vasco faz proposta por zagueiro<\/a><\/li>\n\n\n\n<li><a href=\"https:\/\/www.gaveanews.com\/index.php\/2024\/08\/28\/o-que-e-celulite-facial-doenca-que-tirou-david-do-jogo-entre-vasco-x-athletico-pr\/\">O que \u00e9 celulite facial, doen\u00e7a que tirou David do jogo entre Vasco x Athletico-PR<\/a><\/li>\n<\/ul>\n\n\n\n<p><em>&#8211; N\u00e3o, n\u00e3o (risos). \u00c9 uma virtude minha, sou muito bom no um contra um, na velocidade. Pude aproveitar. Com o Messi n\u00e3o tem compara\u00e7\u00e3o, \u00e9 de outro planeta. Mas algumas coisas a gente aprende &#8211;<\/em> disse Rodr\u00edguez que completou:<\/p>\n\n\n\n<p><em>&#8211; Sab\u00edamos que era uma partida dif\u00edcil, o primeiro tempo foi complicado. No segundo, conversamos. S\u00e3o pequenos detalhes que estavam fazendo falta. Ajustamos e encontramos o espa\u00e7o. Felizmente eu fiz o gol e a equipe virou e ganhou a partida, que era o mais importante. Quem n\u00e3o fica contente por fazer um gol? Mas tinha uma import\u00e2ncia especial, ontem (domingo) foi meu anivers\u00e1rio &#8211;<\/em> finalizou o atacante. <\/p>\n\n\n\n<p>O Vasco perdia para o Furac\u00e3o por 1 a 0, e em um contra-ataque puxado por Rayan, Emerson Rodr\u00edguez recebeu a bola no meio de campo, avan\u00e7ou e bateu no cantinho do goleiro, empatando a partida aos 22 minutos da segunda etapa. <\/p>\n\n\n\n<p>O atacante colombiano ainda comentou sobre as vaias recebidas no intervalo. Rodr\u00edguez disse que erros acontecem pelo processo de adapta\u00e7\u00e3o ao clube e a cidade, al\u00e9m do entrosamento que ainda n\u00e3o encaixou. O jogador fez apenas seu sexto jogo pelo clube carioca. <\/p>\n\n\n\n<p><em>&#8211; N\u00e3o \u00e9 segredo para ningu\u00e9m que fizemos um primeiro tempo que n\u00e3o foi muito bom. Por v\u00e1rias raz\u00f5es, mas ajustamos, interpretamos bem a partida. Essa \u00e9 a import\u00e2ncia dos jogadores que, n\u00e3o importa o que aconte\u00e7a, seguem lutando &#8211;<\/em> comentou o jogador, que ainda disse:<\/p>\n\n\n\n<p><em>&#8211; Eu vinha de algumas partidas em que n\u00e3o joguei muito, tem a adapta\u00e7\u00e3o. O primeiro tempo eu estava um pouco impaciente, queria fazer as coisas bem, mas n\u00e3o acontecia. No segundo, eu tive mais tranquilidade, deixei as coisas flu\u00edrem. No um contra um, eu sei a minha virtude. No segundo tempo, como equipe, compreendemos um pouco mais o jogo e fizemos as coisas para vencer.<\/em><\/p>\n\n\n\n<p>Com a vit\u00f3ria, o Vasco chegou 31 pontos e ocupa a oitava coloca\u00e7\u00e3o do Campeonato Brasileiro. O Gigante da Colina volta a campo nesta quinta-feira (29), novamente contra o Athletico-PR, mas pelo duelo de ida das quartas de final da Copa do Brasil. A bola rola \u00e0s 20h, em S\u00e3o Janu\u00e1rio. <\/p>\n","protected":false},"excerpt":{"rendered":"<p>Jogador conviveu com Messi no Inter Miami Na \u00faltima segunda-feira (26), Vasco e Athletico-PR se enfrentaram pelo Campeonato Brasileiro, em S\u00e3o Janu\u00e1rio. O Gigante da Colina venceu de virada por 2 a 1, com gols de Emerson Rodr\u00edguez e Pablo Vegetti. Ap\u00f3s a partida, Rodr\u00edguez disse que \u00e9 bom no um contra um e comentou [&hellip;]<\/p>\n","protected":false},"author":21,"featured_media":104008,"comment_status":"open","ping_status":"closed","sticky":false,"template":"","format":"standard","meta":{"footnotes":""},"categories":[152],"tags":[],"class_list":["post-162048","post","type-post","status-publish","format-standard","has-post-thumbnail","hentry","category-vasco"],"yoast_head":"<!-- This site is optimized with the Yoast SEO Premium plugin v24.2 (Yoast SEO v26.9) - https:\/\/yoast.com\/product\/yoast-seo-premium-wordpress\/ -->\n<title>A declara\u00e7\u00e3o de atacante do Vasco sobre Lionel Messi<\/title>\n<meta name=\"robots\" content=\"index, follow, max-snippet:-1, max-image-preview:large, max-video-preview:-1\" \/>\n<link rel=\"canonical\" href=\"https:\/\/www.gaveanews.com\/index.php\/2024\/08\/28\/a-declaracao-de-atacante-do-vasco-sobre-lionel-messi\/\" \/>\n<meta property=\"og:locale\" content=\"pt_BR\" \/>\n<meta property=\"og:type\" content=\"article\" \/>\n<meta property=\"og:title\" content=\"A declara\u00e7\u00e3o de atacante do Vasco sobre Lionel Messi\" \/>\n<meta property=\"og:description\" content=\"Jogador conviveu com Messi no Inter Miami Na \u00faltima segunda-feira (26), Vasco e Athletico-PR se enfrentaram pelo Campeonato Brasileiro, em S\u00e3o Janu\u00e1rio. O Gigante da Colina venceu de virada por 2 a 1, com gols de Emerson Rodr\u00edguez e Pablo Vegetti. Ap\u00f3s a partida, Rodr\u00edguez disse que \u00e9 bom no um contra um e comentou [&hellip;]\" \/>\n<meta property=\"og:url\" content=\"https:\/\/www.gaveanews.com\/index.php\/2024\/08\/28\/a-declaracao-de-atacante-do-vasco-sobre-lionel-messi\/\" \/>\n<meta property=\"og:site_name\" content=\"G\u00e1vea News\" \/>\n<meta property=\"article:publisher\" content=\"https:\/\/facebook.com\/gaveaNews\/\" \/>\n<meta property=\"article:published_time\" content=\"2024-08-28T20:09:19+00:00\" \/>\n<meta property=\"article:modified_time\" content=\"2024-08-28T20:09:21+00:00\" \/>\n<meta property=\"og:image\" content=\"https:\/\/www.gaveanews.com\/wp-content\/uploads\/messi-gol-inter-miami.webp\" \/>\n\t<meta property=\"og:image:width\" content=\"1600\" \/>\n\t<meta property=\"og:image:height\" content=\"900\" \/>\n\t<meta property=\"og:image:type\" content=\"image\/jpeg\" \/>\n<meta name=\"author\" content=\"Andr\u00e9 Serra\" \/>\n<meta name=\"twitter:card\" content=\"summary_large_image\" \/>\n<meta name=\"twitter:label1\" content=\"Escrito por\" \/>\n\t<meta name=\"twitter:data1\" content=\"Andr\u00e9 Serra\" \/>\n\t<meta name=\"twitter:label2\" content=\"Est. tempo de leitura\" \/>\n\t<meta name=\"twitter:data2\" content=\"3 minutos\" \/>\n<script type=\"application\/ld+json\" class=\"yoast-schema-graph\">{\"@context\":\"https:\/\/schema.org\",\"@graph\":[{\"@type\":\"NewsArticle\",\"@id\":\"https:\/\/www.gaveanews.com\/index.php\/2024\/08\/28\/a-declaracao-de-atacante-do-vasco-sobre-lionel-messi\/#article\",\"isPartOf\":{\"@id\":\"https:\/\/www.gaveanews.com\/index.php\/2024\/08\/28\/a-declaracao-de-atacante-do-vasco-sobre-lionel-messi\/\"},\"author\":{\"name\":\"Andr\u00e9 Serra\",\"@id\":\"https:\/\/www.gaveanews.com\/#\/schema\/person\/0277a79a1289c451c281ec0411d84f0c\"},\"headline\":\"A declara\u00e7\u00e3o de atacante do Vasco sobre Lionel Messi\",\"datePublished\":\"2024-08-28T20:09:19+00:00\",\"dateModified\":\"2024-08-28T20:09:21+00:00\",\"mainEntityOfPage\":{\"@id\":\"https:\/\/www.gaveanews.com\/index.php\/2024\/08\/28\/a-declaracao-de-atacante-do-vasco-sobre-lionel-messi\/\"},\"wordCount\":476,\"commentCount\":0,\"image\":{\"@id\":\"https:\/\/www.gaveanews.com\/index.php\/2024\/08\/28\/a-declaracao-de-atacante-do-vasco-sobre-lionel-messi\/#primaryimage\"},\"thumbnailUrl\":\"https:\/\/www.gaveanews.com\/wp-content\/uploads\/messi-gol-inter-miami.webp\",\"articleSection\":[\"Vasco\"],\"inLanguage\":\"pt-BR\",\"potentialAction\":[{\"@type\":\"CommentAction\",\"name\":\"Comment\",\"target\":[\"https:\/\/www.gaveanews.com\/index.php\/2024\/08\/28\/a-declaracao-de-atacante-do-vasco-sobre-lionel-messi\/#respond\"]}],\"copyrightYear\":\"2024\",\"copyrightHolder\":{\"@id\":\"https:\/\/www.gaveanews.com\/#organization\"}},{\"@type\":\"WebPage\",\"@id\":\"https:\/\/www.gaveanews.com\/index.php\/2024\/08\/28\/a-declaracao-de-atacante-do-vasco-sobre-lionel-messi\/\",\"url\":\"https:\/\/www.gaveanews.com\/index.php\/2024\/08\/28\/a-declaracao-de-atacante-do-vasco-sobre-lionel-messi\/\",\"name\":\"A declara\u00e7\u00e3o de atacante do Vasco sobre Lionel Messi\",\"isPartOf\":{\"@id\":\"https:\/\/www.gaveanews.com\/#website\"},\"primaryImageOfPage\":{\"@id\":\"https:\/\/www.gaveanews.com\/index.php\/2024\/08\/28\/a-declaracao-de-atacante-do-vasco-sobre-lionel-messi\/#primaryimage\"},\"image\":{\"@id\":\"https:\/\/www.gaveanews.com\/index.php\/2024\/08\/28\/a-declaracao-de-atacante-do-vasco-sobre-lionel-messi\/#primaryimage\"},\"thumbnailUrl\":\"https:\/\/www.gaveanews.com\/wp-content\/uploads\/messi-gol-inter-miami.webp\",\"datePublished\":\"2024-08-28T20:09:19+00:00\",\"dateModified\":\"2024-08-28T20:09:21+00:00\",\"author\":{\"@id\":\"https:\/\/www.gaveanews.com\/#\/schema\/person\/0277a79a1289c451c281ec0411d84f0c\"},\"breadcrumb\":{\"@id\":\"https:\/\/www.gaveanews.com\/index.php\/2024\/08\/28\/a-declaracao-de-atacante-do-vasco-sobre-lionel-messi\/#breadcrumb\"},\"inLanguage\":\"pt-BR\",\"potentialAction\":[{\"@type\":\"ReadAction\",\"target\":[\"https:\/\/www.gaveanews.com\/index.php\/2024\/08\/28\/a-declaracao-de-atacante-do-vasco-sobre-lionel-messi\/\"]}]},{\"@type\":\"ImageObject\",\"inLanguage\":\"pt-BR\",\"@id\":\"https:\/\/www.gaveanews.com\/index.php\/2024\/08\/28\/a-declaracao-de-atacante-do-vasco-sobre-lionel-messi\/#primaryimage\",\"url\":\"https:\/\/www.gaveanews.com\/wp-content\/uploads\/messi-gol-inter-miami.webp\",\"contentUrl\":\"https:\/\/www.gaveanews.com\/wp-content\/uploads\/messi-gol-inter-miami.webp\",\"width\":1600,\"height\":900,\"caption\":\"Messi comemora gol marcado pelo Inter Miami (Foto: Stacy Revere\/Getty Images)\"},{\"@type\":\"BreadcrumbList\",\"@id\":\"https:\/\/www.gaveanews.com\/index.php\/2024\/08\/28\/a-declaracao-de-atacante-do-vasco-sobre-lionel-messi\/#breadcrumb\",\"itemListElement\":[{\"@type\":\"ListItem\",\"position\":1,\"name\":\"Home\",\"item\":\"https:\/\/www.gaveanews.com\/\"},{\"@type\":\"ListItem\",\"position\":2,\"name\":\"A declara\u00e7\u00e3o de atacante do Vasco sobre Lionel Messi\"}]},{\"@type\":\"WebSite\",\"@id\":\"https:\/\/www.gaveanews.com\/#website\",\"url\":\"https:\/\/www.gaveanews.com\/\",\"name\":\"G\u00e1vea News\",\"description\":\"Veja todas as not\u00edcias sobre o Flamengo: Contrata\u00e7\u00f5es, categorias de base, resultados das partidas, tabela de classifica\u00e7\u00e3o, pr\u00f3ximos jogos!\",\"potentialAction\":[{\"@type\":\"SearchAction\",\"target\":{\"@type\":\"EntryPoint\",\"urlTemplate\":\"https:\/\/www.gaveanews.com\/?s={search_term_string}\"},\"query-input\":{\"@type\":\"PropertyValueSpecification\",\"valueRequired\":true,\"valueName\":\"search_term_string\"}}],\"inLanguage\":\"pt-BR\"},{\"@type\":\"Person\",\"@id\":\"https:\/\/www.gaveanews.com\/#\/schema\/person\/0277a79a1289c451c281ec0411d84f0c\",\"name\":\"Andr\u00e9 Serra\",\"image\":{\"@type\":\"ImageObject\",\"inLanguage\":\"pt-BR\",\"@id\":\"https:\/\/www.gaveanews.com\/#\/schema\/person\/image\/\",\"url\":\"https:\/\/secure.gravatar.com\/avatar\/d7231369fe48db93292b3e88eb2162dbd9a34a47a8437d9ef3bcaca2a86a83d7?s=96&d=mm&r=g\",\"contentUrl\":\"https:\/\/secure.gravatar.com\/avatar\/d7231369fe48db93292b3e88eb2162dbd9a34a47a8437d9ef3bcaca2a86a83d7?s=96&d=mm&r=g\",\"caption\":\"Andr\u00e9 Serra\"}}]}<\/script>\n<!-- \/ Yoast SEO Premium plugin. -->","yoast_head_json":{"title":"A declara\u00e7\u00e3o de atacante do Vasco sobre Lionel Messi","robots":{"index":"index","follow":"follow","max-snippet":"max-snippet:-1","max-image-preview":"max-image-preview:large","max-video-preview":"max-video-preview:-1"},"canonical":"https:\/\/www.gaveanews.com\/index.php\/2024\/08\/28\/a-declaracao-de-atacante-do-vasco-sobre-lionel-messi\/","og_locale":"pt_BR","og_type":"article","og_title":"A declara\u00e7\u00e3o de atacante do Vasco sobre Lionel Messi","og_description":"Jogador conviveu com Messi no Inter Miami Na \u00faltima segunda-feira (26), Vasco e Athletico-PR se enfrentaram pelo Campeonato Brasileiro, em S\u00e3o Janu\u00e1rio. O Gigante da Colina venceu de virada por 2 a 1, com gols de Emerson Rodr\u00edguez e Pablo Vegetti. Ap\u00f3s a partida, Rodr\u00edguez disse que \u00e9 bom no um contra um e comentou [&hellip;]","og_url":"https:\/\/www.gaveanews.com\/index.php\/2024\/08\/28\/a-declaracao-de-atacante-do-vasco-sobre-lionel-messi\/","og_site_name":"G\u00e1vea News","article_publisher":"https:\/\/facebook.com\/gaveaNews\/","article_published_time":"2024-08-28T20:09:19+00:00","article_modified_time":"2024-08-28T20:09:21+00:00","og_image":[{"width":1600,"height":900,"url":"https:\/\/www.gaveanews.com\/wp-content\/uploads\/messi-gol-inter-miami.webp","type":"image\/jpeg"}],"author":"Andr\u00e9 Serra","twitter_card":"summary_large_image","twitter_misc":{"Escrito por":"Andr\u00e9 Serra","Est. tempo de leitura":"3 minutos"},"schema":{"@context":"https:\/\/schema.org","@graph":[{"@type":"NewsArticle","@id":"https:\/\/www.gaveanews.com\/index.php\/2024\/08\/28\/a-declaracao-de-atacante-do-vasco-sobre-lionel-messi\/#article","isPartOf":{"@id":"https:\/\/www.gaveanews.com\/index.php\/2024\/08\/28\/a-declaracao-de-atacante-do-vasco-sobre-lionel-messi\/"},"author":{"name":"Andr\u00e9 Serra","@id":"https:\/\/www.gaveanews.com\/#\/schema\/person\/0277a79a1289c451c281ec0411d84f0c"},"headline":"A declara\u00e7\u00e3o de atacante do Vasco sobre Lionel Messi","datePublished":"2024-08-28T20:09:19+00:00","dateModified":"2024-08-28T20:09:21+00:00","mainEntityOfPage":{"@id":"https:\/\/www.gaveanews.com\/index.php\/2024\/08\/28\/a-declaracao-de-atacante-do-vasco-sobre-lionel-messi\/"},"wordCount":476,"commentCount":0,"image":{"@id":"https:\/\/www.gaveanews.com\/index.php\/2024\/08\/28\/a-declaracao-de-atacante-do-vasco-sobre-lionel-messi\/#primaryimage"},"thumbnailUrl":"https:\/\/www.gaveanews.com\/wp-content\/uploads\/messi-gol-inter-miami.webp","articleSection":["Vasco"],"inLanguage":"pt-BR","potentialAction":[{"@type":"CommentAction","name":"Comment","target":["https:\/\/www.gaveanews.com\/index.php\/2024\/08\/28\/a-declaracao-de-atacante-do-vasco-sobre-lionel-messi\/#respond"]}],"copyrightYear":"2024","copyrightHolder":{"@id":"https:\/\/www.gaveanews.com\/#organization"}},{"@type":"WebPage","@id":"https:\/\/www.gaveanews.com\/index.php\/2024\/08\/28\/a-declaracao-de-atacante-do-vasco-sobre-lionel-messi\/","url":"https:\/\/www.gaveanews.com\/index.php\/2024\/08\/28\/a-declaracao-de-atacante-do-vasco-sobre-lionel-messi\/","name":"A declara\u00e7\u00e3o de atacante do Vasco sobre Lionel Messi","isPartOf":{"@id":"https:\/\/www.gaveanews.com\/#website"},"primaryImageOfPage":{"@id":"https:\/\/www.gaveanews.com\/index.php\/2024\/08\/28\/a-declaracao-de-atacante-do-vasco-sobre-lionel-messi\/#primaryimage"},"image":{"@id":"https:\/\/www.gaveanews.com\/index.php\/2024\/08\/28\/a-declaracao-de-atacante-do-vasco-sobre-lionel-messi\/#primaryimage"},"thumbnailUrl":"https:\/\/www.gaveanews.com\/wp-content\/uploads\/messi-gol-inter-miami.webp","datePublished":"2024-08-28T20:09:19+00:00","dateModified":"2024-08-28T20:09:21+00:00","author":{"@id":"https:\/\/www.gaveanews.com\/#\/schema\/person\/0277a79a1289c451c281ec0411d84f0c"},"breadcrumb":{"@id":"https:\/\/www.gaveanews.com\/index.php\/2024\/08\/28\/a-declaracao-de-atacante-do-vasco-sobre-lionel-messi\/#breadcrumb"},"inLanguage":"pt-BR","potentialAction":[{"@type":"ReadAction","target":["https:\/\/www.gaveanews.com\/index.php\/2024\/08\/28\/a-declaracao-de-atacante-do-vasco-sobre-lionel-messi\/"]}]},{"@type":"ImageObject","inLanguage":"pt-BR","@id":"https:\/\/www.gaveanews.com\/index.php\/2024\/08\/28\/a-declaracao-de-atacante-do-vasco-sobre-lionel-messi\/#primaryimage","url":"https:\/\/www.gaveanews.com\/wp-content\/uploads\/messi-gol-inter-miami.webp","contentUrl":"https:\/\/www.gaveanews.com\/wp-content\/uploads\/messi-gol-inter-miami.webp","width":1600,"height":900,"caption":"Messi comemora gol marcado pelo Inter Miami (Foto: Stacy Revere\/Getty Images)"},{"@type":"BreadcrumbList","@id":"https:\/\/www.gaveanews.com\/index.php\/2024\/08\/28\/a-declaracao-de-atacante-do-vasco-sobre-lionel-messi\/#breadcrumb","itemListElement":[{"@type":"ListItem","position":1,"name":"Home","item":"https:\/\/www.gaveanews.com\/"},{"@type":"ListItem","position":2,"name":"A declara\u00e7\u00e3o de atacante do Vasco sobre Lionel Messi"}]},{"@type":"WebSite","@id":"https:\/\/www.gaveanews.com\/#website","url":"https:\/\/www.gaveanews.com\/","name":"G\u00e1vea News","description":"Veja todas as not\u00edcias sobre o Flamengo: Contrata\u00e7\u00f5es, categorias de base, resultados das partidas, tabela de classifica\u00e7\u00e3o, pr\u00f3ximos jogos!","potentialAction":[{"@type":"SearchAction","target":{"@type":"EntryPoint","urlTemplate":"https:\/\/www.gaveanews.com\/?s={search_term_string}"},"query-input":{"@type":"PropertyValueSpecification","valueRequired":true,"valueName":"search_term_string"}}],"inLanguage":"pt-BR"},{"@type":"Person","@id":"https:\/\/www.gaveanews.com\/#\/schema\/person\/0277a79a1289c451c281ec0411d84f0c","name":"Andr\u00e9 Serra","image":{"@type":"ImageObject","inLanguage":"pt-BR","@id":"https:\/\/www.gaveanews.com\/#\/schema\/person\/image\/","url":"https:\/\/secure.gravatar.com\/avatar\/d7231369fe48db93292b3e88eb2162dbd9a34a47a8437d9ef3bcaca2a86a83d7?s=96&d=mm&r=g","contentUrl":"https:\/\/secure.gravatar.com\/avatar\/d7231369fe48db93292b3e88eb2162dbd9a34a47a8437d9ef3bcaca2a86a83d7?s=96&d=mm&r=g","caption":"Andr\u00e9 Serra"}}]}},"_links":{"self":[{"href":"https:\/\/www.gaveanews.com\/index.php\/wp-json\/wp\/v2\/posts\/162048","targetHints":{"allow":["GET"]}}],"collection":[{"href":"https:\/\/www.gaveanews.com\/index.php\/wp-json\/wp\/v2\/posts"}],"about":[{"href":"https:\/\/www.gaveanews.com\/index.php\/wp-json\/wp\/v2\/types\/post"}],"author":[{"embeddable":true,"href":"https:\/\/www.gaveanews.com\/index.php\/wp-json\/wp\/v2\/users\/21"}],"replies":[{"embeddable":true,"href":"https:\/\/www.gaveanews.com\/index.php\/wp-json\/wp\/v2\/comments?post=162048"}],"version-history":[{"count":1,"href":"https:\/\/www.gaveanews.com\/index.php\/wp-json\/wp\/v2\/posts\/162048\/revisions"}],"predecessor-version":[{"id":162061,"href":"https:\/\/www.gaveanews.com\/index.php\/wp-json\/wp\/v2\/posts\/162048\/revisions\/162061"}],"wp:featuredmedia":[{"embeddable":true,"href":"https:\/\/www.gaveanews.com\/index.php\/wp-json\/wp\/v2\/media\/104008"}],"wp:attachment":[{"href":"https:\/\/www.gaveanews.com\/index.php\/wp-json\/wp\/v2\/media?parent=162048"}],"wp:term":[{"taxonomy":"category","embeddable":true,"href":"https:\/\/www.gaveanews.com\/index.php\/wp-json\/wp\/v2\/categories?post=162048"},{"taxonomy":"post_tag","embeddable":true,"href":"https:\/\/www.gaveanews.com\/index.php\/wp-json\/wp\/v2\/tags?post=162048"}],"curies":[{"name":"wp","href":"https:\/\/api.w.org\/{rel}","templated":true}]}}