{"id":162052,"date":"2024-08-28T19:25:05","date_gmt":"2024-08-28T22:25:05","guid":{"rendered":"https:\/\/www.gaveanews.com\/?p=162052"},"modified":"2024-08-28T19:25:07","modified_gmt":"2024-08-28T22:25:07","slug":"no-juventude-joao-lucas-fala-sobre-decisao-na-copa-do-brasil","status":"publish","type":"post","link":"https:\/\/www.gaveanews.com\/index.php\/2024\/08\/28\/no-juventude-joao-lucas-fala-sobre-decisao-na-copa-do-brasil\/","title":{"rendered":"No Juventude, Jo\u00e3o Lucas fala sobre decis\u00e3o na Copa do Brasil"},"content":{"rendered":"\n<h2 class=\"wp-block-heading\" id=\"h-jogador-esta-a-disposicao-de-jair-ventura\">Jogador est\u00e1 \u00e0 disposi\u00e7\u00e3o de Jair Ventura<\/h2>\n\n\n\n<p>Recuperado, o lateral Jo\u00e3o Lucas segue se preparando com os demais companheiros no Juventude para o pr\u00f3ximo desafio da equipe que \u00e9 pela Copa do Brasil.<\/p>\n\n\n\n<ul class=\"wp-block-list\">\n<li><a href=\"https:\/\/www.gaveanews.com\/index.php\/2024\/08\/28\/presidente-do-corinthians-emite-nota-oficial-sobre-o-impeachment\/\">Presidente do Corinthians emite nota oficial sobre o impeachment<\/a><\/li>\n\n\n\n<li><a href=\"https:\/\/www.gaveanews.com\/index.php\/2024\/08\/28\/corinthians-x-flamengo-hugo-souza-vai-jogar\/\">Corinthians x Flamengo: Hugo Souza vai jogar?<\/a><\/li>\n<\/ul>\n\n\n\n<p>O jogador, que sofreu uma les\u00e3o no adutor da coxa, j\u00e1 havia atuado no final de semana pelo Campeonato Brasileiro e est\u00e1 \u00e0 disposi\u00e7\u00e3o de Jair Ventura para enfrentar o Corinthians, amanh\u00e3 (29 de agosto), no Alfredo Jaconi, pelas quartas de finais, \u00e0s 20h.<\/p>\n\n\n\n<p>\u201cEsperamos fazer um bom jogo e conseguir um resultado positivo. \u00c9 uma decis\u00e3o de 180 minutos, temos que entrar bem focados e n\u00e3o dar espa\u00e7os ao advers\u00e1rio\u201d, explica Jo\u00e3o Lucas, que tamb\u00e9m destaca o fator casa nesse primeiro jogo.<\/p>\n\n\n\n<p>\u201cTeremos o apoio do nosso torcedor que \u00e9 fundamental. Nosso aproveitamento em casa tamb\u00e9m \u00e9 bom, estamos invictos na Copa do Brasil. Que seja uma grande partida\u201d, completa.<\/p>\n\n\n\n<p>Pela Copa do Brasil, o Juventude, que entrou na Primeira Fase, disputou at\u00e9 o momento seis partidas, com a seguinte campanha: 3 empates e tr\u00eas vit\u00f3rias, sendo duas vit\u00f3rias no Alfredo Jaconi (Paysandu e Fluminense) e uma fora (Internacional) e dois empates fora (Iguatu e Fluminense) e um em casa (Internacional).<\/p>\n\n\n\n<p>Pelo Campeonato Brasileiro, como mandante \u2013 sendo dois jogos em Bras\u00edlia \u2013 a equipe tem seis vit\u00f3rias, quatro empates e uma derrota.<\/p>\n\n\n\n<h2 class=\"wp-block-heading\" id=\"h-provaveis-escalacoes\">Prov\u00e1veis escala\u00e7\u00f5es <\/h2>\n\n\n\n<p><strong>Juventude:<\/strong>&nbsp;Gabriel; Jo\u00e3o Lucas, Danilo Boza, Z\u00e9 Marcos e Alan Ruschel; Dudu Vieira, Oyama e Nen\u00ea; Erick Farias, Lucas Barbosa e Ronnie Carrillo.&nbsp;<strong>T\u00e9cnico:<\/strong>&nbsp;Jair Ventura<\/p>\n\n\n\n<p><strong>Corinthians:<\/strong>\u00a0Hugo Souza; Cac\u00e1, Gustavo Henrique e F\u00e9lix Torres; Fagner, Ryan, Charles, Coronado e Hugo; Pedro Henrique e Giovane.\u00a0<strong>T\u00e9cnico:<\/strong>\u00a0Ram\u00f3n Diaz<\/p>\n\n\n\n<p>A transmiss\u00e3o ficar\u00e1 por conta dos canais\u00a0<strong>SporTV\u00a0<\/strong>(fechada) e\u00a0<strong>Premiere<\/strong>\u00a0(pay-per-view). <\/p>\n","protected":false},"excerpt":{"rendered":"<p>Jogador est\u00e1 \u00e0 disposi\u00e7\u00e3o de Jair Ventura Recuperado, o lateral Jo\u00e3o Lucas segue se preparando com os demais companheiros no Juventude para o pr\u00f3ximo desafio da equipe que \u00e9 pela Copa do Brasil. O jogador, que sofreu uma les\u00e3o no adutor da coxa, j\u00e1 havia atuado no final de semana pelo Campeonato Brasileiro e est\u00e1 [&hellip;]<\/p>\n","protected":false},"author":17,"featured_media":162104,"comment_status":"open","ping_status":"closed","sticky":false,"template":"","format":"standard","meta":{"footnotes":""},"categories":[149],"tags":[],"class_list":["post-162052","post","type-post","status-publish","format-standard","has-post-thumbnail","hentry","category-juventude"],"yoast_head":"<!-- This site is optimized with the Yoast SEO Premium plugin v24.2 (Yoast SEO v26.9) - https:\/\/yoast.com\/product\/yoast-seo-premium-wordpress\/ -->\n<title>No Juventude, Jo\u00e3o Lucas fala sobre decis\u00e3o na Copa do Brasil<\/title>\n<meta name=\"robots\" content=\"index, follow, max-snippet:-1, max-image-preview:large, max-video-preview:-1\" \/>\n<link rel=\"canonical\" href=\"https:\/\/www.gaveanews.com\/index.php\/2024\/08\/28\/no-juventude-joao-lucas-fala-sobre-decisao-na-copa-do-brasil\/\" \/>\n<meta property=\"og:locale\" content=\"pt_BR\" \/>\n<meta property=\"og:type\" content=\"article\" \/>\n<meta property=\"og:title\" content=\"No Juventude, Jo\u00e3o Lucas fala sobre decis\u00e3o na Copa do Brasil\" \/>\n<meta property=\"og:description\" content=\"Jogador est\u00e1 \u00e0 disposi\u00e7\u00e3o de Jair Ventura Recuperado, o lateral Jo\u00e3o Lucas segue se preparando com os demais companheiros no Juventude para o pr\u00f3ximo desafio da equipe que \u00e9 pela Copa do Brasil. O jogador, que sofreu uma les\u00e3o no adutor da coxa, j\u00e1 havia atuado no final de semana pelo Campeonato Brasileiro e est\u00e1 [&hellip;]\" \/>\n<meta property=\"og:url\" content=\"https:\/\/www.gaveanews.com\/index.php\/2024\/08\/28\/no-juventude-joao-lucas-fala-sobre-decisao-na-copa-do-brasil\/\" \/>\n<meta property=\"og:site_name\" content=\"G\u00e1vea News\" \/>\n<meta property=\"article:publisher\" content=\"https:\/\/facebook.com\/gaveaNews\/\" \/>\n<meta property=\"article:published_time\" content=\"2024-08-28T22:25:05+00:00\" \/>\n<meta property=\"article:modified_time\" content=\"2024-08-28T22:25:07+00:00\" \/>\n<meta property=\"og:image\" content=\"https:\/\/www.gaveanews.com\/wp-content\/uploads\/Joao-Lucas-com-a-camisa-do-Juventude.webp\" \/>\n\t<meta property=\"og:image:width\" content=\"1600\" \/>\n\t<meta property=\"og:image:height\" content=\"1066\" \/>\n\t<meta property=\"og:image:type\" content=\"image\/jpeg\" \/>\n<meta name=\"author\" content=\"Geovanna Thomaz\" \/>\n<meta name=\"twitter:card\" content=\"summary_large_image\" \/>\n<meta name=\"twitter:label1\" content=\"Escrito por\" \/>\n\t<meta name=\"twitter:data1\" content=\"Geovanna Thomaz\" \/>\n\t<meta name=\"twitter:label2\" content=\"Est. tempo de leitura\" \/>\n\t<meta name=\"twitter:data2\" content=\"2 minutos\" \/>\n<script type=\"application\/ld+json\" class=\"yoast-schema-graph\">{\"@context\":\"https:\/\/schema.org\",\"@graph\":[{\"@type\":\"NewsArticle\",\"@id\":\"https:\/\/www.gaveanews.com\/index.php\/2024\/08\/28\/no-juventude-joao-lucas-fala-sobre-decisao-na-copa-do-brasil\/#article\",\"isPartOf\":{\"@id\":\"https:\/\/www.gaveanews.com\/index.php\/2024\/08\/28\/no-juventude-joao-lucas-fala-sobre-decisao-na-copa-do-brasil\/\"},\"author\":{\"name\":\"Geovanna Thomaz\",\"@id\":\"https:\/\/www.gaveanews.com\/#\/schema\/person\/f42654babcd2b2014a1a65af82b081f1\"},\"headline\":\"No Juventude, Jo\u00e3o Lucas fala sobre decis\u00e3o na Copa do Brasil\",\"datePublished\":\"2024-08-28T22:25:05+00:00\",\"dateModified\":\"2024-08-28T22:25:07+00:00\",\"mainEntityOfPage\":{\"@id\":\"https:\/\/www.gaveanews.com\/index.php\/2024\/08\/28\/no-juventude-joao-lucas-fala-sobre-decisao-na-copa-do-brasil\/\"},\"wordCount\":325,\"commentCount\":0,\"image\":{\"@id\":\"https:\/\/www.gaveanews.com\/index.php\/2024\/08\/28\/no-juventude-joao-lucas-fala-sobre-decisao-na-copa-do-brasil\/#primaryimage\"},\"thumbnailUrl\":\"https:\/\/www.gaveanews.com\/wp-content\/uploads\/Joao-Lucas-com-a-camisa-do-Juventude.webp\",\"articleSection\":[\"Juventude\"],\"inLanguage\":\"pt-BR\",\"potentialAction\":[{\"@type\":\"CommentAction\",\"name\":\"Comment\",\"target\":[\"https:\/\/www.gaveanews.com\/index.php\/2024\/08\/28\/no-juventude-joao-lucas-fala-sobre-decisao-na-copa-do-brasil\/#respond\"]}],\"copyrightYear\":\"2024\",\"copyrightHolder\":{\"@id\":\"https:\/\/www.gaveanews.com\/#organization\"}},{\"@type\":\"WebPage\",\"@id\":\"https:\/\/www.gaveanews.com\/index.php\/2024\/08\/28\/no-juventude-joao-lucas-fala-sobre-decisao-na-copa-do-brasil\/\",\"url\":\"https:\/\/www.gaveanews.com\/index.php\/2024\/08\/28\/no-juventude-joao-lucas-fala-sobre-decisao-na-copa-do-brasil\/\",\"name\":\"No Juventude, Jo\u00e3o Lucas fala sobre decis\u00e3o na Copa do Brasil\",\"isPartOf\":{\"@id\":\"https:\/\/www.gaveanews.com\/#website\"},\"primaryImageOfPage\":{\"@id\":\"https:\/\/www.gaveanews.com\/index.php\/2024\/08\/28\/no-juventude-joao-lucas-fala-sobre-decisao-na-copa-do-brasil\/#primaryimage\"},\"image\":{\"@id\":\"https:\/\/www.gaveanews.com\/index.php\/2024\/08\/28\/no-juventude-joao-lucas-fala-sobre-decisao-na-copa-do-brasil\/#primaryimage\"},\"thumbnailUrl\":\"https:\/\/www.gaveanews.com\/wp-content\/uploads\/Joao-Lucas-com-a-camisa-do-Juventude.webp\",\"datePublished\":\"2024-08-28T22:25:05+00:00\",\"dateModified\":\"2024-08-28T22:25:07+00:00\",\"author\":{\"@id\":\"https:\/\/www.gaveanews.com\/#\/schema\/person\/f42654babcd2b2014a1a65af82b081f1\"},\"breadcrumb\":{\"@id\":\"https:\/\/www.gaveanews.com\/index.php\/2024\/08\/28\/no-juventude-joao-lucas-fala-sobre-decisao-na-copa-do-brasil\/#breadcrumb\"},\"inLanguage\":\"pt-BR\",\"potentialAction\":[{\"@type\":\"ReadAction\",\"target\":[\"https:\/\/www.gaveanews.com\/index.php\/2024\/08\/28\/no-juventude-joao-lucas-fala-sobre-decisao-na-copa-do-brasil\/\"]}]},{\"@type\":\"ImageObject\",\"inLanguage\":\"pt-BR\",\"@id\":\"https:\/\/www.gaveanews.com\/index.php\/2024\/08\/28\/no-juventude-joao-lucas-fala-sobre-decisao-na-copa-do-brasil\/#primaryimage\",\"url\":\"https:\/\/www.gaveanews.com\/wp-content\/uploads\/Joao-Lucas-com-a-camisa-do-Juventude.webp\",\"contentUrl\":\"https:\/\/www.gaveanews.com\/wp-content\/uploads\/Joao-Lucas-com-a-camisa-do-Juventude.webp\",\"width\":1600,\"height\":1066,\"caption\":\"Jo\u00e3o Lucas com a camisa do Juventude (Foto: Reprodu\u00e7\u00e3o\/Juventude)\"},{\"@type\":\"BreadcrumbList\",\"@id\":\"https:\/\/www.gaveanews.com\/index.php\/2024\/08\/28\/no-juventude-joao-lucas-fala-sobre-decisao-na-copa-do-brasil\/#breadcrumb\",\"itemListElement\":[{\"@type\":\"ListItem\",\"position\":1,\"name\":\"Home\",\"item\":\"https:\/\/www.gaveanews.com\/\"},{\"@type\":\"ListItem\",\"position\":2,\"name\":\"No Juventude, Jo\u00e3o Lucas fala sobre decis\u00e3o na Copa do Brasil\"}]},{\"@type\":\"WebSite\",\"@id\":\"https:\/\/www.gaveanews.com\/#website\",\"url\":\"https:\/\/www.gaveanews.com\/\",\"name\":\"G\u00e1vea News\",\"description\":\"Veja todas as not\u00edcias sobre o Flamengo: Contrata\u00e7\u00f5es, categorias de base, resultados das partidas, tabela de classifica\u00e7\u00e3o, pr\u00f3ximos jogos!\",\"potentialAction\":[{\"@type\":\"SearchAction\",\"target\":{\"@type\":\"EntryPoint\",\"urlTemplate\":\"https:\/\/www.gaveanews.com\/?s={search_term_string}\"},\"query-input\":{\"@type\":\"PropertyValueSpecification\",\"valueRequired\":true,\"valueName\":\"search_term_string\"}}],\"inLanguage\":\"pt-BR\"},{\"@type\":\"Person\",\"@id\":\"https:\/\/www.gaveanews.com\/#\/schema\/person\/f42654babcd2b2014a1a65af82b081f1\",\"name\":\"Geovanna Thomaz\",\"image\":{\"@type\":\"ImageObject\",\"inLanguage\":\"pt-BR\",\"@id\":\"https:\/\/www.gaveanews.com\/#\/schema\/person\/image\/\",\"url\":\"https:\/\/secure.gravatar.com\/avatar\/4092073255489533afb558984b49b64268c47198af8623cc82a925ae9fb7118a?s=96&d=mm&r=g\",\"contentUrl\":\"https:\/\/secure.gravatar.com\/avatar\/4092073255489533afb558984b49b64268c47198af8623cc82a925ae9fb7118a?s=96&d=mm&r=g\",\"caption\":\"Geovanna Thomaz\"}}]}<\/script>\n<!-- \/ Yoast SEO Premium plugin. -->","yoast_head_json":{"title":"No Juventude, Jo\u00e3o Lucas fala sobre decis\u00e3o na Copa do Brasil","robots":{"index":"index","follow":"follow","max-snippet":"max-snippet:-1","max-image-preview":"max-image-preview:large","max-video-preview":"max-video-preview:-1"},"canonical":"https:\/\/www.gaveanews.com\/index.php\/2024\/08\/28\/no-juventude-joao-lucas-fala-sobre-decisao-na-copa-do-brasil\/","og_locale":"pt_BR","og_type":"article","og_title":"No Juventude, Jo\u00e3o Lucas fala sobre decis\u00e3o na Copa do Brasil","og_description":"Jogador est\u00e1 \u00e0 disposi\u00e7\u00e3o de Jair Ventura Recuperado, o lateral Jo\u00e3o Lucas segue se preparando com os demais companheiros no Juventude para o pr\u00f3ximo desafio da equipe que \u00e9 pela Copa do Brasil. O jogador, que sofreu uma les\u00e3o no adutor da coxa, j\u00e1 havia atuado no final de semana pelo Campeonato Brasileiro e est\u00e1 [&hellip;]","og_url":"https:\/\/www.gaveanews.com\/index.php\/2024\/08\/28\/no-juventude-joao-lucas-fala-sobre-decisao-na-copa-do-brasil\/","og_site_name":"G\u00e1vea News","article_publisher":"https:\/\/facebook.com\/gaveaNews\/","article_published_time":"2024-08-28T22:25:05+00:00","article_modified_time":"2024-08-28T22:25:07+00:00","og_image":[{"width":1600,"height":1066,"url":"https:\/\/www.gaveanews.com\/wp-content\/uploads\/Joao-Lucas-com-a-camisa-do-Juventude.webp","type":"image\/jpeg"}],"author":"Geovanna Thomaz","twitter_card":"summary_large_image","twitter_misc":{"Escrito por":"Geovanna Thomaz","Est. tempo de leitura":"2 minutos"},"schema":{"@context":"https:\/\/schema.org","@graph":[{"@type":"NewsArticle","@id":"https:\/\/www.gaveanews.com\/index.php\/2024\/08\/28\/no-juventude-joao-lucas-fala-sobre-decisao-na-copa-do-brasil\/#article","isPartOf":{"@id":"https:\/\/www.gaveanews.com\/index.php\/2024\/08\/28\/no-juventude-joao-lucas-fala-sobre-decisao-na-copa-do-brasil\/"},"author":{"name":"Geovanna Thomaz","@id":"https:\/\/www.gaveanews.com\/#\/schema\/person\/f42654babcd2b2014a1a65af82b081f1"},"headline":"No Juventude, Jo\u00e3o Lucas fala sobre decis\u00e3o na Copa do Brasil","datePublished":"2024-08-28T22:25:05+00:00","dateModified":"2024-08-28T22:25:07+00:00","mainEntityOfPage":{"@id":"https:\/\/www.gaveanews.com\/index.php\/2024\/08\/28\/no-juventude-joao-lucas-fala-sobre-decisao-na-copa-do-brasil\/"},"wordCount":325,"commentCount":0,"image":{"@id":"https:\/\/www.gaveanews.com\/index.php\/2024\/08\/28\/no-juventude-joao-lucas-fala-sobre-decisao-na-copa-do-brasil\/#primaryimage"},"thumbnailUrl":"https:\/\/www.gaveanews.com\/wp-content\/uploads\/Joao-Lucas-com-a-camisa-do-Juventude.webp","articleSection":["Juventude"],"inLanguage":"pt-BR","potentialAction":[{"@type":"CommentAction","name":"Comment","target":["https:\/\/www.gaveanews.com\/index.php\/2024\/08\/28\/no-juventude-joao-lucas-fala-sobre-decisao-na-copa-do-brasil\/#respond"]}],"copyrightYear":"2024","copyrightHolder":{"@id":"https:\/\/www.gaveanews.com\/#organization"}},{"@type":"WebPage","@id":"https:\/\/www.gaveanews.com\/index.php\/2024\/08\/28\/no-juventude-joao-lucas-fala-sobre-decisao-na-copa-do-brasil\/","url":"https:\/\/www.gaveanews.com\/index.php\/2024\/08\/28\/no-juventude-joao-lucas-fala-sobre-decisao-na-copa-do-brasil\/","name":"No Juventude, Jo\u00e3o Lucas fala sobre decis\u00e3o na Copa do Brasil","isPartOf":{"@id":"https:\/\/www.gaveanews.com\/#website"},"primaryImageOfPage":{"@id":"https:\/\/www.gaveanews.com\/index.php\/2024\/08\/28\/no-juventude-joao-lucas-fala-sobre-decisao-na-copa-do-brasil\/#primaryimage"},"image":{"@id":"https:\/\/www.gaveanews.com\/index.php\/2024\/08\/28\/no-juventude-joao-lucas-fala-sobre-decisao-na-copa-do-brasil\/#primaryimage"},"thumbnailUrl":"https:\/\/www.gaveanews.com\/wp-content\/uploads\/Joao-Lucas-com-a-camisa-do-Juventude.webp","datePublished":"2024-08-28T22:25:05+00:00","dateModified":"2024-08-28T22:25:07+00:00","author":{"@id":"https:\/\/www.gaveanews.com\/#\/schema\/person\/f42654babcd2b2014a1a65af82b081f1"},"breadcrumb":{"@id":"https:\/\/www.gaveanews.com\/index.php\/2024\/08\/28\/no-juventude-joao-lucas-fala-sobre-decisao-na-copa-do-brasil\/#breadcrumb"},"inLanguage":"pt-BR","potentialAction":[{"@type":"ReadAction","target":["https:\/\/www.gaveanews.com\/index.php\/2024\/08\/28\/no-juventude-joao-lucas-fala-sobre-decisao-na-copa-do-brasil\/"]}]},{"@type":"ImageObject","inLanguage":"pt-BR","@id":"https:\/\/www.gaveanews.com\/index.php\/2024\/08\/28\/no-juventude-joao-lucas-fala-sobre-decisao-na-copa-do-brasil\/#primaryimage","url":"https:\/\/www.gaveanews.com\/wp-content\/uploads\/Joao-Lucas-com-a-camisa-do-Juventude.webp","contentUrl":"https:\/\/www.gaveanews.com\/wp-content\/uploads\/Joao-Lucas-com-a-camisa-do-Juventude.webp","width":1600,"height":1066,"caption":"Jo\u00e3o Lucas com a camisa do Juventude (Foto: Reprodu\u00e7\u00e3o\/Juventude)"},{"@type":"BreadcrumbList","@id":"https:\/\/www.gaveanews.com\/index.php\/2024\/08\/28\/no-juventude-joao-lucas-fala-sobre-decisao-na-copa-do-brasil\/#breadcrumb","itemListElement":[{"@type":"ListItem","position":1,"name":"Home","item":"https:\/\/www.gaveanews.com\/"},{"@type":"ListItem","position":2,"name":"No Juventude, Jo\u00e3o Lucas fala sobre decis\u00e3o na Copa do Brasil"}]},{"@type":"WebSite","@id":"https:\/\/www.gaveanews.com\/#website","url":"https:\/\/www.gaveanews.com\/","name":"G\u00e1vea News","description":"Veja todas as not\u00edcias sobre o Flamengo: Contrata\u00e7\u00f5es, categorias de base, resultados das partidas, tabela de classifica\u00e7\u00e3o, pr\u00f3ximos jogos!","potentialAction":[{"@type":"SearchAction","target":{"@type":"EntryPoint","urlTemplate":"https:\/\/www.gaveanews.com\/?s={search_term_string}"},"query-input":{"@type":"PropertyValueSpecification","valueRequired":true,"valueName":"search_term_string"}}],"inLanguage":"pt-BR"},{"@type":"Person","@id":"https:\/\/www.gaveanews.com\/#\/schema\/person\/f42654babcd2b2014a1a65af82b081f1","name":"Geovanna Thomaz","image":{"@type":"ImageObject","inLanguage":"pt-BR","@id":"https:\/\/www.gaveanews.com\/#\/schema\/person\/image\/","url":"https:\/\/secure.gravatar.com\/avatar\/4092073255489533afb558984b49b64268c47198af8623cc82a925ae9fb7118a?s=96&d=mm&r=g","contentUrl":"https:\/\/secure.gravatar.com\/avatar\/4092073255489533afb558984b49b64268c47198af8623cc82a925ae9fb7118a?s=96&d=mm&r=g","caption":"Geovanna Thomaz"}}]}},"_links":{"self":[{"href":"https:\/\/www.gaveanews.com\/index.php\/wp-json\/wp\/v2\/posts\/162052","targetHints":{"allow":["GET"]}}],"collection":[{"href":"https:\/\/www.gaveanews.com\/index.php\/wp-json\/wp\/v2\/posts"}],"about":[{"href":"https:\/\/www.gaveanews.com\/index.php\/wp-json\/wp\/v2\/types\/post"}],"author":[{"embeddable":true,"href":"https:\/\/www.gaveanews.com\/index.php\/wp-json\/wp\/v2\/users\/17"}],"replies":[{"embeddable":true,"href":"https:\/\/www.gaveanews.com\/index.php\/wp-json\/wp\/v2\/comments?post=162052"}],"version-history":[{"count":2,"href":"https:\/\/www.gaveanews.com\/index.php\/wp-json\/wp\/v2\/posts\/162052\/revisions"}],"predecessor-version":[{"id":162131,"href":"https:\/\/www.gaveanews.com\/index.php\/wp-json\/wp\/v2\/posts\/162052\/revisions\/162131"}],"wp:featuredmedia":[{"embeddable":true,"href":"https:\/\/www.gaveanews.com\/index.php\/wp-json\/wp\/v2\/media\/162104"}],"wp:attachment":[{"href":"https:\/\/www.gaveanews.com\/index.php\/wp-json\/wp\/v2\/media?parent=162052"}],"wp:term":[{"taxonomy":"category","embeddable":true,"href":"https:\/\/www.gaveanews.com\/index.php\/wp-json\/wp\/v2\/categories?post=162052"},{"taxonomy":"post_tag","embeddable":true,"href":"https:\/\/www.gaveanews.com\/index.php\/wp-json\/wp\/v2\/tags?post=162052"}],"curies":[{"name":"wp","href":"https:\/\/api.w.org\/{rel}","templated":true}]}}