{"id":162172,"date":"2024-08-29T07:15:00","date_gmt":"2024-08-29T10:15:00","guid":{"rendered":"https:\/\/www.gaveanews.com\/?p=162172"},"modified":"2024-08-29T04:55:23","modified_gmt":"2024-08-29T07:55:23","slug":"apresentadora-esportiva-deixa-a-rede-globo-apos-20-anos","status":"publish","type":"post","link":"https:\/\/www.gaveanews.com\/index.php\/2024\/08\/29\/apresentadora-esportiva-deixa-a-rede-globo-apos-20-anos\/","title":{"rendered":"Apresentadora esportiva deixa a Rede Globo ap\u00f3s 20 anos"},"content":{"rendered":"\n<p>Carol Barcellos encerra uma significativa etapa de sua carreira na Globo, onde passou 20 anos contribuindo para a cobertura de eventos de grande porte e programas ic\u00f4nicos.&nbsp;<\/p>\n\n\n\n<ul class=\"wp-block-list\">\n<li><a href=\"https:\/\/www.gaveanews.com\/index.php\/2024\/08\/24\/apresentadora-da-rede-globo-apresenta-jornal-com-roupa-em-homenagem-ao-goleiro-rossi\/\">Apresentadora da Rede Globo apresenta jornal com roupa em homenagem ao goleiro Rossi<\/a><\/li>\n\n\n\n<li><a href=\"https:\/\/www.gaveanews.com\/index.php\/2024\/08\/27\/apresentadora-da-rede-globo-detona-abel-ferreira-do-palmeiras\/\">Apresentadora da Rede Globo detona Abel Ferreira, do Palmeiras<\/a><\/li>\n<\/ul>\n\n\n\n<p>Ap\u00f3s anunciar sua sa\u00edda da emissora nesta quarta-feira (28), a jornalista deixa um legado de destaque, com sua \u00faltima miss\u00e3o sendo a cobertura dos Jogos Ol\u00edmpicos de Paris, que terminou no dia 11 de agosto.<\/p>\n\n\n\n<figure class=\"wp-block-embed is-type-photo is-provider-flickr wp-block-embed-flickr\"><div class=\"wp-block-embed__wrapper\">\n<a href=\"https:\/\/www.flickr.com\/photos\/201155970@N03\/53955553718\/in\/dateposted-public\/\"><img loading=\"lazy\" decoding=\"async\" src=\"https:\/\/live.staticflickr.com\/65535\/53955553718_1e1f8e7bcf_z.webp\" alt=\"Miniatura LF - 2\" width=\"640\" height=\"360\" \/><\/a>\n<\/div><\/figure>\n\n\n\n<p>Cabe ressaltar, que Carol Barcellos, de 43 anos, decidiu se afastar da Globo para se dedicar mais a projetos digitais e ampliar sua atua\u00e7\u00e3o no mercado corporativo, uma \u00e1rea na qual j\u00e1 tinha se envolvido de forma pontual enquanto estava na emissora.&nbsp;<\/p>\n\n\n\n<p>Al\u00e9m disso, em seu perfil no Instagram, a rep\u00f3rter expressou gratid\u00e3o pelos anos de trabalho e pelas experi\u00eancias vividas na Globo, mas optou por n\u00e3o revelar detalhes sobre seus pr\u00f3ximos passos:<\/p>\n\n\n\n<p>\u201cOlhar para tr\u00e1s me traz alegria! E, pra frente: aquele frio na barriga que, por ess\u00eancia, \u00e9 o meu desejo! Escolho, agora, o movimento. Ao contar a hist\u00f3ria da primeira maratona ol\u00edmpica aberta a todos, em Paris, fechei um ciclo de 20 anos na Globo (\u2026). A saudade boa j\u00e1 chegou. Comigo, tamb\u00e9m, estar\u00e1 o carinho por centenas de pessoas que ensinaram \u00e0quela estagi\u00e1ria e, depois, \u00e0 jornalista. O futuro? Teremos tempo para falar sobre ele. Por enquanto: feliz em poder dizer que continuarei criando e fazendo o que amo!\u201d, afirmou a jornalista.<\/p>\n\n\n\n<blockquote class=\"instagram-media\" data-instgrm-captioned data-instgrm-permalink=\"https:\/\/www.instagram.com\/reel\/C_Nmyhxx9hZ\/?utm_source=ig_embed&amp;utm_campaign=loading\" data-instgrm-version=\"14\" style=\"background:#FFF;border:0;border-radius:3px;margin: 1px;max-width:540px;min-width:326px;padding:0;width:99.375%;width:-webkit-calc(100% - 2px);width:calc(100% - 2px)\"><div style=\"padding:16px\"> <a href=\"https:\/\/www.instagram.com\/reel\/C_Nmyhxx9hZ\/?utm_source=ig_embed&amp;utm_campaign=loading\" style=\"background:#FFFFFF;line-height:0;padding:0 0;text-align:center;text-decoration:none;width:100%\" target=\"_blank\" rel=\"noopener\"> <div style=\"flex-direction: row;align-items: center\"> <div style=\"background-color: #F4F4F4;border-radius: 50%;flex-grow: 0;height: 40px;margin-right: 14px;width: 40px\"><\/div> <div style=\"flex-direction: column;flex-grow: 1;justify-content: center\"> <div style=\"background-color: #F4F4F4;border-radius: 4px;flex-grow: 0;height: 14px;margin-bottom: 6px;width: 100px\"><\/div> <div style=\"background-color: #F4F4F4;border-radius: 4px;flex-grow: 0;height: 14px;width: 60px\"><\/div><\/div><\/div><div style=\"padding: 19% 0\"><\/div> <div style=\"height:50px;margin:0 auto 12px;width:50px\"><\/div><div style=\"padding-top: 8px\"> <div style=\"color:#3897f0;font-family:Arial,sans-serif;font-size:14px;font-style:normal;font-weight:550;line-height:18px\">Ver essa foto no Instagram<\/div><\/div><div style=\"padding: 12.5% 0\"><\/div> <div style=\"flex-direction: row;margin-bottom: 14px;align-items: center\"><div> <div style=\"background-color: #F4F4F4;border-radius: 50%;height: 12.5px;width: 12.5px\"><\/div> <div style=\"background-color: #F4F4F4;height: 12.5px;width: 12.5px;flex-grow: 0;margin-right: 14px;margin-left: 2px\"><\/div> <div style=\"background-color: #F4F4F4;border-radius: 50%;height: 12.5px;width: 12.5px\"><\/div><\/div><div style=\"margin-left: 8px\"> <div style=\"background-color: #F4F4F4;border-radius: 50%;flex-grow: 0;height: 20px;width: 20px\"><\/div> <div style=\"width: 0;height: 0;border-top: 2px solid transparent;border-left: 6px solid #f4f4f4;border-bottom: 2px solid transparent\"><\/div><\/div><div style=\"margin-left: auto\"> <div style=\"width: 0px;border-top: 8px solid #F4F4F4;border-right: 8px solid transparent\"><\/div> <div style=\"background-color: #F4F4F4;flex-grow: 0;height: 12px;width: 16px\"><\/div> <div style=\"width: 0;height: 0;border-top: 8px solid #F4F4F4;border-left: 8px solid transparent\"><\/div><\/div><\/div> <div style=\"flex-direction: column;flex-grow: 1;justify-content: center;margin-bottom: 24px\"> <div style=\"background-color: #F4F4F4;border-radius: 4px;flex-grow: 0;height: 14px;margin-bottom: 6px;width: 224px\"><\/div> <div style=\"background-color: #F4F4F4;border-radius: 4px;flex-grow: 0;height: 14px;width: 144px\"><\/div><\/div><\/a><p style=\"color:#c9c8cd;font-family:Arial,sans-serif;font-size:14px;line-height:17px;margin-bottom:0;margin-top:8px;overflow:hidden;padding:8px 0 7px;text-align:center\"><a href=\"https:\/\/www.instagram.com\/reel\/C_Nmyhxx9hZ\/?utm_source=ig_embed&amp;utm_campaign=loading\" style=\"color:#c9c8cd;font-family:Arial,sans-serif;font-size:14px;font-style:normal;font-weight:normal;line-height:17px;text-decoration:none\" target=\"_blank\" rel=\"noopener\">Uma publica\u00e7\u00e3o compartilhada por Carol Barcellos (@carolbarcellos)<\/a><\/p><\/div><\/blockquote><script async src=\"\/\/www.instagram.com\/embed.js\"><\/script>\n\n\n\n<h2 class=\"wp-block-heading\" id=\"h-trajetoria-na-globo\">Trajet\u00f3ria na Globo<\/h2>\n\n\n\n<p>Vale destacar, que a trajet\u00f3ria de Carol Barcellos na Globo come\u00e7ou em 2004, quando se juntou ao time do SporTV como rep\u00f3rter. Desde ent\u00e3o, Barcellos se destacou na cobertura do dia a dia dos clubes cariocas e participou de eventos de grande relev\u00e2ncia, como as Olimp\u00edadas (2016, 2021 e 2024) e as Copas do Mundo (2014, 2018 e 2022). Al\u00e9m disso, teve pap\u00e9is importantes em programas como Globo Esporte e Esporte Espetacular, e esteve \u00e0 frente de reportagens sobre esportes radicais no Planeta Extremo.<\/p>\n\n\n\n<p>Recentemente, Carol Barcellos esteve envolvida em uma controv\u00e9rsia que chamou a aten\u00e7\u00e3o do meio jornal\u00edstico. A jornalista foi associada a um relacionamento extraconjugal com Marcelo Courrege, que na \u00e9poca era casado com Renata Heilborn. A situa\u00e7\u00e3o gerou bastante repercuss\u00e3o, e depois de alguns meses, Courrege e Barcellos confirmaram o namoro durante o Carnaval no Rio.&nbsp;<\/p>\n\n\n\n<p>Enquanto isso, Heilborn foi vista recentemente com Andr\u00e9 Vianna, ex-marido de Carol Barcellos, em um show no Rio de Janeiro, o que gerou especula\u00e7\u00f5es sobre a rela\u00e7\u00e3o entre eles, embora n\u00e3o houvesse a\u00e7\u00f5es \u00edntimas p\u00fablicas.<\/p>\n","protected":false},"excerpt":{"rendered":"<p>Carol Barcellos encerra uma significativa etapa de sua carreira na Globo, onde passou 20 anos contribuindo para a cobertura de eventos de grande porte e programas ic\u00f4nicos.&nbsp; Ap\u00f3s anunciar sua sa\u00edda da emissora nesta quarta-feira (28), a jornalista deixa um legado de destaque, com sua \u00faltima miss\u00e3o sendo a cobertura dos Jogos Ol\u00edmpicos de Paris, [&hellip;]<\/p>\n","protected":false},"author":25,"featured_media":17043,"comment_status":"open","ping_status":"closed","sticky":false,"template":"","format":"standard","meta":{"footnotes":""},"categories":[141,1,150],"tags":[],"class_list":["post-162172","post","type-post","status-publish","format-standard","has-post-thumbnail","hentry","category-corinthians","category-flamengo","category-palmeiras"],"yoast_head":"<!-- This site is optimized with the Yoast SEO Premium plugin v24.2 (Yoast SEO v26.9) - https:\/\/yoast.com\/product\/yoast-seo-premium-wordpress\/ -->\n<title>Apresentadora esportiva deixa a Rede Globo ap\u00f3s 20 anos<\/title>\n<meta name=\"robots\" content=\"index, follow, max-snippet:-1, max-image-preview:large, max-video-preview:-1\" \/>\n<link rel=\"canonical\" href=\"https:\/\/www.gaveanews.com\/index.php\/2024\/08\/29\/apresentadora-esportiva-deixa-a-rede-globo-apos-20-anos\/\" \/>\n<meta property=\"og:locale\" content=\"pt_BR\" \/>\n<meta property=\"og:type\" content=\"article\" \/>\n<meta property=\"og:title\" content=\"Apresentadora esportiva deixa a Rede Globo ap\u00f3s 20 anos\" \/>\n<meta property=\"og:description\" content=\"Carol Barcellos encerra uma significativa etapa de sua carreira na Globo, onde passou 20 anos contribuindo para a cobertura de eventos de grande porte e programas ic\u00f4nicos.&nbsp; Ap\u00f3s anunciar sua sa\u00edda da emissora nesta quarta-feira (28), a jornalista deixa um legado de destaque, com sua \u00faltima miss\u00e3o sendo a cobertura dos Jogos Ol\u00edmpicos de Paris, [&hellip;]\" \/>\n<meta property=\"og:url\" content=\"https:\/\/www.gaveanews.com\/index.php\/2024\/08\/29\/apresentadora-esportiva-deixa-a-rede-globo-apos-20-anos\/\" \/>\n<meta property=\"og:site_name\" content=\"G\u00e1vea News\" \/>\n<meta property=\"article:publisher\" content=\"https:\/\/facebook.com\/gaveaNews\/\" \/>\n<meta property=\"article:published_time\" content=\"2024-08-29T10:15:00+00:00\" \/>\n<meta property=\"og:image\" content=\"https:\/\/www.gaveanews.com\/wp-content\/uploads\/2019\/04\/Logomarca-da-Rede-Globo.webp\" \/>\n\t<meta property=\"og:image:width\" content=\"1920\" \/>\n\t<meta property=\"og:image:height\" content=\"1076\" \/>\n\t<meta property=\"og:image:type\" content=\"image\/png\" \/>\n<meta name=\"author\" content=\"Rafaela Ladeira\" \/>\n<meta name=\"twitter:card\" content=\"summary_large_image\" \/>\n<meta name=\"twitter:label1\" content=\"Escrito por\" \/>\n\t<meta name=\"twitter:data1\" content=\"Rafaela Ladeira\" \/>\n\t<meta name=\"twitter:label2\" content=\"Est. tempo de leitura\" \/>\n\t<meta name=\"twitter:data2\" content=\"3 minutos\" \/>\n<script type=\"application\/ld+json\" class=\"yoast-schema-graph\">{\"@context\":\"https:\/\/schema.org\",\"@graph\":[{\"@type\":\"NewsArticle\",\"@id\":\"https:\/\/www.gaveanews.com\/index.php\/2024\/08\/29\/apresentadora-esportiva-deixa-a-rede-globo-apos-20-anos\/#article\",\"isPartOf\":{\"@id\":\"https:\/\/www.gaveanews.com\/index.php\/2024\/08\/29\/apresentadora-esportiva-deixa-a-rede-globo-apos-20-anos\/\"},\"author\":{\"name\":\"Rafaela Ladeira\",\"@id\":\"https:\/\/www.gaveanews.com\/#\/schema\/person\/0eb3e3fe1754f0205218538adbe8f5ed\"},\"headline\":\"Apresentadora esportiva deixa a Rede Globo ap\u00f3s 20 anos\",\"datePublished\":\"2024-08-29T10:15:00+00:00\",\"mainEntityOfPage\":{\"@id\":\"https:\/\/www.gaveanews.com\/index.php\/2024\/08\/29\/apresentadora-esportiva-deixa-a-rede-globo-apos-20-anos\/\"},\"wordCount\":481,\"commentCount\":0,\"image\":{\"@id\":\"https:\/\/www.gaveanews.com\/index.php\/2024\/08\/29\/apresentadora-esportiva-deixa-a-rede-globo-apos-20-anos\/#primaryimage\"},\"thumbnailUrl\":\"https:\/\/www.gaveanews.com\/wp-content\/uploads\/2019\/04\/Logomarca-da-Rede-Globo.webp\",\"articleSection\":[\"Corinthians\",\"Flamengo\",\"Palmeiras\"],\"inLanguage\":\"pt-BR\",\"potentialAction\":[{\"@type\":\"CommentAction\",\"name\":\"Comment\",\"target\":[\"https:\/\/www.gaveanews.com\/index.php\/2024\/08\/29\/apresentadora-esportiva-deixa-a-rede-globo-apos-20-anos\/#respond\"]}],\"copyrightYear\":\"2024\",\"copyrightHolder\":{\"@id\":\"https:\/\/www.gaveanews.com\/#organization\"}},{\"@type\":\"WebPage\",\"@id\":\"https:\/\/www.gaveanews.com\/index.php\/2024\/08\/29\/apresentadora-esportiva-deixa-a-rede-globo-apos-20-anos\/\",\"url\":\"https:\/\/www.gaveanews.com\/index.php\/2024\/08\/29\/apresentadora-esportiva-deixa-a-rede-globo-apos-20-anos\/\",\"name\":\"Apresentadora esportiva deixa a Rede Globo ap\u00f3s 20 anos\",\"isPartOf\":{\"@id\":\"https:\/\/www.gaveanews.com\/#website\"},\"primaryImageOfPage\":{\"@id\":\"https:\/\/www.gaveanews.com\/index.php\/2024\/08\/29\/apresentadora-esportiva-deixa-a-rede-globo-apos-20-anos\/#primaryimage\"},\"image\":{\"@id\":\"https:\/\/www.gaveanews.com\/index.php\/2024\/08\/29\/apresentadora-esportiva-deixa-a-rede-globo-apos-20-anos\/#primaryimage\"},\"thumbnailUrl\":\"https:\/\/www.gaveanews.com\/wp-content\/uploads\/2019\/04\/Logomarca-da-Rede-Globo.webp\",\"datePublished\":\"2024-08-29T10:15:00+00:00\",\"author\":{\"@id\":\"https:\/\/www.gaveanews.com\/#\/schema\/person\/0eb3e3fe1754f0205218538adbe8f5ed\"},\"breadcrumb\":{\"@id\":\"https:\/\/www.gaveanews.com\/index.php\/2024\/08\/29\/apresentadora-esportiva-deixa-a-rede-globo-apos-20-anos\/#breadcrumb\"},\"inLanguage\":\"pt-BR\",\"potentialAction\":[{\"@type\":\"ReadAction\",\"target\":[\"https:\/\/www.gaveanews.com\/index.php\/2024\/08\/29\/apresentadora-esportiva-deixa-a-rede-globo-apos-20-anos\/\"]}]},{\"@type\":\"ImageObject\",\"inLanguage\":\"pt-BR\",\"@id\":\"https:\/\/www.gaveanews.com\/index.php\/2024\/08\/29\/apresentadora-esportiva-deixa-a-rede-globo-apos-20-anos\/#primaryimage\",\"url\":\"https:\/\/www.gaveanews.com\/wp-content\/uploads\/2019\/04\/Logomarca-da-Rede-Globo.webp\",\"contentUrl\":\"https:\/\/www.gaveanews.com\/wp-content\/uploads\/2019\/04\/Logomarca-da-Rede-Globo.webp\",\"width\":1920,\"height\":1076,\"caption\":\"Logomarca da Rede Globo (Foto: Reprodu\u00e7\u00e3o)\"},{\"@type\":\"BreadcrumbList\",\"@id\":\"https:\/\/www.gaveanews.com\/index.php\/2024\/08\/29\/apresentadora-esportiva-deixa-a-rede-globo-apos-20-anos\/#breadcrumb\",\"itemListElement\":[{\"@type\":\"ListItem\",\"position\":1,\"name\":\"Home\",\"item\":\"https:\/\/www.gaveanews.com\/\"},{\"@type\":\"ListItem\",\"position\":2,\"name\":\"Apresentadora esportiva deixa a Rede Globo ap\u00f3s 20 anos\"}]},{\"@type\":\"WebSite\",\"@id\":\"https:\/\/www.gaveanews.com\/#website\",\"url\":\"https:\/\/www.gaveanews.com\/\",\"name\":\"G\u00e1vea News\",\"description\":\"Veja todas as not\u00edcias sobre o Flamengo: Contrata\u00e7\u00f5es, categorias de base, resultados das partidas, tabela de classifica\u00e7\u00e3o, pr\u00f3ximos jogos!\",\"potentialAction\":[{\"@type\":\"SearchAction\",\"target\":{\"@type\":\"EntryPoint\",\"urlTemplate\":\"https:\/\/www.gaveanews.com\/?s={search_term_string}\"},\"query-input\":{\"@type\":\"PropertyValueSpecification\",\"valueRequired\":true,\"valueName\":\"search_term_string\"}}],\"inLanguage\":\"pt-BR\"},{\"@type\":\"Person\",\"@id\":\"https:\/\/www.gaveanews.com\/#\/schema\/person\/0eb3e3fe1754f0205218538adbe8f5ed\",\"name\":\"Rafaela Ladeira\",\"image\":{\"@type\":\"ImageObject\",\"inLanguage\":\"pt-BR\",\"@id\":\"https:\/\/www.gaveanews.com\/#\/schema\/person\/image\/\",\"url\":\"https:\/\/secure.gravatar.com\/avatar\/c31f513acffd85eacab5730cbdfdbbf59f21ba5aeada8cd890acea879fbb2455?s=96&d=mm&r=g\",\"contentUrl\":\"https:\/\/secure.gravatar.com\/avatar\/c31f513acffd85eacab5730cbdfdbbf59f21ba5aeada8cd890acea879fbb2455?s=96&d=mm&r=g\",\"caption\":\"Rafaela Ladeira\"}}]}<\/script>\n<!-- \/ Yoast SEO Premium plugin. -->","yoast_head_json":{"title":"Apresentadora esportiva deixa a Rede Globo ap\u00f3s 20 anos","robots":{"index":"index","follow":"follow","max-snippet":"max-snippet:-1","max-image-preview":"max-image-preview:large","max-video-preview":"max-video-preview:-1"},"canonical":"https:\/\/www.gaveanews.com\/index.php\/2024\/08\/29\/apresentadora-esportiva-deixa-a-rede-globo-apos-20-anos\/","og_locale":"pt_BR","og_type":"article","og_title":"Apresentadora esportiva deixa a Rede Globo ap\u00f3s 20 anos","og_description":"Carol Barcellos encerra uma significativa etapa de sua carreira na Globo, onde passou 20 anos contribuindo para a cobertura de eventos de grande porte e programas ic\u00f4nicos.&nbsp; Ap\u00f3s anunciar sua sa\u00edda da emissora nesta quarta-feira (28), a jornalista deixa um legado de destaque, com sua \u00faltima miss\u00e3o sendo a cobertura dos Jogos Ol\u00edmpicos de Paris, [&hellip;]","og_url":"https:\/\/www.gaveanews.com\/index.php\/2024\/08\/29\/apresentadora-esportiva-deixa-a-rede-globo-apos-20-anos\/","og_site_name":"G\u00e1vea News","article_publisher":"https:\/\/facebook.com\/gaveaNews\/","article_published_time":"2024-08-29T10:15:00+00:00","og_image":[{"width":1920,"height":1076,"url":"https:\/\/www.gaveanews.com\/wp-content\/uploads\/2019\/04\/Logomarca-da-Rede-Globo.webp","type":"image\/png"}],"author":"Rafaela Ladeira","twitter_card":"summary_large_image","twitter_misc":{"Escrito por":"Rafaela Ladeira","Est. tempo de leitura":"3 minutos"},"schema":{"@context":"https:\/\/schema.org","@graph":[{"@type":"NewsArticle","@id":"https:\/\/www.gaveanews.com\/index.php\/2024\/08\/29\/apresentadora-esportiva-deixa-a-rede-globo-apos-20-anos\/#article","isPartOf":{"@id":"https:\/\/www.gaveanews.com\/index.php\/2024\/08\/29\/apresentadora-esportiva-deixa-a-rede-globo-apos-20-anos\/"},"author":{"name":"Rafaela Ladeira","@id":"https:\/\/www.gaveanews.com\/#\/schema\/person\/0eb3e3fe1754f0205218538adbe8f5ed"},"headline":"Apresentadora esportiva deixa a Rede Globo ap\u00f3s 20 anos","datePublished":"2024-08-29T10:15:00+00:00","mainEntityOfPage":{"@id":"https:\/\/www.gaveanews.com\/index.php\/2024\/08\/29\/apresentadora-esportiva-deixa-a-rede-globo-apos-20-anos\/"},"wordCount":481,"commentCount":0,"image":{"@id":"https:\/\/www.gaveanews.com\/index.php\/2024\/08\/29\/apresentadora-esportiva-deixa-a-rede-globo-apos-20-anos\/#primaryimage"},"thumbnailUrl":"https:\/\/www.gaveanews.com\/wp-content\/uploads\/2019\/04\/Logomarca-da-Rede-Globo.webp","articleSection":["Corinthians","Flamengo","Palmeiras"],"inLanguage":"pt-BR","potentialAction":[{"@type":"CommentAction","name":"Comment","target":["https:\/\/www.gaveanews.com\/index.php\/2024\/08\/29\/apresentadora-esportiva-deixa-a-rede-globo-apos-20-anos\/#respond"]}],"copyrightYear":"2024","copyrightHolder":{"@id":"https:\/\/www.gaveanews.com\/#organization"}},{"@type":"WebPage","@id":"https:\/\/www.gaveanews.com\/index.php\/2024\/08\/29\/apresentadora-esportiva-deixa-a-rede-globo-apos-20-anos\/","url":"https:\/\/www.gaveanews.com\/index.php\/2024\/08\/29\/apresentadora-esportiva-deixa-a-rede-globo-apos-20-anos\/","name":"Apresentadora esportiva deixa a Rede Globo ap\u00f3s 20 anos","isPartOf":{"@id":"https:\/\/www.gaveanews.com\/#website"},"primaryImageOfPage":{"@id":"https:\/\/www.gaveanews.com\/index.php\/2024\/08\/29\/apresentadora-esportiva-deixa-a-rede-globo-apos-20-anos\/#primaryimage"},"image":{"@id":"https:\/\/www.gaveanews.com\/index.php\/2024\/08\/29\/apresentadora-esportiva-deixa-a-rede-globo-apos-20-anos\/#primaryimage"},"thumbnailUrl":"https:\/\/www.gaveanews.com\/wp-content\/uploads\/2019\/04\/Logomarca-da-Rede-Globo.webp","datePublished":"2024-08-29T10:15:00+00:00","author":{"@id":"https:\/\/www.gaveanews.com\/#\/schema\/person\/0eb3e3fe1754f0205218538adbe8f5ed"},"breadcrumb":{"@id":"https:\/\/www.gaveanews.com\/index.php\/2024\/08\/29\/apresentadora-esportiva-deixa-a-rede-globo-apos-20-anos\/#breadcrumb"},"inLanguage":"pt-BR","potentialAction":[{"@type":"ReadAction","target":["https:\/\/www.gaveanews.com\/index.php\/2024\/08\/29\/apresentadora-esportiva-deixa-a-rede-globo-apos-20-anos\/"]}]},{"@type":"ImageObject","inLanguage":"pt-BR","@id":"https:\/\/www.gaveanews.com\/index.php\/2024\/08\/29\/apresentadora-esportiva-deixa-a-rede-globo-apos-20-anos\/#primaryimage","url":"https:\/\/www.gaveanews.com\/wp-content\/uploads\/2019\/04\/Logomarca-da-Rede-Globo.webp","contentUrl":"https:\/\/www.gaveanews.com\/wp-content\/uploads\/2019\/04\/Logomarca-da-Rede-Globo.webp","width":1920,"height":1076,"caption":"Logomarca da Rede Globo (Foto: Reprodu\u00e7\u00e3o)"},{"@type":"BreadcrumbList","@id":"https:\/\/www.gaveanews.com\/index.php\/2024\/08\/29\/apresentadora-esportiva-deixa-a-rede-globo-apos-20-anos\/#breadcrumb","itemListElement":[{"@type":"ListItem","position":1,"name":"Home","item":"https:\/\/www.gaveanews.com\/"},{"@type":"ListItem","position":2,"name":"Apresentadora esportiva deixa a Rede Globo ap\u00f3s 20 anos"}]},{"@type":"WebSite","@id":"https:\/\/www.gaveanews.com\/#website","url":"https:\/\/www.gaveanews.com\/","name":"G\u00e1vea News","description":"Veja todas as not\u00edcias sobre o Flamengo: Contrata\u00e7\u00f5es, categorias de base, resultados das partidas, tabela de classifica\u00e7\u00e3o, pr\u00f3ximos jogos!","potentialAction":[{"@type":"SearchAction","target":{"@type":"EntryPoint","urlTemplate":"https:\/\/www.gaveanews.com\/?s={search_term_string}"},"query-input":{"@type":"PropertyValueSpecification","valueRequired":true,"valueName":"search_term_string"}}],"inLanguage":"pt-BR"},{"@type":"Person","@id":"https:\/\/www.gaveanews.com\/#\/schema\/person\/0eb3e3fe1754f0205218538adbe8f5ed","name":"Rafaela Ladeira","image":{"@type":"ImageObject","inLanguage":"pt-BR","@id":"https:\/\/www.gaveanews.com\/#\/schema\/person\/image\/","url":"https:\/\/secure.gravatar.com\/avatar\/c31f513acffd85eacab5730cbdfdbbf59f21ba5aeada8cd890acea879fbb2455?s=96&d=mm&r=g","contentUrl":"https:\/\/secure.gravatar.com\/avatar\/c31f513acffd85eacab5730cbdfdbbf59f21ba5aeada8cd890acea879fbb2455?s=96&d=mm&r=g","caption":"Rafaela Ladeira"}}]}},"_links":{"self":[{"href":"https:\/\/www.gaveanews.com\/index.php\/wp-json\/wp\/v2\/posts\/162172","targetHints":{"allow":["GET"]}}],"collection":[{"href":"https:\/\/www.gaveanews.com\/index.php\/wp-json\/wp\/v2\/posts"}],"about":[{"href":"https:\/\/www.gaveanews.com\/index.php\/wp-json\/wp\/v2\/types\/post"}],"author":[{"embeddable":true,"href":"https:\/\/www.gaveanews.com\/index.php\/wp-json\/wp\/v2\/users\/25"}],"replies":[{"embeddable":true,"href":"https:\/\/www.gaveanews.com\/index.php\/wp-json\/wp\/v2\/comments?post=162172"}],"version-history":[{"count":2,"href":"https:\/\/www.gaveanews.com\/index.php\/wp-json\/wp\/v2\/posts\/162172\/revisions"}],"predecessor-version":[{"id":162280,"href":"https:\/\/www.gaveanews.com\/index.php\/wp-json\/wp\/v2\/posts\/162172\/revisions\/162280"}],"wp:featuredmedia":[{"embeddable":true,"href":"https:\/\/www.gaveanews.com\/index.php\/wp-json\/wp\/v2\/media\/17043"}],"wp:attachment":[{"href":"https:\/\/www.gaveanews.com\/index.php\/wp-json\/wp\/v2\/media?parent=162172"}],"wp:term":[{"taxonomy":"category","embeddable":true,"href":"https:\/\/www.gaveanews.com\/index.php\/wp-json\/wp\/v2\/categories?post=162172"},{"taxonomy":"post_tag","embeddable":true,"href":"https:\/\/www.gaveanews.com\/index.php\/wp-json\/wp\/v2\/tags?post=162172"}],"curies":[{"name":"wp","href":"https:\/\/api.w.org\/{rel}","templated":true}]}}