{"id":162212,"date":"2024-08-29T10:30:00","date_gmt":"2024-08-29T13:30:00","guid":{"rendered":"https:\/\/www.gaveanews.com\/?p=162212"},"modified":"2024-08-28T22:52:44","modified_gmt":"2024-08-29T01:52:44","slug":"carlo-ancelotti-manda-recado-para-reinier-jesus-sobre-o-seu-futuro","status":"publish","type":"post","link":"https:\/\/www.gaveanews.com\/index.php\/2024\/08\/29\/carlo-ancelotti-manda-recado-para-reinier-jesus-sobre-o-seu-futuro\/","title":{"rendered":"Carlo Ancelotti manda recado para Reinier Jesus sobre o seu futuro"},"content":{"rendered":"\n<h2 class=\"wp-block-heading\" id=\"h-tecnico-do-real-madrid-fala-do-futuro-incerto-do-atacante-no-clube\">T\u00e9cnico do Real Madrid fala do futuro incerto do atacante no clube<\/h2>\n\n\n\n<p>Carlo Ancelotti, t\u00e9cnico do Real Madrid, foi direto ao comentar sobre a situa\u00e7\u00e3o de Reinier, jovem meia-atacante que chegou ao clube merengue em 2020. Sem espa\u00e7o no elenco principal, o brasileiro, ex-Flamengo, deve ser emprestado pela quarta vez, com o Norwich surgindo como poss\u00edvel destino.<\/p>\n\n\n\n<ul class=\"wp-block-list\">\n<li><a href=\"https:\/\/www.gaveanews.com\/index.php\/2024\/08\/26\/palmeiras-fatura-milhoes-com-o-gol-de-endrick-pelo-real-madrid\/\">Palmeiras fatura milh\u00f5es com o gol de Endrick pelo Real Madrid<\/a><\/li>\n\n\n\n<li><a href=\"https:\/\/www.gaveanews.com\/index.php\/2024\/08\/28\/cristiano-ronaldo-ganhara-premio-da-uefa\/\">Cristiano Ronaldo ganhar\u00e1 pr\u00eamio da UEFA<\/a><\/li>\n<\/ul>\n\n\n\n<p>Reinier, campe\u00e3o ol\u00edmpico com a Sele\u00e7\u00e3o Brasileira em T\u00f3quio-2020, voltou ao Real Madrid no in\u00edcio de julho e teve uma pr\u00e9-temporada positiva. Ele aproveitou a aus\u00eancia de jogadores que estavam na Copa Am\u00e9rica e na Eurocopa para mostrar seu talento, marcando gols tanto no time principal quanto no Castilla, equipe B do clube. <\/p>\n\n\n\n<p>No entanto, o retorno de jogadores mais experientes e a chegada de novos talentos como Kylian Mbapp\u00e9 e Endrick limitaram suas oportunidades no time principal. Ancelotti deixou claro que, para Reinier, o melhor caminho seria encontrar um clube onde possa atuar com mais frequ\u00eancia e desenvolver suas habilidades. <\/p>\n\n\n\n<p>&#8220;Ao jogador de futebol recomendo procurar um time em que possa mostrar suas qualidades. Simplesmente\u201d, afirmou.<\/p>\n\n\n\n<p>Desde sua chegada ao Real Madrid, Reinier foi emprestado para clubes como Borussia Dortmund, Girona e, na \u00faltima temporada, Frosinone. Com 22 anos e um futuro ainda incerto no clube espanhol, a expectativa \u00e9 que o pr\u00f3ximo empr\u00e9stimo seja uma chance crucial para o jogador mostrar seu potencial e, quem sabe, definir de vez sua trajet\u00f3ria no futebol europeu.<\/p>\n\n\n\n<p>Enquanto isso, o Real Madrid se prepara para seu pr\u00f3ximo desafio na La Liga, enfrentando o Las Palmas nesta quinta-feira, em busca de mais uma vit\u00f3ria no Campeonato Espanhol.<\/p>\n","protected":false},"excerpt":{"rendered":"<p>T\u00e9cnico do Real Madrid fala do futuro incerto do atacante no clube Carlo Ancelotti, t\u00e9cnico do Real Madrid, foi direto ao comentar sobre a situa\u00e7\u00e3o de Reinier, jovem meia-atacante que chegou ao clube merengue em 2020. Sem espa\u00e7o no elenco principal, o brasileiro, ex-Flamengo, deve ser emprestado pela quarta vez, com o Norwich surgindo como [&hellip;]<\/p>\n","protected":false},"author":20,"featured_media":158607,"comment_status":"open","ping_status":"closed","sticky":false,"template":"","format":"standard","meta":{"footnotes":""},"categories":[1,88],"tags":[],"class_list":["post-162212","post","type-post","status-publish","format-standard","has-post-thumbnail","hentry","category-flamengo","category-real-madrid"],"yoast_head":"<!-- This site is optimized with the Yoast SEO Premium plugin v24.2 (Yoast SEO v26.9) - https:\/\/yoast.com\/product\/yoast-seo-premium-wordpress\/ -->\n<title>Carlo Ancelotti manda recado para Reinier Jesus sobre o seu futuro<\/title>\n<meta name=\"robots\" content=\"index, follow, max-snippet:-1, max-image-preview:large, max-video-preview:-1\" \/>\n<link rel=\"canonical\" href=\"https:\/\/www.gaveanews.com\/index.php\/2024\/08\/29\/carlo-ancelotti-manda-recado-para-reinier-jesus-sobre-o-seu-futuro\/\" \/>\n<meta property=\"og:locale\" content=\"pt_BR\" \/>\n<meta property=\"og:type\" content=\"article\" \/>\n<meta property=\"og:title\" content=\"Carlo Ancelotti manda recado para Reinier Jesus sobre o seu futuro\" \/>\n<meta property=\"og:description\" content=\"T\u00e9cnico do Real Madrid fala do futuro incerto do atacante no clube Carlo Ancelotti, t\u00e9cnico do Real Madrid, foi direto ao comentar sobre a situa\u00e7\u00e3o de Reinier, jovem meia-atacante que chegou ao clube merengue em 2020. Sem espa\u00e7o no elenco principal, o brasileiro, ex-Flamengo, deve ser emprestado pela quarta vez, com o Norwich surgindo como [&hellip;]\" \/>\n<meta property=\"og:url\" content=\"https:\/\/www.gaveanews.com\/index.php\/2024\/08\/29\/carlo-ancelotti-manda-recado-para-reinier-jesus-sobre-o-seu-futuro\/\" \/>\n<meta property=\"og:site_name\" content=\"G\u00e1vea News\" \/>\n<meta property=\"article:publisher\" content=\"https:\/\/facebook.com\/gaveaNews\/\" \/>\n<meta property=\"article:published_time\" content=\"2024-08-29T13:30:00+00:00\" \/>\n<meta property=\"og:image\" content=\"https:\/\/www.gaveanews.com\/wp-content\/uploads\/Reinier-em-acao-pelo-Real-Madrid.webp\" \/>\n\t<meta property=\"og:image:width\" content=\"1200\" \/>\n\t<meta property=\"og:image:height\" content=\"793\" \/>\n\t<meta property=\"og:image:type\" content=\"image\/webp\" \/>\n<meta name=\"author\" content=\"Lucas Barros\" \/>\n<meta name=\"twitter:card\" content=\"summary_large_image\" \/>\n<meta name=\"twitter:label1\" content=\"Escrito por\" \/>\n\t<meta name=\"twitter:data1\" content=\"Lucas Barros\" \/>\n\t<meta name=\"twitter:label2\" content=\"Est. tempo de leitura\" \/>\n\t<meta name=\"twitter:data2\" content=\"2 minutos\" \/>\n<script type=\"application\/ld+json\" class=\"yoast-schema-graph\">{\"@context\":\"https:\/\/schema.org\",\"@graph\":[{\"@type\":\"NewsArticle\",\"@id\":\"https:\/\/www.gaveanews.com\/index.php\/2024\/08\/29\/carlo-ancelotti-manda-recado-para-reinier-jesus-sobre-o-seu-futuro\/#article\",\"isPartOf\":{\"@id\":\"https:\/\/www.gaveanews.com\/index.php\/2024\/08\/29\/carlo-ancelotti-manda-recado-para-reinier-jesus-sobre-o-seu-futuro\/\"},\"author\":{\"name\":\"Lucas Barros\",\"@id\":\"https:\/\/www.gaveanews.com\/#\/schema\/person\/2abf0cfa878f5f899daa5f781e82264c\"},\"headline\":\"Carlo Ancelotti manda recado para Reinier Jesus sobre o seu futuro\",\"datePublished\":\"2024-08-29T13:30:00+00:00\",\"mainEntityOfPage\":{\"@id\":\"https:\/\/www.gaveanews.com\/index.php\/2024\/08\/29\/carlo-ancelotti-manda-recado-para-reinier-jesus-sobre-o-seu-futuro\/\"},\"wordCount\":308,\"commentCount\":0,\"image\":{\"@id\":\"https:\/\/www.gaveanews.com\/index.php\/2024\/08\/29\/carlo-ancelotti-manda-recado-para-reinier-jesus-sobre-o-seu-futuro\/#primaryimage\"},\"thumbnailUrl\":\"https:\/\/www.gaveanews.com\/wp-content\/uploads\/Reinier-em-acao-pelo-Real-Madrid.webp\",\"articleSection\":[\"Flamengo\",\"Real Madrid\"],\"inLanguage\":\"pt-BR\",\"potentialAction\":[{\"@type\":\"CommentAction\",\"name\":\"Comment\",\"target\":[\"https:\/\/www.gaveanews.com\/index.php\/2024\/08\/29\/carlo-ancelotti-manda-recado-para-reinier-jesus-sobre-o-seu-futuro\/#respond\"]}],\"copyrightYear\":\"2024\",\"copyrightHolder\":{\"@id\":\"https:\/\/www.gaveanews.com\/#organization\"}},{\"@type\":\"WebPage\",\"@id\":\"https:\/\/www.gaveanews.com\/index.php\/2024\/08\/29\/carlo-ancelotti-manda-recado-para-reinier-jesus-sobre-o-seu-futuro\/\",\"url\":\"https:\/\/www.gaveanews.com\/index.php\/2024\/08\/29\/carlo-ancelotti-manda-recado-para-reinier-jesus-sobre-o-seu-futuro\/\",\"name\":\"Carlo Ancelotti manda recado para Reinier Jesus sobre o seu futuro\",\"isPartOf\":{\"@id\":\"https:\/\/www.gaveanews.com\/#website\"},\"primaryImageOfPage\":{\"@id\":\"https:\/\/www.gaveanews.com\/index.php\/2024\/08\/29\/carlo-ancelotti-manda-recado-para-reinier-jesus-sobre-o-seu-futuro\/#primaryimage\"},\"image\":{\"@id\":\"https:\/\/www.gaveanews.com\/index.php\/2024\/08\/29\/carlo-ancelotti-manda-recado-para-reinier-jesus-sobre-o-seu-futuro\/#primaryimage\"},\"thumbnailUrl\":\"https:\/\/www.gaveanews.com\/wp-content\/uploads\/Reinier-em-acao-pelo-Real-Madrid.webp\",\"datePublished\":\"2024-08-29T13:30:00+00:00\",\"author\":{\"@id\":\"https:\/\/www.gaveanews.com\/#\/schema\/person\/2abf0cfa878f5f899daa5f781e82264c\"},\"breadcrumb\":{\"@id\":\"https:\/\/www.gaveanews.com\/index.php\/2024\/08\/29\/carlo-ancelotti-manda-recado-para-reinier-jesus-sobre-o-seu-futuro\/#breadcrumb\"},\"inLanguage\":\"pt-BR\",\"potentialAction\":[{\"@type\":\"ReadAction\",\"target\":[\"https:\/\/www.gaveanews.com\/index.php\/2024\/08\/29\/carlo-ancelotti-manda-recado-para-reinier-jesus-sobre-o-seu-futuro\/\"]}]},{\"@type\":\"ImageObject\",\"inLanguage\":\"pt-BR\",\"@id\":\"https:\/\/www.gaveanews.com\/index.php\/2024\/08\/29\/carlo-ancelotti-manda-recado-para-reinier-jesus-sobre-o-seu-futuro\/#primaryimage\",\"url\":\"https:\/\/www.gaveanews.com\/wp-content\/uploads\/Reinier-em-acao-pelo-Real-Madrid.webp\",\"contentUrl\":\"https:\/\/www.gaveanews.com\/wp-content\/uploads\/Reinier-em-acao-pelo-Real-Madrid.webp\",\"width\":1200,\"height\":793,\"caption\":\"Reinier em a\u00e7\u00e3o pelo Real Madrid (Foto: Divulga\u00e7\u00e3o\/Real Madrid)\"},{\"@type\":\"BreadcrumbList\",\"@id\":\"https:\/\/www.gaveanews.com\/index.php\/2024\/08\/29\/carlo-ancelotti-manda-recado-para-reinier-jesus-sobre-o-seu-futuro\/#breadcrumb\",\"itemListElement\":[{\"@type\":\"ListItem\",\"position\":1,\"name\":\"Home\",\"item\":\"https:\/\/www.gaveanews.com\/\"},{\"@type\":\"ListItem\",\"position\":2,\"name\":\"Carlo Ancelotti manda recado para Reinier Jesus sobre o seu futuro\"}]},{\"@type\":\"WebSite\",\"@id\":\"https:\/\/www.gaveanews.com\/#website\",\"url\":\"https:\/\/www.gaveanews.com\/\",\"name\":\"G\u00e1vea News\",\"description\":\"Veja todas as not\u00edcias sobre o Flamengo: Contrata\u00e7\u00f5es, categorias de base, resultados das partidas, tabela de classifica\u00e7\u00e3o, pr\u00f3ximos jogos!\",\"potentialAction\":[{\"@type\":\"SearchAction\",\"target\":{\"@type\":\"EntryPoint\",\"urlTemplate\":\"https:\/\/www.gaveanews.com\/?s={search_term_string}\"},\"query-input\":{\"@type\":\"PropertyValueSpecification\",\"valueRequired\":true,\"valueName\":\"search_term_string\"}}],\"inLanguage\":\"pt-BR\"},{\"@type\":\"Person\",\"@id\":\"https:\/\/www.gaveanews.com\/#\/schema\/person\/2abf0cfa878f5f899daa5f781e82264c\",\"name\":\"Lucas Barros\",\"image\":{\"@type\":\"ImageObject\",\"inLanguage\":\"pt-BR\",\"@id\":\"https:\/\/www.gaveanews.com\/#\/schema\/person\/image\/\",\"url\":\"https:\/\/secure.gravatar.com\/avatar\/67a6069eba66bf6fd7c80b70e1331baa3dbc3d6df5012d5c22eff29c7d59e0b0?s=96&d=mm&r=g\",\"contentUrl\":\"https:\/\/secure.gravatar.com\/avatar\/67a6069eba66bf6fd7c80b70e1331baa3dbc3d6df5012d5c22eff29c7d59e0b0?s=96&d=mm&r=g\",\"caption\":\"Lucas Barros\"}}]}<\/script>\n<!-- \/ Yoast SEO Premium plugin. -->","yoast_head_json":{"title":"Carlo Ancelotti manda recado para Reinier Jesus sobre o seu futuro","robots":{"index":"index","follow":"follow","max-snippet":"max-snippet:-1","max-image-preview":"max-image-preview:large","max-video-preview":"max-video-preview:-1"},"canonical":"https:\/\/www.gaveanews.com\/index.php\/2024\/08\/29\/carlo-ancelotti-manda-recado-para-reinier-jesus-sobre-o-seu-futuro\/","og_locale":"pt_BR","og_type":"article","og_title":"Carlo Ancelotti manda recado para Reinier Jesus sobre o seu futuro","og_description":"T\u00e9cnico do Real Madrid fala do futuro incerto do atacante no clube Carlo Ancelotti, t\u00e9cnico do Real Madrid, foi direto ao comentar sobre a situa\u00e7\u00e3o de Reinier, jovem meia-atacante que chegou ao clube merengue em 2020. Sem espa\u00e7o no elenco principal, o brasileiro, ex-Flamengo, deve ser emprestado pela quarta vez, com o Norwich surgindo como [&hellip;]","og_url":"https:\/\/www.gaveanews.com\/index.php\/2024\/08\/29\/carlo-ancelotti-manda-recado-para-reinier-jesus-sobre-o-seu-futuro\/","og_site_name":"G\u00e1vea News","article_publisher":"https:\/\/facebook.com\/gaveaNews\/","article_published_time":"2024-08-29T13:30:00+00:00","og_image":[{"width":1200,"height":793,"url":"https:\/\/www.gaveanews.com\/wp-content\/uploads\/Reinier-em-acao-pelo-Real-Madrid.webp","type":"image\/webp"}],"author":"Lucas Barros","twitter_card":"summary_large_image","twitter_misc":{"Escrito por":"Lucas Barros","Est. tempo de leitura":"2 minutos"},"schema":{"@context":"https:\/\/schema.org","@graph":[{"@type":"NewsArticle","@id":"https:\/\/www.gaveanews.com\/index.php\/2024\/08\/29\/carlo-ancelotti-manda-recado-para-reinier-jesus-sobre-o-seu-futuro\/#article","isPartOf":{"@id":"https:\/\/www.gaveanews.com\/index.php\/2024\/08\/29\/carlo-ancelotti-manda-recado-para-reinier-jesus-sobre-o-seu-futuro\/"},"author":{"name":"Lucas Barros","@id":"https:\/\/www.gaveanews.com\/#\/schema\/person\/2abf0cfa878f5f899daa5f781e82264c"},"headline":"Carlo Ancelotti manda recado para Reinier Jesus sobre o seu futuro","datePublished":"2024-08-29T13:30:00+00:00","mainEntityOfPage":{"@id":"https:\/\/www.gaveanews.com\/index.php\/2024\/08\/29\/carlo-ancelotti-manda-recado-para-reinier-jesus-sobre-o-seu-futuro\/"},"wordCount":308,"commentCount":0,"image":{"@id":"https:\/\/www.gaveanews.com\/index.php\/2024\/08\/29\/carlo-ancelotti-manda-recado-para-reinier-jesus-sobre-o-seu-futuro\/#primaryimage"},"thumbnailUrl":"https:\/\/www.gaveanews.com\/wp-content\/uploads\/Reinier-em-acao-pelo-Real-Madrid.webp","articleSection":["Flamengo","Real Madrid"],"inLanguage":"pt-BR","potentialAction":[{"@type":"CommentAction","name":"Comment","target":["https:\/\/www.gaveanews.com\/index.php\/2024\/08\/29\/carlo-ancelotti-manda-recado-para-reinier-jesus-sobre-o-seu-futuro\/#respond"]}],"copyrightYear":"2024","copyrightHolder":{"@id":"https:\/\/www.gaveanews.com\/#organization"}},{"@type":"WebPage","@id":"https:\/\/www.gaveanews.com\/index.php\/2024\/08\/29\/carlo-ancelotti-manda-recado-para-reinier-jesus-sobre-o-seu-futuro\/","url":"https:\/\/www.gaveanews.com\/index.php\/2024\/08\/29\/carlo-ancelotti-manda-recado-para-reinier-jesus-sobre-o-seu-futuro\/","name":"Carlo Ancelotti manda recado para Reinier Jesus sobre o seu futuro","isPartOf":{"@id":"https:\/\/www.gaveanews.com\/#website"},"primaryImageOfPage":{"@id":"https:\/\/www.gaveanews.com\/index.php\/2024\/08\/29\/carlo-ancelotti-manda-recado-para-reinier-jesus-sobre-o-seu-futuro\/#primaryimage"},"image":{"@id":"https:\/\/www.gaveanews.com\/index.php\/2024\/08\/29\/carlo-ancelotti-manda-recado-para-reinier-jesus-sobre-o-seu-futuro\/#primaryimage"},"thumbnailUrl":"https:\/\/www.gaveanews.com\/wp-content\/uploads\/Reinier-em-acao-pelo-Real-Madrid.webp","datePublished":"2024-08-29T13:30:00+00:00","author":{"@id":"https:\/\/www.gaveanews.com\/#\/schema\/person\/2abf0cfa878f5f899daa5f781e82264c"},"breadcrumb":{"@id":"https:\/\/www.gaveanews.com\/index.php\/2024\/08\/29\/carlo-ancelotti-manda-recado-para-reinier-jesus-sobre-o-seu-futuro\/#breadcrumb"},"inLanguage":"pt-BR","potentialAction":[{"@type":"ReadAction","target":["https:\/\/www.gaveanews.com\/index.php\/2024\/08\/29\/carlo-ancelotti-manda-recado-para-reinier-jesus-sobre-o-seu-futuro\/"]}]},{"@type":"ImageObject","inLanguage":"pt-BR","@id":"https:\/\/www.gaveanews.com\/index.php\/2024\/08\/29\/carlo-ancelotti-manda-recado-para-reinier-jesus-sobre-o-seu-futuro\/#primaryimage","url":"https:\/\/www.gaveanews.com\/wp-content\/uploads\/Reinier-em-acao-pelo-Real-Madrid.webp","contentUrl":"https:\/\/www.gaveanews.com\/wp-content\/uploads\/Reinier-em-acao-pelo-Real-Madrid.webp","width":1200,"height":793,"caption":"Reinier em a\u00e7\u00e3o pelo Real Madrid (Foto: Divulga\u00e7\u00e3o\/Real Madrid)"},{"@type":"BreadcrumbList","@id":"https:\/\/www.gaveanews.com\/index.php\/2024\/08\/29\/carlo-ancelotti-manda-recado-para-reinier-jesus-sobre-o-seu-futuro\/#breadcrumb","itemListElement":[{"@type":"ListItem","position":1,"name":"Home","item":"https:\/\/www.gaveanews.com\/"},{"@type":"ListItem","position":2,"name":"Carlo Ancelotti manda recado para Reinier Jesus sobre o seu futuro"}]},{"@type":"WebSite","@id":"https:\/\/www.gaveanews.com\/#website","url":"https:\/\/www.gaveanews.com\/","name":"G\u00e1vea News","description":"Veja todas as not\u00edcias sobre o Flamengo: Contrata\u00e7\u00f5es, categorias de base, resultados das partidas, tabela de classifica\u00e7\u00e3o, pr\u00f3ximos jogos!","potentialAction":[{"@type":"SearchAction","target":{"@type":"EntryPoint","urlTemplate":"https:\/\/www.gaveanews.com\/?s={search_term_string}"},"query-input":{"@type":"PropertyValueSpecification","valueRequired":true,"valueName":"search_term_string"}}],"inLanguage":"pt-BR"},{"@type":"Person","@id":"https:\/\/www.gaveanews.com\/#\/schema\/person\/2abf0cfa878f5f899daa5f781e82264c","name":"Lucas Barros","image":{"@type":"ImageObject","inLanguage":"pt-BR","@id":"https:\/\/www.gaveanews.com\/#\/schema\/person\/image\/","url":"https:\/\/secure.gravatar.com\/avatar\/67a6069eba66bf6fd7c80b70e1331baa3dbc3d6df5012d5c22eff29c7d59e0b0?s=96&d=mm&r=g","contentUrl":"https:\/\/secure.gravatar.com\/avatar\/67a6069eba66bf6fd7c80b70e1331baa3dbc3d6df5012d5c22eff29c7d59e0b0?s=96&d=mm&r=g","caption":"Lucas Barros"}}]}},"_links":{"self":[{"href":"https:\/\/www.gaveanews.com\/index.php\/wp-json\/wp\/v2\/posts\/162212","targetHints":{"allow":["GET"]}}],"collection":[{"href":"https:\/\/www.gaveanews.com\/index.php\/wp-json\/wp\/v2\/posts"}],"about":[{"href":"https:\/\/www.gaveanews.com\/index.php\/wp-json\/wp\/v2\/types\/post"}],"author":[{"embeddable":true,"href":"https:\/\/www.gaveanews.com\/index.php\/wp-json\/wp\/v2\/users\/20"}],"replies":[{"embeddable":true,"href":"https:\/\/www.gaveanews.com\/index.php\/wp-json\/wp\/v2\/comments?post=162212"}],"version-history":[{"count":2,"href":"https:\/\/www.gaveanews.com\/index.php\/wp-json\/wp\/v2\/posts\/162212\/revisions"}],"predecessor-version":[{"id":162219,"href":"https:\/\/www.gaveanews.com\/index.php\/wp-json\/wp\/v2\/posts\/162212\/revisions\/162219"}],"wp:featuredmedia":[{"embeddable":true,"href":"https:\/\/www.gaveanews.com\/index.php\/wp-json\/wp\/v2\/media\/158607"}],"wp:attachment":[{"href":"https:\/\/www.gaveanews.com\/index.php\/wp-json\/wp\/v2\/media?parent=162212"}],"wp:term":[{"taxonomy":"category","embeddable":true,"href":"https:\/\/www.gaveanews.com\/index.php\/wp-json\/wp\/v2\/categories?post=162212"},{"taxonomy":"post_tag","embeddable":true,"href":"https:\/\/www.gaveanews.com\/index.php\/wp-json\/wp\/v2\/tags?post=162212"}],"curies":[{"name":"wp","href":"https:\/\/api.w.org\/{rel}","templated":true}]}}