{"id":162273,"date":"2024-08-29T05:00:00","date_gmt":"2024-08-29T08:00:00","guid":{"rendered":"https:\/\/www.gaveanews.com\/?p=162273"},"modified":"2024-08-29T04:59:01","modified_gmt":"2024-08-29T07:59:01","slug":"fluminense-x-sao-paulo-mano-menezes-tera-reforcos","status":"publish","type":"post","link":"https:\/\/www.gaveanews.com\/index.php\/2024\/08\/29\/fluminense-x-sao-paulo-mano-menezes-tera-reforcos\/","title":{"rendered":"Fluminense x S\u00e3o Paulo: Mano Menezes ter\u00e1 refor\u00e7os"},"content":{"rendered":"\n<h2 class=\"wp-block-heading\" id=\"h-cano-e-marcelo-voltam-a-treinar-sem-limitacoes-e-podem-reforcar-o-fluminense-contra-o-sao-paulo\">Cano e Marcelo voltam a treinar sem limita\u00e7\u00f5es e podem refor\u00e7ar o Fluminense contra o S\u00e3o Paulo<\/h2>\n\n\n\n<p>A torcida do Fluminense recebeu boas not\u00edcias na manh\u00e3 desta quarta-feira. O atacante Cano e o lateral-esquerdo Marcelo, que estavam afastados devido a les\u00f5es, voltaram a treinar sem limita\u00e7\u00f5es no CT Carlos Castilho. A expectativa agora \u00e9 se ambos estar\u00e3o dispon\u00edveis para o jogo contra o S\u00e3o Paulo, neste domingo, \u00e0s 18h30 (de Bras\u00edlia), no Maracan\u00e3.<\/p>\n\n\n\n<ul class=\"wp-block-list\">\n<li><a href=\"https:\/\/www.gaveanews.com\/index.php\/2024\/08\/28\/fluminense-vai-faturar-caminhao-de-dinheiro-com-andre-veja-valores\/\">Fluminense vai faturar caminh\u00e3o de dinheiro com Andr\u00e9; veja valores<\/a><\/li>\n\n\n\n<li><a href=\"https:\/\/www.gaveanews.com\/index.php\/2024\/08\/28\/atacante-retorna-ao-fluminense-e-ja-esta-a-disposicao-de-mano-menezes\/\">Atacante retorna ao Fluminense e j\u00e1 est\u00e1 a disposi\u00e7\u00e3o de Mano Menezes<\/a><\/li>\n<\/ul>\n\n\n\n<p>Cano estava fora dos gramados h\u00e1 nove jogos por conta de uma les\u00e3o no p\u00e9 direito, n\u00e3o atuando desde a vit\u00f3ria por 1 a 0 sobre o Palmeiras, no dia 24 de julho. J\u00e1 Marcelo desfalcou a equipe em cinco partidas consecutivas devido a um problema na perna direita, sendo sua \u00faltima participa\u00e7\u00e3o em campo no empate por 2 a 2 contra o Juventude, em 7 de agosto.<\/p>\n\n\n\n<p>O t\u00e9cnico Mano Menezes ainda ter\u00e1 mais tr\u00eas sess\u00f5es de treinamento para avaliar as condi\u00e7\u00f5es f\u00edsicas da dupla e decidir se poder\u00e1 contar com eles no fim de semana. A participa\u00e7\u00e3o de Cano e Marcelo nas atividades ao longo da semana ser\u00e1 determinante para a poss\u00edvel escala\u00e7\u00e3o dos dois no confronto contra o S\u00e3o Paulo.<\/p>\n\n\n\n<p>Al\u00e9m de Cano e Marcelo, o volante Nonato, que foi desfalque na vit\u00f3ria por 2 a 0 sobre o Atl\u00e9tico-MG, no \u00faltimo s\u00e1bado, por conta de uma indisposi\u00e7\u00e3o estomacal, tamb\u00e9m participou do treino desta quarta-feira, mostrando que est\u00e1 recuperado e \u00e0 disposi\u00e7\u00e3o para o pr\u00f3ximo jogo.<\/p>\n\n\n\n<p>Por outro lado, o Fluminense ter\u00e1 algumas baixas importantes para o confronto. O atacante Lel\u00ea, o zagueiro Ign\u00e1cio e o lateral-esquerdo Diogo Barbosa passaram por cirurgia no joelho e ainda n\u00e3o t\u00eam previs\u00e3o de retorno. Renato Augusto, que est\u00e1 em transi\u00e7\u00e3o f\u00edsica, tamb\u00e9m \u00e9 d\u00favida para o jogo.<\/p>\n\n\n\n<p>Diante disso, uma prov\u00e1vel escala\u00e7\u00e3o do Fluminense para o duelo contra o S\u00e3o Paulo inclui F\u00e1bio; Guga, Thiago Silva, Felipe Melo e Esquerdinha (ou Marcelo, caso esteja apto); Andr\u00e9, Martinelli, Ganso e Arias; Kevin Serna, Jhon Arias e Kau\u00e3 Elias. O t\u00e9cnico Mano Menezes dever\u00e1 definir o time titular nos pr\u00f3ximos dias, de acordo com a evolu\u00e7\u00e3o dos jogadores durante os treinos.<\/p>\n","protected":false},"excerpt":{"rendered":"<p>Cano e Marcelo voltam a treinar sem limita\u00e7\u00f5es e podem refor\u00e7ar o Fluminense contra o S\u00e3o Paulo A torcida do Fluminense recebeu boas not\u00edcias na manh\u00e3 desta quarta-feira. O atacante Cano e o lateral-esquerdo Marcelo, que estavam afastados devido a les\u00f5es, voltaram a treinar sem limita\u00e7\u00f5es no CT Carlos Castilho. A expectativa agora \u00e9 se [&hellip;]<\/p>\n","protected":false},"author":20,"featured_media":150636,"comment_status":"open","ping_status":"closed","sticky":false,"template":"","format":"standard","meta":{"footnotes":""},"categories":[145],"tags":[],"class_list":["post-162273","post","type-post","status-publish","format-standard","has-post-thumbnail","hentry","category-fluminense"],"yoast_head":"<!-- This site is optimized with the Yoast SEO Premium plugin v24.2 (Yoast SEO v26.9) - https:\/\/yoast.com\/product\/yoast-seo-premium-wordpress\/ -->\n<title>Fluminense x S\u00e3o Paulo: Mano Menezes ter\u00e1 refor\u00e7os<\/title>\n<meta name=\"robots\" content=\"index, follow, max-snippet:-1, max-image-preview:large, max-video-preview:-1\" \/>\n<link rel=\"canonical\" href=\"https:\/\/www.gaveanews.com\/index.php\/2024\/08\/29\/fluminense-x-sao-paulo-mano-menezes-tera-reforcos\/\" \/>\n<meta property=\"og:locale\" content=\"pt_BR\" \/>\n<meta property=\"og:type\" content=\"article\" \/>\n<meta property=\"og:title\" content=\"Fluminense x S\u00e3o Paulo: Mano Menezes ter\u00e1 refor\u00e7os\" \/>\n<meta property=\"og:description\" content=\"Cano e Marcelo voltam a treinar sem limita\u00e7\u00f5es e podem refor\u00e7ar o Fluminense contra o S\u00e3o Paulo A torcida do Fluminense recebeu boas not\u00edcias na manh\u00e3 desta quarta-feira. O atacante Cano e o lateral-esquerdo Marcelo, que estavam afastados devido a les\u00f5es, voltaram a treinar sem limita\u00e7\u00f5es no CT Carlos Castilho. A expectativa agora \u00e9 se [&hellip;]\" \/>\n<meta property=\"og:url\" content=\"https:\/\/www.gaveanews.com\/index.php\/2024\/08\/29\/fluminense-x-sao-paulo-mano-menezes-tera-reforcos\/\" \/>\n<meta property=\"og:site_name\" content=\"G\u00e1vea News\" \/>\n<meta property=\"article:publisher\" content=\"https:\/\/facebook.com\/gaveaNews\/\" \/>\n<meta property=\"article:published_time\" content=\"2024-08-29T08:00:00+00:00\" \/>\n<meta property=\"og:image\" content=\"https:\/\/www.gaveanews.com\/wp-content\/uploads\/image-2024-07-03T203303.359.webp\" \/>\n\t<meta property=\"og:image:width\" content=\"740\" \/>\n\t<meta property=\"og:image:height\" content=\"416\" \/>\n\t<meta property=\"og:image:type\" content=\"image\/webp\" \/>\n<meta name=\"author\" content=\"Lucas Barros\" \/>\n<meta name=\"twitter:card\" content=\"summary_large_image\" \/>\n<meta name=\"twitter:label1\" content=\"Escrito por\" \/>\n\t<meta name=\"twitter:data1\" content=\"Lucas Barros\" \/>\n\t<meta name=\"twitter:label2\" content=\"Est. tempo de leitura\" \/>\n\t<meta name=\"twitter:data2\" content=\"3 minutos\" \/>\n<script type=\"application\/ld+json\" class=\"yoast-schema-graph\">{\"@context\":\"https:\/\/schema.org\",\"@graph\":[{\"@type\":\"NewsArticle\",\"@id\":\"https:\/\/www.gaveanews.com\/index.php\/2024\/08\/29\/fluminense-x-sao-paulo-mano-menezes-tera-reforcos\/#article\",\"isPartOf\":{\"@id\":\"https:\/\/www.gaveanews.com\/index.php\/2024\/08\/29\/fluminense-x-sao-paulo-mano-menezes-tera-reforcos\/\"},\"author\":{\"name\":\"Lucas Barros\",\"@id\":\"https:\/\/www.gaveanews.com\/#\/schema\/person\/2abf0cfa878f5f899daa5f781e82264c\"},\"headline\":\"Fluminense x S\u00e3o Paulo: Mano Menezes ter\u00e1 refor\u00e7os\",\"datePublished\":\"2024-08-29T08:00:00+00:00\",\"mainEntityOfPage\":{\"@id\":\"https:\/\/www.gaveanews.com\/index.php\/2024\/08\/29\/fluminense-x-sao-paulo-mano-menezes-tera-reforcos\/\"},\"wordCount\":421,\"commentCount\":0,\"image\":{\"@id\":\"https:\/\/www.gaveanews.com\/index.php\/2024\/08\/29\/fluminense-x-sao-paulo-mano-menezes-tera-reforcos\/#primaryimage\"},\"thumbnailUrl\":\"https:\/\/www.gaveanews.com\/wp-content\/uploads\/image-2024-07-03T203303.359.webp\",\"articleSection\":[\"Fluminense\"],\"inLanguage\":\"pt-BR\",\"potentialAction\":[{\"@type\":\"CommentAction\",\"name\":\"Comment\",\"target\":[\"https:\/\/www.gaveanews.com\/index.php\/2024\/08\/29\/fluminense-x-sao-paulo-mano-menezes-tera-reforcos\/#respond\"]}],\"copyrightYear\":\"2024\",\"copyrightHolder\":{\"@id\":\"https:\/\/www.gaveanews.com\/#organization\"}},{\"@type\":\"WebPage\",\"@id\":\"https:\/\/www.gaveanews.com\/index.php\/2024\/08\/29\/fluminense-x-sao-paulo-mano-menezes-tera-reforcos\/\",\"url\":\"https:\/\/www.gaveanews.com\/index.php\/2024\/08\/29\/fluminense-x-sao-paulo-mano-menezes-tera-reforcos\/\",\"name\":\"Fluminense x S\u00e3o Paulo: Mano Menezes ter\u00e1 refor\u00e7os\",\"isPartOf\":{\"@id\":\"https:\/\/www.gaveanews.com\/#website\"},\"primaryImageOfPage\":{\"@id\":\"https:\/\/www.gaveanews.com\/index.php\/2024\/08\/29\/fluminense-x-sao-paulo-mano-menezes-tera-reforcos\/#primaryimage\"},\"image\":{\"@id\":\"https:\/\/www.gaveanews.com\/index.php\/2024\/08\/29\/fluminense-x-sao-paulo-mano-menezes-tera-reforcos\/#primaryimage\"},\"thumbnailUrl\":\"https:\/\/www.gaveanews.com\/wp-content\/uploads\/image-2024-07-03T203303.359.webp\",\"datePublished\":\"2024-08-29T08:00:00+00:00\",\"author\":{\"@id\":\"https:\/\/www.gaveanews.com\/#\/schema\/person\/2abf0cfa878f5f899daa5f781e82264c\"},\"breadcrumb\":{\"@id\":\"https:\/\/www.gaveanews.com\/index.php\/2024\/08\/29\/fluminense-x-sao-paulo-mano-menezes-tera-reforcos\/#breadcrumb\"},\"inLanguage\":\"pt-BR\",\"potentialAction\":[{\"@type\":\"ReadAction\",\"target\":[\"https:\/\/www.gaveanews.com\/index.php\/2024\/08\/29\/fluminense-x-sao-paulo-mano-menezes-tera-reforcos\/\"]}]},{\"@type\":\"ImageObject\",\"inLanguage\":\"pt-BR\",\"@id\":\"https:\/\/www.gaveanews.com\/index.php\/2024\/08\/29\/fluminense-x-sao-paulo-mano-menezes-tera-reforcos\/#primaryimage\",\"url\":\"https:\/\/www.gaveanews.com\/wp-content\/uploads\/image-2024-07-03T203303.359.webp\",\"contentUrl\":\"https:\/\/www.gaveanews.com\/wp-content\/uploads\/image-2024-07-03T203303.359.webp\",\"width\":740,\"height\":416,\"caption\":\"Mano Menezes, t\u00e9cnico do Fluminense. Foto: Marcelo Gon\u00e7alves\/Fluminense\"},{\"@type\":\"BreadcrumbList\",\"@id\":\"https:\/\/www.gaveanews.com\/index.php\/2024\/08\/29\/fluminense-x-sao-paulo-mano-menezes-tera-reforcos\/#breadcrumb\",\"itemListElement\":[{\"@type\":\"ListItem\",\"position\":1,\"name\":\"Home\",\"item\":\"https:\/\/www.gaveanews.com\/\"},{\"@type\":\"ListItem\",\"position\":2,\"name\":\"Fluminense x S\u00e3o Paulo: Mano Menezes ter\u00e1 refor\u00e7os\"}]},{\"@type\":\"WebSite\",\"@id\":\"https:\/\/www.gaveanews.com\/#website\",\"url\":\"https:\/\/www.gaveanews.com\/\",\"name\":\"G\u00e1vea News\",\"description\":\"Veja todas as not\u00edcias sobre o Flamengo: Contrata\u00e7\u00f5es, categorias de base, resultados das partidas, tabela de classifica\u00e7\u00e3o, pr\u00f3ximos jogos!\",\"potentialAction\":[{\"@type\":\"SearchAction\",\"target\":{\"@type\":\"EntryPoint\",\"urlTemplate\":\"https:\/\/www.gaveanews.com\/?s={search_term_string}\"},\"query-input\":{\"@type\":\"PropertyValueSpecification\",\"valueRequired\":true,\"valueName\":\"search_term_string\"}}],\"inLanguage\":\"pt-BR\"},{\"@type\":\"Person\",\"@id\":\"https:\/\/www.gaveanews.com\/#\/schema\/person\/2abf0cfa878f5f899daa5f781e82264c\",\"name\":\"Lucas Barros\",\"image\":{\"@type\":\"ImageObject\",\"inLanguage\":\"pt-BR\",\"@id\":\"https:\/\/www.gaveanews.com\/#\/schema\/person\/image\/\",\"url\":\"https:\/\/secure.gravatar.com\/avatar\/67a6069eba66bf6fd7c80b70e1331baa3dbc3d6df5012d5c22eff29c7d59e0b0?s=96&d=mm&r=g\",\"contentUrl\":\"https:\/\/secure.gravatar.com\/avatar\/67a6069eba66bf6fd7c80b70e1331baa3dbc3d6df5012d5c22eff29c7d59e0b0?s=96&d=mm&r=g\",\"caption\":\"Lucas Barros\"}}]}<\/script>\n<!-- \/ Yoast SEO Premium plugin. -->","yoast_head_json":{"title":"Fluminense x S\u00e3o Paulo: Mano Menezes ter\u00e1 refor\u00e7os","robots":{"index":"index","follow":"follow","max-snippet":"max-snippet:-1","max-image-preview":"max-image-preview:large","max-video-preview":"max-video-preview:-1"},"canonical":"https:\/\/www.gaveanews.com\/index.php\/2024\/08\/29\/fluminense-x-sao-paulo-mano-menezes-tera-reforcos\/","og_locale":"pt_BR","og_type":"article","og_title":"Fluminense x S\u00e3o Paulo: Mano Menezes ter\u00e1 refor\u00e7os","og_description":"Cano e Marcelo voltam a treinar sem limita\u00e7\u00f5es e podem refor\u00e7ar o Fluminense contra o S\u00e3o Paulo A torcida do Fluminense recebeu boas not\u00edcias na manh\u00e3 desta quarta-feira. O atacante Cano e o lateral-esquerdo Marcelo, que estavam afastados devido a les\u00f5es, voltaram a treinar sem limita\u00e7\u00f5es no CT Carlos Castilho. A expectativa agora \u00e9 se [&hellip;]","og_url":"https:\/\/www.gaveanews.com\/index.php\/2024\/08\/29\/fluminense-x-sao-paulo-mano-menezes-tera-reforcos\/","og_site_name":"G\u00e1vea News","article_publisher":"https:\/\/facebook.com\/gaveaNews\/","article_published_time":"2024-08-29T08:00:00+00:00","og_image":[{"width":740,"height":416,"url":"https:\/\/www.gaveanews.com\/wp-content\/uploads\/image-2024-07-03T203303.359.webp","type":"image\/webp"}],"author":"Lucas Barros","twitter_card":"summary_large_image","twitter_misc":{"Escrito por":"Lucas Barros","Est. tempo de leitura":"3 minutos"},"schema":{"@context":"https:\/\/schema.org","@graph":[{"@type":"NewsArticle","@id":"https:\/\/www.gaveanews.com\/index.php\/2024\/08\/29\/fluminense-x-sao-paulo-mano-menezes-tera-reforcos\/#article","isPartOf":{"@id":"https:\/\/www.gaveanews.com\/index.php\/2024\/08\/29\/fluminense-x-sao-paulo-mano-menezes-tera-reforcos\/"},"author":{"name":"Lucas Barros","@id":"https:\/\/www.gaveanews.com\/#\/schema\/person\/2abf0cfa878f5f899daa5f781e82264c"},"headline":"Fluminense x S\u00e3o Paulo: Mano Menezes ter\u00e1 refor\u00e7os","datePublished":"2024-08-29T08:00:00+00:00","mainEntityOfPage":{"@id":"https:\/\/www.gaveanews.com\/index.php\/2024\/08\/29\/fluminense-x-sao-paulo-mano-menezes-tera-reforcos\/"},"wordCount":421,"commentCount":0,"image":{"@id":"https:\/\/www.gaveanews.com\/index.php\/2024\/08\/29\/fluminense-x-sao-paulo-mano-menezes-tera-reforcos\/#primaryimage"},"thumbnailUrl":"https:\/\/www.gaveanews.com\/wp-content\/uploads\/image-2024-07-03T203303.359.webp","articleSection":["Fluminense"],"inLanguage":"pt-BR","potentialAction":[{"@type":"CommentAction","name":"Comment","target":["https:\/\/www.gaveanews.com\/index.php\/2024\/08\/29\/fluminense-x-sao-paulo-mano-menezes-tera-reforcos\/#respond"]}],"copyrightYear":"2024","copyrightHolder":{"@id":"https:\/\/www.gaveanews.com\/#organization"}},{"@type":"WebPage","@id":"https:\/\/www.gaveanews.com\/index.php\/2024\/08\/29\/fluminense-x-sao-paulo-mano-menezes-tera-reforcos\/","url":"https:\/\/www.gaveanews.com\/index.php\/2024\/08\/29\/fluminense-x-sao-paulo-mano-menezes-tera-reforcos\/","name":"Fluminense x S\u00e3o Paulo: Mano Menezes ter\u00e1 refor\u00e7os","isPartOf":{"@id":"https:\/\/www.gaveanews.com\/#website"},"primaryImageOfPage":{"@id":"https:\/\/www.gaveanews.com\/index.php\/2024\/08\/29\/fluminense-x-sao-paulo-mano-menezes-tera-reforcos\/#primaryimage"},"image":{"@id":"https:\/\/www.gaveanews.com\/index.php\/2024\/08\/29\/fluminense-x-sao-paulo-mano-menezes-tera-reforcos\/#primaryimage"},"thumbnailUrl":"https:\/\/www.gaveanews.com\/wp-content\/uploads\/image-2024-07-03T203303.359.webp","datePublished":"2024-08-29T08:00:00+00:00","author":{"@id":"https:\/\/www.gaveanews.com\/#\/schema\/person\/2abf0cfa878f5f899daa5f781e82264c"},"breadcrumb":{"@id":"https:\/\/www.gaveanews.com\/index.php\/2024\/08\/29\/fluminense-x-sao-paulo-mano-menezes-tera-reforcos\/#breadcrumb"},"inLanguage":"pt-BR","potentialAction":[{"@type":"ReadAction","target":["https:\/\/www.gaveanews.com\/index.php\/2024\/08\/29\/fluminense-x-sao-paulo-mano-menezes-tera-reforcos\/"]}]},{"@type":"ImageObject","inLanguage":"pt-BR","@id":"https:\/\/www.gaveanews.com\/index.php\/2024\/08\/29\/fluminense-x-sao-paulo-mano-menezes-tera-reforcos\/#primaryimage","url":"https:\/\/www.gaveanews.com\/wp-content\/uploads\/image-2024-07-03T203303.359.webp","contentUrl":"https:\/\/www.gaveanews.com\/wp-content\/uploads\/image-2024-07-03T203303.359.webp","width":740,"height":416,"caption":"Mano Menezes, t\u00e9cnico do Fluminense. Foto: Marcelo Gon\u00e7alves\/Fluminense"},{"@type":"BreadcrumbList","@id":"https:\/\/www.gaveanews.com\/index.php\/2024\/08\/29\/fluminense-x-sao-paulo-mano-menezes-tera-reforcos\/#breadcrumb","itemListElement":[{"@type":"ListItem","position":1,"name":"Home","item":"https:\/\/www.gaveanews.com\/"},{"@type":"ListItem","position":2,"name":"Fluminense x S\u00e3o Paulo: Mano Menezes ter\u00e1 refor\u00e7os"}]},{"@type":"WebSite","@id":"https:\/\/www.gaveanews.com\/#website","url":"https:\/\/www.gaveanews.com\/","name":"G\u00e1vea News","description":"Veja todas as not\u00edcias sobre o Flamengo: Contrata\u00e7\u00f5es, categorias de base, resultados das partidas, tabela de classifica\u00e7\u00e3o, pr\u00f3ximos jogos!","potentialAction":[{"@type":"SearchAction","target":{"@type":"EntryPoint","urlTemplate":"https:\/\/www.gaveanews.com\/?s={search_term_string}"},"query-input":{"@type":"PropertyValueSpecification","valueRequired":true,"valueName":"search_term_string"}}],"inLanguage":"pt-BR"},{"@type":"Person","@id":"https:\/\/www.gaveanews.com\/#\/schema\/person\/2abf0cfa878f5f899daa5f781e82264c","name":"Lucas Barros","image":{"@type":"ImageObject","inLanguage":"pt-BR","@id":"https:\/\/www.gaveanews.com\/#\/schema\/person\/image\/","url":"https:\/\/secure.gravatar.com\/avatar\/67a6069eba66bf6fd7c80b70e1331baa3dbc3d6df5012d5c22eff29c7d59e0b0?s=96&d=mm&r=g","contentUrl":"https:\/\/secure.gravatar.com\/avatar\/67a6069eba66bf6fd7c80b70e1331baa3dbc3d6df5012d5c22eff29c7d59e0b0?s=96&d=mm&r=g","caption":"Lucas Barros"}}]}},"_links":{"self":[{"href":"https:\/\/www.gaveanews.com\/index.php\/wp-json\/wp\/v2\/posts\/162273","targetHints":{"allow":["GET"]}}],"collection":[{"href":"https:\/\/www.gaveanews.com\/index.php\/wp-json\/wp\/v2\/posts"}],"about":[{"href":"https:\/\/www.gaveanews.com\/index.php\/wp-json\/wp\/v2\/types\/post"}],"author":[{"embeddable":true,"href":"https:\/\/www.gaveanews.com\/index.php\/wp-json\/wp\/v2\/users\/20"}],"replies":[{"embeddable":true,"href":"https:\/\/www.gaveanews.com\/index.php\/wp-json\/wp\/v2\/comments?post=162273"}],"version-history":[{"count":1,"href":"https:\/\/www.gaveanews.com\/index.php\/wp-json\/wp\/v2\/posts\/162273\/revisions"}],"predecessor-version":[{"id":162274,"href":"https:\/\/www.gaveanews.com\/index.php\/wp-json\/wp\/v2\/posts\/162273\/revisions\/162274"}],"wp:featuredmedia":[{"embeddable":true,"href":"https:\/\/www.gaveanews.com\/index.php\/wp-json\/wp\/v2\/media\/150636"}],"wp:attachment":[{"href":"https:\/\/www.gaveanews.com\/index.php\/wp-json\/wp\/v2\/media?parent=162273"}],"wp:term":[{"taxonomy":"category","embeddable":true,"href":"https:\/\/www.gaveanews.com\/index.php\/wp-json\/wp\/v2\/categories?post=162273"},{"taxonomy":"post_tag","embeddable":true,"href":"https:\/\/www.gaveanews.com\/index.php\/wp-json\/wp\/v2\/tags?post=162273"}],"curies":[{"name":"wp","href":"https:\/\/api.w.org\/{rel}","templated":true}]}}