{"id":162397,"date":"2024-08-29T14:54:54","date_gmt":"2024-08-29T17:54:54","guid":{"rendered":"https:\/\/www.gaveanews.com\/?p=162397"},"modified":"2024-08-29T14:54:55","modified_gmt":"2024-08-29T17:54:55","slug":"a-declaracao-de-pedro-caixinha-sobre-o-momento-do-bragantino","status":"publish","type":"post","link":"https:\/\/www.gaveanews.com\/index.php\/2024\/08\/29\/a-declaracao-de-pedro-caixinha-sobre-o-momento-do-bragantino\/","title":{"rendered":"A declara\u00e7\u00e3o de Pedro Caixinha sobre o momento do Bragantino"},"content":{"rendered":"\n<h2 class=\"wp-block-heading\" id=\"h-pedro-caixinha-afirma-apos-derrota-nao-e-suficiente-reagir-precisamos-ser-mais-maduros-e-competitivos\">Pedro Caixinha afirma ap\u00f3s derrota: &#8220;N\u00e3o \u00e9 suficiente reagir, precisamos ser mais maduros e competitivos&#8221;<\/h2>\n\n\n\n<p>Ap\u00f3s a derrota para o Red Bull Bragantino, o t\u00e9cnico Pedro Caixinha expressou sua frustra\u00e7\u00e3o e preocupa\u00e7\u00e3o com a situa\u00e7\u00e3o do time. Em sua an\u00e1lise, o treinador destacou a necessidade de o time olhar para frente e ser mais maduro, competitivo e s\u00e9rio para sair da fase complicada em que se encontra.<\/p>\n\n\n\n<ul class=\"wp-block-list\">\n<li><a href=\"https:\/\/www.gaveanews.com\/index.php\/2024\/08\/28\/criciuma-x-bragantino-a-declaracao-de-cleiton-apos-mais-uma-derrota\/\">Crici\u00fama x Bragantino: a declara\u00e7\u00e3o de Cleiton ap\u00f3s mais uma derrota<\/a><\/li>\n\n\n\n<li><a href=\"https:\/\/www.gaveanews.com\/index.php\/2024\/08\/26\/diante-do-bragantino-flamengo-passa-por-situacao-inedita-desde-a-chegada-de-tite\/\">Diante do Bragantino, Flamengo passa por situa\u00e7\u00e3o in\u00e9dita desde a chegada de Tite<\/a><\/li>\n<\/ul>\n\n\n\n<p>&#8220;Quando iniciamos esse jogo, falei que a equipe sempre tem que olhar para cima. N\u00e3o sou uma pessoa de olhar para tr\u00e1s, mas, sim, olhar para frente. Sabemos que \u00e9 um momento complicado, sabemos que estamos em posi\u00e7\u00e3o complicada e sabemos que temos que reagir ganhando jogos para sair desta situa\u00e7\u00e3o. Estar a reagir como estamos a reagir j\u00e1 n\u00e3o \u00e9 suficiente. Tem que ser uma equipe muito mais adulta, muito mais madura, muito mais s\u00e9ria e muito mais competitiva. Desta forma, podemos ganhar jogos. Fazer uma rea\u00e7\u00e3o positiva e estar \u00e0 beira de empatar, ganhar o jogo, n\u00e3o \u00e9 suficiente. Temos que fazer muito mais&#8221;, afirmou Caixinha.<\/p>\n\n\n\n<p>A sequ\u00eancia negativa, que j\u00e1 soma nove partidas sem vit\u00f3rias, \u00e9 um ponto cr\u00edtico para o treinador. Ele mencionou que, apesar de terem vencido o Corinthians recentemente, a elimina\u00e7\u00e3o nos p\u00eanaltis anula qualquer sensa\u00e7\u00e3o de vit\u00f3ria. <\/p>\n\n\n\n<p>&#8220;S\u00e3o nove jogos (sem ganhar). Ganhamos o jogo contra o Corinthians, mas depois perdemos nos p\u00eanaltis. O que contava era a eliminat\u00f3ria. Ent\u00e3o, para mim, esse resultado n\u00e3o contabilizo como vit\u00f3ria. S\u00e3o seis em rela\u00e7\u00e3o ao Brasileir\u00e3o&#8221;, afirmou.<\/p>\n\n\n\n<p>Caixinha tamb\u00e9m apontou um problema psicol\u00f3gico que, em sua vis\u00e3o, est\u00e1 afetando o desempenho da equipe: o &#8220;medo c\u00eanico&#8221;. Segundo o treinador, essa sensa\u00e7\u00e3o \u00e9 compar\u00e1vel a um bloqueio que os jogadores sentem em campo, o que prejudica a performance desde o in\u00edcio do jogo. <\/p>\n\n\n\n<p>&#8220;Posso dizer aqui fora porque j\u00e1 disse l\u00e1 dentro. Isso para mim tem um nome: \u00e9 medo c\u00eanico. Sabe o que \u00e9 isso? \u00c9 medo de atuar, medo de escutar uma cena. \u00c9 como se voc\u00ea vai ao palco e, de repente, te d\u00e1 um bloqueio. Mas, depois, acontece qualquer coisa e eu j\u00e1 estou livre. E essa qualquer coisa que acontece, j\u00e1 estamos a perder. Enquanto eles n\u00e3o libertarem esse bloqueio, esse medo c\u00eanico, isso vai continuar acontecendo&#8221;, disse o treinador. <\/p>\n\n\n\n<p>O t\u00e9cnico ressaltou a import\u00e2ncia de superar esse bloqueio mental e adotar uma postura mais proativa em campo. Para ele, \u00e9 fundamental que o time tome a iniciativa e busque controlar o jogo, ao inv\u00e9s de apenas reagir \u00e0s adversidades. <\/p>\n\n\n\n<p>&#8220;Eu n\u00e3o gosto de uma equipe que reage. Gosto de uma equipe que \u00e9 proativa, que vai e quer fazer acontecer&#8221;, concluiu Caixinha.<\/p>\n","protected":false},"excerpt":{"rendered":"<p>Pedro Caixinha afirma ap\u00f3s derrota: &#8220;N\u00e3o \u00e9 suficiente reagir, precisamos ser mais maduros e competitivos&#8221; Ap\u00f3s a derrota para o Red Bull Bragantino, o t\u00e9cnico Pedro Caixinha expressou sua frustra\u00e7\u00e3o e preocupa\u00e7\u00e3o com a situa\u00e7\u00e3o do time. Em sua an\u00e1lise, o treinador destacou a necessidade de o time olhar para frente e ser mais maduro, [&hellip;]<\/p>\n","protected":false},"author":17,"featured_media":155280,"comment_status":"open","ping_status":"closed","sticky":false,"template":"","format":"standard","meta":{"footnotes":""},"categories":[140],"tags":[],"class_list":["post-162397","post","type-post","status-publish","format-standard","has-post-thumbnail","hentry","category-bragantino"],"yoast_head":"<!-- This site is optimized with the Yoast SEO Premium plugin v24.2 (Yoast SEO v26.9) - https:\/\/yoast.com\/product\/yoast-seo-premium-wordpress\/ -->\n<title>A declara\u00e7\u00e3o de Pedro Caixinha sobre o momento do Bragantino<\/title>\n<meta name=\"robots\" content=\"index, follow, max-snippet:-1, max-image-preview:large, max-video-preview:-1\" \/>\n<link rel=\"canonical\" href=\"https:\/\/www.gaveanews.com\/index.php\/2024\/08\/29\/a-declaracao-de-pedro-caixinha-sobre-o-momento-do-bragantino\/\" \/>\n<meta property=\"og:locale\" content=\"pt_BR\" \/>\n<meta property=\"og:type\" content=\"article\" \/>\n<meta property=\"og:title\" content=\"A declara\u00e7\u00e3o de Pedro Caixinha sobre o momento do Bragantino\" \/>\n<meta property=\"og:description\" content=\"Pedro Caixinha afirma ap\u00f3s derrota: &#8220;N\u00e3o \u00e9 suficiente reagir, precisamos ser mais maduros e competitivos&#8221; Ap\u00f3s a derrota para o Red Bull Bragantino, o t\u00e9cnico Pedro Caixinha expressou sua frustra\u00e7\u00e3o e preocupa\u00e7\u00e3o com a situa\u00e7\u00e3o do time. Em sua an\u00e1lise, o treinador destacou a necessidade de o time olhar para frente e ser mais maduro, [&hellip;]\" \/>\n<meta property=\"og:url\" content=\"https:\/\/www.gaveanews.com\/index.php\/2024\/08\/29\/a-declaracao-de-pedro-caixinha-sobre-o-momento-do-bragantino\/\" \/>\n<meta property=\"og:site_name\" content=\"G\u00e1vea News\" \/>\n<meta property=\"article:publisher\" content=\"https:\/\/facebook.com\/gaveaNews\/\" \/>\n<meta property=\"article:published_time\" content=\"2024-08-29T17:54:54+00:00\" \/>\n<meta property=\"article:modified_time\" content=\"2024-08-29T17:54:55+00:00\" \/>\n<meta property=\"og:image\" content=\"https:\/\/www.gaveanews.com\/wp-content\/uploads\/redbullbragantino_1722302453979.webp\" \/>\n\t<meta property=\"og:image:width\" content=\"1440\" \/>\n\t<meta property=\"og:image:height\" content=\"1440\" \/>\n\t<meta property=\"og:image:type\" content=\"image\/jpeg\" \/>\n<meta name=\"author\" content=\"Geovanna Thomaz\" \/>\n<meta name=\"twitter:card\" content=\"summary_large_image\" \/>\n<meta name=\"twitter:label1\" content=\"Escrito por\" \/>\n\t<meta name=\"twitter:data1\" content=\"Geovanna Thomaz\" \/>\n\t<meta name=\"twitter:label2\" content=\"Est. tempo de leitura\" \/>\n\t<meta name=\"twitter:data2\" content=\"3 minutos\" \/>\n<script type=\"application\/ld+json\" class=\"yoast-schema-graph\">{\"@context\":\"https:\/\/schema.org\",\"@graph\":[{\"@type\":\"NewsArticle\",\"@id\":\"https:\/\/www.gaveanews.com\/index.php\/2024\/08\/29\/a-declaracao-de-pedro-caixinha-sobre-o-momento-do-bragantino\/#article\",\"isPartOf\":{\"@id\":\"https:\/\/www.gaveanews.com\/index.php\/2024\/08\/29\/a-declaracao-de-pedro-caixinha-sobre-o-momento-do-bragantino\/\"},\"author\":{\"name\":\"Geovanna Thomaz\",\"@id\":\"https:\/\/www.gaveanews.com\/#\/schema\/person\/f42654babcd2b2014a1a65af82b081f1\"},\"headline\":\"A declara\u00e7\u00e3o de Pedro Caixinha sobre o momento do Bragantino\",\"datePublished\":\"2024-08-29T17:54:54+00:00\",\"dateModified\":\"2024-08-29T17:54:55+00:00\",\"mainEntityOfPage\":{\"@id\":\"https:\/\/www.gaveanews.com\/index.php\/2024\/08\/29\/a-declaracao-de-pedro-caixinha-sobre-o-momento-do-bragantino\/\"},\"wordCount\":513,\"commentCount\":0,\"image\":{\"@id\":\"https:\/\/www.gaveanews.com\/index.php\/2024\/08\/29\/a-declaracao-de-pedro-caixinha-sobre-o-momento-do-bragantino\/#primaryimage\"},\"thumbnailUrl\":\"https:\/\/www.gaveanews.com\/wp-content\/uploads\/redbullbragantino_1722302453979.webp\",\"articleSection\":[\"Bragantino\"],\"inLanguage\":\"pt-BR\",\"potentialAction\":[{\"@type\":\"CommentAction\",\"name\":\"Comment\",\"target\":[\"https:\/\/www.gaveanews.com\/index.php\/2024\/08\/29\/a-declaracao-de-pedro-caixinha-sobre-o-momento-do-bragantino\/#respond\"]}],\"copyrightYear\":\"2024\",\"copyrightHolder\":{\"@id\":\"https:\/\/www.gaveanews.com\/#organization\"}},{\"@type\":\"WebPage\",\"@id\":\"https:\/\/www.gaveanews.com\/index.php\/2024\/08\/29\/a-declaracao-de-pedro-caixinha-sobre-o-momento-do-bragantino\/\",\"url\":\"https:\/\/www.gaveanews.com\/index.php\/2024\/08\/29\/a-declaracao-de-pedro-caixinha-sobre-o-momento-do-bragantino\/\",\"name\":\"A declara\u00e7\u00e3o de Pedro Caixinha sobre o momento do Bragantino\",\"isPartOf\":{\"@id\":\"https:\/\/www.gaveanews.com\/#website\"},\"primaryImageOfPage\":{\"@id\":\"https:\/\/www.gaveanews.com\/index.php\/2024\/08\/29\/a-declaracao-de-pedro-caixinha-sobre-o-momento-do-bragantino\/#primaryimage\"},\"image\":{\"@id\":\"https:\/\/www.gaveanews.com\/index.php\/2024\/08\/29\/a-declaracao-de-pedro-caixinha-sobre-o-momento-do-bragantino\/#primaryimage\"},\"thumbnailUrl\":\"https:\/\/www.gaveanews.com\/wp-content\/uploads\/redbullbragantino_1722302453979.webp\",\"datePublished\":\"2024-08-29T17:54:54+00:00\",\"dateModified\":\"2024-08-29T17:54:55+00:00\",\"author\":{\"@id\":\"https:\/\/www.gaveanews.com\/#\/schema\/person\/f42654babcd2b2014a1a65af82b081f1\"},\"breadcrumb\":{\"@id\":\"https:\/\/www.gaveanews.com\/index.php\/2024\/08\/29\/a-declaracao-de-pedro-caixinha-sobre-o-momento-do-bragantino\/#breadcrumb\"},\"inLanguage\":\"pt-BR\",\"potentialAction\":[{\"@type\":\"ReadAction\",\"target\":[\"https:\/\/www.gaveanews.com\/index.php\/2024\/08\/29\/a-declaracao-de-pedro-caixinha-sobre-o-momento-do-bragantino\/\"]}]},{\"@type\":\"ImageObject\",\"inLanguage\":\"pt-BR\",\"@id\":\"https:\/\/www.gaveanews.com\/index.php\/2024\/08\/29\/a-declaracao-de-pedro-caixinha-sobre-o-momento-do-bragantino\/#primaryimage\",\"url\":\"https:\/\/www.gaveanews.com\/wp-content\/uploads\/redbullbragantino_1722302453979.webp\",\"contentUrl\":\"https:\/\/www.gaveanews.com\/wp-content\/uploads\/redbullbragantino_1722302453979.webp\",\"width\":1440,\"height\":1440},{\"@type\":\"BreadcrumbList\",\"@id\":\"https:\/\/www.gaveanews.com\/index.php\/2024\/08\/29\/a-declaracao-de-pedro-caixinha-sobre-o-momento-do-bragantino\/#breadcrumb\",\"itemListElement\":[{\"@type\":\"ListItem\",\"position\":1,\"name\":\"Home\",\"item\":\"https:\/\/www.gaveanews.com\/\"},{\"@type\":\"ListItem\",\"position\":2,\"name\":\"A declara\u00e7\u00e3o de Pedro Caixinha sobre o momento do Bragantino\"}]},{\"@type\":\"WebSite\",\"@id\":\"https:\/\/www.gaveanews.com\/#website\",\"url\":\"https:\/\/www.gaveanews.com\/\",\"name\":\"G\u00e1vea News\",\"description\":\"Veja todas as not\u00edcias sobre o Flamengo: Contrata\u00e7\u00f5es, categorias de base, resultados das partidas, tabela de classifica\u00e7\u00e3o, pr\u00f3ximos jogos!\",\"potentialAction\":[{\"@type\":\"SearchAction\",\"target\":{\"@type\":\"EntryPoint\",\"urlTemplate\":\"https:\/\/www.gaveanews.com\/?s={search_term_string}\"},\"query-input\":{\"@type\":\"PropertyValueSpecification\",\"valueRequired\":true,\"valueName\":\"search_term_string\"}}],\"inLanguage\":\"pt-BR\"},{\"@type\":\"Person\",\"@id\":\"https:\/\/www.gaveanews.com\/#\/schema\/person\/f42654babcd2b2014a1a65af82b081f1\",\"name\":\"Geovanna Thomaz\",\"image\":{\"@type\":\"ImageObject\",\"inLanguage\":\"pt-BR\",\"@id\":\"https:\/\/www.gaveanews.com\/#\/schema\/person\/image\/\",\"url\":\"https:\/\/secure.gravatar.com\/avatar\/4092073255489533afb558984b49b64268c47198af8623cc82a925ae9fb7118a?s=96&d=mm&r=g\",\"contentUrl\":\"https:\/\/secure.gravatar.com\/avatar\/4092073255489533afb558984b49b64268c47198af8623cc82a925ae9fb7118a?s=96&d=mm&r=g\",\"caption\":\"Geovanna Thomaz\"}}]}<\/script>\n<!-- \/ Yoast SEO Premium plugin. -->","yoast_head_json":{"title":"A declara\u00e7\u00e3o de Pedro Caixinha sobre o momento do Bragantino","robots":{"index":"index","follow":"follow","max-snippet":"max-snippet:-1","max-image-preview":"max-image-preview:large","max-video-preview":"max-video-preview:-1"},"canonical":"https:\/\/www.gaveanews.com\/index.php\/2024\/08\/29\/a-declaracao-de-pedro-caixinha-sobre-o-momento-do-bragantino\/","og_locale":"pt_BR","og_type":"article","og_title":"A declara\u00e7\u00e3o de Pedro Caixinha sobre o momento do Bragantino","og_description":"Pedro Caixinha afirma ap\u00f3s derrota: &#8220;N\u00e3o \u00e9 suficiente reagir, precisamos ser mais maduros e competitivos&#8221; Ap\u00f3s a derrota para o Red Bull Bragantino, o t\u00e9cnico Pedro Caixinha expressou sua frustra\u00e7\u00e3o e preocupa\u00e7\u00e3o com a situa\u00e7\u00e3o do time. Em sua an\u00e1lise, o treinador destacou a necessidade de o time olhar para frente e ser mais maduro, [&hellip;]","og_url":"https:\/\/www.gaveanews.com\/index.php\/2024\/08\/29\/a-declaracao-de-pedro-caixinha-sobre-o-momento-do-bragantino\/","og_site_name":"G\u00e1vea News","article_publisher":"https:\/\/facebook.com\/gaveaNews\/","article_published_time":"2024-08-29T17:54:54+00:00","article_modified_time":"2024-08-29T17:54:55+00:00","og_image":[{"width":1440,"height":1440,"url":"https:\/\/www.gaveanews.com\/wp-content\/uploads\/redbullbragantino_1722302453979.webp","type":"image\/jpeg"}],"author":"Geovanna Thomaz","twitter_card":"summary_large_image","twitter_misc":{"Escrito por":"Geovanna Thomaz","Est. tempo de leitura":"3 minutos"},"schema":{"@context":"https:\/\/schema.org","@graph":[{"@type":"NewsArticle","@id":"https:\/\/www.gaveanews.com\/index.php\/2024\/08\/29\/a-declaracao-de-pedro-caixinha-sobre-o-momento-do-bragantino\/#article","isPartOf":{"@id":"https:\/\/www.gaveanews.com\/index.php\/2024\/08\/29\/a-declaracao-de-pedro-caixinha-sobre-o-momento-do-bragantino\/"},"author":{"name":"Geovanna Thomaz","@id":"https:\/\/www.gaveanews.com\/#\/schema\/person\/f42654babcd2b2014a1a65af82b081f1"},"headline":"A declara\u00e7\u00e3o de Pedro Caixinha sobre o momento do Bragantino","datePublished":"2024-08-29T17:54:54+00:00","dateModified":"2024-08-29T17:54:55+00:00","mainEntityOfPage":{"@id":"https:\/\/www.gaveanews.com\/index.php\/2024\/08\/29\/a-declaracao-de-pedro-caixinha-sobre-o-momento-do-bragantino\/"},"wordCount":513,"commentCount":0,"image":{"@id":"https:\/\/www.gaveanews.com\/index.php\/2024\/08\/29\/a-declaracao-de-pedro-caixinha-sobre-o-momento-do-bragantino\/#primaryimage"},"thumbnailUrl":"https:\/\/www.gaveanews.com\/wp-content\/uploads\/redbullbragantino_1722302453979.webp","articleSection":["Bragantino"],"inLanguage":"pt-BR","potentialAction":[{"@type":"CommentAction","name":"Comment","target":["https:\/\/www.gaveanews.com\/index.php\/2024\/08\/29\/a-declaracao-de-pedro-caixinha-sobre-o-momento-do-bragantino\/#respond"]}],"copyrightYear":"2024","copyrightHolder":{"@id":"https:\/\/www.gaveanews.com\/#organization"}},{"@type":"WebPage","@id":"https:\/\/www.gaveanews.com\/index.php\/2024\/08\/29\/a-declaracao-de-pedro-caixinha-sobre-o-momento-do-bragantino\/","url":"https:\/\/www.gaveanews.com\/index.php\/2024\/08\/29\/a-declaracao-de-pedro-caixinha-sobre-o-momento-do-bragantino\/","name":"A declara\u00e7\u00e3o de Pedro Caixinha sobre o momento do Bragantino","isPartOf":{"@id":"https:\/\/www.gaveanews.com\/#website"},"primaryImageOfPage":{"@id":"https:\/\/www.gaveanews.com\/index.php\/2024\/08\/29\/a-declaracao-de-pedro-caixinha-sobre-o-momento-do-bragantino\/#primaryimage"},"image":{"@id":"https:\/\/www.gaveanews.com\/index.php\/2024\/08\/29\/a-declaracao-de-pedro-caixinha-sobre-o-momento-do-bragantino\/#primaryimage"},"thumbnailUrl":"https:\/\/www.gaveanews.com\/wp-content\/uploads\/redbullbragantino_1722302453979.webp","datePublished":"2024-08-29T17:54:54+00:00","dateModified":"2024-08-29T17:54:55+00:00","author":{"@id":"https:\/\/www.gaveanews.com\/#\/schema\/person\/f42654babcd2b2014a1a65af82b081f1"},"breadcrumb":{"@id":"https:\/\/www.gaveanews.com\/index.php\/2024\/08\/29\/a-declaracao-de-pedro-caixinha-sobre-o-momento-do-bragantino\/#breadcrumb"},"inLanguage":"pt-BR","potentialAction":[{"@type":"ReadAction","target":["https:\/\/www.gaveanews.com\/index.php\/2024\/08\/29\/a-declaracao-de-pedro-caixinha-sobre-o-momento-do-bragantino\/"]}]},{"@type":"ImageObject","inLanguage":"pt-BR","@id":"https:\/\/www.gaveanews.com\/index.php\/2024\/08\/29\/a-declaracao-de-pedro-caixinha-sobre-o-momento-do-bragantino\/#primaryimage","url":"https:\/\/www.gaveanews.com\/wp-content\/uploads\/redbullbragantino_1722302453979.webp","contentUrl":"https:\/\/www.gaveanews.com\/wp-content\/uploads\/redbullbragantino_1722302453979.webp","width":1440,"height":1440},{"@type":"BreadcrumbList","@id":"https:\/\/www.gaveanews.com\/index.php\/2024\/08\/29\/a-declaracao-de-pedro-caixinha-sobre-o-momento-do-bragantino\/#breadcrumb","itemListElement":[{"@type":"ListItem","position":1,"name":"Home","item":"https:\/\/www.gaveanews.com\/"},{"@type":"ListItem","position":2,"name":"A declara\u00e7\u00e3o de Pedro Caixinha sobre o momento do Bragantino"}]},{"@type":"WebSite","@id":"https:\/\/www.gaveanews.com\/#website","url":"https:\/\/www.gaveanews.com\/","name":"G\u00e1vea News","description":"Veja todas as not\u00edcias sobre o Flamengo: Contrata\u00e7\u00f5es, categorias de base, resultados das partidas, tabela de classifica\u00e7\u00e3o, pr\u00f3ximos jogos!","potentialAction":[{"@type":"SearchAction","target":{"@type":"EntryPoint","urlTemplate":"https:\/\/www.gaveanews.com\/?s={search_term_string}"},"query-input":{"@type":"PropertyValueSpecification","valueRequired":true,"valueName":"search_term_string"}}],"inLanguage":"pt-BR"},{"@type":"Person","@id":"https:\/\/www.gaveanews.com\/#\/schema\/person\/f42654babcd2b2014a1a65af82b081f1","name":"Geovanna Thomaz","image":{"@type":"ImageObject","inLanguage":"pt-BR","@id":"https:\/\/www.gaveanews.com\/#\/schema\/person\/image\/","url":"https:\/\/secure.gravatar.com\/avatar\/4092073255489533afb558984b49b64268c47198af8623cc82a925ae9fb7118a?s=96&d=mm&r=g","contentUrl":"https:\/\/secure.gravatar.com\/avatar\/4092073255489533afb558984b49b64268c47198af8623cc82a925ae9fb7118a?s=96&d=mm&r=g","caption":"Geovanna Thomaz"}}]}},"_links":{"self":[{"href":"https:\/\/www.gaveanews.com\/index.php\/wp-json\/wp\/v2\/posts\/162397","targetHints":{"allow":["GET"]}}],"collection":[{"href":"https:\/\/www.gaveanews.com\/index.php\/wp-json\/wp\/v2\/posts"}],"about":[{"href":"https:\/\/www.gaveanews.com\/index.php\/wp-json\/wp\/v2\/types\/post"}],"author":[{"embeddable":true,"href":"https:\/\/www.gaveanews.com\/index.php\/wp-json\/wp\/v2\/users\/17"}],"replies":[{"embeddable":true,"href":"https:\/\/www.gaveanews.com\/index.php\/wp-json\/wp\/v2\/comments?post=162397"}],"version-history":[{"count":1,"href":"https:\/\/www.gaveanews.com\/index.php\/wp-json\/wp\/v2\/posts\/162397\/revisions"}],"predecessor-version":[{"id":162399,"href":"https:\/\/www.gaveanews.com\/index.php\/wp-json\/wp\/v2\/posts\/162397\/revisions\/162399"}],"wp:featuredmedia":[{"embeddable":true,"href":"https:\/\/www.gaveanews.com\/index.php\/wp-json\/wp\/v2\/media\/155280"}],"wp:attachment":[{"href":"https:\/\/www.gaveanews.com\/index.php\/wp-json\/wp\/v2\/media?parent=162397"}],"wp:term":[{"taxonomy":"category","embeddable":true,"href":"https:\/\/www.gaveanews.com\/index.php\/wp-json\/wp\/v2\/categories?post=162397"},{"taxonomy":"post_tag","embeddable":true,"href":"https:\/\/www.gaveanews.com\/index.php\/wp-json\/wp\/v2\/tags?post=162397"}],"curies":[{"name":"wp","href":"https:\/\/api.w.org\/{rel}","templated":true}]}}