{"id":162556,"date":"2024-08-31T01:00:00","date_gmt":"2024-08-31T04:00:00","guid":{"rendered":"https:\/\/www.gaveanews.com\/?p=162556"},"modified":"2024-08-30T18:29:51","modified_gmt":"2024-08-30T21:29:51","slug":"jackie-chan-participa-de-cerimonia-do-taekwondo-nas-paralimpiadas","status":"publish","type":"post","link":"https:\/\/www.gaveanews.com\/index.php\/2024\/08\/31\/jackie-chan-participa-de-cerimonia-do-taekwondo-nas-paralimpiadas\/","title":{"rendered":"Jackie Chan participa de cerim\u00f4nia do Taekwondo nas Paralimp\u00edadas"},"content":{"rendered":"\n<p>As emo\u00e7\u00f5es das Paralimp\u00edadas de Paris 2024 j\u00e1 come\u00e7aram no primeiro dia de evento, que contou com a participa\u00e7\u00e3o do ator Jackie Chan.<\/p>\n\n\n\n<ul class=\"wp-block-list\">\n<li><a href=\"https:\/\/www.gaveanews.com\/index.php\/2024\/08\/26\/futebol-de-cegos-maior-campeao-paralimpico-brasil-mira-hexa-em-paris\/\">Futebol de cegos: maior campe\u00e3o paral\u00edmpico, Brasil mira hexa em Paris<\/a><\/li>\n\n\n\n<li><a href=\"https:\/\/www.gaveanews.com\/index.php\/2024\/08\/16\/veja-o-valor-da-premiacao-dos-atletas-paralimpicos-em-paris-2024\/\">Veja o valor da premia\u00e7\u00e3o dos atletas paral\u00edmpicos em Paris 2024<\/a><\/li>\n<\/ul>\n\n\n\n<p>O astro de Hollywood, que j\u00e1 havia participado do revezamento da tocha ol\u00edmpica, foi convidado para a celebra\u00e7\u00e3o que marcou o in\u00edcio do taekwondo paral\u00edmpico.<\/p>\n\n\n\n<p>Jackie Chan \u00e9 um dos grandes astros dos filmes de a\u00e7\u00e3o na hist\u00f3ria do cinema. Famoso por suas cenas de luta, ele n\u00e3o hesitou em participar da cerim\u00f4nia de in\u00edcio do taekwondo paral\u00edmpico.<\/p>\n\n\n\n<p>Horas antes de sua participa\u00e7\u00e3o, Chan j\u00e1 havia sido um dos nomes a carregar a tocha paral\u00edmpica antes da cerim\u00f4nia de abertura do evento.<\/p>\n\n\n\n<h2 class=\"wp-block-heading\" id=\"h-confira-jackie-chan-no-taekwondo\">Confira Jackie Chan no Taekwondo:<\/h2>\n\n\n\n<blockquote class=\"twitter-tweet\"><p lang=\"fr\" dir=\"ltr\">Le maitre est \u00e0 Paris ! <br>Jackie Chan a officiellement lanc\u00e9 les \u00e9preuves de Para Taekwondo au Grand Palais ce matin \ud83e\udd4b<br>Les Jeux Paralympiques de <a href=\"https:\/\/twitter.com\/hashtag\/Paris2024?src=hash&amp;ref_src=twsrc%5Etfw\">#Paris2024<\/a> sont lanc\u00e9s.<br><br>\ud83d\udcf8 Steph Chambers\/Getty Images <a href=\"https:\/\/t.co\/RjMseVP6Kj\">pic.twitter.com\/RjMseVP6Kj<\/a><\/p>&mdash; Paris 2024 (@Paris2024) <a href=\"https:\/\/twitter.com\/Paris2024\/status\/1829076143498015132?ref_src=twsrc%5Etfw\">August 29, 2024<\/a><\/blockquote> <script async src=\"https:\/\/platform.twitter.com\/widgets.js\" charset=\"utf-8\"><\/script>\n\n\n\n<h2 class=\"wp-block-heading\" id=\"h-quem-e-jackie-chan\">Quem \u00e9 Jackie Chan<\/h2>\n\n\n\n<p>Chan Kong-sang (\u6210\u9f8d ou \u623f\u4ed5\u9f8d), embaixador da boa vontade da UNICEF, \u00e9 mais conhecido como Jackie Chan. Ele nasceu em Victoria Peak, Hong Kong, no dia 7 de abril de 1954.<\/p>\n\n\n\n<p>Ele \u00e9 um ator, produtor, roteirista, core\u00f3grafo, diretor de cinema, cantor e especialista em artes marciais de Hong Kong.<\/p>\n\n\n\n<p>Para realizar seus filmes de a\u00e7\u00e3o, o ator estudou hapkido e v\u00e1rios estilos de Kung Fu, como Drunken Fist, Wing Chun, Shaolin do Norte, Monkey Style e Wushu moderno.<\/p>\n\n\n\n<p>Jackie Chan j\u00e1 participou de mais de 100 filmes ao longo de sua carreira, tendo nos primeiros 20 filmes pap\u00e9is secund\u00e1rios como coadjuvante, figurante e dubl\u00ea.<\/p>\n\n\n\n<p>A partir da d\u00e9cada de 1980, o astro passou a interpretar personagens principais em quase todos os filmes em que participou at\u00e9 os dias atuais.<\/p>\n","protected":false},"excerpt":{"rendered":"<p>As emo\u00e7\u00f5es das Paralimp\u00edadas de Paris 2024 j\u00e1 come\u00e7aram no primeiro dia de evento, que contou com a participa\u00e7\u00e3o do ator Jackie Chan. O astro de Hollywood, que j\u00e1 havia participado do revezamento da tocha ol\u00edmpica, foi convidado para a celebra\u00e7\u00e3o que marcou o in\u00edcio do taekwondo paral\u00edmpico. Jackie Chan \u00e9 um dos grandes astros [&hellip;]<\/p>\n","protected":false},"author":22,"featured_media":162795,"comment_status":"open","ping_status":"closed","sticky":false,"template":"","format":"standard","meta":{"footnotes":""},"categories":[458],"tags":[],"class_list":["post-162556","post","type-post","status-publish","format-standard","has-post-thumbnail","hentry","category-olimpiadas"],"yoast_head":"<!-- This site is optimized with the Yoast SEO Premium plugin v24.2 (Yoast SEO v26.9) - https:\/\/yoast.com\/product\/yoast-seo-premium-wordpress\/ -->\n<title>Jackie Chan participa de cerim\u00f4nia do Taekwondo nas Paralimp\u00edadas<\/title>\n<meta name=\"robots\" content=\"index, follow, max-snippet:-1, max-image-preview:large, max-video-preview:-1\" \/>\n<link rel=\"canonical\" href=\"https:\/\/www.gaveanews.com\/index.php\/2024\/08\/31\/jackie-chan-participa-de-cerimonia-do-taekwondo-nas-paralimpiadas\/\" \/>\n<meta property=\"og:locale\" content=\"pt_BR\" \/>\n<meta property=\"og:type\" content=\"article\" \/>\n<meta property=\"og:title\" content=\"Jackie Chan participa de cerim\u00f4nia do Taekwondo nas Paralimp\u00edadas\" \/>\n<meta property=\"og:description\" content=\"As emo\u00e7\u00f5es das Paralimp\u00edadas de Paris 2024 j\u00e1 come\u00e7aram no primeiro dia de evento, que contou com a participa\u00e7\u00e3o do ator Jackie Chan. O astro de Hollywood, que j\u00e1 havia participado do revezamento da tocha ol\u00edmpica, foi convidado para a celebra\u00e7\u00e3o que marcou o in\u00edcio do taekwondo paral\u00edmpico. Jackie Chan \u00e9 um dos grandes astros [&hellip;]\" \/>\n<meta property=\"og:url\" content=\"https:\/\/www.gaveanews.com\/index.php\/2024\/08\/31\/jackie-chan-participa-de-cerimonia-do-taekwondo-nas-paralimpiadas\/\" \/>\n<meta property=\"og:site_name\" content=\"G\u00e1vea News\" \/>\n<meta property=\"article:publisher\" content=\"https:\/\/facebook.com\/gaveaNews\/\" \/>\n<meta property=\"article:published_time\" content=\"2024-08-31T04:00:00+00:00\" \/>\n<meta property=\"og:image\" content=\"https:\/\/www.gaveanews.com\/wp-content\/uploads\/Jackie-Chan.webp\" \/>\n\t<meta property=\"og:image:width\" content=\"799\" \/>\n\t<meta property=\"og:image:height\" content=\"533\" \/>\n\t<meta property=\"og:image:type\" content=\"image\/jpeg\" \/>\n<meta name=\"author\" content=\"Emilly Lima\" \/>\n<meta name=\"twitter:card\" content=\"summary_large_image\" \/>\n<meta name=\"twitter:label1\" content=\"Escrito por\" \/>\n\t<meta name=\"twitter:data1\" content=\"Emilly Lima\" \/>\n\t<meta name=\"twitter:label2\" content=\"Est. tempo de leitura\" \/>\n\t<meta name=\"twitter:data2\" content=\"2 minutos\" \/>\n<script type=\"application\/ld+json\" class=\"yoast-schema-graph\">{\"@context\":\"https:\/\/schema.org\",\"@graph\":[{\"@type\":\"NewsArticle\",\"@id\":\"https:\/\/www.gaveanews.com\/index.php\/2024\/08\/31\/jackie-chan-participa-de-cerimonia-do-taekwondo-nas-paralimpiadas\/#article\",\"isPartOf\":{\"@id\":\"https:\/\/www.gaveanews.com\/index.php\/2024\/08\/31\/jackie-chan-participa-de-cerimonia-do-taekwondo-nas-paralimpiadas\/\"},\"author\":{\"name\":\"Emilly Lima\",\"@id\":\"https:\/\/www.gaveanews.com\/#\/schema\/person\/8597dbe3f4d8513dd20048ce95a1895b\"},\"headline\":\"Jackie Chan participa de cerim\u00f4nia do Taekwondo nas Paralimp\u00edadas\",\"datePublished\":\"2024-08-31T04:00:00+00:00\",\"mainEntityOfPage\":{\"@id\":\"https:\/\/www.gaveanews.com\/index.php\/2024\/08\/31\/jackie-chan-participa-de-cerimonia-do-taekwondo-nas-paralimpiadas\/\"},\"wordCount\":331,\"commentCount\":0,\"image\":{\"@id\":\"https:\/\/www.gaveanews.com\/index.php\/2024\/08\/31\/jackie-chan-participa-de-cerimonia-do-taekwondo-nas-paralimpiadas\/#primaryimage\"},\"thumbnailUrl\":\"https:\/\/www.gaveanews.com\/wp-content\/uploads\/Jackie-Chan.webp\",\"articleSection\":[\"Olimp\u00edadas\"],\"inLanguage\":\"pt-BR\",\"potentialAction\":[{\"@type\":\"CommentAction\",\"name\":\"Comment\",\"target\":[\"https:\/\/www.gaveanews.com\/index.php\/2024\/08\/31\/jackie-chan-participa-de-cerimonia-do-taekwondo-nas-paralimpiadas\/#respond\"]}],\"copyrightYear\":\"2024\",\"copyrightHolder\":{\"@id\":\"https:\/\/www.gaveanews.com\/#organization\"}},{\"@type\":\"WebPage\",\"@id\":\"https:\/\/www.gaveanews.com\/index.php\/2024\/08\/31\/jackie-chan-participa-de-cerimonia-do-taekwondo-nas-paralimpiadas\/\",\"url\":\"https:\/\/www.gaveanews.com\/index.php\/2024\/08\/31\/jackie-chan-participa-de-cerimonia-do-taekwondo-nas-paralimpiadas\/\",\"name\":\"Jackie Chan participa de cerim\u00f4nia do Taekwondo nas Paralimp\u00edadas\",\"isPartOf\":{\"@id\":\"https:\/\/www.gaveanews.com\/#website\"},\"primaryImageOfPage\":{\"@id\":\"https:\/\/www.gaveanews.com\/index.php\/2024\/08\/31\/jackie-chan-participa-de-cerimonia-do-taekwondo-nas-paralimpiadas\/#primaryimage\"},\"image\":{\"@id\":\"https:\/\/www.gaveanews.com\/index.php\/2024\/08\/31\/jackie-chan-participa-de-cerimonia-do-taekwondo-nas-paralimpiadas\/#primaryimage\"},\"thumbnailUrl\":\"https:\/\/www.gaveanews.com\/wp-content\/uploads\/Jackie-Chan.webp\",\"datePublished\":\"2024-08-31T04:00:00+00:00\",\"author\":{\"@id\":\"https:\/\/www.gaveanews.com\/#\/schema\/person\/8597dbe3f4d8513dd20048ce95a1895b\"},\"breadcrumb\":{\"@id\":\"https:\/\/www.gaveanews.com\/index.php\/2024\/08\/31\/jackie-chan-participa-de-cerimonia-do-taekwondo-nas-paralimpiadas\/#breadcrumb\"},\"inLanguage\":\"pt-BR\",\"potentialAction\":[{\"@type\":\"ReadAction\",\"target\":[\"https:\/\/www.gaveanews.com\/index.php\/2024\/08\/31\/jackie-chan-participa-de-cerimonia-do-taekwondo-nas-paralimpiadas\/\"]}]},{\"@type\":\"ImageObject\",\"inLanguage\":\"pt-BR\",\"@id\":\"https:\/\/www.gaveanews.com\/index.php\/2024\/08\/31\/jackie-chan-participa-de-cerimonia-do-taekwondo-nas-paralimpiadas\/#primaryimage\",\"url\":\"https:\/\/www.gaveanews.com\/wp-content\/uploads\/Jackie-Chan.webp\",\"contentUrl\":\"https:\/\/www.gaveanews.com\/wp-content\/uploads\/Jackie-Chan.webp\",\"width\":799,\"height\":533,\"caption\":\"Jackie Chan (Foto: Ed Moy\/Flickr)\"},{\"@type\":\"BreadcrumbList\",\"@id\":\"https:\/\/www.gaveanews.com\/index.php\/2024\/08\/31\/jackie-chan-participa-de-cerimonia-do-taekwondo-nas-paralimpiadas\/#breadcrumb\",\"itemListElement\":[{\"@type\":\"ListItem\",\"position\":1,\"name\":\"Home\",\"item\":\"https:\/\/www.gaveanews.com\/\"},{\"@type\":\"ListItem\",\"position\":2,\"name\":\"Jackie Chan participa de cerim\u00f4nia do Taekwondo nas Paralimp\u00edadas\"}]},{\"@type\":\"WebSite\",\"@id\":\"https:\/\/www.gaveanews.com\/#website\",\"url\":\"https:\/\/www.gaveanews.com\/\",\"name\":\"G\u00e1vea News\",\"description\":\"Veja todas as not\u00edcias sobre o Flamengo: Contrata\u00e7\u00f5es, categorias de base, resultados das partidas, tabela de classifica\u00e7\u00e3o, pr\u00f3ximos jogos!\",\"potentialAction\":[{\"@type\":\"SearchAction\",\"target\":{\"@type\":\"EntryPoint\",\"urlTemplate\":\"https:\/\/www.gaveanews.com\/?s={search_term_string}\"},\"query-input\":{\"@type\":\"PropertyValueSpecification\",\"valueRequired\":true,\"valueName\":\"search_term_string\"}}],\"inLanguage\":\"pt-BR\"},{\"@type\":\"Person\",\"@id\":\"https:\/\/www.gaveanews.com\/#\/schema\/person\/8597dbe3f4d8513dd20048ce95a1895b\",\"name\":\"Emilly Lima\",\"image\":{\"@type\":\"ImageObject\",\"inLanguage\":\"pt-BR\",\"@id\":\"https:\/\/www.gaveanews.com\/#\/schema\/person\/image\/\",\"url\":\"https:\/\/secure.gravatar.com\/avatar\/ddb4d0548bae01de3cb52e0fe30386754e9c41797565aa0a5bf4440ab4f7c0be?s=96&d=mm&r=g\",\"contentUrl\":\"https:\/\/secure.gravatar.com\/avatar\/ddb4d0548bae01de3cb52e0fe30386754e9c41797565aa0a5bf4440ab4f7c0be?s=96&d=mm&r=g\",\"caption\":\"Emilly Lima\"}}]}<\/script>\n<!-- \/ Yoast SEO Premium plugin. -->","yoast_head_json":{"title":"Jackie Chan participa de cerim\u00f4nia do Taekwondo nas Paralimp\u00edadas","robots":{"index":"index","follow":"follow","max-snippet":"max-snippet:-1","max-image-preview":"max-image-preview:large","max-video-preview":"max-video-preview:-1"},"canonical":"https:\/\/www.gaveanews.com\/index.php\/2024\/08\/31\/jackie-chan-participa-de-cerimonia-do-taekwondo-nas-paralimpiadas\/","og_locale":"pt_BR","og_type":"article","og_title":"Jackie Chan participa de cerim\u00f4nia do Taekwondo nas Paralimp\u00edadas","og_description":"As emo\u00e7\u00f5es das Paralimp\u00edadas de Paris 2024 j\u00e1 come\u00e7aram no primeiro dia de evento, que contou com a participa\u00e7\u00e3o do ator Jackie Chan. O astro de Hollywood, que j\u00e1 havia participado do revezamento da tocha ol\u00edmpica, foi convidado para a celebra\u00e7\u00e3o que marcou o in\u00edcio do taekwondo paral\u00edmpico. Jackie Chan \u00e9 um dos grandes astros [&hellip;]","og_url":"https:\/\/www.gaveanews.com\/index.php\/2024\/08\/31\/jackie-chan-participa-de-cerimonia-do-taekwondo-nas-paralimpiadas\/","og_site_name":"G\u00e1vea News","article_publisher":"https:\/\/facebook.com\/gaveaNews\/","article_published_time":"2024-08-31T04:00:00+00:00","og_image":[{"width":799,"height":533,"url":"https:\/\/www.gaveanews.com\/wp-content\/uploads\/Jackie-Chan.webp","type":"image\/jpeg"}],"author":"Emilly Lima","twitter_card":"summary_large_image","twitter_misc":{"Escrito por":"Emilly Lima","Est. tempo de leitura":"2 minutos"},"schema":{"@context":"https:\/\/schema.org","@graph":[{"@type":"NewsArticle","@id":"https:\/\/www.gaveanews.com\/index.php\/2024\/08\/31\/jackie-chan-participa-de-cerimonia-do-taekwondo-nas-paralimpiadas\/#article","isPartOf":{"@id":"https:\/\/www.gaveanews.com\/index.php\/2024\/08\/31\/jackie-chan-participa-de-cerimonia-do-taekwondo-nas-paralimpiadas\/"},"author":{"name":"Emilly Lima","@id":"https:\/\/www.gaveanews.com\/#\/schema\/person\/8597dbe3f4d8513dd20048ce95a1895b"},"headline":"Jackie Chan participa de cerim\u00f4nia do Taekwondo nas Paralimp\u00edadas","datePublished":"2024-08-31T04:00:00+00:00","mainEntityOfPage":{"@id":"https:\/\/www.gaveanews.com\/index.php\/2024\/08\/31\/jackie-chan-participa-de-cerimonia-do-taekwondo-nas-paralimpiadas\/"},"wordCount":331,"commentCount":0,"image":{"@id":"https:\/\/www.gaveanews.com\/index.php\/2024\/08\/31\/jackie-chan-participa-de-cerimonia-do-taekwondo-nas-paralimpiadas\/#primaryimage"},"thumbnailUrl":"https:\/\/www.gaveanews.com\/wp-content\/uploads\/Jackie-Chan.webp","articleSection":["Olimp\u00edadas"],"inLanguage":"pt-BR","potentialAction":[{"@type":"CommentAction","name":"Comment","target":["https:\/\/www.gaveanews.com\/index.php\/2024\/08\/31\/jackie-chan-participa-de-cerimonia-do-taekwondo-nas-paralimpiadas\/#respond"]}],"copyrightYear":"2024","copyrightHolder":{"@id":"https:\/\/www.gaveanews.com\/#organization"}},{"@type":"WebPage","@id":"https:\/\/www.gaveanews.com\/index.php\/2024\/08\/31\/jackie-chan-participa-de-cerimonia-do-taekwondo-nas-paralimpiadas\/","url":"https:\/\/www.gaveanews.com\/index.php\/2024\/08\/31\/jackie-chan-participa-de-cerimonia-do-taekwondo-nas-paralimpiadas\/","name":"Jackie Chan participa de cerim\u00f4nia do Taekwondo nas Paralimp\u00edadas","isPartOf":{"@id":"https:\/\/www.gaveanews.com\/#website"},"primaryImageOfPage":{"@id":"https:\/\/www.gaveanews.com\/index.php\/2024\/08\/31\/jackie-chan-participa-de-cerimonia-do-taekwondo-nas-paralimpiadas\/#primaryimage"},"image":{"@id":"https:\/\/www.gaveanews.com\/index.php\/2024\/08\/31\/jackie-chan-participa-de-cerimonia-do-taekwondo-nas-paralimpiadas\/#primaryimage"},"thumbnailUrl":"https:\/\/www.gaveanews.com\/wp-content\/uploads\/Jackie-Chan.webp","datePublished":"2024-08-31T04:00:00+00:00","author":{"@id":"https:\/\/www.gaveanews.com\/#\/schema\/person\/8597dbe3f4d8513dd20048ce95a1895b"},"breadcrumb":{"@id":"https:\/\/www.gaveanews.com\/index.php\/2024\/08\/31\/jackie-chan-participa-de-cerimonia-do-taekwondo-nas-paralimpiadas\/#breadcrumb"},"inLanguage":"pt-BR","potentialAction":[{"@type":"ReadAction","target":["https:\/\/www.gaveanews.com\/index.php\/2024\/08\/31\/jackie-chan-participa-de-cerimonia-do-taekwondo-nas-paralimpiadas\/"]}]},{"@type":"ImageObject","inLanguage":"pt-BR","@id":"https:\/\/www.gaveanews.com\/index.php\/2024\/08\/31\/jackie-chan-participa-de-cerimonia-do-taekwondo-nas-paralimpiadas\/#primaryimage","url":"https:\/\/www.gaveanews.com\/wp-content\/uploads\/Jackie-Chan.webp","contentUrl":"https:\/\/www.gaveanews.com\/wp-content\/uploads\/Jackie-Chan.webp","width":799,"height":533,"caption":"Jackie Chan (Foto: Ed Moy\/Flickr)"},{"@type":"BreadcrumbList","@id":"https:\/\/www.gaveanews.com\/index.php\/2024\/08\/31\/jackie-chan-participa-de-cerimonia-do-taekwondo-nas-paralimpiadas\/#breadcrumb","itemListElement":[{"@type":"ListItem","position":1,"name":"Home","item":"https:\/\/www.gaveanews.com\/"},{"@type":"ListItem","position":2,"name":"Jackie Chan participa de cerim\u00f4nia do Taekwondo nas Paralimp\u00edadas"}]},{"@type":"WebSite","@id":"https:\/\/www.gaveanews.com\/#website","url":"https:\/\/www.gaveanews.com\/","name":"G\u00e1vea News","description":"Veja todas as not\u00edcias sobre o Flamengo: Contrata\u00e7\u00f5es, categorias de base, resultados das partidas, tabela de classifica\u00e7\u00e3o, pr\u00f3ximos jogos!","potentialAction":[{"@type":"SearchAction","target":{"@type":"EntryPoint","urlTemplate":"https:\/\/www.gaveanews.com\/?s={search_term_string}"},"query-input":{"@type":"PropertyValueSpecification","valueRequired":true,"valueName":"search_term_string"}}],"inLanguage":"pt-BR"},{"@type":"Person","@id":"https:\/\/www.gaveanews.com\/#\/schema\/person\/8597dbe3f4d8513dd20048ce95a1895b","name":"Emilly Lima","image":{"@type":"ImageObject","inLanguage":"pt-BR","@id":"https:\/\/www.gaveanews.com\/#\/schema\/person\/image\/","url":"https:\/\/secure.gravatar.com\/avatar\/ddb4d0548bae01de3cb52e0fe30386754e9c41797565aa0a5bf4440ab4f7c0be?s=96&d=mm&r=g","contentUrl":"https:\/\/secure.gravatar.com\/avatar\/ddb4d0548bae01de3cb52e0fe30386754e9c41797565aa0a5bf4440ab4f7c0be?s=96&d=mm&r=g","caption":"Emilly Lima"}}]}},"_links":{"self":[{"href":"https:\/\/www.gaveanews.com\/index.php\/wp-json\/wp\/v2\/posts\/162556","targetHints":{"allow":["GET"]}}],"collection":[{"href":"https:\/\/www.gaveanews.com\/index.php\/wp-json\/wp\/v2\/posts"}],"about":[{"href":"https:\/\/www.gaveanews.com\/index.php\/wp-json\/wp\/v2\/types\/post"}],"author":[{"embeddable":true,"href":"https:\/\/www.gaveanews.com\/index.php\/wp-json\/wp\/v2\/users\/22"}],"replies":[{"embeddable":true,"href":"https:\/\/www.gaveanews.com\/index.php\/wp-json\/wp\/v2\/comments?post=162556"}],"version-history":[{"count":2,"href":"https:\/\/www.gaveanews.com\/index.php\/wp-json\/wp\/v2\/posts\/162556\/revisions"}],"predecessor-version":[{"id":162794,"href":"https:\/\/www.gaveanews.com\/index.php\/wp-json\/wp\/v2\/posts\/162556\/revisions\/162794"}],"wp:featuredmedia":[{"embeddable":true,"href":"https:\/\/www.gaveanews.com\/index.php\/wp-json\/wp\/v2\/media\/162795"}],"wp:attachment":[{"href":"https:\/\/www.gaveanews.com\/index.php\/wp-json\/wp\/v2\/media?parent=162556"}],"wp:term":[{"taxonomy":"category","embeddable":true,"href":"https:\/\/www.gaveanews.com\/index.php\/wp-json\/wp\/v2\/categories?post=162556"},{"taxonomy":"post_tag","embeddable":true,"href":"https:\/\/www.gaveanews.com\/index.php\/wp-json\/wp\/v2\/tags?post=162556"}],"curies":[{"name":"wp","href":"https:\/\/api.w.org\/{rel}","templated":true}]}}