{"id":162637,"date":"2024-08-30T21:00:00","date_gmt":"2024-08-31T00:00:00","guid":{"rendered":"https:\/\/www.gaveanews.com\/?p=162637"},"modified":"2024-08-30T16:19:59","modified_gmt":"2024-08-30T19:19:59","slug":"veja-os-desfalques-do-atletico-mg-para-o-jogo-contra-o-gremio","status":"publish","type":"post","link":"https:\/\/www.gaveanews.com\/index.php\/2024\/08\/30\/veja-os-desfalques-do-atletico-mg-para-o-jogo-contra-o-gremio\/","title":{"rendered":"Veja os desfalques do Atl\u00e9tico-MG para o jogo contra o Gr\u00eamio"},"content":{"rendered":"\n<p>Atl\u00e9tico Mineiro e Gr\u00eamio se enfrentam no pr\u00f3ximo domingo (1) \u00e0s 11 horas da manh\u00e3 na Arena do Gr\u00eamio, no Rio Grande do Sul. Ser\u00e1 a primeira partida do Gr\u00eamio no seu est\u00e1dio ap\u00f3s 4 meses, desde que as enchentes do Rio Grande do Sul devastaram o estado.<\/p>\n\n\n\n<p>A \u00faltima partida no local havia sido em 20 de abril, uma vit\u00f3ria sobre o Cuiab\u00e1. A arena gremista foi severamente afetada pelas enchentes que ocorreram em maio no Rio Grande do Sul.<\/p>\n\n\n\n<ul class=\"wp-block-list\">\n<li><a href=\"https:\/\/www.gaveanews.com\/index.php\/2024\/07\/11\/atletico-mineiro-bate-recorde-negativo-no-brasileirao\/\">Atl\u00e9tico Mineiro bate recorde negativo no Brasileir\u00e3o<\/a><\/li>\n\n\n\n<li><a href=\"https:\/\/www.gaveanews.com\/index.php\/2023\/08\/30\/atletico-mineiro-podera-ser-punido-pela-cbf-devido-ao-jogo-contra-o-flamengo-pelo-brasileirao\/\">Atl\u00e9tico Mineiro poder\u00e1 ser punido pela CBF devido ao jogo contra o Flamengo pelo Brasileir\u00e3o<\/a><\/li>\n<\/ul>\n\n\n\n<p>Para esta partida contra o Atl\u00e9tico-MG, o p\u00fablico na Arena ser\u00e1 reduzido. Apenas 12,7 mil lugares estar\u00e3o dispon\u00edveis para os torcedores, todos no anel inferior. A medida foi oficializada recentemente e visa garantir a seguran\u00e7a dos torcedores enquanto a recupera\u00e7\u00e3o total do est\u00e1dio n\u00e3o \u00e9 conclu\u00edda.<\/p>\n\n\n\n<p>O Atl\u00e9tico Mineiro ter\u00e1 alguns desfalques para essa partida e Milito precisar\u00e1 organizar a sua equipe para conseguir montar o elenco da melhor forma poss\u00edvel.<\/p>\n\n\n\n<p>Duas aus\u00eancias fazem com que o Atl\u00e9tico Mineiro precise se reorganizar para esta partida: o zagueiro Bruno Fuchs e o atacante Paulinho, ambos suspensos.<\/p>\n\n\n\n<h2 class=\"wp-block-heading\" id=\"h-onde-assistir-atletico-mineiro-x-gremio\">Onde assistir Atl\u00e9tico Mineiro x Gr\u00eamio?<\/h2>\n\n\n\n<p>O confronto entre Gr\u00eamio e Atl\u00e9tico-MG, v\u00e1lido pela 25\u00aa rodada do Brasileir\u00e3o, ser\u00e1 \u00e0s 11h deste domingo (1\u00ba). Na rodada passada,&nbsp;jogando fora de casa, o Tricolor venceu o Crici\u00fama por 1 a 0.&nbsp;Dessa forma chegou at\u00e9 a 14\u00aa posi\u00e7\u00e3o, com 27 pontos ganhos.<\/p>\n\n\n\n<p>J\u00e1 o&nbsp;Galo vem de derrota no Campeonato Brasileiro para o Fluminense, que o deixa com&nbsp;30 pontos, na nona posi\u00e7\u00e3o. Contudo, o duelo mais recente da equipe mineira foi no meio da semana, pela Copa do Brasil, com&nbsp;vit\u00f3ria fora de casa sobre o S\u00e3o Paulo.<\/p>\n\n\n\n<p><strong>Gr\u00eamio<\/strong>: Marches\u00edn; Jo\u00e3o Pedro, Rodrigo Ely (Kannemann), Jemerson e Reinaldo; Villasanti, Dodi, Monsalve, Cristaldo e Soteldo; Braithwaite.&nbsp;<strong>T\u00e9cnico<\/strong>: Renato Portaluppi.<\/p>\n\n\n\n<p><strong>Atl\u00e9tico-MG:<\/strong>&nbsp;\u00c9verson; Alisson, Battaglia e Lyanco; Rubens, Fausto Vera, Ot\u00e1vio e Guilherme Arana; Bernard, Vargas e Deyverson.&nbsp;<strong>T\u00e9cnico:<\/strong>&nbsp;Gabriel Milito.<\/p>\n\n\n\n<p>O Premiere transmitir\u00e1 ao vivo.<\/p>\n","protected":false},"excerpt":{"rendered":"<p>Atl\u00e9tico Mineiro e Gr\u00eamio se enfrentam no pr\u00f3ximo domingo (1) \u00e0s 11 horas da manh\u00e3 na Arena do Gr\u00eamio, no Rio Grande do Sul. Ser\u00e1 a primeira partida do Gr\u00eamio no seu est\u00e1dio ap\u00f3s 4 meses, desde que as enchentes do Rio Grande do Sul devastaram o estado. A \u00faltima partida no local havia sido [&hellip;]<\/p>\n","protected":false},"author":19,"featured_media":157061,"comment_status":"open","ping_status":"closed","sticky":false,"template":"","format":"standard","meta":{"footnotes":""},"categories":[136,147],"tags":[],"class_list":["post-162637","post","type-post","status-publish","format-standard","has-post-thumbnail","hentry","category-atletico-mg","category-gremio"],"yoast_head":"<!-- This site is optimized with the Yoast SEO Premium plugin v24.2 (Yoast SEO v26.9) - https:\/\/yoast.com\/product\/yoast-seo-premium-wordpress\/ -->\n<title>Veja os desfalques do Atl\u00e9tico-MG para o jogo contra o Gr\u00eamio<\/title>\n<meta name=\"robots\" content=\"index, follow, max-snippet:-1, max-image-preview:large, max-video-preview:-1\" \/>\n<link rel=\"canonical\" href=\"https:\/\/www.gaveanews.com\/index.php\/2024\/08\/30\/veja-os-desfalques-do-atletico-mg-para-o-jogo-contra-o-gremio\/\" \/>\n<meta property=\"og:locale\" content=\"pt_BR\" \/>\n<meta property=\"og:type\" content=\"article\" \/>\n<meta property=\"og:title\" content=\"Veja os desfalques do Atl\u00e9tico-MG para o jogo contra o Gr\u00eamio\" \/>\n<meta property=\"og:description\" content=\"Atl\u00e9tico Mineiro e Gr\u00eamio se enfrentam no pr\u00f3ximo domingo (1) \u00e0s 11 horas da manh\u00e3 na Arena do Gr\u00eamio, no Rio Grande do Sul. Ser\u00e1 a primeira partida do Gr\u00eamio no seu est\u00e1dio ap\u00f3s 4 meses, desde que as enchentes do Rio Grande do Sul devastaram o estado. A \u00faltima partida no local havia sido [&hellip;]\" \/>\n<meta property=\"og:url\" content=\"https:\/\/www.gaveanews.com\/index.php\/2024\/08\/30\/veja-os-desfalques-do-atletico-mg-para-o-jogo-contra-o-gremio\/\" \/>\n<meta property=\"og:site_name\" content=\"G\u00e1vea News\" \/>\n<meta property=\"article:publisher\" content=\"https:\/\/facebook.com\/gaveaNews\/\" \/>\n<meta property=\"article:published_time\" content=\"2024-08-31T00:00:00+00:00\" \/>\n<meta property=\"og:image\" content=\"https:\/\/www.gaveanews.com\/wp-content\/uploads\/Camisa-do-Atletico-MG.webp\" \/>\n\t<meta property=\"og:image:width\" content=\"1080\" \/>\n\t<meta property=\"og:image:height\" content=\"720\" \/>\n\t<meta property=\"og:image:type\" content=\"image\/webp\" \/>\n<meta name=\"author\" content=\"Bruno Zanchetta\" \/>\n<meta name=\"twitter:card\" content=\"summary_large_image\" \/>\n<meta name=\"twitter:label1\" content=\"Escrito por\" \/>\n\t<meta name=\"twitter:data1\" content=\"Bruno Zanchetta\" \/>\n\t<meta name=\"twitter:label2\" content=\"Est. tempo de leitura\" \/>\n\t<meta name=\"twitter:data2\" content=\"3 minutos\" \/>\n<script type=\"application\/ld+json\" class=\"yoast-schema-graph\">{\"@context\":\"https:\/\/schema.org\",\"@graph\":[{\"@type\":\"NewsArticle\",\"@id\":\"https:\/\/www.gaveanews.com\/index.php\/2024\/08\/30\/veja-os-desfalques-do-atletico-mg-para-o-jogo-contra-o-gremio\/#article\",\"isPartOf\":{\"@id\":\"https:\/\/www.gaveanews.com\/index.php\/2024\/08\/30\/veja-os-desfalques-do-atletico-mg-para-o-jogo-contra-o-gremio\/\"},\"author\":{\"name\":\"Bruno Zanchetta\",\"@id\":\"https:\/\/www.gaveanews.com\/#\/schema\/person\/32fddefab25b466689f181be346cd98c\"},\"headline\":\"Veja os desfalques do Atl\u00e9tico-MG para o jogo contra o Gr\u00eamio\",\"datePublished\":\"2024-08-31T00:00:00+00:00\",\"mainEntityOfPage\":{\"@id\":\"https:\/\/www.gaveanews.com\/index.php\/2024\/08\/30\/veja-os-desfalques-do-atletico-mg-para-o-jogo-contra-o-gremio\/\"},\"wordCount\":393,\"commentCount\":0,\"image\":{\"@id\":\"https:\/\/www.gaveanews.com\/index.php\/2024\/08\/30\/veja-os-desfalques-do-atletico-mg-para-o-jogo-contra-o-gremio\/#primaryimage\"},\"thumbnailUrl\":\"https:\/\/www.gaveanews.com\/wp-content\/uploads\/Camisa-do-Atletico-MG.webp\",\"articleSection\":[\"Atl\u00e9tico-MG\",\"Gr\u00eamio\"],\"inLanguage\":\"pt-BR\",\"potentialAction\":[{\"@type\":\"CommentAction\",\"name\":\"Comment\",\"target\":[\"https:\/\/www.gaveanews.com\/index.php\/2024\/08\/30\/veja-os-desfalques-do-atletico-mg-para-o-jogo-contra-o-gremio\/#respond\"]}],\"copyrightYear\":\"2024\",\"copyrightHolder\":{\"@id\":\"https:\/\/www.gaveanews.com\/#organization\"}},{\"@type\":\"WebPage\",\"@id\":\"https:\/\/www.gaveanews.com\/index.php\/2024\/08\/30\/veja-os-desfalques-do-atletico-mg-para-o-jogo-contra-o-gremio\/\",\"url\":\"https:\/\/www.gaveanews.com\/index.php\/2024\/08\/30\/veja-os-desfalques-do-atletico-mg-para-o-jogo-contra-o-gremio\/\",\"name\":\"Veja os desfalques do Atl\u00e9tico-MG para o jogo contra o Gr\u00eamio\",\"isPartOf\":{\"@id\":\"https:\/\/www.gaveanews.com\/#website\"},\"primaryImageOfPage\":{\"@id\":\"https:\/\/www.gaveanews.com\/index.php\/2024\/08\/30\/veja-os-desfalques-do-atletico-mg-para-o-jogo-contra-o-gremio\/#primaryimage\"},\"image\":{\"@id\":\"https:\/\/www.gaveanews.com\/index.php\/2024\/08\/30\/veja-os-desfalques-do-atletico-mg-para-o-jogo-contra-o-gremio\/#primaryimage\"},\"thumbnailUrl\":\"https:\/\/www.gaveanews.com\/wp-content\/uploads\/Camisa-do-Atletico-MG.webp\",\"datePublished\":\"2024-08-31T00:00:00+00:00\",\"author\":{\"@id\":\"https:\/\/www.gaveanews.com\/#\/schema\/person\/32fddefab25b466689f181be346cd98c\"},\"breadcrumb\":{\"@id\":\"https:\/\/www.gaveanews.com\/index.php\/2024\/08\/30\/veja-os-desfalques-do-atletico-mg-para-o-jogo-contra-o-gremio\/#breadcrumb\"},\"inLanguage\":\"pt-BR\",\"potentialAction\":[{\"@type\":\"ReadAction\",\"target\":[\"https:\/\/www.gaveanews.com\/index.php\/2024\/08\/30\/veja-os-desfalques-do-atletico-mg-para-o-jogo-contra-o-gremio\/\"]}]},{\"@type\":\"ImageObject\",\"inLanguage\":\"pt-BR\",\"@id\":\"https:\/\/www.gaveanews.com\/index.php\/2024\/08\/30\/veja-os-desfalques-do-atletico-mg-para-o-jogo-contra-o-gremio\/#primaryimage\",\"url\":\"https:\/\/www.gaveanews.com\/wp-content\/uploads\/Camisa-do-Atletico-MG.webp\",\"contentUrl\":\"https:\/\/www.gaveanews.com\/wp-content\/uploads\/Camisa-do-Atletico-MG.webp\",\"width\":1080,\"height\":720,\"caption\":\"Camisa do Atl\u00e9tico-MG (Foto: Reprodu\u00e7\u00e3o\/Instagram)\"},{\"@type\":\"BreadcrumbList\",\"@id\":\"https:\/\/www.gaveanews.com\/index.php\/2024\/08\/30\/veja-os-desfalques-do-atletico-mg-para-o-jogo-contra-o-gremio\/#breadcrumb\",\"itemListElement\":[{\"@type\":\"ListItem\",\"position\":1,\"name\":\"Home\",\"item\":\"https:\/\/www.gaveanews.com\/\"},{\"@type\":\"ListItem\",\"position\":2,\"name\":\"Veja os desfalques do Atl\u00e9tico-MG para o jogo contra o Gr\u00eamio\"}]},{\"@type\":\"WebSite\",\"@id\":\"https:\/\/www.gaveanews.com\/#website\",\"url\":\"https:\/\/www.gaveanews.com\/\",\"name\":\"G\u00e1vea News\",\"description\":\"Veja todas as not\u00edcias sobre o Flamengo: Contrata\u00e7\u00f5es, categorias de base, resultados das partidas, tabela de classifica\u00e7\u00e3o, pr\u00f3ximos jogos!\",\"potentialAction\":[{\"@type\":\"SearchAction\",\"target\":{\"@type\":\"EntryPoint\",\"urlTemplate\":\"https:\/\/www.gaveanews.com\/?s={search_term_string}\"},\"query-input\":{\"@type\":\"PropertyValueSpecification\",\"valueRequired\":true,\"valueName\":\"search_term_string\"}}],\"inLanguage\":\"pt-BR\"},{\"@type\":\"Person\",\"@id\":\"https:\/\/www.gaveanews.com\/#\/schema\/person\/32fddefab25b466689f181be346cd98c\",\"name\":\"Bruno Zanchetta\",\"image\":{\"@type\":\"ImageObject\",\"inLanguage\":\"pt-BR\",\"@id\":\"https:\/\/www.gaveanews.com\/#\/schema\/person\/image\/\",\"url\":\"https:\/\/secure.gravatar.com\/avatar\/3ba2d39f8a912ad65276975a996d6ad8d9e3dd13448684be8dc4d7c17099d2ee?s=96&d=mm&r=g\",\"contentUrl\":\"https:\/\/secure.gravatar.com\/avatar\/3ba2d39f8a912ad65276975a996d6ad8d9e3dd13448684be8dc4d7c17099d2ee?s=96&d=mm&r=g\",\"caption\":\"Bruno Zanchetta\"}}]}<\/script>\n<!-- \/ Yoast SEO Premium plugin. -->","yoast_head_json":{"title":"Veja os desfalques do Atl\u00e9tico-MG para o jogo contra o Gr\u00eamio","robots":{"index":"index","follow":"follow","max-snippet":"max-snippet:-1","max-image-preview":"max-image-preview:large","max-video-preview":"max-video-preview:-1"},"canonical":"https:\/\/www.gaveanews.com\/index.php\/2024\/08\/30\/veja-os-desfalques-do-atletico-mg-para-o-jogo-contra-o-gremio\/","og_locale":"pt_BR","og_type":"article","og_title":"Veja os desfalques do Atl\u00e9tico-MG para o jogo contra o Gr\u00eamio","og_description":"Atl\u00e9tico Mineiro e Gr\u00eamio se enfrentam no pr\u00f3ximo domingo (1) \u00e0s 11 horas da manh\u00e3 na Arena do Gr\u00eamio, no Rio Grande do Sul. Ser\u00e1 a primeira partida do Gr\u00eamio no seu est\u00e1dio ap\u00f3s 4 meses, desde que as enchentes do Rio Grande do Sul devastaram o estado. A \u00faltima partida no local havia sido [&hellip;]","og_url":"https:\/\/www.gaveanews.com\/index.php\/2024\/08\/30\/veja-os-desfalques-do-atletico-mg-para-o-jogo-contra-o-gremio\/","og_site_name":"G\u00e1vea News","article_publisher":"https:\/\/facebook.com\/gaveaNews\/","article_published_time":"2024-08-31T00:00:00+00:00","og_image":[{"width":1080,"height":720,"url":"https:\/\/www.gaveanews.com\/wp-content\/uploads\/Camisa-do-Atletico-MG.webp","type":"image\/webp"}],"author":"Bruno Zanchetta","twitter_card":"summary_large_image","twitter_misc":{"Escrito por":"Bruno Zanchetta","Est. tempo de leitura":"3 minutos"},"schema":{"@context":"https:\/\/schema.org","@graph":[{"@type":"NewsArticle","@id":"https:\/\/www.gaveanews.com\/index.php\/2024\/08\/30\/veja-os-desfalques-do-atletico-mg-para-o-jogo-contra-o-gremio\/#article","isPartOf":{"@id":"https:\/\/www.gaveanews.com\/index.php\/2024\/08\/30\/veja-os-desfalques-do-atletico-mg-para-o-jogo-contra-o-gremio\/"},"author":{"name":"Bruno Zanchetta","@id":"https:\/\/www.gaveanews.com\/#\/schema\/person\/32fddefab25b466689f181be346cd98c"},"headline":"Veja os desfalques do Atl\u00e9tico-MG para o jogo contra o Gr\u00eamio","datePublished":"2024-08-31T00:00:00+00:00","mainEntityOfPage":{"@id":"https:\/\/www.gaveanews.com\/index.php\/2024\/08\/30\/veja-os-desfalques-do-atletico-mg-para-o-jogo-contra-o-gremio\/"},"wordCount":393,"commentCount":0,"image":{"@id":"https:\/\/www.gaveanews.com\/index.php\/2024\/08\/30\/veja-os-desfalques-do-atletico-mg-para-o-jogo-contra-o-gremio\/#primaryimage"},"thumbnailUrl":"https:\/\/www.gaveanews.com\/wp-content\/uploads\/Camisa-do-Atletico-MG.webp","articleSection":["Atl\u00e9tico-MG","Gr\u00eamio"],"inLanguage":"pt-BR","potentialAction":[{"@type":"CommentAction","name":"Comment","target":["https:\/\/www.gaveanews.com\/index.php\/2024\/08\/30\/veja-os-desfalques-do-atletico-mg-para-o-jogo-contra-o-gremio\/#respond"]}],"copyrightYear":"2024","copyrightHolder":{"@id":"https:\/\/www.gaveanews.com\/#organization"}},{"@type":"WebPage","@id":"https:\/\/www.gaveanews.com\/index.php\/2024\/08\/30\/veja-os-desfalques-do-atletico-mg-para-o-jogo-contra-o-gremio\/","url":"https:\/\/www.gaveanews.com\/index.php\/2024\/08\/30\/veja-os-desfalques-do-atletico-mg-para-o-jogo-contra-o-gremio\/","name":"Veja os desfalques do Atl\u00e9tico-MG para o jogo contra o Gr\u00eamio","isPartOf":{"@id":"https:\/\/www.gaveanews.com\/#website"},"primaryImageOfPage":{"@id":"https:\/\/www.gaveanews.com\/index.php\/2024\/08\/30\/veja-os-desfalques-do-atletico-mg-para-o-jogo-contra-o-gremio\/#primaryimage"},"image":{"@id":"https:\/\/www.gaveanews.com\/index.php\/2024\/08\/30\/veja-os-desfalques-do-atletico-mg-para-o-jogo-contra-o-gremio\/#primaryimage"},"thumbnailUrl":"https:\/\/www.gaveanews.com\/wp-content\/uploads\/Camisa-do-Atletico-MG.webp","datePublished":"2024-08-31T00:00:00+00:00","author":{"@id":"https:\/\/www.gaveanews.com\/#\/schema\/person\/32fddefab25b466689f181be346cd98c"},"breadcrumb":{"@id":"https:\/\/www.gaveanews.com\/index.php\/2024\/08\/30\/veja-os-desfalques-do-atletico-mg-para-o-jogo-contra-o-gremio\/#breadcrumb"},"inLanguage":"pt-BR","potentialAction":[{"@type":"ReadAction","target":["https:\/\/www.gaveanews.com\/index.php\/2024\/08\/30\/veja-os-desfalques-do-atletico-mg-para-o-jogo-contra-o-gremio\/"]}]},{"@type":"ImageObject","inLanguage":"pt-BR","@id":"https:\/\/www.gaveanews.com\/index.php\/2024\/08\/30\/veja-os-desfalques-do-atletico-mg-para-o-jogo-contra-o-gremio\/#primaryimage","url":"https:\/\/www.gaveanews.com\/wp-content\/uploads\/Camisa-do-Atletico-MG.webp","contentUrl":"https:\/\/www.gaveanews.com\/wp-content\/uploads\/Camisa-do-Atletico-MG.webp","width":1080,"height":720,"caption":"Camisa do Atl\u00e9tico-MG (Foto: Reprodu\u00e7\u00e3o\/Instagram)"},{"@type":"BreadcrumbList","@id":"https:\/\/www.gaveanews.com\/index.php\/2024\/08\/30\/veja-os-desfalques-do-atletico-mg-para-o-jogo-contra-o-gremio\/#breadcrumb","itemListElement":[{"@type":"ListItem","position":1,"name":"Home","item":"https:\/\/www.gaveanews.com\/"},{"@type":"ListItem","position":2,"name":"Veja os desfalques do Atl\u00e9tico-MG para o jogo contra o Gr\u00eamio"}]},{"@type":"WebSite","@id":"https:\/\/www.gaveanews.com\/#website","url":"https:\/\/www.gaveanews.com\/","name":"G\u00e1vea News","description":"Veja todas as not\u00edcias sobre o Flamengo: Contrata\u00e7\u00f5es, categorias de base, resultados das partidas, tabela de classifica\u00e7\u00e3o, pr\u00f3ximos jogos!","potentialAction":[{"@type":"SearchAction","target":{"@type":"EntryPoint","urlTemplate":"https:\/\/www.gaveanews.com\/?s={search_term_string}"},"query-input":{"@type":"PropertyValueSpecification","valueRequired":true,"valueName":"search_term_string"}}],"inLanguage":"pt-BR"},{"@type":"Person","@id":"https:\/\/www.gaveanews.com\/#\/schema\/person\/32fddefab25b466689f181be346cd98c","name":"Bruno Zanchetta","image":{"@type":"ImageObject","inLanguage":"pt-BR","@id":"https:\/\/www.gaveanews.com\/#\/schema\/person\/image\/","url":"https:\/\/secure.gravatar.com\/avatar\/3ba2d39f8a912ad65276975a996d6ad8d9e3dd13448684be8dc4d7c17099d2ee?s=96&d=mm&r=g","contentUrl":"https:\/\/secure.gravatar.com\/avatar\/3ba2d39f8a912ad65276975a996d6ad8d9e3dd13448684be8dc4d7c17099d2ee?s=96&d=mm&r=g","caption":"Bruno Zanchetta"}}]}},"_links":{"self":[{"href":"https:\/\/www.gaveanews.com\/index.php\/wp-json\/wp\/v2\/posts\/162637","targetHints":{"allow":["GET"]}}],"collection":[{"href":"https:\/\/www.gaveanews.com\/index.php\/wp-json\/wp\/v2\/posts"}],"about":[{"href":"https:\/\/www.gaveanews.com\/index.php\/wp-json\/wp\/v2\/types\/post"}],"author":[{"embeddable":true,"href":"https:\/\/www.gaveanews.com\/index.php\/wp-json\/wp\/v2\/users\/19"}],"replies":[{"embeddable":true,"href":"https:\/\/www.gaveanews.com\/index.php\/wp-json\/wp\/v2\/comments?post=162637"}],"version-history":[{"count":2,"href":"https:\/\/www.gaveanews.com\/index.php\/wp-json\/wp\/v2\/posts\/162637\/revisions"}],"predecessor-version":[{"id":162759,"href":"https:\/\/www.gaveanews.com\/index.php\/wp-json\/wp\/v2\/posts\/162637\/revisions\/162759"}],"wp:featuredmedia":[{"embeddable":true,"href":"https:\/\/www.gaveanews.com\/index.php\/wp-json\/wp\/v2\/media\/157061"}],"wp:attachment":[{"href":"https:\/\/www.gaveanews.com\/index.php\/wp-json\/wp\/v2\/media?parent=162637"}],"wp:term":[{"taxonomy":"category","embeddable":true,"href":"https:\/\/www.gaveanews.com\/index.php\/wp-json\/wp\/v2\/categories?post=162637"},{"taxonomy":"post_tag","embeddable":true,"href":"https:\/\/www.gaveanews.com\/index.php\/wp-json\/wp\/v2\/tags?post=162637"}],"curies":[{"name":"wp","href":"https:\/\/api.w.org\/{rel}","templated":true}]}}