{"id":162888,"date":"2024-09-01T10:15:00","date_gmt":"2024-09-01T13:15:00","guid":{"rendered":"https:\/\/www.gaveanews.com\/?p=162888"},"modified":"2024-09-01T01:02:23","modified_gmt":"2024-09-01T04:02:23","slug":"mbappe-e-questionado-por-jornal-da-espanha-por-causa-de-vini-jr","status":"publish","type":"post","link":"https:\/\/www.gaveanews.com\/index.php\/2024\/09\/01\/mbappe-e-questionado-por-jornal-da-espanha-por-causa-de-vini-jr\/","title":{"rendered":"Mbapp\u00e9 \u00e9 questionado por jornal da Espanha por causa de Vini Jr"},"content":{"rendered":"\n<p>O Real Madrid chegou mais uma vez em branco no campeonato da LALIGA, desta vez no empate por 1 a 1 entre Real Madrid e Las Palmas, nesta quinta-feira (29) e o atacante Kylian Mbapp\u00e9 foi cornetado pela imprensa espanhola.<\/p>\n\n\n\n<ul class=\"wp-block-list\">\n<li><a href=\"https:\/\/www.gaveanews.com\/index.php\/2024\/08\/29\/vini-jr-pode-bater-marca-que-nem-cr7-conseguiu-no-real-madrid\/\">Vini Jr pode bater marca que nem CR7 conseguiu no Real Madrid<\/a><\/li>\n\n\n\n<li><a href=\"https:\/\/www.gaveanews.com\/index.php\/2024\/08\/27\/kim-kardashian-faz-publicacao-direcionada-a-vini-jr-do-real-madrid\/\">Kim Kardashian faz publica\u00e7\u00e3o direcionada a Vini Jr, do Real Madrid<\/a><\/li>\n<\/ul>\n\n\n\n<h2 class=\"wp-block-heading\" id=\"h-jornal-sport\">Jornal\u00a0Sport<\/h2>\n\n\n\n<p>Tudo aconteceu no jornal Sport, que at\u00e9 chegou a destacar o esfor\u00e7o demonstrado pelo franc\u00eas na partida, mas ressaltou a falta de entrosamento do novo camisa 9 com o outro atacante Vinicius Jr. na linha de frente.<\/p>\n\n\n\n<p>&#8220;A estrela francesa segue sem encontrar seu lugar no ataque de Ancelotti&#8221;, disparou o ve\u00edculo.<\/p>\n\n\n\n<p>&#8220;Em v\u00e1rias ocasi\u00f5es, mostrou que segue sem se entender com Vinicius Jr. sobre os espa\u00e7os que deve ocupar&#8221;, seguiu.<\/p>\n\n\n\n<p>&#8220;No entanto, sempre que ele toca a bola os defensores demonstram respeito. Testou o goleiro do Las Palmas mais de uma vez&#8221;, complementou o jornal.<\/p>\n\n\n\n<h2 class=\"wp-block-heading\" id=\"h-jornal-marca\">Jornal Marca<\/h2>\n\n\n\n<p>J\u00e1 o Marca (jornal esportivo di\u00e1rio espanhol), por sua vez, teve menos bondade com o atacante Mbapp\u00e9 e deu uma nota 4 pela partida do centroavante, tamb\u00e9m criticando bastante suas oportunidades desperdi\u00e7adas ao decorrer do jogo.<\/p>\n\n\n\n<p>&#8220;O franc\u00eas est\u00e1 motivado em busca de seu 1\u00ba gol com o Real em LALIGA, mas n\u00e3o est\u00e1 preciso nas finaliza\u00e7\u00f5es&#8221;, criticou o ve\u00edculo.<\/p>\n\n\n\n<p>&#8220;No 2\u00ba tempo, ele at\u00e9 melhorou, disparando um chute fort\u00edssimo que foi uma boa chance. No entanto, n\u00e3o consegue colocar a bola na rede&#8221;, acrescentou.<\/p>\n\n\n\n<h2 class=\"wp-block-heading\" id=\"h-jornal-as\">Jornal As<\/h2>\n\n\n\n<p>O As (jornal esportivo espanhol)<em> <\/em>foi mais um a destacar a &#8220;seca&#8221; que o franc\u00eas vem enfrentando e notou que o craque estava um tanto ansioso em campo.<\/p>\n\n\n\n<p>&#8220;Ele est\u00e1 come\u00e7ando a ficar desesperado pelo gol que teima em n\u00e3o sair, por v\u00e1rios motivos. \u00c9 a primeira vez em sua carreira que enfileira tr\u00eas jogos seguidos sem anotar&#8221;, lembrou.<\/p>\n\n\n\n<h2 class=\"wp-block-heading\" id=\"h-retrospecto-do-mbappe-no-real-madrid\">Retrospecto do Mbapp\u00e9 no Real Madrid<\/h2>\n\n\n\n<p>Desde a chegada do jogador, o \u00fanico gol de Mbapp\u00e9 com a camisa merengue saiu na vit\u00f3ria sobre a Atalanta, pela Supercopa da Uefa.<\/p>\n\n\n\n<p>J\u00e1 nesses tr\u00eas jogos da LALIGA, contra Mallorca, Valladolid e Las Palmas, por sua vez, o ex-PSG ainda n\u00e3o encontrou o caminho das redes.<\/p>\n\n\n\n<h2 class=\"wp-block-heading\" id=\"h-proximos-jogos-do-real-madrid\">Pr\u00f3ximos jogos do Real Madrid<\/h2>\n\n\n\n<ul class=\"wp-block-list\">\n<li>Betis\u00a0(em casa) &#8211; 01\/09, 16h30 (hor\u00e1rio de Bras\u00edlia) &#8211;\u00a0LALIGA\u00a0&#8211; Transmiss\u00e3o pelo\u00a0Disney+<\/li>\n\n\n\n<li>Real Sociedad\u00a0(fora de casa) &#8211; 14\/09, hor\u00e1rio a definir &#8211;\u00a0LALIGA\u00a0&#8211; Transmiss\u00e3o pelo\u00a0Disney+<\/li>\n\n\n\n<li>Espanyol\u00a0(em casa) &#8211; 21\/09, hor\u00e1rio a definir &#8211;\u00a0LALIGA\u00a0&#8211; Transmiss\u00e3o pelo\u00a0Disney+<\/li>\n<\/ul>\n","protected":false},"excerpt":{"rendered":"<p>O Real Madrid chegou mais uma vez em branco no campeonato da LALIGA, desta vez no empate por 1 a 1 entre Real Madrid e Las Palmas, nesta quinta-feira (29) e o atacante Kylian Mbapp\u00e9 foi cornetado pela imprensa espanhola. Jornal\u00a0Sport Tudo aconteceu no jornal Sport, que at\u00e9 chegou a destacar o esfor\u00e7o demonstrado pelo [&hellip;]<\/p>\n","protected":false},"author":22,"featured_media":158755,"comment_status":"open","ping_status":"closed","sticky":false,"template":"","format":"standard","meta":{"footnotes":""},"categories":[88],"tags":[],"class_list":["post-162888","post","type-post","status-publish","format-standard","has-post-thumbnail","hentry","category-real-madrid"],"yoast_head":"<!-- This site is optimized with the Yoast SEO Premium plugin v24.2 (Yoast SEO v26.9) - https:\/\/yoast.com\/product\/yoast-seo-premium-wordpress\/ -->\n<title>Mbapp\u00e9 \u00e9 questionado por jornal da Espanha por causa de Vini Jr<\/title>\n<meta name=\"robots\" content=\"index, follow, max-snippet:-1, max-image-preview:large, max-video-preview:-1\" \/>\n<link rel=\"canonical\" href=\"https:\/\/www.gaveanews.com\/index.php\/2024\/09\/01\/mbappe-e-questionado-por-jornal-da-espanha-por-causa-de-vini-jr\/\" \/>\n<meta property=\"og:locale\" content=\"pt_BR\" \/>\n<meta property=\"og:type\" content=\"article\" \/>\n<meta property=\"og:title\" content=\"Mbapp\u00e9 \u00e9 questionado por jornal da Espanha por causa de Vini Jr\" \/>\n<meta property=\"og:description\" content=\"O Real Madrid chegou mais uma vez em branco no campeonato da LALIGA, desta vez no empate por 1 a 1 entre Real Madrid e Las Palmas, nesta quinta-feira (29) e o atacante Kylian Mbapp\u00e9 foi cornetado pela imprensa espanhola. Jornal\u00a0Sport Tudo aconteceu no jornal Sport, que at\u00e9 chegou a destacar o esfor\u00e7o demonstrado pelo [&hellip;]\" \/>\n<meta property=\"og:url\" content=\"https:\/\/www.gaveanews.com\/index.php\/2024\/09\/01\/mbappe-e-questionado-por-jornal-da-espanha-por-causa-de-vini-jr\/\" \/>\n<meta property=\"og:site_name\" content=\"G\u00e1vea News\" \/>\n<meta property=\"article:publisher\" content=\"https:\/\/facebook.com\/gaveaNews\/\" \/>\n<meta property=\"article:published_time\" content=\"2024-09-01T13:15:00+00:00\" \/>\n<meta property=\"og:image\" content=\"https:\/\/www.gaveanews.com\/wp-content\/uploads\/Kylian-Mbappe-com-a-camisa-do-Real-Madrid-em-2024-1.webp\" \/>\n\t<meta property=\"og:image:width\" content=\"1350\" \/>\n\t<meta property=\"og:image:height\" content=\"900\" \/>\n\t<meta property=\"og:image:type\" content=\"image\/webp\" \/>\n<meta name=\"author\" content=\"Emilly Lima\" \/>\n<meta name=\"twitter:card\" content=\"summary_large_image\" \/>\n<meta name=\"twitter:label1\" content=\"Escrito por\" \/>\n\t<meta name=\"twitter:data1\" content=\"Emilly Lima\" \/>\n\t<meta name=\"twitter:label2\" content=\"Est. tempo de leitura\" \/>\n\t<meta name=\"twitter:data2\" content=\"3 minutos\" \/>\n<script type=\"application\/ld+json\" class=\"yoast-schema-graph\">{\"@context\":\"https:\/\/schema.org\",\"@graph\":[{\"@type\":\"NewsArticle\",\"@id\":\"https:\/\/www.gaveanews.com\/index.php\/2024\/09\/01\/mbappe-e-questionado-por-jornal-da-espanha-por-causa-de-vini-jr\/#article\",\"isPartOf\":{\"@id\":\"https:\/\/www.gaveanews.com\/index.php\/2024\/09\/01\/mbappe-e-questionado-por-jornal-da-espanha-por-causa-de-vini-jr\/\"},\"author\":{\"name\":\"Emilly Lima\",\"@id\":\"https:\/\/www.gaveanews.com\/#\/schema\/person\/8597dbe3f4d8513dd20048ce95a1895b\"},\"headline\":\"Mbapp\u00e9 \u00e9 questionado por jornal da Espanha por causa de Vini Jr\",\"datePublished\":\"2024-09-01T13:15:00+00:00\",\"mainEntityOfPage\":{\"@id\":\"https:\/\/www.gaveanews.com\/index.php\/2024\/09\/01\/mbappe-e-questionado-por-jornal-da-espanha-por-causa-de-vini-jr\/\"},\"wordCount\":445,\"commentCount\":0,\"image\":{\"@id\":\"https:\/\/www.gaveanews.com\/index.php\/2024\/09\/01\/mbappe-e-questionado-por-jornal-da-espanha-por-causa-de-vini-jr\/#primaryimage\"},\"thumbnailUrl\":\"https:\/\/www.gaveanews.com\/wp-content\/uploads\/Kylian-Mbappe-com-a-camisa-do-Real-Madrid-em-2024-1.webp\",\"articleSection\":[\"Real Madrid\"],\"inLanguage\":\"pt-BR\",\"potentialAction\":[{\"@type\":\"CommentAction\",\"name\":\"Comment\",\"target\":[\"https:\/\/www.gaveanews.com\/index.php\/2024\/09\/01\/mbappe-e-questionado-por-jornal-da-espanha-por-causa-de-vini-jr\/#respond\"]}],\"copyrightYear\":\"2024\",\"copyrightHolder\":{\"@id\":\"https:\/\/www.gaveanews.com\/#organization\"}},{\"@type\":\"WebPage\",\"@id\":\"https:\/\/www.gaveanews.com\/index.php\/2024\/09\/01\/mbappe-e-questionado-por-jornal-da-espanha-por-causa-de-vini-jr\/\",\"url\":\"https:\/\/www.gaveanews.com\/index.php\/2024\/09\/01\/mbappe-e-questionado-por-jornal-da-espanha-por-causa-de-vini-jr\/\",\"name\":\"Mbapp\u00e9 \u00e9 questionado por jornal da Espanha por causa de Vini Jr\",\"isPartOf\":{\"@id\":\"https:\/\/www.gaveanews.com\/#website\"},\"primaryImageOfPage\":{\"@id\":\"https:\/\/www.gaveanews.com\/index.php\/2024\/09\/01\/mbappe-e-questionado-por-jornal-da-espanha-por-causa-de-vini-jr\/#primaryimage\"},\"image\":{\"@id\":\"https:\/\/www.gaveanews.com\/index.php\/2024\/09\/01\/mbappe-e-questionado-por-jornal-da-espanha-por-causa-de-vini-jr\/#primaryimage\"},\"thumbnailUrl\":\"https:\/\/www.gaveanews.com\/wp-content\/uploads\/Kylian-Mbappe-com-a-camisa-do-Real-Madrid-em-2024-1.webp\",\"datePublished\":\"2024-09-01T13:15:00+00:00\",\"author\":{\"@id\":\"https:\/\/www.gaveanews.com\/#\/schema\/person\/8597dbe3f4d8513dd20048ce95a1895b\"},\"breadcrumb\":{\"@id\":\"https:\/\/www.gaveanews.com\/index.php\/2024\/09\/01\/mbappe-e-questionado-por-jornal-da-espanha-por-causa-de-vini-jr\/#breadcrumb\"},\"inLanguage\":\"pt-BR\",\"potentialAction\":[{\"@type\":\"ReadAction\",\"target\":[\"https:\/\/www.gaveanews.com\/index.php\/2024\/09\/01\/mbappe-e-questionado-por-jornal-da-espanha-por-causa-de-vini-jr\/\"]}]},{\"@type\":\"ImageObject\",\"inLanguage\":\"pt-BR\",\"@id\":\"https:\/\/www.gaveanews.com\/index.php\/2024\/09\/01\/mbappe-e-questionado-por-jornal-da-espanha-por-causa-de-vini-jr\/#primaryimage\",\"url\":\"https:\/\/www.gaveanews.com\/wp-content\/uploads\/Kylian-Mbappe-com-a-camisa-do-Real-Madrid-em-2024-1.webp\",\"contentUrl\":\"https:\/\/www.gaveanews.com\/wp-content\/uploads\/Kylian-Mbappe-com-a-camisa-do-Real-Madrid-em-2024-1.webp\",\"width\":1350,\"height\":900,\"caption\":\"Kylian Mbapp\u00e9 com a camisa do Real Madrid em 2024 (Foto: Reprodu\u00e7\u00e3o\/Instagram)\"},{\"@type\":\"BreadcrumbList\",\"@id\":\"https:\/\/www.gaveanews.com\/index.php\/2024\/09\/01\/mbappe-e-questionado-por-jornal-da-espanha-por-causa-de-vini-jr\/#breadcrumb\",\"itemListElement\":[{\"@type\":\"ListItem\",\"position\":1,\"name\":\"Home\",\"item\":\"https:\/\/www.gaveanews.com\/\"},{\"@type\":\"ListItem\",\"position\":2,\"name\":\"Mbapp\u00e9 \u00e9 questionado por jornal da Espanha por causa de Vini Jr\"}]},{\"@type\":\"WebSite\",\"@id\":\"https:\/\/www.gaveanews.com\/#website\",\"url\":\"https:\/\/www.gaveanews.com\/\",\"name\":\"G\u00e1vea News\",\"description\":\"Veja todas as not\u00edcias sobre o Flamengo: Contrata\u00e7\u00f5es, categorias de base, resultados das partidas, tabela de classifica\u00e7\u00e3o, pr\u00f3ximos jogos!\",\"potentialAction\":[{\"@type\":\"SearchAction\",\"target\":{\"@type\":\"EntryPoint\",\"urlTemplate\":\"https:\/\/www.gaveanews.com\/?s={search_term_string}\"},\"query-input\":{\"@type\":\"PropertyValueSpecification\",\"valueRequired\":true,\"valueName\":\"search_term_string\"}}],\"inLanguage\":\"pt-BR\"},{\"@type\":\"Person\",\"@id\":\"https:\/\/www.gaveanews.com\/#\/schema\/person\/8597dbe3f4d8513dd20048ce95a1895b\",\"name\":\"Emilly Lima\",\"image\":{\"@type\":\"ImageObject\",\"inLanguage\":\"pt-BR\",\"@id\":\"https:\/\/www.gaveanews.com\/#\/schema\/person\/image\/\",\"url\":\"https:\/\/secure.gravatar.com\/avatar\/ddb4d0548bae01de3cb52e0fe30386754e9c41797565aa0a5bf4440ab4f7c0be?s=96&d=mm&r=g\",\"contentUrl\":\"https:\/\/secure.gravatar.com\/avatar\/ddb4d0548bae01de3cb52e0fe30386754e9c41797565aa0a5bf4440ab4f7c0be?s=96&d=mm&r=g\",\"caption\":\"Emilly Lima\"}}]}<\/script>\n<!-- \/ Yoast SEO Premium plugin. -->","yoast_head_json":{"title":"Mbapp\u00e9 \u00e9 questionado por jornal da Espanha por causa de Vini Jr","robots":{"index":"index","follow":"follow","max-snippet":"max-snippet:-1","max-image-preview":"max-image-preview:large","max-video-preview":"max-video-preview:-1"},"canonical":"https:\/\/www.gaveanews.com\/index.php\/2024\/09\/01\/mbappe-e-questionado-por-jornal-da-espanha-por-causa-de-vini-jr\/","og_locale":"pt_BR","og_type":"article","og_title":"Mbapp\u00e9 \u00e9 questionado por jornal da Espanha por causa de Vini Jr","og_description":"O Real Madrid chegou mais uma vez em branco no campeonato da LALIGA, desta vez no empate por 1 a 1 entre Real Madrid e Las Palmas, nesta quinta-feira (29) e o atacante Kylian Mbapp\u00e9 foi cornetado pela imprensa espanhola. Jornal\u00a0Sport Tudo aconteceu no jornal Sport, que at\u00e9 chegou a destacar o esfor\u00e7o demonstrado pelo [&hellip;]","og_url":"https:\/\/www.gaveanews.com\/index.php\/2024\/09\/01\/mbappe-e-questionado-por-jornal-da-espanha-por-causa-de-vini-jr\/","og_site_name":"G\u00e1vea News","article_publisher":"https:\/\/facebook.com\/gaveaNews\/","article_published_time":"2024-09-01T13:15:00+00:00","og_image":[{"width":1350,"height":900,"url":"https:\/\/www.gaveanews.com\/wp-content\/uploads\/Kylian-Mbappe-com-a-camisa-do-Real-Madrid-em-2024-1.webp","type":"image\/webp"}],"author":"Emilly Lima","twitter_card":"summary_large_image","twitter_misc":{"Escrito por":"Emilly Lima","Est. tempo de leitura":"3 minutos"},"schema":{"@context":"https:\/\/schema.org","@graph":[{"@type":"NewsArticle","@id":"https:\/\/www.gaveanews.com\/index.php\/2024\/09\/01\/mbappe-e-questionado-por-jornal-da-espanha-por-causa-de-vini-jr\/#article","isPartOf":{"@id":"https:\/\/www.gaveanews.com\/index.php\/2024\/09\/01\/mbappe-e-questionado-por-jornal-da-espanha-por-causa-de-vini-jr\/"},"author":{"name":"Emilly Lima","@id":"https:\/\/www.gaveanews.com\/#\/schema\/person\/8597dbe3f4d8513dd20048ce95a1895b"},"headline":"Mbapp\u00e9 \u00e9 questionado por jornal da Espanha por causa de Vini Jr","datePublished":"2024-09-01T13:15:00+00:00","mainEntityOfPage":{"@id":"https:\/\/www.gaveanews.com\/index.php\/2024\/09\/01\/mbappe-e-questionado-por-jornal-da-espanha-por-causa-de-vini-jr\/"},"wordCount":445,"commentCount":0,"image":{"@id":"https:\/\/www.gaveanews.com\/index.php\/2024\/09\/01\/mbappe-e-questionado-por-jornal-da-espanha-por-causa-de-vini-jr\/#primaryimage"},"thumbnailUrl":"https:\/\/www.gaveanews.com\/wp-content\/uploads\/Kylian-Mbappe-com-a-camisa-do-Real-Madrid-em-2024-1.webp","articleSection":["Real Madrid"],"inLanguage":"pt-BR","potentialAction":[{"@type":"CommentAction","name":"Comment","target":["https:\/\/www.gaveanews.com\/index.php\/2024\/09\/01\/mbappe-e-questionado-por-jornal-da-espanha-por-causa-de-vini-jr\/#respond"]}],"copyrightYear":"2024","copyrightHolder":{"@id":"https:\/\/www.gaveanews.com\/#organization"}},{"@type":"WebPage","@id":"https:\/\/www.gaveanews.com\/index.php\/2024\/09\/01\/mbappe-e-questionado-por-jornal-da-espanha-por-causa-de-vini-jr\/","url":"https:\/\/www.gaveanews.com\/index.php\/2024\/09\/01\/mbappe-e-questionado-por-jornal-da-espanha-por-causa-de-vini-jr\/","name":"Mbapp\u00e9 \u00e9 questionado por jornal da Espanha por causa de Vini Jr","isPartOf":{"@id":"https:\/\/www.gaveanews.com\/#website"},"primaryImageOfPage":{"@id":"https:\/\/www.gaveanews.com\/index.php\/2024\/09\/01\/mbappe-e-questionado-por-jornal-da-espanha-por-causa-de-vini-jr\/#primaryimage"},"image":{"@id":"https:\/\/www.gaveanews.com\/index.php\/2024\/09\/01\/mbappe-e-questionado-por-jornal-da-espanha-por-causa-de-vini-jr\/#primaryimage"},"thumbnailUrl":"https:\/\/www.gaveanews.com\/wp-content\/uploads\/Kylian-Mbappe-com-a-camisa-do-Real-Madrid-em-2024-1.webp","datePublished":"2024-09-01T13:15:00+00:00","author":{"@id":"https:\/\/www.gaveanews.com\/#\/schema\/person\/8597dbe3f4d8513dd20048ce95a1895b"},"breadcrumb":{"@id":"https:\/\/www.gaveanews.com\/index.php\/2024\/09\/01\/mbappe-e-questionado-por-jornal-da-espanha-por-causa-de-vini-jr\/#breadcrumb"},"inLanguage":"pt-BR","potentialAction":[{"@type":"ReadAction","target":["https:\/\/www.gaveanews.com\/index.php\/2024\/09\/01\/mbappe-e-questionado-por-jornal-da-espanha-por-causa-de-vini-jr\/"]}]},{"@type":"ImageObject","inLanguage":"pt-BR","@id":"https:\/\/www.gaveanews.com\/index.php\/2024\/09\/01\/mbappe-e-questionado-por-jornal-da-espanha-por-causa-de-vini-jr\/#primaryimage","url":"https:\/\/www.gaveanews.com\/wp-content\/uploads\/Kylian-Mbappe-com-a-camisa-do-Real-Madrid-em-2024-1.webp","contentUrl":"https:\/\/www.gaveanews.com\/wp-content\/uploads\/Kylian-Mbappe-com-a-camisa-do-Real-Madrid-em-2024-1.webp","width":1350,"height":900,"caption":"Kylian Mbapp\u00e9 com a camisa do Real Madrid em 2024 (Foto: Reprodu\u00e7\u00e3o\/Instagram)"},{"@type":"BreadcrumbList","@id":"https:\/\/www.gaveanews.com\/index.php\/2024\/09\/01\/mbappe-e-questionado-por-jornal-da-espanha-por-causa-de-vini-jr\/#breadcrumb","itemListElement":[{"@type":"ListItem","position":1,"name":"Home","item":"https:\/\/www.gaveanews.com\/"},{"@type":"ListItem","position":2,"name":"Mbapp\u00e9 \u00e9 questionado por jornal da Espanha por causa de Vini Jr"}]},{"@type":"WebSite","@id":"https:\/\/www.gaveanews.com\/#website","url":"https:\/\/www.gaveanews.com\/","name":"G\u00e1vea News","description":"Veja todas as not\u00edcias sobre o Flamengo: Contrata\u00e7\u00f5es, categorias de base, resultados das partidas, tabela de classifica\u00e7\u00e3o, pr\u00f3ximos jogos!","potentialAction":[{"@type":"SearchAction","target":{"@type":"EntryPoint","urlTemplate":"https:\/\/www.gaveanews.com\/?s={search_term_string}"},"query-input":{"@type":"PropertyValueSpecification","valueRequired":true,"valueName":"search_term_string"}}],"inLanguage":"pt-BR"},{"@type":"Person","@id":"https:\/\/www.gaveanews.com\/#\/schema\/person\/8597dbe3f4d8513dd20048ce95a1895b","name":"Emilly Lima","image":{"@type":"ImageObject","inLanguage":"pt-BR","@id":"https:\/\/www.gaveanews.com\/#\/schema\/person\/image\/","url":"https:\/\/secure.gravatar.com\/avatar\/ddb4d0548bae01de3cb52e0fe30386754e9c41797565aa0a5bf4440ab4f7c0be?s=96&d=mm&r=g","contentUrl":"https:\/\/secure.gravatar.com\/avatar\/ddb4d0548bae01de3cb52e0fe30386754e9c41797565aa0a5bf4440ab4f7c0be?s=96&d=mm&r=g","caption":"Emilly Lima"}}]}},"_links":{"self":[{"href":"https:\/\/www.gaveanews.com\/index.php\/wp-json\/wp\/v2\/posts\/162888","targetHints":{"allow":["GET"]}}],"collection":[{"href":"https:\/\/www.gaveanews.com\/index.php\/wp-json\/wp\/v2\/posts"}],"about":[{"href":"https:\/\/www.gaveanews.com\/index.php\/wp-json\/wp\/v2\/types\/post"}],"author":[{"embeddable":true,"href":"https:\/\/www.gaveanews.com\/index.php\/wp-json\/wp\/v2\/users\/22"}],"replies":[{"embeddable":true,"href":"https:\/\/www.gaveanews.com\/index.php\/wp-json\/wp\/v2\/comments?post=162888"}],"version-history":[{"count":1,"href":"https:\/\/www.gaveanews.com\/index.php\/wp-json\/wp\/v2\/posts\/162888\/revisions"}],"predecessor-version":[{"id":162890,"href":"https:\/\/www.gaveanews.com\/index.php\/wp-json\/wp\/v2\/posts\/162888\/revisions\/162890"}],"wp:featuredmedia":[{"embeddable":true,"href":"https:\/\/www.gaveanews.com\/index.php\/wp-json\/wp\/v2\/media\/158755"}],"wp:attachment":[{"href":"https:\/\/www.gaveanews.com\/index.php\/wp-json\/wp\/v2\/media?parent=162888"}],"wp:term":[{"taxonomy":"category","embeddable":true,"href":"https:\/\/www.gaveanews.com\/index.php\/wp-json\/wp\/v2\/categories?post=162888"},{"taxonomy":"post_tag","embeddable":true,"href":"https:\/\/www.gaveanews.com\/index.php\/wp-json\/wp\/v2\/tags?post=162888"}],"curies":[{"name":"wp","href":"https:\/\/api.w.org\/{rel}","templated":true}]}}