{"id":162912,"date":"2024-08-31T23:11:24","date_gmt":"2024-09-01T02:11:24","guid":{"rendered":"https:\/\/www.gaveanews.com\/?p=162912"},"modified":"2024-08-31T23:11:26","modified_gmt":"2024-09-01T02:11:26","slug":"apresentadora-monta-time-ideal-do-flamengo-com-as-chegadas-de-michael-alex-sandro-plata-e-alcaraz","status":"publish","type":"post","link":"https:\/\/www.gaveanews.com\/index.php\/2024\/08\/31\/apresentadora-monta-time-ideal-do-flamengo-com-as-chegadas-de-michael-alex-sandro-plata-e-alcaraz\/","title":{"rendered":"Apresentadora monta time ideal do Flamengo com as chegadas de Michael, Alex Sandro, Plata e Alcaraz"},"content":{"rendered":"\n<p>O Flamengo anunciou quatro contrata\u00e7\u00f5es nesta janela de transfer\u00eancias de julho: Michael, Alex Sandro, Carlos Alcaraz e&nbsp; Gonzalo Plata. Vale destacar que o Flamengo estava em branco nesta janela de transfer\u00eancias de julho, mas precisou buscar refor\u00e7os no mercado da bola para atender \u00e0s necessidades do t\u00e9cnico Tite no restante da temporada. <\/p>\n\n\n\n<ul class=\"wp-block-list\">\n<li><a href=\"https:\/\/www.gaveanews.com\/index.php\/2024\/08\/28\/reforcos-do-flamengo-vao-poder-jogar-a-copa-do-brasil\/\">Refor\u00e7os do Flamengo, Alex Sandro e Carlos Alcaraz v\u00e3o poder jogar a Copa do Brasil?<\/a><\/li>\n\n\n\n<li><a href=\"https:\/\/www.gaveanews.com\/index.php\/2024\/08\/30\/flamengo-nao-podera-usar-todos-os-reforcos-na-libertadores-entenda\/\">Flamengo n\u00e3o poder\u00e1 usar todos os refor\u00e7os na Libertadores; entenda<\/a><\/li>\n<\/ul>\n\n\n\n<p>Isso ocorreu principalmente porque, em agosto, com diversas partidas decisivas nas tr\u00eas competi\u00e7\u00f5es importantes que o time disputa (Brasileir\u00e3o, Libertadores e Copa do Brasil), o Flamengo sofreu com muitos desfalques devido a les\u00f5es.<\/p>\n\n\n\n<p>Recentemente, o time perdeu Everton Cebolinha e Mat\u00edas Vi\u00f1a, que sofreram les\u00e3o no tend\u00e3o de Aquiles do p\u00e9 esquerdo e les\u00e3o ligamentar no joelho direito, respectivamente. Ambos s\u00f3 devem retornar a partir de 2025. <\/p>\n\n\n\n<p>Al\u00e9m disso, o Flamengo tamb\u00e9m perdeu Arrascaeta e Gabigol por les\u00f5es musculares. Com isso, ap\u00f3s a contrata\u00e7\u00e3o de quatro refor\u00e7os, muitos torcedores j\u00e1 est\u00e3o tentando montar a escala\u00e7\u00e3o ideal do Flamengo para o restante da temporada.<\/p>\n\n\n\n<h2 class=\"wp-block-heading\" id=\"h-apresentadora-monta-time-ideal-do-flamengo-com-mudanca-na-lateral\">Apresentadora monta time ideal do Flamengo com mudan\u00e7a na lateral<\/h2>\n\n\n\n<p>Inclusive, quem fez isso foi Daniela Boaventura, apresentadora do <strong>SportsCenter Brasil<\/strong>. Em seu programa, Daniela escalou o Flamengo da seguinte forma:<\/p>\n\n\n\n<ul class=\"wp-block-list\">\n<li>Rossi; Varela, Fabr\u00edcio Bruno, L\u00e9o Pereira e Alex Sandro; Erick Pulgar, De La Cruz e Arrascaeta; Gerson, Michael e Pedro.<\/li>\n<\/ul>\n\n\n\n<blockquote class=\"tiktok-embed\" cite=\"https:\/\/www.tiktok.com\/@espnbrasil\/video\/7408960461418384646\" data-video-id=\"7408960461418384646\" style=\"max-width: 605px;min-width: 325px;\" > <section> <a target=\"_blank\" title=\"@espnbrasil\" href=\"https:\/\/www.tiktok.com\/@espnbrasil?refer=embed\" rel=\"noopener\">@espnbrasil<\/a> Que tal esse time titular do Flamengo pro restante da temporada? \ud83d\udd34\u26ab Conta a\u00ed nos coment\u00e1rios se voc\u00ea faria alguma mudan\u00e7a, f\u00e3 de esportes! <a title=\"futebolnaespn\" target=\"_blank\" href=\"https:\/\/www.tiktok.com\/tag\/futebolnaespn?refer=embed\" rel=\"noopener\">#FutebolNaESPN<\/a> <a title=\"flamengo\" target=\"_blank\" href=\"https:\/\/www.tiktok.com\/tag\/flamengo?refer=embed\" rel=\"noopener\">#Flamengo<\/a> <a title=\"tiktokesportes\" target=\"_blank\" href=\"https:\/\/www.tiktok.com\/tag\/tiktokesportes?refer=embed\" rel=\"noopener\">#tiktokesportes<\/a> <a target=\"_blank\" title=\"\u266c som original  - ESPN Brasil\" href=\"https:\/\/www.tiktok.com\/music\/som-original-ESPN-Brasil-7408962535724632837?refer=embed\" rel=\"noopener\">\u266c som original  &#8211; ESPN Brasil<\/a> <\/section> <\/blockquote> <script async src=\"https:\/\/www.tiktok.com\/embed.js\"><\/script>\n\n\n\n<p>Assim, a apresentadora justificou a escolha de Alex Sandro no lugar de Ayrton Lucas na lateral esquerda, destacando que o experiente lateral de 33 anos, ex-Juventus, possui caracter\u00edsticas mais defensivas, o que \u00e9 importante para ajustar a marca\u00e7\u00e3o nesse setor.<\/p>\n\n\n\n<p>Al\u00e9m disso, Daniela optou por colocar Michael no ataque em vez de Luiz Ara\u00fajo. Na vis\u00e3o da jornalista, Michael, quando estiver totalmente recuperado, \u00e9 o mais indicado para assumir a titularidade no ataque ao lado de Pedro.<\/p>\n\n\n\n<p>Por fim, a apresentadora ressaltou que o Flamengo tem \u00f3timas op\u00e7\u00f5es no banco de reservas, com as chegadas do meia argentino Carlos Alcaraz e do atacante equatoriano Gonzalo Plata.<\/p>\n","protected":false},"excerpt":{"rendered":"<p>O Flamengo anunciou quatro contrata\u00e7\u00f5es nesta janela de transfer\u00eancias de julho: Michael, Alex Sandro, Carlos Alcaraz e&nbsp; Gonzalo Plata. Vale destacar que o Flamengo estava em branco nesta janela de transfer\u00eancias de julho, mas precisou buscar refor\u00e7os no mercado da bola para atender \u00e0s necessidades do t\u00e9cnico Tite no restante da temporada. Isso ocorreu principalmente [&hellip;]<\/p>\n","protected":false},"author":24,"featured_media":149072,"comment_status":"open","ping_status":"closed","sticky":false,"template":"","format":"standard","meta":{"footnotes":""},"categories":[1],"tags":[],"class_list":["post-162912","post","type-post","status-publish","format-standard","has-post-thumbnail","hentry","category-flamengo"],"yoast_head":"<!-- This site is optimized with the Yoast SEO Premium plugin v24.2 (Yoast SEO v26.9) - https:\/\/yoast.com\/product\/yoast-seo-premium-wordpress\/ -->\n<title>Apresentadora monta time ideal do Flamengo com as chegadas de Michael, Alex Sandro, Plata e Alcaraz<\/title>\n<meta name=\"robots\" content=\"index, follow, max-snippet:-1, max-image-preview:large, max-video-preview:-1\" \/>\n<link rel=\"canonical\" href=\"https:\/\/www.gaveanews.com\/index.php\/2024\/08\/31\/apresentadora-monta-time-ideal-do-flamengo-com-as-chegadas-de-michael-alex-sandro-plata-e-alcaraz\/\" \/>\n<meta property=\"og:locale\" content=\"pt_BR\" \/>\n<meta property=\"og:type\" content=\"article\" \/>\n<meta property=\"og:title\" content=\"Apresentadora monta time ideal do Flamengo com as chegadas de Michael, Alex Sandro, Plata e Alcaraz\" \/>\n<meta property=\"og:description\" content=\"O Flamengo anunciou quatro contrata\u00e7\u00f5es nesta janela de transfer\u00eancias de julho: Michael, Alex Sandro, Carlos Alcaraz e&nbsp; Gonzalo Plata. Vale destacar que o Flamengo estava em branco nesta janela de transfer\u00eancias de julho, mas precisou buscar refor\u00e7os no mercado da bola para atender \u00e0s necessidades do t\u00e9cnico Tite no restante da temporada. Isso ocorreu principalmente [&hellip;]\" \/>\n<meta property=\"og:url\" content=\"https:\/\/www.gaveanews.com\/index.php\/2024\/08\/31\/apresentadora-monta-time-ideal-do-flamengo-com-as-chegadas-de-michael-alex-sandro-plata-e-alcaraz\/\" \/>\n<meta property=\"og:site_name\" content=\"G\u00e1vea News\" \/>\n<meta property=\"article:publisher\" content=\"https:\/\/facebook.com\/gaveaNews\/\" \/>\n<meta property=\"article:published_time\" content=\"2024-09-01T02:11:24+00:00\" \/>\n<meta property=\"article:modified_time\" content=\"2024-09-01T02:11:26+00:00\" \/>\n<meta property=\"og:image\" content=\"https:\/\/www.gaveanews.com\/wp-content\/uploads\/jogadores-flamengo-vitoria-fluminense-1.webp\" \/>\n\t<meta property=\"og:image:width\" content=\"900\" \/>\n\t<meta property=\"og:image:height\" content=\"600\" \/>\n\t<meta property=\"og:image:type\" content=\"image\/jpeg\" \/>\n<meta name=\"author\" content=\"Leandro Cardoso\" \/>\n<meta name=\"twitter:card\" content=\"summary_large_image\" \/>\n<meta name=\"twitter:label1\" content=\"Escrito por\" \/>\n\t<meta name=\"twitter:data1\" content=\"Leandro Cardoso\" \/>\n\t<meta name=\"twitter:label2\" content=\"Est. tempo de leitura\" \/>\n\t<meta name=\"twitter:data2\" content=\"3 minutos\" \/>\n<script type=\"application\/ld+json\" class=\"yoast-schema-graph\">{\"@context\":\"https:\/\/schema.org\",\"@graph\":[{\"@type\":\"NewsArticle\",\"@id\":\"https:\/\/www.gaveanews.com\/index.php\/2024\/08\/31\/apresentadora-monta-time-ideal-do-flamengo-com-as-chegadas-de-michael-alex-sandro-plata-e-alcaraz\/#article\",\"isPartOf\":{\"@id\":\"https:\/\/www.gaveanews.com\/index.php\/2024\/08\/31\/apresentadora-monta-time-ideal-do-flamengo-com-as-chegadas-de-michael-alex-sandro-plata-e-alcaraz\/\"},\"author\":{\"name\":\"Leandro Cardoso\",\"@id\":\"https:\/\/www.gaveanews.com\/#\/schema\/person\/2424ec6409bc3f068411fc5e4e9b6168\"},\"headline\":\"Apresentadora monta time ideal do Flamengo com as chegadas de Michael, Alex Sandro, Plata e Alcaraz\",\"datePublished\":\"2024-09-01T02:11:24+00:00\",\"dateModified\":\"2024-09-01T02:11:26+00:00\",\"mainEntityOfPage\":{\"@id\":\"https:\/\/www.gaveanews.com\/index.php\/2024\/08\/31\/apresentadora-monta-time-ideal-do-flamengo-com-as-chegadas-de-michael-alex-sandro-plata-e-alcaraz\/\"},\"wordCount\":419,\"commentCount\":0,\"image\":{\"@id\":\"https:\/\/www.gaveanews.com\/index.php\/2024\/08\/31\/apresentadora-monta-time-ideal-do-flamengo-com-as-chegadas-de-michael-alex-sandro-plata-e-alcaraz\/#primaryimage\"},\"thumbnailUrl\":\"https:\/\/www.gaveanews.com\/wp-content\/uploads\/jogadores-flamengo-vitoria-fluminense-1.webp\",\"articleSection\":[\"Flamengo\"],\"inLanguage\":\"pt-BR\",\"potentialAction\":[{\"@type\":\"CommentAction\",\"name\":\"Comment\",\"target\":[\"https:\/\/www.gaveanews.com\/index.php\/2024\/08\/31\/apresentadora-monta-time-ideal-do-flamengo-com-as-chegadas-de-michael-alex-sandro-plata-e-alcaraz\/#respond\"]}],\"copyrightYear\":\"2024\",\"copyrightHolder\":{\"@id\":\"https:\/\/www.gaveanews.com\/#organization\"}},{\"@type\":\"WebPage\",\"@id\":\"https:\/\/www.gaveanews.com\/index.php\/2024\/08\/31\/apresentadora-monta-time-ideal-do-flamengo-com-as-chegadas-de-michael-alex-sandro-plata-e-alcaraz\/\",\"url\":\"https:\/\/www.gaveanews.com\/index.php\/2024\/08\/31\/apresentadora-monta-time-ideal-do-flamengo-com-as-chegadas-de-michael-alex-sandro-plata-e-alcaraz\/\",\"name\":\"Apresentadora monta time ideal do Flamengo com as chegadas de Michael, Alex Sandro, Plata e Alcaraz\",\"isPartOf\":{\"@id\":\"https:\/\/www.gaveanews.com\/#website\"},\"primaryImageOfPage\":{\"@id\":\"https:\/\/www.gaveanews.com\/index.php\/2024\/08\/31\/apresentadora-monta-time-ideal-do-flamengo-com-as-chegadas-de-michael-alex-sandro-plata-e-alcaraz\/#primaryimage\"},\"image\":{\"@id\":\"https:\/\/www.gaveanews.com\/index.php\/2024\/08\/31\/apresentadora-monta-time-ideal-do-flamengo-com-as-chegadas-de-michael-alex-sandro-plata-e-alcaraz\/#primaryimage\"},\"thumbnailUrl\":\"https:\/\/www.gaveanews.com\/wp-content\/uploads\/jogadores-flamengo-vitoria-fluminense-1.webp\",\"datePublished\":\"2024-09-01T02:11:24+00:00\",\"dateModified\":\"2024-09-01T02:11:26+00:00\",\"author\":{\"@id\":\"https:\/\/www.gaveanews.com\/#\/schema\/person\/2424ec6409bc3f068411fc5e4e9b6168\"},\"breadcrumb\":{\"@id\":\"https:\/\/www.gaveanews.com\/index.php\/2024\/08\/31\/apresentadora-monta-time-ideal-do-flamengo-com-as-chegadas-de-michael-alex-sandro-plata-e-alcaraz\/#breadcrumb\"},\"inLanguage\":\"pt-BR\",\"potentialAction\":[{\"@type\":\"ReadAction\",\"target\":[\"https:\/\/www.gaveanews.com\/index.php\/2024\/08\/31\/apresentadora-monta-time-ideal-do-flamengo-com-as-chegadas-de-michael-alex-sandro-plata-e-alcaraz\/\"]}]},{\"@type\":\"ImageObject\",\"inLanguage\":\"pt-BR\",\"@id\":\"https:\/\/www.gaveanews.com\/index.php\/2024\/08\/31\/apresentadora-monta-time-ideal-do-flamengo-com-as-chegadas-de-michael-alex-sandro-plata-e-alcaraz\/#primaryimage\",\"url\":\"https:\/\/www.gaveanews.com\/wp-content\/uploads\/jogadores-flamengo-vitoria-fluminense-1.webp\",\"contentUrl\":\"https:\/\/www.gaveanews.com\/wp-content\/uploads\/jogadores-flamengo-vitoria-fluminense-1.webp\",\"width\":900,\"height\":600,\"caption\":\"Jogadores do Flamengo comemoram vit\u00f3ria no Maracan\u00e3 (Foto: Gilvan de Souza\/Flamengo)\"},{\"@type\":\"BreadcrumbList\",\"@id\":\"https:\/\/www.gaveanews.com\/index.php\/2024\/08\/31\/apresentadora-monta-time-ideal-do-flamengo-com-as-chegadas-de-michael-alex-sandro-plata-e-alcaraz\/#breadcrumb\",\"itemListElement\":[{\"@type\":\"ListItem\",\"position\":1,\"name\":\"Home\",\"item\":\"https:\/\/www.gaveanews.com\/\"},{\"@type\":\"ListItem\",\"position\":2,\"name\":\"Apresentadora monta time ideal do Flamengo com as chegadas de Michael, Alex Sandro, Plata e Alcaraz\"}]},{\"@type\":\"WebSite\",\"@id\":\"https:\/\/www.gaveanews.com\/#website\",\"url\":\"https:\/\/www.gaveanews.com\/\",\"name\":\"G\u00e1vea News\",\"description\":\"Veja todas as not\u00edcias sobre o Flamengo: Contrata\u00e7\u00f5es, categorias de base, resultados das partidas, tabela de classifica\u00e7\u00e3o, pr\u00f3ximos jogos!\",\"potentialAction\":[{\"@type\":\"SearchAction\",\"target\":{\"@type\":\"EntryPoint\",\"urlTemplate\":\"https:\/\/www.gaveanews.com\/?s={search_term_string}\"},\"query-input\":{\"@type\":\"PropertyValueSpecification\",\"valueRequired\":true,\"valueName\":\"search_term_string\"}}],\"inLanguage\":\"pt-BR\"},{\"@type\":\"Person\",\"@id\":\"https:\/\/www.gaveanews.com\/#\/schema\/person\/2424ec6409bc3f068411fc5e4e9b6168\",\"name\":\"Leandro Cardoso\",\"image\":{\"@type\":\"ImageObject\",\"inLanguage\":\"pt-BR\",\"@id\":\"https:\/\/www.gaveanews.com\/#\/schema\/person\/image\/\",\"url\":\"https:\/\/secure.gravatar.com\/avatar\/8ca179f9b55eefe9f376f5493ef25475bfa59fbc28ce937f6076ce20e523098f?s=96&d=mm&r=g\",\"contentUrl\":\"https:\/\/secure.gravatar.com\/avatar\/8ca179f9b55eefe9f376f5493ef25475bfa59fbc28ce937f6076ce20e523098f?s=96&d=mm&r=g\",\"caption\":\"Leandro Cardoso\"}}]}<\/script>\n<!-- \/ Yoast SEO Premium plugin. -->","yoast_head_json":{"title":"Apresentadora monta time ideal do Flamengo com as chegadas de Michael, Alex Sandro, Plata e Alcaraz","robots":{"index":"index","follow":"follow","max-snippet":"max-snippet:-1","max-image-preview":"max-image-preview:large","max-video-preview":"max-video-preview:-1"},"canonical":"https:\/\/www.gaveanews.com\/index.php\/2024\/08\/31\/apresentadora-monta-time-ideal-do-flamengo-com-as-chegadas-de-michael-alex-sandro-plata-e-alcaraz\/","og_locale":"pt_BR","og_type":"article","og_title":"Apresentadora monta time ideal do Flamengo com as chegadas de Michael, Alex Sandro, Plata e Alcaraz","og_description":"O Flamengo anunciou quatro contrata\u00e7\u00f5es nesta janela de transfer\u00eancias de julho: Michael, Alex Sandro, Carlos Alcaraz e&nbsp; Gonzalo Plata. Vale destacar que o Flamengo estava em branco nesta janela de transfer\u00eancias de julho, mas precisou buscar refor\u00e7os no mercado da bola para atender \u00e0s necessidades do t\u00e9cnico Tite no restante da temporada. Isso ocorreu principalmente [&hellip;]","og_url":"https:\/\/www.gaveanews.com\/index.php\/2024\/08\/31\/apresentadora-monta-time-ideal-do-flamengo-com-as-chegadas-de-michael-alex-sandro-plata-e-alcaraz\/","og_site_name":"G\u00e1vea News","article_publisher":"https:\/\/facebook.com\/gaveaNews\/","article_published_time":"2024-09-01T02:11:24+00:00","article_modified_time":"2024-09-01T02:11:26+00:00","og_image":[{"width":900,"height":600,"url":"https:\/\/www.gaveanews.com\/wp-content\/uploads\/jogadores-flamengo-vitoria-fluminense-1.webp","type":"image\/jpeg"}],"author":"Leandro Cardoso","twitter_card":"summary_large_image","twitter_misc":{"Escrito por":"Leandro Cardoso","Est. tempo de leitura":"3 minutos"},"schema":{"@context":"https:\/\/schema.org","@graph":[{"@type":"NewsArticle","@id":"https:\/\/www.gaveanews.com\/index.php\/2024\/08\/31\/apresentadora-monta-time-ideal-do-flamengo-com-as-chegadas-de-michael-alex-sandro-plata-e-alcaraz\/#article","isPartOf":{"@id":"https:\/\/www.gaveanews.com\/index.php\/2024\/08\/31\/apresentadora-monta-time-ideal-do-flamengo-com-as-chegadas-de-michael-alex-sandro-plata-e-alcaraz\/"},"author":{"name":"Leandro Cardoso","@id":"https:\/\/www.gaveanews.com\/#\/schema\/person\/2424ec6409bc3f068411fc5e4e9b6168"},"headline":"Apresentadora monta time ideal do Flamengo com as chegadas de Michael, Alex Sandro, Plata e Alcaraz","datePublished":"2024-09-01T02:11:24+00:00","dateModified":"2024-09-01T02:11:26+00:00","mainEntityOfPage":{"@id":"https:\/\/www.gaveanews.com\/index.php\/2024\/08\/31\/apresentadora-monta-time-ideal-do-flamengo-com-as-chegadas-de-michael-alex-sandro-plata-e-alcaraz\/"},"wordCount":419,"commentCount":0,"image":{"@id":"https:\/\/www.gaveanews.com\/index.php\/2024\/08\/31\/apresentadora-monta-time-ideal-do-flamengo-com-as-chegadas-de-michael-alex-sandro-plata-e-alcaraz\/#primaryimage"},"thumbnailUrl":"https:\/\/www.gaveanews.com\/wp-content\/uploads\/jogadores-flamengo-vitoria-fluminense-1.webp","articleSection":["Flamengo"],"inLanguage":"pt-BR","potentialAction":[{"@type":"CommentAction","name":"Comment","target":["https:\/\/www.gaveanews.com\/index.php\/2024\/08\/31\/apresentadora-monta-time-ideal-do-flamengo-com-as-chegadas-de-michael-alex-sandro-plata-e-alcaraz\/#respond"]}],"copyrightYear":"2024","copyrightHolder":{"@id":"https:\/\/www.gaveanews.com\/#organization"}},{"@type":"WebPage","@id":"https:\/\/www.gaveanews.com\/index.php\/2024\/08\/31\/apresentadora-monta-time-ideal-do-flamengo-com-as-chegadas-de-michael-alex-sandro-plata-e-alcaraz\/","url":"https:\/\/www.gaveanews.com\/index.php\/2024\/08\/31\/apresentadora-monta-time-ideal-do-flamengo-com-as-chegadas-de-michael-alex-sandro-plata-e-alcaraz\/","name":"Apresentadora monta time ideal do Flamengo com as chegadas de Michael, Alex Sandro, Plata e Alcaraz","isPartOf":{"@id":"https:\/\/www.gaveanews.com\/#website"},"primaryImageOfPage":{"@id":"https:\/\/www.gaveanews.com\/index.php\/2024\/08\/31\/apresentadora-monta-time-ideal-do-flamengo-com-as-chegadas-de-michael-alex-sandro-plata-e-alcaraz\/#primaryimage"},"image":{"@id":"https:\/\/www.gaveanews.com\/index.php\/2024\/08\/31\/apresentadora-monta-time-ideal-do-flamengo-com-as-chegadas-de-michael-alex-sandro-plata-e-alcaraz\/#primaryimage"},"thumbnailUrl":"https:\/\/www.gaveanews.com\/wp-content\/uploads\/jogadores-flamengo-vitoria-fluminense-1.webp","datePublished":"2024-09-01T02:11:24+00:00","dateModified":"2024-09-01T02:11:26+00:00","author":{"@id":"https:\/\/www.gaveanews.com\/#\/schema\/person\/2424ec6409bc3f068411fc5e4e9b6168"},"breadcrumb":{"@id":"https:\/\/www.gaveanews.com\/index.php\/2024\/08\/31\/apresentadora-monta-time-ideal-do-flamengo-com-as-chegadas-de-michael-alex-sandro-plata-e-alcaraz\/#breadcrumb"},"inLanguage":"pt-BR","potentialAction":[{"@type":"ReadAction","target":["https:\/\/www.gaveanews.com\/index.php\/2024\/08\/31\/apresentadora-monta-time-ideal-do-flamengo-com-as-chegadas-de-michael-alex-sandro-plata-e-alcaraz\/"]}]},{"@type":"ImageObject","inLanguage":"pt-BR","@id":"https:\/\/www.gaveanews.com\/index.php\/2024\/08\/31\/apresentadora-monta-time-ideal-do-flamengo-com-as-chegadas-de-michael-alex-sandro-plata-e-alcaraz\/#primaryimage","url":"https:\/\/www.gaveanews.com\/wp-content\/uploads\/jogadores-flamengo-vitoria-fluminense-1.webp","contentUrl":"https:\/\/www.gaveanews.com\/wp-content\/uploads\/jogadores-flamengo-vitoria-fluminense-1.webp","width":900,"height":600,"caption":"Jogadores do Flamengo comemoram vit\u00f3ria no Maracan\u00e3 (Foto: Gilvan de Souza\/Flamengo)"},{"@type":"BreadcrumbList","@id":"https:\/\/www.gaveanews.com\/index.php\/2024\/08\/31\/apresentadora-monta-time-ideal-do-flamengo-com-as-chegadas-de-michael-alex-sandro-plata-e-alcaraz\/#breadcrumb","itemListElement":[{"@type":"ListItem","position":1,"name":"Home","item":"https:\/\/www.gaveanews.com\/"},{"@type":"ListItem","position":2,"name":"Apresentadora monta time ideal do Flamengo com as chegadas de Michael, Alex Sandro, Plata e Alcaraz"}]},{"@type":"WebSite","@id":"https:\/\/www.gaveanews.com\/#website","url":"https:\/\/www.gaveanews.com\/","name":"G\u00e1vea News","description":"Veja todas as not\u00edcias sobre o Flamengo: Contrata\u00e7\u00f5es, categorias de base, resultados das partidas, tabela de classifica\u00e7\u00e3o, pr\u00f3ximos jogos!","potentialAction":[{"@type":"SearchAction","target":{"@type":"EntryPoint","urlTemplate":"https:\/\/www.gaveanews.com\/?s={search_term_string}"},"query-input":{"@type":"PropertyValueSpecification","valueRequired":true,"valueName":"search_term_string"}}],"inLanguage":"pt-BR"},{"@type":"Person","@id":"https:\/\/www.gaveanews.com\/#\/schema\/person\/2424ec6409bc3f068411fc5e4e9b6168","name":"Leandro Cardoso","image":{"@type":"ImageObject","inLanguage":"pt-BR","@id":"https:\/\/www.gaveanews.com\/#\/schema\/person\/image\/","url":"https:\/\/secure.gravatar.com\/avatar\/8ca179f9b55eefe9f376f5493ef25475bfa59fbc28ce937f6076ce20e523098f?s=96&d=mm&r=g","contentUrl":"https:\/\/secure.gravatar.com\/avatar\/8ca179f9b55eefe9f376f5493ef25475bfa59fbc28ce937f6076ce20e523098f?s=96&d=mm&r=g","caption":"Leandro Cardoso"}}]}},"_links":{"self":[{"href":"https:\/\/www.gaveanews.com\/index.php\/wp-json\/wp\/v2\/posts\/162912","targetHints":{"allow":["GET"]}}],"collection":[{"href":"https:\/\/www.gaveanews.com\/index.php\/wp-json\/wp\/v2\/posts"}],"about":[{"href":"https:\/\/www.gaveanews.com\/index.php\/wp-json\/wp\/v2\/types\/post"}],"author":[{"embeddable":true,"href":"https:\/\/www.gaveanews.com\/index.php\/wp-json\/wp\/v2\/users\/24"}],"replies":[{"embeddable":true,"href":"https:\/\/www.gaveanews.com\/index.php\/wp-json\/wp\/v2\/comments?post=162912"}],"version-history":[{"count":2,"href":"https:\/\/www.gaveanews.com\/index.php\/wp-json\/wp\/v2\/posts\/162912\/revisions"}],"predecessor-version":[{"id":163022,"href":"https:\/\/www.gaveanews.com\/index.php\/wp-json\/wp\/v2\/posts\/162912\/revisions\/163022"}],"wp:featuredmedia":[{"embeddable":true,"href":"https:\/\/www.gaveanews.com\/index.php\/wp-json\/wp\/v2\/media\/149072"}],"wp:attachment":[{"href":"https:\/\/www.gaveanews.com\/index.php\/wp-json\/wp\/v2\/media?parent=162912"}],"wp:term":[{"taxonomy":"category","embeddable":true,"href":"https:\/\/www.gaveanews.com\/index.php\/wp-json\/wp\/v2\/categories?post=162912"},{"taxonomy":"post_tag","embeddable":true,"href":"https:\/\/www.gaveanews.com\/index.php\/wp-json\/wp\/v2\/tags?post=162912"}],"curies":[{"name":"wp","href":"https:\/\/api.w.org\/{rel}","templated":true}]}}