{"id":162936,"date":"2024-09-01T08:15:00","date_gmt":"2024-09-01T11:15:00","guid":{"rendered":"https:\/\/www.gaveanews.com\/?p=162936"},"modified":"2024-09-01T00:53:01","modified_gmt":"2024-09-01T03:53:01","slug":"palmeiras-tem-dois-jogadores-sub-21-no-ranking-de-melhores-do-mundo","status":"publish","type":"post","link":"https:\/\/www.gaveanews.com\/index.php\/2024\/09\/01\/palmeiras-tem-dois-jogadores-sub-21-no-ranking-de-melhores-do-mundo\/","title":{"rendered":"Palmeiras tem dois jogadores sub-21 no ranking de melhores do mundo"},"content":{"rendered":"\n<h2 class=\"wp-block-heading\" id=\"h-a-lista-conta-com-dois-defensores-do-clube\">A lista conta com dois defensores do clube <\/h2>\n\n\n\n<p>Na \u00faltima sexta-feira (30), o instituto su\u00ed\u00e7o Cies Football Observatory mostrou que dois jogadores do Palmeiras aparecem na lista dos melhores jogadores sub-21 do mundo. O zagueiro Vitor Reis, cria da base palmeirense e o lateral Agust\u00edn Giay, rec\u00e9m-contratado, s\u00e3o os jogadores do Verd\u00e3o que aparecem na lista. <\/p>\n\n\n\n<ul class=\"wp-block-list\">\n<li><a href=\"https:\/\/www.gaveanews.com\/index.php\/2024\/08\/31\/palmeiras-tera-desafio-extra-contra-o-athletico-pr\/\">Palmeiras ter\u00e1 desafio extra contra o Athletico-PR<\/a><\/li>\n\n\n\n<li><a href=\"https:\/\/www.gaveanews.com\/index.php\/2024\/08\/30\/palmeiras-assina-contrato-com-a-sua-mais-nova-parceira\/\">Palmeiras assina contrato com a sua mais nova parceira<\/a><\/li>\n<\/ul>\n\n\n\n<p>Na lista dos zagueiros, Vitor Reis \u00e9 o primeiro colocado, com isso, sendo o melhor zagueiro sub-21 do mundo. Al\u00e9m disso, o jogador do Palmeiras \u00e9 o segundo mais novo desta lista, que voc\u00ea v\u00ea abaixo:<\/p>\n\n\n\n<ol class=\"wp-block-list\">\n<li>Vitor Reis &#8211; Palmeiras (18 anos e seis meses);<\/li>\n\n\n\n<li>Seb\u00e1stian Boselli &#8211; River Plate-ARG (20 anos e sete meses);<\/li>\n\n\n\n<li>Robert Renan &#8211; Internacional (20 anos e nove meses);<\/li>\n\n\n\n<li>R\u00f4mulo &#8211; Atl\u00e9tico-MG (20 anos e seis meses);<\/li>\n\n\n\n<li>Mat\u00edas Moreno &#8211; Belgrano-ARG (20 anos e nove meses);<\/li>\n\n\n\n<li>Juli\u00e1n Baz\u00e1n &#8211; Deportivo Pereira-COL (18 anos e oito meses);<\/li>\n\n\n\n<li>Iv\u00e1n Rom\u00e1n &#8211; Palestino-CHI (18 anos e um m\u00eas);<\/li>\n\n\n\n<li>Lautaro Di Lollo &#8211; Boca Juniors-ARG (20 anos e cinco meses);<\/li>\n\n\n\n<li>Juan Rodr\u00edguez &#8211; Boston River-URU (19 anos e dois meses);<\/li>\n\n\n\n<li>Douglas Mendes &#8211; Bragantino (20 anos e dois meses).<\/li>\n<\/ol>\n\n\n\n<p>Vitor Reis \u00e9 mais uma joia revelada pelo Palmeiras. O zagueiro fez sua estreia nesta temporada e com as aus\u00eancias de alguns defensores, ganhou oportunidades e virou titular na equipe de Abel Ferreira. Vitor j\u00e1 conta com 14 partidas disputadas em 2024. Em 2023, o jornal ingl\u00eas The Guardian, elegeu 60 jovens jogadores com maior potencial no mundo e Vitor Reis fez presen\u00e7a na lista. O jovem renovou seu contrato com o Verd\u00e3o at\u00e9 2028 e conta com uma multa de 100 milh\u00f5es de euros (R$ 625 milh\u00f5es).<\/p>\n\n\n\n<p>Al\u00e9m da lista de zagueiros, o Cies Football Observatory tamb\u00e9m divulgou os melhores laterais sub-21 do mundo. Representando o Palmeiras na lista, o argentino Agust\u00edn Giay, que chegou recentemente ao clube, aparece em oitavo lugar. <\/p>\n\n\n\n<p>Giay foi um dos refor\u00e7os do Palmeiras nesta janela de transfer\u00eancias. O Verd\u00e3o precisou desembolsar aproximadamente 7,5 milh\u00f5es de d\u00f3lares (R$ 40,7 milh\u00f5es) para tirar o lateral do San Lorenzo, da Argentina. Pelo time paulista, Giay entrou em campo quatro vezes at\u00e9 aqui e enfrenta concorr\u00eancia de Marcos Rocha e Mayke. Veja a lista dos laterais abaixo:<\/p>\n\n\n\n<ol class=\"wp-block-list\">\n<li>Wesley &#8211; Flamengo (21 anos);<\/li>\n\n\n\n<li>Julio Soler &#8211; Lan\u00fas-ARG (19 anos e cinco meses);<\/li>\n\n\n\n<li>Rom\u00e1n Vega &#8211; Argentino Juniors-ARG (20 anos e sete meses);<\/li>\n\n\n\n<li>Mateo del Blanco &#8211; Uni\u00f3n de Santa F\u00e9-ARG (20 anos e oito meses);<\/li>\n\n\n\n<li>Lautaro Vargas &#8211; Uni\u00f3n de Santa F\u00e9-ARG (19 anos e seis meses);<\/li>\n\n\n\n<li>Diego Le\u00f3n &#8211; Cerro Porte\u00f1o-PAR (17 anos e quatro meses);<\/li>\n\n\n\n<li>Agust\u00edn Soria &#8211; Defensor-URU (19 anos e sete meses);<\/li>\n\n\n\n<li>Agust\u00edn Giay &#8211; Palmeiras (20 anos e seis meses);<\/li>\n\n\n\n<li>Jhoan Hern\u00e1ndez &#8211; Milion\u00e1rios-COL (18 anos e cinco meses);<\/li>\n\n\n\n<li>Ger\u00f3nimo Heredia &#8211; Belgrano-ARG (19 anos e cinco meses).<\/li>\n<\/ol>\n","protected":false},"excerpt":{"rendered":"<p>A lista conta com dois defensores do clube Na \u00faltima sexta-feira (30), o instituto su\u00ed\u00e7o Cies Football Observatory mostrou que dois jogadores do Palmeiras aparecem na lista dos melhores jogadores sub-21 do mundo. O zagueiro Vitor Reis, cria da base palmeirense e o lateral Agust\u00edn Giay, rec\u00e9m-contratado, s\u00e3o os jogadores do Verd\u00e3o que aparecem na [&hellip;]<\/p>\n","protected":false},"author":21,"featured_media":158317,"comment_status":"open","ping_status":"closed","sticky":false,"template":"","format":"standard","meta":{"footnotes":""},"categories":[150],"tags":[],"class_list":["post-162936","post","type-post","status-publish","format-standard","has-post-thumbnail","hentry","category-palmeiras"],"yoast_head":"<!-- This site is optimized with the Yoast SEO Premium plugin v24.2 (Yoast SEO v26.9) - https:\/\/yoast.com\/product\/yoast-seo-premium-wordpress\/ -->\n<title>Palmeiras tem dois jogadores sub-21 no ranking de melhores do mundo<\/title>\n<meta name=\"robots\" content=\"index, follow, max-snippet:-1, max-image-preview:large, max-video-preview:-1\" \/>\n<link rel=\"canonical\" href=\"https:\/\/www.gaveanews.com\/index.php\/2024\/09\/01\/palmeiras-tem-dois-jogadores-sub-21-no-ranking-de-melhores-do-mundo\/\" \/>\n<meta property=\"og:locale\" content=\"pt_BR\" \/>\n<meta property=\"og:type\" content=\"article\" \/>\n<meta property=\"og:title\" content=\"Palmeiras tem dois jogadores sub-21 no ranking de melhores do mundo\" \/>\n<meta property=\"og:description\" content=\"A lista conta com dois defensores do clube Na \u00faltima sexta-feira (30), o instituto su\u00ed\u00e7o Cies Football Observatory mostrou que dois jogadores do Palmeiras aparecem na lista dos melhores jogadores sub-21 do mundo. O zagueiro Vitor Reis, cria da base palmeirense e o lateral Agust\u00edn Giay, rec\u00e9m-contratado, s\u00e3o os jogadores do Verd\u00e3o que aparecem na [&hellip;]\" \/>\n<meta property=\"og:url\" content=\"https:\/\/www.gaveanews.com\/index.php\/2024\/09\/01\/palmeiras-tem-dois-jogadores-sub-21-no-ranking-de-melhores-do-mundo\/\" \/>\n<meta property=\"og:site_name\" content=\"G\u00e1vea News\" \/>\n<meta property=\"article:publisher\" content=\"https:\/\/facebook.com\/gaveaNews\/\" \/>\n<meta property=\"article:published_time\" content=\"2024-09-01T11:15:00+00:00\" \/>\n<meta property=\"og:image\" content=\"https:\/\/www.gaveanews.com\/wp-content\/uploads\/Jogadores-do-Palmeiras-reunidos-durante-partida-da-Copa-do-Brasil-2024.webp\" \/>\n\t<meta property=\"og:image:width\" content=\"1187\" \/>\n\t<meta property=\"og:image:height\" content=\"792\" \/>\n\t<meta property=\"og:image:type\" content=\"image\/webp\" \/>\n<meta name=\"author\" content=\"Andr\u00e9 Serra\" \/>\n<meta name=\"twitter:card\" content=\"summary_large_image\" \/>\n<meta name=\"twitter:label1\" content=\"Escrito por\" \/>\n\t<meta name=\"twitter:data1\" content=\"Andr\u00e9 Serra\" \/>\n\t<meta name=\"twitter:label2\" content=\"Est. tempo de leitura\" \/>\n\t<meta name=\"twitter:data2\" content=\"3 minutos\" \/>\n<script type=\"application\/ld+json\" class=\"yoast-schema-graph\">{\"@context\":\"https:\/\/schema.org\",\"@graph\":[{\"@type\":\"NewsArticle\",\"@id\":\"https:\/\/www.gaveanews.com\/index.php\/2024\/09\/01\/palmeiras-tem-dois-jogadores-sub-21-no-ranking-de-melhores-do-mundo\/#article\",\"isPartOf\":{\"@id\":\"https:\/\/www.gaveanews.com\/index.php\/2024\/09\/01\/palmeiras-tem-dois-jogadores-sub-21-no-ranking-de-melhores-do-mundo\/\"},\"author\":{\"name\":\"Andr\u00e9 Serra\",\"@id\":\"https:\/\/www.gaveanews.com\/#\/schema\/person\/0277a79a1289c451c281ec0411d84f0c\"},\"headline\":\"Palmeiras tem dois jogadores sub-21 no ranking de melhores do mundo\",\"datePublished\":\"2024-09-01T11:15:00+00:00\",\"mainEntityOfPage\":{\"@id\":\"https:\/\/www.gaveanews.com\/index.php\/2024\/09\/01\/palmeiras-tem-dois-jogadores-sub-21-no-ranking-de-melhores-do-mundo\/\"},\"wordCount\":500,\"commentCount\":0,\"image\":{\"@id\":\"https:\/\/www.gaveanews.com\/index.php\/2024\/09\/01\/palmeiras-tem-dois-jogadores-sub-21-no-ranking-de-melhores-do-mundo\/#primaryimage\"},\"thumbnailUrl\":\"https:\/\/www.gaveanews.com\/wp-content\/uploads\/Jogadores-do-Palmeiras-reunidos-durante-partida-da-Copa-do-Brasil-2024.webp\",\"articleSection\":[\"Palmeiras\"],\"inLanguage\":\"pt-BR\",\"potentialAction\":[{\"@type\":\"CommentAction\",\"name\":\"Comment\",\"target\":[\"https:\/\/www.gaveanews.com\/index.php\/2024\/09\/01\/palmeiras-tem-dois-jogadores-sub-21-no-ranking-de-melhores-do-mundo\/#respond\"]}],\"copyrightYear\":\"2024\",\"copyrightHolder\":{\"@id\":\"https:\/\/www.gaveanews.com\/#organization\"}},{\"@type\":\"WebPage\",\"@id\":\"https:\/\/www.gaveanews.com\/index.php\/2024\/09\/01\/palmeiras-tem-dois-jogadores-sub-21-no-ranking-de-melhores-do-mundo\/\",\"url\":\"https:\/\/www.gaveanews.com\/index.php\/2024\/09\/01\/palmeiras-tem-dois-jogadores-sub-21-no-ranking-de-melhores-do-mundo\/\",\"name\":\"Palmeiras tem dois jogadores sub-21 no ranking de melhores do mundo\",\"isPartOf\":{\"@id\":\"https:\/\/www.gaveanews.com\/#website\"},\"primaryImageOfPage\":{\"@id\":\"https:\/\/www.gaveanews.com\/index.php\/2024\/09\/01\/palmeiras-tem-dois-jogadores-sub-21-no-ranking-de-melhores-do-mundo\/#primaryimage\"},\"image\":{\"@id\":\"https:\/\/www.gaveanews.com\/index.php\/2024\/09\/01\/palmeiras-tem-dois-jogadores-sub-21-no-ranking-de-melhores-do-mundo\/#primaryimage\"},\"thumbnailUrl\":\"https:\/\/www.gaveanews.com\/wp-content\/uploads\/Jogadores-do-Palmeiras-reunidos-durante-partida-da-Copa-do-Brasil-2024.webp\",\"datePublished\":\"2024-09-01T11:15:00+00:00\",\"author\":{\"@id\":\"https:\/\/www.gaveanews.com\/#\/schema\/person\/0277a79a1289c451c281ec0411d84f0c\"},\"breadcrumb\":{\"@id\":\"https:\/\/www.gaveanews.com\/index.php\/2024\/09\/01\/palmeiras-tem-dois-jogadores-sub-21-no-ranking-de-melhores-do-mundo\/#breadcrumb\"},\"inLanguage\":\"pt-BR\",\"potentialAction\":[{\"@type\":\"ReadAction\",\"target\":[\"https:\/\/www.gaveanews.com\/index.php\/2024\/09\/01\/palmeiras-tem-dois-jogadores-sub-21-no-ranking-de-melhores-do-mundo\/\"]}]},{\"@type\":\"ImageObject\",\"inLanguage\":\"pt-BR\",\"@id\":\"https:\/\/www.gaveanews.com\/index.php\/2024\/09\/01\/palmeiras-tem-dois-jogadores-sub-21-no-ranking-de-melhores-do-mundo\/#primaryimage\",\"url\":\"https:\/\/www.gaveanews.com\/wp-content\/uploads\/Jogadores-do-Palmeiras-reunidos-durante-partida-da-Copa-do-Brasil-2024.webp\",\"contentUrl\":\"https:\/\/www.gaveanews.com\/wp-content\/uploads\/Jogadores-do-Palmeiras-reunidos-durante-partida-da-Copa-do-Brasil-2024.webp\",\"width\":1187,\"height\":792,\"caption\":\"Jogadores do Palmeiras reunidos durante partida da Copa do Brasil 2024 (Foto: Reprodu\u00e7\u00e3o\/Palmeiras)\"},{\"@type\":\"BreadcrumbList\",\"@id\":\"https:\/\/www.gaveanews.com\/index.php\/2024\/09\/01\/palmeiras-tem-dois-jogadores-sub-21-no-ranking-de-melhores-do-mundo\/#breadcrumb\",\"itemListElement\":[{\"@type\":\"ListItem\",\"position\":1,\"name\":\"Home\",\"item\":\"https:\/\/www.gaveanews.com\/\"},{\"@type\":\"ListItem\",\"position\":2,\"name\":\"Palmeiras tem dois jogadores sub-21 no ranking de melhores do mundo\"}]},{\"@type\":\"WebSite\",\"@id\":\"https:\/\/www.gaveanews.com\/#website\",\"url\":\"https:\/\/www.gaveanews.com\/\",\"name\":\"G\u00e1vea News\",\"description\":\"Veja todas as not\u00edcias sobre o Flamengo: Contrata\u00e7\u00f5es, categorias de base, resultados das partidas, tabela de classifica\u00e7\u00e3o, pr\u00f3ximos jogos!\",\"potentialAction\":[{\"@type\":\"SearchAction\",\"target\":{\"@type\":\"EntryPoint\",\"urlTemplate\":\"https:\/\/www.gaveanews.com\/?s={search_term_string}\"},\"query-input\":{\"@type\":\"PropertyValueSpecification\",\"valueRequired\":true,\"valueName\":\"search_term_string\"}}],\"inLanguage\":\"pt-BR\"},{\"@type\":\"Person\",\"@id\":\"https:\/\/www.gaveanews.com\/#\/schema\/person\/0277a79a1289c451c281ec0411d84f0c\",\"name\":\"Andr\u00e9 Serra\",\"image\":{\"@type\":\"ImageObject\",\"inLanguage\":\"pt-BR\",\"@id\":\"https:\/\/www.gaveanews.com\/#\/schema\/person\/image\/\",\"url\":\"https:\/\/secure.gravatar.com\/avatar\/d7231369fe48db93292b3e88eb2162dbd9a34a47a8437d9ef3bcaca2a86a83d7?s=96&d=mm&r=g\",\"contentUrl\":\"https:\/\/secure.gravatar.com\/avatar\/d7231369fe48db93292b3e88eb2162dbd9a34a47a8437d9ef3bcaca2a86a83d7?s=96&d=mm&r=g\",\"caption\":\"Andr\u00e9 Serra\"}}]}<\/script>\n<!-- \/ Yoast SEO Premium plugin. -->","yoast_head_json":{"title":"Palmeiras tem dois jogadores sub-21 no ranking de melhores do mundo","robots":{"index":"index","follow":"follow","max-snippet":"max-snippet:-1","max-image-preview":"max-image-preview:large","max-video-preview":"max-video-preview:-1"},"canonical":"https:\/\/www.gaveanews.com\/index.php\/2024\/09\/01\/palmeiras-tem-dois-jogadores-sub-21-no-ranking-de-melhores-do-mundo\/","og_locale":"pt_BR","og_type":"article","og_title":"Palmeiras tem dois jogadores sub-21 no ranking de melhores do mundo","og_description":"A lista conta com dois defensores do clube Na \u00faltima sexta-feira (30), o instituto su\u00ed\u00e7o Cies Football Observatory mostrou que dois jogadores do Palmeiras aparecem na lista dos melhores jogadores sub-21 do mundo. O zagueiro Vitor Reis, cria da base palmeirense e o lateral Agust\u00edn Giay, rec\u00e9m-contratado, s\u00e3o os jogadores do Verd\u00e3o que aparecem na [&hellip;]","og_url":"https:\/\/www.gaveanews.com\/index.php\/2024\/09\/01\/palmeiras-tem-dois-jogadores-sub-21-no-ranking-de-melhores-do-mundo\/","og_site_name":"G\u00e1vea News","article_publisher":"https:\/\/facebook.com\/gaveaNews\/","article_published_time":"2024-09-01T11:15:00+00:00","og_image":[{"width":1187,"height":792,"url":"https:\/\/www.gaveanews.com\/wp-content\/uploads\/Jogadores-do-Palmeiras-reunidos-durante-partida-da-Copa-do-Brasil-2024.webp","type":"image\/webp"}],"author":"Andr\u00e9 Serra","twitter_card":"summary_large_image","twitter_misc":{"Escrito por":"Andr\u00e9 Serra","Est. tempo de leitura":"3 minutos"},"schema":{"@context":"https:\/\/schema.org","@graph":[{"@type":"NewsArticle","@id":"https:\/\/www.gaveanews.com\/index.php\/2024\/09\/01\/palmeiras-tem-dois-jogadores-sub-21-no-ranking-de-melhores-do-mundo\/#article","isPartOf":{"@id":"https:\/\/www.gaveanews.com\/index.php\/2024\/09\/01\/palmeiras-tem-dois-jogadores-sub-21-no-ranking-de-melhores-do-mundo\/"},"author":{"name":"Andr\u00e9 Serra","@id":"https:\/\/www.gaveanews.com\/#\/schema\/person\/0277a79a1289c451c281ec0411d84f0c"},"headline":"Palmeiras tem dois jogadores sub-21 no ranking de melhores do mundo","datePublished":"2024-09-01T11:15:00+00:00","mainEntityOfPage":{"@id":"https:\/\/www.gaveanews.com\/index.php\/2024\/09\/01\/palmeiras-tem-dois-jogadores-sub-21-no-ranking-de-melhores-do-mundo\/"},"wordCount":500,"commentCount":0,"image":{"@id":"https:\/\/www.gaveanews.com\/index.php\/2024\/09\/01\/palmeiras-tem-dois-jogadores-sub-21-no-ranking-de-melhores-do-mundo\/#primaryimage"},"thumbnailUrl":"https:\/\/www.gaveanews.com\/wp-content\/uploads\/Jogadores-do-Palmeiras-reunidos-durante-partida-da-Copa-do-Brasil-2024.webp","articleSection":["Palmeiras"],"inLanguage":"pt-BR","potentialAction":[{"@type":"CommentAction","name":"Comment","target":["https:\/\/www.gaveanews.com\/index.php\/2024\/09\/01\/palmeiras-tem-dois-jogadores-sub-21-no-ranking-de-melhores-do-mundo\/#respond"]}],"copyrightYear":"2024","copyrightHolder":{"@id":"https:\/\/www.gaveanews.com\/#organization"}},{"@type":"WebPage","@id":"https:\/\/www.gaveanews.com\/index.php\/2024\/09\/01\/palmeiras-tem-dois-jogadores-sub-21-no-ranking-de-melhores-do-mundo\/","url":"https:\/\/www.gaveanews.com\/index.php\/2024\/09\/01\/palmeiras-tem-dois-jogadores-sub-21-no-ranking-de-melhores-do-mundo\/","name":"Palmeiras tem dois jogadores sub-21 no ranking de melhores do mundo","isPartOf":{"@id":"https:\/\/www.gaveanews.com\/#website"},"primaryImageOfPage":{"@id":"https:\/\/www.gaveanews.com\/index.php\/2024\/09\/01\/palmeiras-tem-dois-jogadores-sub-21-no-ranking-de-melhores-do-mundo\/#primaryimage"},"image":{"@id":"https:\/\/www.gaveanews.com\/index.php\/2024\/09\/01\/palmeiras-tem-dois-jogadores-sub-21-no-ranking-de-melhores-do-mundo\/#primaryimage"},"thumbnailUrl":"https:\/\/www.gaveanews.com\/wp-content\/uploads\/Jogadores-do-Palmeiras-reunidos-durante-partida-da-Copa-do-Brasil-2024.webp","datePublished":"2024-09-01T11:15:00+00:00","author":{"@id":"https:\/\/www.gaveanews.com\/#\/schema\/person\/0277a79a1289c451c281ec0411d84f0c"},"breadcrumb":{"@id":"https:\/\/www.gaveanews.com\/index.php\/2024\/09\/01\/palmeiras-tem-dois-jogadores-sub-21-no-ranking-de-melhores-do-mundo\/#breadcrumb"},"inLanguage":"pt-BR","potentialAction":[{"@type":"ReadAction","target":["https:\/\/www.gaveanews.com\/index.php\/2024\/09\/01\/palmeiras-tem-dois-jogadores-sub-21-no-ranking-de-melhores-do-mundo\/"]}]},{"@type":"ImageObject","inLanguage":"pt-BR","@id":"https:\/\/www.gaveanews.com\/index.php\/2024\/09\/01\/palmeiras-tem-dois-jogadores-sub-21-no-ranking-de-melhores-do-mundo\/#primaryimage","url":"https:\/\/www.gaveanews.com\/wp-content\/uploads\/Jogadores-do-Palmeiras-reunidos-durante-partida-da-Copa-do-Brasil-2024.webp","contentUrl":"https:\/\/www.gaveanews.com\/wp-content\/uploads\/Jogadores-do-Palmeiras-reunidos-durante-partida-da-Copa-do-Brasil-2024.webp","width":1187,"height":792,"caption":"Jogadores do Palmeiras reunidos durante partida da Copa do Brasil 2024 (Foto: Reprodu\u00e7\u00e3o\/Palmeiras)"},{"@type":"BreadcrumbList","@id":"https:\/\/www.gaveanews.com\/index.php\/2024\/09\/01\/palmeiras-tem-dois-jogadores-sub-21-no-ranking-de-melhores-do-mundo\/#breadcrumb","itemListElement":[{"@type":"ListItem","position":1,"name":"Home","item":"https:\/\/www.gaveanews.com\/"},{"@type":"ListItem","position":2,"name":"Palmeiras tem dois jogadores sub-21 no ranking de melhores do mundo"}]},{"@type":"WebSite","@id":"https:\/\/www.gaveanews.com\/#website","url":"https:\/\/www.gaveanews.com\/","name":"G\u00e1vea News","description":"Veja todas as not\u00edcias sobre o Flamengo: Contrata\u00e7\u00f5es, categorias de base, resultados das partidas, tabela de classifica\u00e7\u00e3o, pr\u00f3ximos jogos!","potentialAction":[{"@type":"SearchAction","target":{"@type":"EntryPoint","urlTemplate":"https:\/\/www.gaveanews.com\/?s={search_term_string}"},"query-input":{"@type":"PropertyValueSpecification","valueRequired":true,"valueName":"search_term_string"}}],"inLanguage":"pt-BR"},{"@type":"Person","@id":"https:\/\/www.gaveanews.com\/#\/schema\/person\/0277a79a1289c451c281ec0411d84f0c","name":"Andr\u00e9 Serra","image":{"@type":"ImageObject","inLanguage":"pt-BR","@id":"https:\/\/www.gaveanews.com\/#\/schema\/person\/image\/","url":"https:\/\/secure.gravatar.com\/avatar\/d7231369fe48db93292b3e88eb2162dbd9a34a47a8437d9ef3bcaca2a86a83d7?s=96&d=mm&r=g","contentUrl":"https:\/\/secure.gravatar.com\/avatar\/d7231369fe48db93292b3e88eb2162dbd9a34a47a8437d9ef3bcaca2a86a83d7?s=96&d=mm&r=g","caption":"Andr\u00e9 Serra"}}]}},"_links":{"self":[{"href":"https:\/\/www.gaveanews.com\/index.php\/wp-json\/wp\/v2\/posts\/162936","targetHints":{"allow":["GET"]}}],"collection":[{"href":"https:\/\/www.gaveanews.com\/index.php\/wp-json\/wp\/v2\/posts"}],"about":[{"href":"https:\/\/www.gaveanews.com\/index.php\/wp-json\/wp\/v2\/types\/post"}],"author":[{"embeddable":true,"href":"https:\/\/www.gaveanews.com\/index.php\/wp-json\/wp\/v2\/users\/21"}],"replies":[{"embeddable":true,"href":"https:\/\/www.gaveanews.com\/index.php\/wp-json\/wp\/v2\/comments?post=162936"}],"version-history":[{"count":2,"href":"https:\/\/www.gaveanews.com\/index.php\/wp-json\/wp\/v2\/posts\/162936\/revisions"}],"predecessor-version":[{"id":163034,"href":"https:\/\/www.gaveanews.com\/index.php\/wp-json\/wp\/v2\/posts\/162936\/revisions\/163034"}],"wp:featuredmedia":[{"embeddable":true,"href":"https:\/\/www.gaveanews.com\/index.php\/wp-json\/wp\/v2\/media\/158317"}],"wp:attachment":[{"href":"https:\/\/www.gaveanews.com\/index.php\/wp-json\/wp\/v2\/media?parent=162936"}],"wp:term":[{"taxonomy":"category","embeddable":true,"href":"https:\/\/www.gaveanews.com\/index.php\/wp-json\/wp\/v2\/categories?post=162936"},{"taxonomy":"post_tag","embeddable":true,"href":"https:\/\/www.gaveanews.com\/index.php\/wp-json\/wp\/v2\/tags?post=162936"}],"curies":[{"name":"wp","href":"https:\/\/api.w.org\/{rel}","templated":true}]}}