{"id":163006,"date":"2024-09-01T07:00:00","date_gmt":"2024-09-01T10:00:00","guid":{"rendered":"https:\/\/www.gaveanews.com\/?p=163006"},"modified":"2024-09-01T00:51:02","modified_gmt":"2024-09-01T03:51:02","slug":"apos-lesao-de-savinho-dorival-jr-convoca-atacante-do-sao-paulo","status":"publish","type":"post","link":"https:\/\/www.gaveanews.com\/index.php\/2024\/09\/01\/apos-lesao-de-savinho-dorival-jr-convoca-atacante-do-sao-paulo\/","title":{"rendered":"Ap\u00f3s les\u00e3o de Savinho, Dorival Jr convoca atacante do S\u00e3o Paulo"},"content":{"rendered":"\n<h2 class=\"wp-block-heading\" id=\"h-meia-atacante-e-convocado-para-a-selecao-brasileira-apos-lesao-de-savinho\">Meia-atacante \u00e9 convocado para a Sele\u00e7\u00e3o Brasileira ap\u00f3s les\u00e3o de Savinho<\/h2>\n\n\n\n<p>A Sele\u00e7\u00e3o Brasileira de futebol contar\u00e1 com um refor\u00e7o de \u00faltima hora para os pr\u00f3ximos compromissos das Eliminat\u00f3rias da Copa do Mundo de 2026.<\/p>\n\n\n\n<ul class=\"wp-block-list\">\n<li><a href=\"https:\/\/www.gaveanews.com\/index.php\/2024\/08\/29\/ele-nao-teve-muitas-chances-no-flamengo-mas-agora-esta-brilhando-na-europa-e-mira-selecao\/\">Ele n\u00e3o teve muitas chances no Flamengo, mas agora est\u00e1 brilhando na Europa e mira Sele\u00e7\u00e3o<\/a><\/li>\n\n\n\n<li><a href=\"https:\/\/www.gaveanews.com\/index.php\/2024\/08\/25\/estevao-pode-atingir-marca-historica-pela-selecao-brasileira\/\">Estev\u00e3o pode atingir marca hist\u00f3rica pela Sele\u00e7\u00e3o Brasileira<\/a><\/li>\n<\/ul>\n\n\n\n<p>Ap\u00f3s receber a not\u00edcia de uma les\u00e3o de Savinho, jogador do Manchester City, que n\u00e3o entrou em campo contra o West Ham neste s\u00e1bado, o t\u00e9cnico Dorival J\u00fanior convocou Lucas Moura, meia do S\u00e3o Paulo, para integrar o grupo.<\/p>\n\n\n\n<p>Lucas Moura, de 32 anos, retorna \u00e0 sele\u00e7\u00e3o principal ap\u00f3s um per\u00edodo de cinco anos. Campe\u00e3o sul-americano e mundial sub-20 com o Brasil, sua \u00faltima convoca\u00e7\u00e3o havia sido em 2018, ainda sob o comando de Tite.<\/p>\n\n\n\n<p>Desde que voltou ao S\u00e3o Paulo, no ano passado, depois de mais de uma d\u00e9cada atuando no futebol europeu, Lucas tem se destacado e acumulou 51 jogos e 12 gols pelo clube paulista.<\/p>\n\n\n\n<p>O Brasil, atualmente na sexta coloca\u00e7\u00e3o das Eliminat\u00f3rias com sete pontos em seis jogos, teve um in\u00edcio de campanha com Fernando Diniz, que agora passa o bast\u00e3o para Dorival J\u00fanior ap\u00f3s uma elimina\u00e7\u00e3o precoce na Copa Am\u00e9rica, nos p\u00eanaltis, para o Uruguai. Dorival far\u00e1 sua estreia nas Eliminat\u00f3rias com a miss\u00e3o de melhorar o desempenho da equipe e garantir uma das seis vagas diretas para a Copa do Mundo de 2026.<\/p>\n\n\n\n<p>Os pr\u00f3ximos desafios da Sele\u00e7\u00e3o ser\u00e3o contra o Equador e o Paraguai. Os jogadores convocados devem se apresentar em Curitiba na segunda-feira, com o primeiro jogo marcado para sexta-feira, contra o Equador, no est\u00e1dio Couto Pereira. O segundo compromisso ser\u00e1 no dia 10 de setembro, contra o Paraguai, em Assun\u00e7\u00e3o.<\/p>\n","protected":false},"excerpt":{"rendered":"<p>Meia-atacante \u00e9 convocado para a Sele\u00e7\u00e3o Brasileira ap\u00f3s les\u00e3o de Savinho A Sele\u00e7\u00e3o Brasileira de futebol contar\u00e1 com um refor\u00e7o de \u00faltima hora para os pr\u00f3ximos compromissos das Eliminat\u00f3rias da Copa do Mundo de 2026. Ap\u00f3s receber a not\u00edcia de uma les\u00e3o de Savinho, jogador do Manchester City, que n\u00e3o entrou em campo contra o [&hellip;]<\/p>\n","protected":false},"author":20,"featured_media":126556,"comment_status":"open","ping_status":"closed","sticky":false,"template":"","format":"standard","meta":{"footnotes":""},"categories":[151],"tags":[],"class_list":["post-163006","post","type-post","status-publish","format-standard","has-post-thumbnail","hentry","category-sao-paulo"],"yoast_head":"<!-- This site is optimized with the Yoast SEO Premium plugin v24.2 (Yoast SEO v26.9) - https:\/\/yoast.com\/product\/yoast-seo-premium-wordpress\/ -->\n<title>Ap\u00f3s les\u00e3o de Savinho, Dorival Jr convoca atacante do S\u00e3o Paulo<\/title>\n<meta name=\"robots\" content=\"index, follow, max-snippet:-1, max-image-preview:large, max-video-preview:-1\" \/>\n<link rel=\"canonical\" href=\"https:\/\/www.gaveanews.com\/index.php\/2024\/09\/01\/apos-lesao-de-savinho-dorival-jr-convoca-atacante-do-sao-paulo\/\" \/>\n<meta property=\"og:locale\" content=\"pt_BR\" \/>\n<meta property=\"og:type\" content=\"article\" \/>\n<meta property=\"og:title\" content=\"Ap\u00f3s les\u00e3o de Savinho, Dorival Jr convoca atacante do S\u00e3o Paulo\" \/>\n<meta property=\"og:description\" content=\"Meia-atacante \u00e9 convocado para a Sele\u00e7\u00e3o Brasileira ap\u00f3s les\u00e3o de Savinho A Sele\u00e7\u00e3o Brasileira de futebol contar\u00e1 com um refor\u00e7o de \u00faltima hora para os pr\u00f3ximos compromissos das Eliminat\u00f3rias da Copa do Mundo de 2026. Ap\u00f3s receber a not\u00edcia de uma les\u00e3o de Savinho, jogador do Manchester City, que n\u00e3o entrou em campo contra o [&hellip;]\" \/>\n<meta property=\"og:url\" content=\"https:\/\/www.gaveanews.com\/index.php\/2024\/09\/01\/apos-lesao-de-savinho-dorival-jr-convoca-atacante-do-sao-paulo\/\" \/>\n<meta property=\"og:site_name\" content=\"G\u00e1vea News\" \/>\n<meta property=\"article:publisher\" content=\"https:\/\/facebook.com\/gaveaNews\/\" \/>\n<meta property=\"article:published_time\" content=\"2024-09-01T10:00:00+00:00\" \/>\n<meta property=\"og:image\" content=\"https:\/\/www.gaveanews.com\/wp-content\/uploads\/dorival-junior-selecao-e1704998153515.webp\" \/>\n\t<meta property=\"og:image:width\" content=\"732\" \/>\n\t<meta property=\"og:image:height\" content=\"412\" \/>\n\t<meta property=\"og:image:type\" content=\"image\/webp\" \/>\n<meta name=\"author\" content=\"Lucas Barros\" \/>\n<meta name=\"twitter:card\" content=\"summary_large_image\" \/>\n<meta name=\"twitter:label1\" content=\"Escrito por\" \/>\n\t<meta name=\"twitter:data1\" content=\"Lucas Barros\" \/>\n\t<meta name=\"twitter:label2\" content=\"Est. tempo de leitura\" \/>\n\t<meta name=\"twitter:data2\" content=\"2 minutos\" \/>\n<script type=\"application\/ld+json\" class=\"yoast-schema-graph\">{\"@context\":\"https:\/\/schema.org\",\"@graph\":[{\"@type\":\"NewsArticle\",\"@id\":\"https:\/\/www.gaveanews.com\/index.php\/2024\/09\/01\/apos-lesao-de-savinho-dorival-jr-convoca-atacante-do-sao-paulo\/#article\",\"isPartOf\":{\"@id\":\"https:\/\/www.gaveanews.com\/index.php\/2024\/09\/01\/apos-lesao-de-savinho-dorival-jr-convoca-atacante-do-sao-paulo\/\"},\"author\":{\"name\":\"Lucas Barros\",\"@id\":\"https:\/\/www.gaveanews.com\/#\/schema\/person\/2abf0cfa878f5f899daa5f781e82264c\"},\"headline\":\"Ap\u00f3s les\u00e3o de Savinho, Dorival Jr convoca atacante do S\u00e3o Paulo\",\"datePublished\":\"2024-09-01T10:00:00+00:00\",\"mainEntityOfPage\":{\"@id\":\"https:\/\/www.gaveanews.com\/index.php\/2024\/09\/01\/apos-lesao-de-savinho-dorival-jr-convoca-atacante-do-sao-paulo\/\"},\"wordCount\":336,\"commentCount\":0,\"image\":{\"@id\":\"https:\/\/www.gaveanews.com\/index.php\/2024\/09\/01\/apos-lesao-de-savinho-dorival-jr-convoca-atacante-do-sao-paulo\/#primaryimage\"},\"thumbnailUrl\":\"https:\/\/www.gaveanews.com\/wp-content\/uploads\/dorival-junior-selecao-e1704998153515.webp\",\"articleSection\":[\"S\u00e3o Paulo\"],\"inLanguage\":\"pt-BR\",\"potentialAction\":[{\"@type\":\"CommentAction\",\"name\":\"Comment\",\"target\":[\"https:\/\/www.gaveanews.com\/index.php\/2024\/09\/01\/apos-lesao-de-savinho-dorival-jr-convoca-atacante-do-sao-paulo\/#respond\"]}],\"copyrightYear\":\"2024\",\"copyrightHolder\":{\"@id\":\"https:\/\/www.gaveanews.com\/#organization\"}},{\"@type\":\"WebPage\",\"@id\":\"https:\/\/www.gaveanews.com\/index.php\/2024\/09\/01\/apos-lesao-de-savinho-dorival-jr-convoca-atacante-do-sao-paulo\/\",\"url\":\"https:\/\/www.gaveanews.com\/index.php\/2024\/09\/01\/apos-lesao-de-savinho-dorival-jr-convoca-atacante-do-sao-paulo\/\",\"name\":\"Ap\u00f3s les\u00e3o de Savinho, Dorival Jr convoca atacante do S\u00e3o Paulo\",\"isPartOf\":{\"@id\":\"https:\/\/www.gaveanews.com\/#website\"},\"primaryImageOfPage\":{\"@id\":\"https:\/\/www.gaveanews.com\/index.php\/2024\/09\/01\/apos-lesao-de-savinho-dorival-jr-convoca-atacante-do-sao-paulo\/#primaryimage\"},\"image\":{\"@id\":\"https:\/\/www.gaveanews.com\/index.php\/2024\/09\/01\/apos-lesao-de-savinho-dorival-jr-convoca-atacante-do-sao-paulo\/#primaryimage\"},\"thumbnailUrl\":\"https:\/\/www.gaveanews.com\/wp-content\/uploads\/dorival-junior-selecao-e1704998153515.webp\",\"datePublished\":\"2024-09-01T10:00:00+00:00\",\"author\":{\"@id\":\"https:\/\/www.gaveanews.com\/#\/schema\/person\/2abf0cfa878f5f899daa5f781e82264c\"},\"breadcrumb\":{\"@id\":\"https:\/\/www.gaveanews.com\/index.php\/2024\/09\/01\/apos-lesao-de-savinho-dorival-jr-convoca-atacante-do-sao-paulo\/#breadcrumb\"},\"inLanguage\":\"pt-BR\",\"potentialAction\":[{\"@type\":\"ReadAction\",\"target\":[\"https:\/\/www.gaveanews.com\/index.php\/2024\/09\/01\/apos-lesao-de-savinho-dorival-jr-convoca-atacante-do-sao-paulo\/\"]}]},{\"@type\":\"ImageObject\",\"inLanguage\":\"pt-BR\",\"@id\":\"https:\/\/www.gaveanews.com\/index.php\/2024\/09\/01\/apos-lesao-de-savinho-dorival-jr-convoca-atacante-do-sao-paulo\/#primaryimage\",\"url\":\"https:\/\/www.gaveanews.com\/wp-content\/uploads\/dorival-junior-selecao-e1704998153515.webp\",\"contentUrl\":\"https:\/\/www.gaveanews.com\/wp-content\/uploads\/dorival-junior-selecao-e1704998153515.webp\",\"width\":732,\"height\":412,\"caption\":\"Dorival J\u00fanior, t\u00e9cnico da Sele\u00e7\u00e3o Brasileira (Foto: Reprodu\u00e7\u00e3o)\"},{\"@type\":\"BreadcrumbList\",\"@id\":\"https:\/\/www.gaveanews.com\/index.php\/2024\/09\/01\/apos-lesao-de-savinho-dorival-jr-convoca-atacante-do-sao-paulo\/#breadcrumb\",\"itemListElement\":[{\"@type\":\"ListItem\",\"position\":1,\"name\":\"Home\",\"item\":\"https:\/\/www.gaveanews.com\/\"},{\"@type\":\"ListItem\",\"position\":2,\"name\":\"Ap\u00f3s les\u00e3o de Savinho, Dorival Jr convoca atacante do S\u00e3o Paulo\"}]},{\"@type\":\"WebSite\",\"@id\":\"https:\/\/www.gaveanews.com\/#website\",\"url\":\"https:\/\/www.gaveanews.com\/\",\"name\":\"G\u00e1vea News\",\"description\":\"Veja todas as not\u00edcias sobre o Flamengo: Contrata\u00e7\u00f5es, categorias de base, resultados das partidas, tabela de classifica\u00e7\u00e3o, pr\u00f3ximos jogos!\",\"potentialAction\":[{\"@type\":\"SearchAction\",\"target\":{\"@type\":\"EntryPoint\",\"urlTemplate\":\"https:\/\/www.gaveanews.com\/?s={search_term_string}\"},\"query-input\":{\"@type\":\"PropertyValueSpecification\",\"valueRequired\":true,\"valueName\":\"search_term_string\"}}],\"inLanguage\":\"pt-BR\"},{\"@type\":\"Person\",\"@id\":\"https:\/\/www.gaveanews.com\/#\/schema\/person\/2abf0cfa878f5f899daa5f781e82264c\",\"name\":\"Lucas Barros\",\"image\":{\"@type\":\"ImageObject\",\"inLanguage\":\"pt-BR\",\"@id\":\"https:\/\/www.gaveanews.com\/#\/schema\/person\/image\/\",\"url\":\"https:\/\/secure.gravatar.com\/avatar\/67a6069eba66bf6fd7c80b70e1331baa3dbc3d6df5012d5c22eff29c7d59e0b0?s=96&d=mm&r=g\",\"contentUrl\":\"https:\/\/secure.gravatar.com\/avatar\/67a6069eba66bf6fd7c80b70e1331baa3dbc3d6df5012d5c22eff29c7d59e0b0?s=96&d=mm&r=g\",\"caption\":\"Lucas Barros\"}}]}<\/script>\n<!-- \/ Yoast SEO Premium plugin. -->","yoast_head_json":{"title":"Ap\u00f3s les\u00e3o de Savinho, Dorival Jr convoca atacante do S\u00e3o Paulo","robots":{"index":"index","follow":"follow","max-snippet":"max-snippet:-1","max-image-preview":"max-image-preview:large","max-video-preview":"max-video-preview:-1"},"canonical":"https:\/\/www.gaveanews.com\/index.php\/2024\/09\/01\/apos-lesao-de-savinho-dorival-jr-convoca-atacante-do-sao-paulo\/","og_locale":"pt_BR","og_type":"article","og_title":"Ap\u00f3s les\u00e3o de Savinho, Dorival Jr convoca atacante do S\u00e3o Paulo","og_description":"Meia-atacante \u00e9 convocado para a Sele\u00e7\u00e3o Brasileira ap\u00f3s les\u00e3o de Savinho A Sele\u00e7\u00e3o Brasileira de futebol contar\u00e1 com um refor\u00e7o de \u00faltima hora para os pr\u00f3ximos compromissos das Eliminat\u00f3rias da Copa do Mundo de 2026. Ap\u00f3s receber a not\u00edcia de uma les\u00e3o de Savinho, jogador do Manchester City, que n\u00e3o entrou em campo contra o [&hellip;]","og_url":"https:\/\/www.gaveanews.com\/index.php\/2024\/09\/01\/apos-lesao-de-savinho-dorival-jr-convoca-atacante-do-sao-paulo\/","og_site_name":"G\u00e1vea News","article_publisher":"https:\/\/facebook.com\/gaveaNews\/","article_published_time":"2024-09-01T10:00:00+00:00","og_image":[{"width":732,"height":412,"url":"https:\/\/www.gaveanews.com\/wp-content\/uploads\/dorival-junior-selecao-e1704998153515.webp","type":"image\/webp"}],"author":"Lucas Barros","twitter_card":"summary_large_image","twitter_misc":{"Escrito por":"Lucas Barros","Est. tempo de leitura":"2 minutos"},"schema":{"@context":"https:\/\/schema.org","@graph":[{"@type":"NewsArticle","@id":"https:\/\/www.gaveanews.com\/index.php\/2024\/09\/01\/apos-lesao-de-savinho-dorival-jr-convoca-atacante-do-sao-paulo\/#article","isPartOf":{"@id":"https:\/\/www.gaveanews.com\/index.php\/2024\/09\/01\/apos-lesao-de-savinho-dorival-jr-convoca-atacante-do-sao-paulo\/"},"author":{"name":"Lucas Barros","@id":"https:\/\/www.gaveanews.com\/#\/schema\/person\/2abf0cfa878f5f899daa5f781e82264c"},"headline":"Ap\u00f3s les\u00e3o de Savinho, Dorival Jr convoca atacante do S\u00e3o Paulo","datePublished":"2024-09-01T10:00:00+00:00","mainEntityOfPage":{"@id":"https:\/\/www.gaveanews.com\/index.php\/2024\/09\/01\/apos-lesao-de-savinho-dorival-jr-convoca-atacante-do-sao-paulo\/"},"wordCount":336,"commentCount":0,"image":{"@id":"https:\/\/www.gaveanews.com\/index.php\/2024\/09\/01\/apos-lesao-de-savinho-dorival-jr-convoca-atacante-do-sao-paulo\/#primaryimage"},"thumbnailUrl":"https:\/\/www.gaveanews.com\/wp-content\/uploads\/dorival-junior-selecao-e1704998153515.webp","articleSection":["S\u00e3o Paulo"],"inLanguage":"pt-BR","potentialAction":[{"@type":"CommentAction","name":"Comment","target":["https:\/\/www.gaveanews.com\/index.php\/2024\/09\/01\/apos-lesao-de-savinho-dorival-jr-convoca-atacante-do-sao-paulo\/#respond"]}],"copyrightYear":"2024","copyrightHolder":{"@id":"https:\/\/www.gaveanews.com\/#organization"}},{"@type":"WebPage","@id":"https:\/\/www.gaveanews.com\/index.php\/2024\/09\/01\/apos-lesao-de-savinho-dorival-jr-convoca-atacante-do-sao-paulo\/","url":"https:\/\/www.gaveanews.com\/index.php\/2024\/09\/01\/apos-lesao-de-savinho-dorival-jr-convoca-atacante-do-sao-paulo\/","name":"Ap\u00f3s les\u00e3o de Savinho, Dorival Jr convoca atacante do S\u00e3o Paulo","isPartOf":{"@id":"https:\/\/www.gaveanews.com\/#website"},"primaryImageOfPage":{"@id":"https:\/\/www.gaveanews.com\/index.php\/2024\/09\/01\/apos-lesao-de-savinho-dorival-jr-convoca-atacante-do-sao-paulo\/#primaryimage"},"image":{"@id":"https:\/\/www.gaveanews.com\/index.php\/2024\/09\/01\/apos-lesao-de-savinho-dorival-jr-convoca-atacante-do-sao-paulo\/#primaryimage"},"thumbnailUrl":"https:\/\/www.gaveanews.com\/wp-content\/uploads\/dorival-junior-selecao-e1704998153515.webp","datePublished":"2024-09-01T10:00:00+00:00","author":{"@id":"https:\/\/www.gaveanews.com\/#\/schema\/person\/2abf0cfa878f5f899daa5f781e82264c"},"breadcrumb":{"@id":"https:\/\/www.gaveanews.com\/index.php\/2024\/09\/01\/apos-lesao-de-savinho-dorival-jr-convoca-atacante-do-sao-paulo\/#breadcrumb"},"inLanguage":"pt-BR","potentialAction":[{"@type":"ReadAction","target":["https:\/\/www.gaveanews.com\/index.php\/2024\/09\/01\/apos-lesao-de-savinho-dorival-jr-convoca-atacante-do-sao-paulo\/"]}]},{"@type":"ImageObject","inLanguage":"pt-BR","@id":"https:\/\/www.gaveanews.com\/index.php\/2024\/09\/01\/apos-lesao-de-savinho-dorival-jr-convoca-atacante-do-sao-paulo\/#primaryimage","url":"https:\/\/www.gaveanews.com\/wp-content\/uploads\/dorival-junior-selecao-e1704998153515.webp","contentUrl":"https:\/\/www.gaveanews.com\/wp-content\/uploads\/dorival-junior-selecao-e1704998153515.webp","width":732,"height":412,"caption":"Dorival J\u00fanior, t\u00e9cnico da Sele\u00e7\u00e3o Brasileira (Foto: Reprodu\u00e7\u00e3o)"},{"@type":"BreadcrumbList","@id":"https:\/\/www.gaveanews.com\/index.php\/2024\/09\/01\/apos-lesao-de-savinho-dorival-jr-convoca-atacante-do-sao-paulo\/#breadcrumb","itemListElement":[{"@type":"ListItem","position":1,"name":"Home","item":"https:\/\/www.gaveanews.com\/"},{"@type":"ListItem","position":2,"name":"Ap\u00f3s les\u00e3o de Savinho, Dorival Jr convoca atacante do S\u00e3o Paulo"}]},{"@type":"WebSite","@id":"https:\/\/www.gaveanews.com\/#website","url":"https:\/\/www.gaveanews.com\/","name":"G\u00e1vea News","description":"Veja todas as not\u00edcias sobre o Flamengo: Contrata\u00e7\u00f5es, categorias de base, resultados das partidas, tabela de classifica\u00e7\u00e3o, pr\u00f3ximos jogos!","potentialAction":[{"@type":"SearchAction","target":{"@type":"EntryPoint","urlTemplate":"https:\/\/www.gaveanews.com\/?s={search_term_string}"},"query-input":{"@type":"PropertyValueSpecification","valueRequired":true,"valueName":"search_term_string"}}],"inLanguage":"pt-BR"},{"@type":"Person","@id":"https:\/\/www.gaveanews.com\/#\/schema\/person\/2abf0cfa878f5f899daa5f781e82264c","name":"Lucas Barros","image":{"@type":"ImageObject","inLanguage":"pt-BR","@id":"https:\/\/www.gaveanews.com\/#\/schema\/person\/image\/","url":"https:\/\/secure.gravatar.com\/avatar\/67a6069eba66bf6fd7c80b70e1331baa3dbc3d6df5012d5c22eff29c7d59e0b0?s=96&d=mm&r=g","contentUrl":"https:\/\/secure.gravatar.com\/avatar\/67a6069eba66bf6fd7c80b70e1331baa3dbc3d6df5012d5c22eff29c7d59e0b0?s=96&d=mm&r=g","caption":"Lucas Barros"}}]}},"_links":{"self":[{"href":"https:\/\/www.gaveanews.com\/index.php\/wp-json\/wp\/v2\/posts\/163006","targetHints":{"allow":["GET"]}}],"collection":[{"href":"https:\/\/www.gaveanews.com\/index.php\/wp-json\/wp\/v2\/posts"}],"about":[{"href":"https:\/\/www.gaveanews.com\/index.php\/wp-json\/wp\/v2\/types\/post"}],"author":[{"embeddable":true,"href":"https:\/\/www.gaveanews.com\/index.php\/wp-json\/wp\/v2\/users\/20"}],"replies":[{"embeddable":true,"href":"https:\/\/www.gaveanews.com\/index.php\/wp-json\/wp\/v2\/comments?post=163006"}],"version-history":[{"count":2,"href":"https:\/\/www.gaveanews.com\/index.php\/wp-json\/wp\/v2\/posts\/163006\/revisions"}],"predecessor-version":[{"id":163055,"href":"https:\/\/www.gaveanews.com\/index.php\/wp-json\/wp\/v2\/posts\/163006\/revisions\/163055"}],"wp:featuredmedia":[{"embeddable":true,"href":"https:\/\/www.gaveanews.com\/index.php\/wp-json\/wp\/v2\/media\/126556"}],"wp:attachment":[{"href":"https:\/\/www.gaveanews.com\/index.php\/wp-json\/wp\/v2\/media?parent=163006"}],"wp:term":[{"taxonomy":"category","embeddable":true,"href":"https:\/\/www.gaveanews.com\/index.php\/wp-json\/wp\/v2\/categories?post=163006"},{"taxonomy":"post_tag","embeddable":true,"href":"https:\/\/www.gaveanews.com\/index.php\/wp-json\/wp\/v2\/tags?post=163006"}],"curies":[{"name":"wp","href":"https:\/\/api.w.org\/{rel}","templated":true}]}}