{"id":163070,"date":"2024-09-01T15:45:49","date_gmt":"2024-09-01T18:45:49","guid":{"rendered":"https:\/\/www.gaveanews.com\/?p=163070"},"modified":"2024-09-01T15:45:51","modified_gmt":"2024-09-01T18:45:51","slug":"calleri-tem-atitude-surpreendente-com-torcedor-do-corinthians-e-video-viraliza","status":"publish","type":"post","link":"https:\/\/www.gaveanews.com\/index.php\/2024\/09\/01\/calleri-tem-atitude-surpreendente-com-torcedor-do-corinthians-e-video-viraliza\/","title":{"rendered":"Calleri tem atitude surpreendente com torcedor do Corinthians e v\u00eddeo viraliza"},"content":{"rendered":"\n<h2 class=\"wp-block-heading\" id=\"h-video-de-calleri-para-jovem-torcedor-causa-emocao-nas-redes-sociais\">V\u00eddeo de Calleri para jovem torcedor causa emo\u00e7\u00e3o nas redes sociais<\/h2>\n\n\n\n<h2 class=\"wp-block-heading\" id=\"h-como-tudo-aconteceu\"><strong>Como tudo aconteceu<\/strong><\/h2>\n\n\n\n<p>Recentemente, um gesto do atacante Jonathan Calleri, do S\u00e3o Paulo, emocionou torcedores de diferentes clubes. Tudo come\u00e7ou quando a p\u00e1gina corintiana <em>Cr\u00f4nica Alvinegra<\/em> no Instagram fez uma publica\u00e7\u00e3o pedindo ajuda para conseguir um v\u00eddeo do jogador para um jovem torcedor tricolor.<\/p>\n\n\n\n<p>O administrador da p\u00e1gina explicou que seu primo de 8 anos, chamado Pep\u00ea, tem paralisia cerebral e \u00e9 um grande f\u00e3 de Calleri. No post, ele perguntou se algu\u00e9m poderia ajudar a conseguir um v\u00eddeo do camisa 9 do S\u00e3o Paulo direcionado ao primo.<\/p>\n\n\n\n<h2 class=\"wp-block-heading\" id=\"h-a-resposta-de-calleri\">A resposta de Calleri<\/h2>\n\n\n\n<p>A resposta foi r\u00e1pida e emocionante. Ao saber do pedido, Calleri gravou um v\u00eddeo especial para Pep\u00ea. Na grava\u00e7\u00e3o, o jogador diz: &#8220;Oi Pep\u00ea, tudo bem? \u00c9 um prazer falar com voc\u00ea. Eu sei que voc\u00ea \u00e9 muito meu f\u00e3, ent\u00e3o te mando um abra\u00e7o gigante e espero um dia te conhecer. Vamos para frente, muita for\u00e7a e vamos S\u00e3o Paulo.&#8221;<\/p>\n\n\n\n<h2 class=\"wp-block-heading\" id=\"h-a-reacao-de-pepe\">A rea\u00e7\u00e3o de Pep\u00ea<\/h2>\n\n\n\n<p>A rea\u00e7\u00e3o de Pep\u00ea ao receber o v\u00eddeo foi comovente e rapidamente viralizou nas redes sociais. O perfil <em>Cr\u00f4nica Alvinegra<\/em> compartilhou o momento em que Pep\u00ea assistiu \u00e0 mensagem de seu \u00eddolo, descrevendo a alegria do garoto como algo que &#8220;saiu da terra e voltou&#8221;. <\/p>\n\n\n\n<p>\u201cEssa foi a rea\u00e7\u00e3o do meu primo depois de assistir o v\u00eddeo, a alma do menino saiu da terra e voltou\u201d, escreveu o perfil. \u201cObrigado ao Calleri por proporcionar isso a ele, foi um pequeno gesto, mas foi de uma grandeza enorme que mudar\u00e1 a vida do meu primo\u201d.<\/p>\n\n\n\n<blockquote class=\"instagram-media\" data-instgrm-captioned data-instgrm-permalink=\"https:\/\/www.instagram.com\/reel\/C_Jt8vuyL2E\/?utm_source=ig_embed&amp;utm_campaign=loading\" data-instgrm-version=\"14\" style=\"background:#FFF;border:0;border-radius:3px;margin: 1px;max-width:540px;min-width:326px;padding:0;width:99.375%;width:-webkit-calc(100% - 2px);width:calc(100% - 2px)\"><div style=\"padding:16px\"> <a href=\"https:\/\/www.instagram.com\/reel\/C_Jt8vuyL2E\/?utm_source=ig_embed&amp;utm_campaign=loading\" style=\"background:#FFFFFF;line-height:0;padding:0 0;text-align:center;text-decoration:none;width:100%\" target=\"_blank\" rel=\"noopener\"> <div style=\"flex-direction: row;align-items: center\"> <div style=\"background-color: #F4F4F4;border-radius: 50%;flex-grow: 0;height: 40px;margin-right: 14px;width: 40px\"><\/div> <div style=\"flex-direction: column;flex-grow: 1;justify-content: center\"> <div style=\"background-color: #F4F4F4;border-radius: 4px;flex-grow: 0;height: 14px;margin-bottom: 6px;width: 100px\"><\/div> <div style=\"background-color: #F4F4F4;border-radius: 4px;flex-grow: 0;height: 14px;width: 60px\"><\/div><\/div><\/div><div style=\"padding: 19% 0\"><\/div> <div style=\"height:50px;margin:0 auto 12px;width:50px\"><\/div><div style=\"padding-top: 8px\"> <div style=\"color:#3897f0;font-family:Arial,sans-serif;font-size:14px;font-style:normal;font-weight:550;line-height:18px\">Ver essa foto no Instagram<\/div><\/div><div style=\"padding: 12.5% 0\"><\/div> <div style=\"flex-direction: row;margin-bottom: 14px;align-items: center\"><div> <div style=\"background-color: #F4F4F4;border-radius: 50%;height: 12.5px;width: 12.5px\"><\/div> <div style=\"background-color: #F4F4F4;height: 12.5px;width: 12.5px;flex-grow: 0;margin-right: 14px;margin-left: 2px\"><\/div> <div style=\"background-color: #F4F4F4;border-radius: 50%;height: 12.5px;width: 12.5px\"><\/div><\/div><div style=\"margin-left: 8px\"> <div style=\"background-color: #F4F4F4;border-radius: 50%;flex-grow: 0;height: 20px;width: 20px\"><\/div> <div style=\"width: 0;height: 0;border-top: 2px solid transparent;border-left: 6px solid #f4f4f4;border-bottom: 2px solid transparent\"><\/div><\/div><div style=\"margin-left: auto\"> <div style=\"width: 0px;border-top: 8px solid #F4F4F4;border-right: 8px solid transparent\"><\/div> <div style=\"background-color: #F4F4F4;flex-grow: 0;height: 12px;width: 16px\"><\/div> <div style=\"width: 0;height: 0;border-top: 8px solid #F4F4F4;border-left: 8px solid transparent\"><\/div><\/div><\/div> <div style=\"flex-direction: column;flex-grow: 1;justify-content: center;margin-bottom: 24px\"> <div style=\"background-color: #F4F4F4;border-radius: 4px;flex-grow: 0;height: 14px;margin-bottom: 6px;width: 224px\"><\/div> <div style=\"background-color: #F4F4F4;border-radius: 4px;flex-grow: 0;height: 14px;width: 144px\"><\/div><\/div><\/a><p style=\"color:#c9c8cd;font-family:Arial,sans-serif;font-size:14px;line-height:17px;margin-bottom:0;margin-top:8px;overflow:hidden;padding:8px 0 7px;text-align:center\"><a href=\"https:\/\/www.instagram.com\/reel\/C_Jt8vuyL2E\/?utm_source=ig_embed&amp;utm_campaign=loading\" style=\"color:#c9c8cd;font-family:Arial,sans-serif;font-size:14px;font-style:normal;font-weight:normal;line-height:17px;text-decoration:none\" target=\"_blank\" rel=\"noopener\">Uma publica\u00e7\u00e3o compartilhada por Calleri FC \u2022 F\u00e3 Clube \ud83c\udde6\ud83c\uddf7\ud83e\udd89 | Desde 2016 \ud83d\udc99 (@calleriifc)<\/a><\/p><\/div><\/blockquote><script async src=\"\/\/www.instagram.com\/embed.js\"><\/script>\n","protected":false},"excerpt":{"rendered":"<p>V\u00eddeo de Calleri para jovem torcedor causa emo\u00e7\u00e3o nas redes sociais Como tudo aconteceu Recentemente, um gesto do atacante Jonathan Calleri, do S\u00e3o Paulo, emocionou torcedores de diferentes clubes. Tudo come\u00e7ou quando a p\u00e1gina corintiana Cr\u00f4nica Alvinegra no Instagram fez uma publica\u00e7\u00e3o pedindo ajuda para conseguir um v\u00eddeo do jogador para um jovem torcedor tricolor. [&hellip;]<\/p>\n","protected":false},"author":17,"featured_media":148324,"comment_status":"open","ping_status":"closed","sticky":false,"template":"","format":"standard","meta":{"footnotes":""},"categories":[151],"tags":[],"class_list":["post-163070","post","type-post","status-publish","format-standard","has-post-thumbnail","hentry","category-sao-paulo"],"yoast_head":"<!-- This site is optimized with the Yoast SEO Premium plugin v24.2 (Yoast SEO v26.9) - https:\/\/yoast.com\/product\/yoast-seo-premium-wordpress\/ -->\n<title>Calleri tem atitude surpreendente com torcedor do Corinthians e v\u00eddeo viraliza<\/title>\n<meta name=\"robots\" content=\"index, follow, max-snippet:-1, max-image-preview:large, max-video-preview:-1\" \/>\n<link rel=\"canonical\" href=\"https:\/\/www.gaveanews.com\/index.php\/2024\/09\/01\/calleri-tem-atitude-surpreendente-com-torcedor-do-corinthians-e-video-viraliza\/\" \/>\n<meta property=\"og:locale\" content=\"pt_BR\" \/>\n<meta property=\"og:type\" content=\"article\" \/>\n<meta property=\"og:title\" content=\"Calleri tem atitude surpreendente com torcedor do Corinthians e v\u00eddeo viraliza\" \/>\n<meta property=\"og:description\" content=\"V\u00eddeo de Calleri para jovem torcedor causa emo\u00e7\u00e3o nas redes sociais Como tudo aconteceu Recentemente, um gesto do atacante Jonathan Calleri, do S\u00e3o Paulo, emocionou torcedores de diferentes clubes. Tudo come\u00e7ou quando a p\u00e1gina corintiana Cr\u00f4nica Alvinegra no Instagram fez uma publica\u00e7\u00e3o pedindo ajuda para conseguir um v\u00eddeo do jogador para um jovem torcedor tricolor. [&hellip;]\" \/>\n<meta property=\"og:url\" content=\"https:\/\/www.gaveanews.com\/index.php\/2024\/09\/01\/calleri-tem-atitude-surpreendente-com-torcedor-do-corinthians-e-video-viraliza\/\" \/>\n<meta property=\"og:site_name\" content=\"G\u00e1vea News\" \/>\n<meta property=\"article:publisher\" content=\"https:\/\/facebook.com\/gaveaNews\/\" \/>\n<meta property=\"article:published_time\" content=\"2024-09-01T18:45:49+00:00\" \/>\n<meta property=\"article:modified_time\" content=\"2024-09-01T18:45:51+00:00\" \/>\n<meta property=\"og:image\" content=\"https:\/\/www.gaveanews.com\/wp-content\/uploads\/Jonathan-Calleri-em-acao-pelo-Sao-Paulo.webp\" \/>\n\t<meta property=\"og:image:width\" content=\"1080\" \/>\n\t<meta property=\"og:image:height\" content=\"1346\" \/>\n\t<meta property=\"og:image:type\" content=\"image\/jpeg\" \/>\n<meta name=\"author\" content=\"Geovanna Thomaz\" \/>\n<meta name=\"twitter:card\" content=\"summary_large_image\" \/>\n<meta name=\"twitter:label1\" content=\"Escrito por\" \/>\n\t<meta name=\"twitter:data1\" content=\"Geovanna Thomaz\" \/>\n\t<meta name=\"twitter:label2\" content=\"Est. tempo de leitura\" \/>\n\t<meta name=\"twitter:data2\" content=\"2 minutos\" \/>\n<script type=\"application\/ld+json\" class=\"yoast-schema-graph\">{\"@context\":\"https:\/\/schema.org\",\"@graph\":[{\"@type\":\"NewsArticle\",\"@id\":\"https:\/\/www.gaveanews.com\/index.php\/2024\/09\/01\/calleri-tem-atitude-surpreendente-com-torcedor-do-corinthians-e-video-viraliza\/#article\",\"isPartOf\":{\"@id\":\"https:\/\/www.gaveanews.com\/index.php\/2024\/09\/01\/calleri-tem-atitude-surpreendente-com-torcedor-do-corinthians-e-video-viraliza\/\"},\"author\":{\"name\":\"Geovanna Thomaz\",\"@id\":\"https:\/\/www.gaveanews.com\/#\/schema\/person\/f42654babcd2b2014a1a65af82b081f1\"},\"headline\":\"Calleri tem atitude surpreendente com torcedor do Corinthians e v\u00eddeo viraliza\",\"datePublished\":\"2024-09-01T18:45:49+00:00\",\"dateModified\":\"2024-09-01T18:45:51+00:00\",\"mainEntityOfPage\":{\"@id\":\"https:\/\/www.gaveanews.com\/index.php\/2024\/09\/01\/calleri-tem-atitude-surpreendente-com-torcedor-do-corinthians-e-video-viraliza\/\"},\"wordCount\":309,\"commentCount\":0,\"image\":{\"@id\":\"https:\/\/www.gaveanews.com\/index.php\/2024\/09\/01\/calleri-tem-atitude-surpreendente-com-torcedor-do-corinthians-e-video-viraliza\/#primaryimage\"},\"thumbnailUrl\":\"https:\/\/www.gaveanews.com\/wp-content\/uploads\/Jonathan-Calleri-em-acao-pelo-Sao-Paulo.webp\",\"articleSection\":[\"S\u00e3o Paulo\"],\"inLanguage\":\"pt-BR\",\"potentialAction\":[{\"@type\":\"CommentAction\",\"name\":\"Comment\",\"target\":[\"https:\/\/www.gaveanews.com\/index.php\/2024\/09\/01\/calleri-tem-atitude-surpreendente-com-torcedor-do-corinthians-e-video-viraliza\/#respond\"]}],\"copyrightYear\":\"2024\",\"copyrightHolder\":{\"@id\":\"https:\/\/www.gaveanews.com\/#organization\"}},{\"@type\":\"WebPage\",\"@id\":\"https:\/\/www.gaveanews.com\/index.php\/2024\/09\/01\/calleri-tem-atitude-surpreendente-com-torcedor-do-corinthians-e-video-viraliza\/\",\"url\":\"https:\/\/www.gaveanews.com\/index.php\/2024\/09\/01\/calleri-tem-atitude-surpreendente-com-torcedor-do-corinthians-e-video-viraliza\/\",\"name\":\"Calleri tem atitude surpreendente com torcedor do Corinthians e v\u00eddeo viraliza\",\"isPartOf\":{\"@id\":\"https:\/\/www.gaveanews.com\/#website\"},\"primaryImageOfPage\":{\"@id\":\"https:\/\/www.gaveanews.com\/index.php\/2024\/09\/01\/calleri-tem-atitude-surpreendente-com-torcedor-do-corinthians-e-video-viraliza\/#primaryimage\"},\"image\":{\"@id\":\"https:\/\/www.gaveanews.com\/index.php\/2024\/09\/01\/calleri-tem-atitude-surpreendente-com-torcedor-do-corinthians-e-video-viraliza\/#primaryimage\"},\"thumbnailUrl\":\"https:\/\/www.gaveanews.com\/wp-content\/uploads\/Jonathan-Calleri-em-acao-pelo-Sao-Paulo.webp\",\"datePublished\":\"2024-09-01T18:45:49+00:00\",\"dateModified\":\"2024-09-01T18:45:51+00:00\",\"author\":{\"@id\":\"https:\/\/www.gaveanews.com\/#\/schema\/person\/f42654babcd2b2014a1a65af82b081f1\"},\"breadcrumb\":{\"@id\":\"https:\/\/www.gaveanews.com\/index.php\/2024\/09\/01\/calleri-tem-atitude-surpreendente-com-torcedor-do-corinthians-e-video-viraliza\/#breadcrumb\"},\"inLanguage\":\"pt-BR\",\"potentialAction\":[{\"@type\":\"ReadAction\",\"target\":[\"https:\/\/www.gaveanews.com\/index.php\/2024\/09\/01\/calleri-tem-atitude-surpreendente-com-torcedor-do-corinthians-e-video-viraliza\/\"]}]},{\"@type\":\"ImageObject\",\"inLanguage\":\"pt-BR\",\"@id\":\"https:\/\/www.gaveanews.com\/index.php\/2024\/09\/01\/calleri-tem-atitude-surpreendente-com-torcedor-do-corinthians-e-video-viraliza\/#primaryimage\",\"url\":\"https:\/\/www.gaveanews.com\/wp-content\/uploads\/Jonathan-Calleri-em-acao-pelo-Sao-Paulo.webp\",\"contentUrl\":\"https:\/\/www.gaveanews.com\/wp-content\/uploads\/Jonathan-Calleri-em-acao-pelo-Sao-Paulo.webp\",\"width\":1080,\"height\":1346,\"caption\":\"Jonathan Calleri em a\u00e7\u00e3o pelo S\u00e3o Paulo (Foto: Reprodu\u00e7\u00e3o\/Instagram)\"},{\"@type\":\"BreadcrumbList\",\"@id\":\"https:\/\/www.gaveanews.com\/index.php\/2024\/09\/01\/calleri-tem-atitude-surpreendente-com-torcedor-do-corinthians-e-video-viraliza\/#breadcrumb\",\"itemListElement\":[{\"@type\":\"ListItem\",\"position\":1,\"name\":\"Home\",\"item\":\"https:\/\/www.gaveanews.com\/\"},{\"@type\":\"ListItem\",\"position\":2,\"name\":\"Calleri tem atitude surpreendente com torcedor do Corinthians e v\u00eddeo viraliza\"}]},{\"@type\":\"WebSite\",\"@id\":\"https:\/\/www.gaveanews.com\/#website\",\"url\":\"https:\/\/www.gaveanews.com\/\",\"name\":\"G\u00e1vea News\",\"description\":\"Veja todas as not\u00edcias sobre o Flamengo: Contrata\u00e7\u00f5es, categorias de base, resultados das partidas, tabela de classifica\u00e7\u00e3o, pr\u00f3ximos jogos!\",\"potentialAction\":[{\"@type\":\"SearchAction\",\"target\":{\"@type\":\"EntryPoint\",\"urlTemplate\":\"https:\/\/www.gaveanews.com\/?s={search_term_string}\"},\"query-input\":{\"@type\":\"PropertyValueSpecification\",\"valueRequired\":true,\"valueName\":\"search_term_string\"}}],\"inLanguage\":\"pt-BR\"},{\"@type\":\"Person\",\"@id\":\"https:\/\/www.gaveanews.com\/#\/schema\/person\/f42654babcd2b2014a1a65af82b081f1\",\"name\":\"Geovanna Thomaz\",\"image\":{\"@type\":\"ImageObject\",\"inLanguage\":\"pt-BR\",\"@id\":\"https:\/\/www.gaveanews.com\/#\/schema\/person\/image\/\",\"url\":\"https:\/\/secure.gravatar.com\/avatar\/4092073255489533afb558984b49b64268c47198af8623cc82a925ae9fb7118a?s=96&d=mm&r=g\",\"contentUrl\":\"https:\/\/secure.gravatar.com\/avatar\/4092073255489533afb558984b49b64268c47198af8623cc82a925ae9fb7118a?s=96&d=mm&r=g\",\"caption\":\"Geovanna Thomaz\"}}]}<\/script>\n<!-- \/ Yoast SEO Premium plugin. -->","yoast_head_json":{"title":"Calleri tem atitude surpreendente com torcedor do Corinthians e v\u00eddeo viraliza","robots":{"index":"index","follow":"follow","max-snippet":"max-snippet:-1","max-image-preview":"max-image-preview:large","max-video-preview":"max-video-preview:-1"},"canonical":"https:\/\/www.gaveanews.com\/index.php\/2024\/09\/01\/calleri-tem-atitude-surpreendente-com-torcedor-do-corinthians-e-video-viraliza\/","og_locale":"pt_BR","og_type":"article","og_title":"Calleri tem atitude surpreendente com torcedor do Corinthians e v\u00eddeo viraliza","og_description":"V\u00eddeo de Calleri para jovem torcedor causa emo\u00e7\u00e3o nas redes sociais Como tudo aconteceu Recentemente, um gesto do atacante Jonathan Calleri, do S\u00e3o Paulo, emocionou torcedores de diferentes clubes. Tudo come\u00e7ou quando a p\u00e1gina corintiana Cr\u00f4nica Alvinegra no Instagram fez uma publica\u00e7\u00e3o pedindo ajuda para conseguir um v\u00eddeo do jogador para um jovem torcedor tricolor. [&hellip;]","og_url":"https:\/\/www.gaveanews.com\/index.php\/2024\/09\/01\/calleri-tem-atitude-surpreendente-com-torcedor-do-corinthians-e-video-viraliza\/","og_site_name":"G\u00e1vea News","article_publisher":"https:\/\/facebook.com\/gaveaNews\/","article_published_time":"2024-09-01T18:45:49+00:00","article_modified_time":"2024-09-01T18:45:51+00:00","og_image":[{"width":1080,"height":1346,"url":"https:\/\/www.gaveanews.com\/wp-content\/uploads\/Jonathan-Calleri-em-acao-pelo-Sao-Paulo.webp","type":"image\/jpeg"}],"author":"Geovanna Thomaz","twitter_card":"summary_large_image","twitter_misc":{"Escrito por":"Geovanna Thomaz","Est. tempo de leitura":"2 minutos"},"schema":{"@context":"https:\/\/schema.org","@graph":[{"@type":"NewsArticle","@id":"https:\/\/www.gaveanews.com\/index.php\/2024\/09\/01\/calleri-tem-atitude-surpreendente-com-torcedor-do-corinthians-e-video-viraliza\/#article","isPartOf":{"@id":"https:\/\/www.gaveanews.com\/index.php\/2024\/09\/01\/calleri-tem-atitude-surpreendente-com-torcedor-do-corinthians-e-video-viraliza\/"},"author":{"name":"Geovanna Thomaz","@id":"https:\/\/www.gaveanews.com\/#\/schema\/person\/f42654babcd2b2014a1a65af82b081f1"},"headline":"Calleri tem atitude surpreendente com torcedor do Corinthians e v\u00eddeo viraliza","datePublished":"2024-09-01T18:45:49+00:00","dateModified":"2024-09-01T18:45:51+00:00","mainEntityOfPage":{"@id":"https:\/\/www.gaveanews.com\/index.php\/2024\/09\/01\/calleri-tem-atitude-surpreendente-com-torcedor-do-corinthians-e-video-viraliza\/"},"wordCount":309,"commentCount":0,"image":{"@id":"https:\/\/www.gaveanews.com\/index.php\/2024\/09\/01\/calleri-tem-atitude-surpreendente-com-torcedor-do-corinthians-e-video-viraliza\/#primaryimage"},"thumbnailUrl":"https:\/\/www.gaveanews.com\/wp-content\/uploads\/Jonathan-Calleri-em-acao-pelo-Sao-Paulo.webp","articleSection":["S\u00e3o Paulo"],"inLanguage":"pt-BR","potentialAction":[{"@type":"CommentAction","name":"Comment","target":["https:\/\/www.gaveanews.com\/index.php\/2024\/09\/01\/calleri-tem-atitude-surpreendente-com-torcedor-do-corinthians-e-video-viraliza\/#respond"]}],"copyrightYear":"2024","copyrightHolder":{"@id":"https:\/\/www.gaveanews.com\/#organization"}},{"@type":"WebPage","@id":"https:\/\/www.gaveanews.com\/index.php\/2024\/09\/01\/calleri-tem-atitude-surpreendente-com-torcedor-do-corinthians-e-video-viraliza\/","url":"https:\/\/www.gaveanews.com\/index.php\/2024\/09\/01\/calleri-tem-atitude-surpreendente-com-torcedor-do-corinthians-e-video-viraliza\/","name":"Calleri tem atitude surpreendente com torcedor do Corinthians e v\u00eddeo viraliza","isPartOf":{"@id":"https:\/\/www.gaveanews.com\/#website"},"primaryImageOfPage":{"@id":"https:\/\/www.gaveanews.com\/index.php\/2024\/09\/01\/calleri-tem-atitude-surpreendente-com-torcedor-do-corinthians-e-video-viraliza\/#primaryimage"},"image":{"@id":"https:\/\/www.gaveanews.com\/index.php\/2024\/09\/01\/calleri-tem-atitude-surpreendente-com-torcedor-do-corinthians-e-video-viraliza\/#primaryimage"},"thumbnailUrl":"https:\/\/www.gaveanews.com\/wp-content\/uploads\/Jonathan-Calleri-em-acao-pelo-Sao-Paulo.webp","datePublished":"2024-09-01T18:45:49+00:00","dateModified":"2024-09-01T18:45:51+00:00","author":{"@id":"https:\/\/www.gaveanews.com\/#\/schema\/person\/f42654babcd2b2014a1a65af82b081f1"},"breadcrumb":{"@id":"https:\/\/www.gaveanews.com\/index.php\/2024\/09\/01\/calleri-tem-atitude-surpreendente-com-torcedor-do-corinthians-e-video-viraliza\/#breadcrumb"},"inLanguage":"pt-BR","potentialAction":[{"@type":"ReadAction","target":["https:\/\/www.gaveanews.com\/index.php\/2024\/09\/01\/calleri-tem-atitude-surpreendente-com-torcedor-do-corinthians-e-video-viraliza\/"]}]},{"@type":"ImageObject","inLanguage":"pt-BR","@id":"https:\/\/www.gaveanews.com\/index.php\/2024\/09\/01\/calleri-tem-atitude-surpreendente-com-torcedor-do-corinthians-e-video-viraliza\/#primaryimage","url":"https:\/\/www.gaveanews.com\/wp-content\/uploads\/Jonathan-Calleri-em-acao-pelo-Sao-Paulo.webp","contentUrl":"https:\/\/www.gaveanews.com\/wp-content\/uploads\/Jonathan-Calleri-em-acao-pelo-Sao-Paulo.webp","width":1080,"height":1346,"caption":"Jonathan Calleri em a\u00e7\u00e3o pelo S\u00e3o Paulo (Foto: Reprodu\u00e7\u00e3o\/Instagram)"},{"@type":"BreadcrumbList","@id":"https:\/\/www.gaveanews.com\/index.php\/2024\/09\/01\/calleri-tem-atitude-surpreendente-com-torcedor-do-corinthians-e-video-viraliza\/#breadcrumb","itemListElement":[{"@type":"ListItem","position":1,"name":"Home","item":"https:\/\/www.gaveanews.com\/"},{"@type":"ListItem","position":2,"name":"Calleri tem atitude surpreendente com torcedor do Corinthians e v\u00eddeo viraliza"}]},{"@type":"WebSite","@id":"https:\/\/www.gaveanews.com\/#website","url":"https:\/\/www.gaveanews.com\/","name":"G\u00e1vea News","description":"Veja todas as not\u00edcias sobre o Flamengo: Contrata\u00e7\u00f5es, categorias de base, resultados das partidas, tabela de classifica\u00e7\u00e3o, pr\u00f3ximos jogos!","potentialAction":[{"@type":"SearchAction","target":{"@type":"EntryPoint","urlTemplate":"https:\/\/www.gaveanews.com\/?s={search_term_string}"},"query-input":{"@type":"PropertyValueSpecification","valueRequired":true,"valueName":"search_term_string"}}],"inLanguage":"pt-BR"},{"@type":"Person","@id":"https:\/\/www.gaveanews.com\/#\/schema\/person\/f42654babcd2b2014a1a65af82b081f1","name":"Geovanna Thomaz","image":{"@type":"ImageObject","inLanguage":"pt-BR","@id":"https:\/\/www.gaveanews.com\/#\/schema\/person\/image\/","url":"https:\/\/secure.gravatar.com\/avatar\/4092073255489533afb558984b49b64268c47198af8623cc82a925ae9fb7118a?s=96&d=mm&r=g","contentUrl":"https:\/\/secure.gravatar.com\/avatar\/4092073255489533afb558984b49b64268c47198af8623cc82a925ae9fb7118a?s=96&d=mm&r=g","caption":"Geovanna Thomaz"}}]}},"_links":{"self":[{"href":"https:\/\/www.gaveanews.com\/index.php\/wp-json\/wp\/v2\/posts\/163070","targetHints":{"allow":["GET"]}}],"collection":[{"href":"https:\/\/www.gaveanews.com\/index.php\/wp-json\/wp\/v2\/posts"}],"about":[{"href":"https:\/\/www.gaveanews.com\/index.php\/wp-json\/wp\/v2\/types\/post"}],"author":[{"embeddable":true,"href":"https:\/\/www.gaveanews.com\/index.php\/wp-json\/wp\/v2\/users\/17"}],"replies":[{"embeddable":true,"href":"https:\/\/www.gaveanews.com\/index.php\/wp-json\/wp\/v2\/comments?post=163070"}],"version-history":[{"count":2,"href":"https:\/\/www.gaveanews.com\/index.php\/wp-json\/wp\/v2\/posts\/163070\/revisions"}],"predecessor-version":[{"id":163094,"href":"https:\/\/www.gaveanews.com\/index.php\/wp-json\/wp\/v2\/posts\/163070\/revisions\/163094"}],"wp:featuredmedia":[{"embeddable":true,"href":"https:\/\/www.gaveanews.com\/index.php\/wp-json\/wp\/v2\/media\/148324"}],"wp:attachment":[{"href":"https:\/\/www.gaveanews.com\/index.php\/wp-json\/wp\/v2\/media?parent=163070"}],"wp:term":[{"taxonomy":"category","embeddable":true,"href":"https:\/\/www.gaveanews.com\/index.php\/wp-json\/wp\/v2\/categories?post=163070"},{"taxonomy":"post_tag","embeddable":true,"href":"https:\/\/www.gaveanews.com\/index.php\/wp-json\/wp\/v2\/tags?post=163070"}],"curies":[{"name":"wp","href":"https:\/\/api.w.org\/{rel}","templated":true}]}}