{"id":163190,"date":"2024-09-02T05:30:00","date_gmt":"2024-09-02T08:30:00","guid":{"rendered":"https:\/\/www.gaveanews.com\/?p=163190"},"modified":"2024-09-01T23:38:01","modified_gmt":"2024-09-02T02:38:01","slug":"futuro-de-rodrigo-caio-no-gremio-tem-reviravolta","status":"publish","type":"post","link":"https:\/\/www.gaveanews.com\/index.php\/2024\/09\/02\/futuro-de-rodrigo-caio-no-gremio-tem-reviravolta\/","title":{"rendered":"Futuro de Rodrigo Caio no Gr\u00eamio tem reviravolta"},"content":{"rendered":"\n<h2 class=\"wp-block-heading\" id=\"h-o-zagueiro-nao-conseguiu-manter-boa-sequencia-por-conta-de-lesao\">O zagueiro n\u00e3o conseguiu manter boa sequencia por conta de les\u00e3o<\/h2>\n\n\n\n<p>Rodrigo Caio, um dos grandes \u00eddolos da hist\u00f3ria recente do Flamengo, est\u00e1 vivendo um momento complicado em sua carreira. O zagueiro, que conquistou cora\u00e7\u00f5es e t\u00edtulos no Rubro-Negro, enfrenta dificuldades no Gr\u00eamio, time que defende desde o in\u00edcio do ano.<\/p>\n\n\n\n<ul class=\"wp-block-list\">\n<li><a href=\"https:\/\/www.gaveanews.com\/index.php\/2024\/09\/01\/a-declaracao-de-renato-gaucho-direcionada-a-gustavo-martins-do-gremio\/\">A declara\u00e7\u00e3o de Renato Ga\u00facho direcionada a Gustavo Martins, do Gr\u00eamio<\/a><\/li>\n\n\n\n<li><a href=\"https:\/\/www.gaveanews.com\/index.php\/2024\/09\/01\/gremio-x-atletico-mg-gabriel-milito-fara-alteracao-no-time-titular\/\">Gr\u00eamio x Atl\u00e9tico-MG: Gabriel Milito far\u00e1 altera\u00e7\u00e3o no time titular<\/a><\/li>\n<\/ul>\n\n\n\n<p>Desde que deixou o Flamengo, onde se tornou uma lenda, Rodrigo Caio tem enfrentado problemas f\u00edsicos que limitaram seu tempo de jogo. Sua passagem pelo Meng\u00e3o foi marcada por conquistas importantes: duas Libertadores, dois Campeonatos Brasileiros, tr\u00eas Campeonatos Cariocas e uma Copa do Brasil, al\u00e9m de mais de 150 partidas com a camisa rubro-negra. No entanto, a trajet\u00f3ria no Gr\u00eamio n\u00e3o tem sido t\u00e3o bem-sucedida quanto a anterior.<\/p>\n\n\n\n<p>Neste domingo (1\u00ba de setembro), o Gr\u00eamio enfrentou o Atl\u00e9tico-MG em uma partida importante para a equipe, que luta para se afastar ainda mais da zona de rebaixamento.  No entanto, o foco est\u00e1 em Rodrigo Caio, cuja situa\u00e7\u00e3o no clube ga\u00facho \u00e9 incerta.<\/p>\n\n\n\n<p>Segundo o jornalista Bruno Soares, que cobre o Gr\u00eamio, a tend\u00eancia \u00e9 que o contrato de Rodrigo Caio, que vai at\u00e9 o fim do ano, n\u00e3o seja renovado. A aposta no defensor, apoiada por Renato Portaluppi, n\u00e3o trouxe os resultados esperados, e a expectativa \u00e9 que ele fique sem clube em 2025.<\/p>\n\n\n\n<p>Rodrigo Caio chegou ao Flamengo em 2019 e passou por uma s\u00e9rie de treinadores, incluindo Dorival J\u00fanior, Jorge Sampaoli, V\u00edtor Pereira, Rog\u00e9rio Ceni e Renato Ga\u00facho. A sua capacidade defensiva e a lideran\u00e7a em campo foram fundamentais para as vit\u00f3rias do time carioca.<\/p>\n\n\n\n<p>Com a derrota, o Gr\u00eamio permanece com 27 pontos e ocupa a 14\u00aa posi\u00e7\u00e3o. Ainda pode cair uma posi\u00e7\u00e3o at\u00e9 o t\u00e9rmino da rodada, o que reduziria a dist\u00e2ncia para a zona de rebaixamento. Devido \u00e0 pausa para a data Fifa, a equipe s\u00f3 volta a jogar no dia 15, em partida contra o Bragantino, fora de casa.<\/p>\n","protected":false},"excerpt":{"rendered":"<p>O zagueiro n\u00e3o conseguiu manter boa sequencia por conta de les\u00e3o Rodrigo Caio, um dos grandes \u00eddolos da hist\u00f3ria recente do Flamengo, est\u00e1 vivendo um momento complicado em sua carreira. O zagueiro, que conquistou cora\u00e7\u00f5es e t\u00edtulos no Rubro-Negro, enfrenta dificuldades no Gr\u00eamio, time que defende desde o in\u00edcio do ano. Desde que deixou o [&hellip;]<\/p>\n","protected":false},"author":17,"featured_media":148959,"comment_status":"open","ping_status":"closed","sticky":false,"template":"","format":"standard","meta":{"footnotes":""},"categories":[147],"tags":[],"class_list":["post-163190","post","type-post","status-publish","format-standard","has-post-thumbnail","hentry","category-gremio"],"yoast_head":"<!-- This site is optimized with the Yoast SEO Premium plugin v24.2 (Yoast SEO v26.9) - https:\/\/yoast.com\/product\/yoast-seo-premium-wordpress\/ -->\n<title>Futuro de Rodrigo Caio no Gr\u00eamio tem reviravolta<\/title>\n<meta name=\"robots\" content=\"index, follow, max-snippet:-1, max-image-preview:large, max-video-preview:-1\" \/>\n<link rel=\"canonical\" href=\"https:\/\/www.gaveanews.com\/index.php\/2024\/09\/02\/futuro-de-rodrigo-caio-no-gremio-tem-reviravolta\/\" \/>\n<meta property=\"og:locale\" content=\"pt_BR\" \/>\n<meta property=\"og:type\" content=\"article\" \/>\n<meta property=\"og:title\" content=\"Futuro de Rodrigo Caio no Gr\u00eamio tem reviravolta\" \/>\n<meta property=\"og:description\" content=\"O zagueiro n\u00e3o conseguiu manter boa sequencia por conta de les\u00e3o Rodrigo Caio, um dos grandes \u00eddolos da hist\u00f3ria recente do Flamengo, est\u00e1 vivendo um momento complicado em sua carreira. O zagueiro, que conquistou cora\u00e7\u00f5es e t\u00edtulos no Rubro-Negro, enfrenta dificuldades no Gr\u00eamio, time que defende desde o in\u00edcio do ano. Desde que deixou o [&hellip;]\" \/>\n<meta property=\"og:url\" content=\"https:\/\/www.gaveanews.com\/index.php\/2024\/09\/02\/futuro-de-rodrigo-caio-no-gremio-tem-reviravolta\/\" \/>\n<meta property=\"og:site_name\" content=\"G\u00e1vea News\" \/>\n<meta property=\"article:publisher\" content=\"https:\/\/facebook.com\/gaveaNews\/\" \/>\n<meta property=\"article:published_time\" content=\"2024-09-02T08:30:00+00:00\" \/>\n<meta property=\"og:image\" content=\"https:\/\/www.gaveanews.com\/wp-content\/uploads\/Rodrigo-Caio-durante-uma-coletiva-pelo-Gremio.webp\" \/>\n\t<meta property=\"og:image:width\" content=\"1280\" \/>\n\t<meta property=\"og:image:height\" content=\"720\" \/>\n\t<meta property=\"og:image:type\" content=\"image\/jpeg\" \/>\n<meta name=\"author\" content=\"Geovanna Thomaz\" \/>\n<meta name=\"twitter:card\" content=\"summary_large_image\" \/>\n<meta name=\"twitter:label1\" content=\"Escrito por\" \/>\n\t<meta name=\"twitter:data1\" content=\"Geovanna Thomaz\" \/>\n\t<meta name=\"twitter:label2\" content=\"Est. tempo de leitura\" \/>\n\t<meta name=\"twitter:data2\" content=\"3 minutos\" \/>\n<script type=\"application\/ld+json\" class=\"yoast-schema-graph\">{\"@context\":\"https:\/\/schema.org\",\"@graph\":[{\"@type\":\"NewsArticle\",\"@id\":\"https:\/\/www.gaveanews.com\/index.php\/2024\/09\/02\/futuro-de-rodrigo-caio-no-gremio-tem-reviravolta\/#article\",\"isPartOf\":{\"@id\":\"https:\/\/www.gaveanews.com\/index.php\/2024\/09\/02\/futuro-de-rodrigo-caio-no-gremio-tem-reviravolta\/\"},\"author\":{\"name\":\"Geovanna Thomaz\",\"@id\":\"https:\/\/www.gaveanews.com\/#\/schema\/person\/f42654babcd2b2014a1a65af82b081f1\"},\"headline\":\"Futuro de Rodrigo Caio no Gr\u00eamio tem reviravolta\",\"datePublished\":\"2024-09-02T08:30:00+00:00\",\"mainEntityOfPage\":{\"@id\":\"https:\/\/www.gaveanews.com\/index.php\/2024\/09\/02\/futuro-de-rodrigo-caio-no-gremio-tem-reviravolta\/\"},\"wordCount\":375,\"commentCount\":0,\"image\":{\"@id\":\"https:\/\/www.gaveanews.com\/index.php\/2024\/09\/02\/futuro-de-rodrigo-caio-no-gremio-tem-reviravolta\/#primaryimage\"},\"thumbnailUrl\":\"https:\/\/www.gaveanews.com\/wp-content\/uploads\/Rodrigo-Caio-durante-uma-coletiva-pelo-Gremio.webp\",\"articleSection\":[\"Gr\u00eamio\"],\"inLanguage\":\"pt-BR\",\"potentialAction\":[{\"@type\":\"CommentAction\",\"name\":\"Comment\",\"target\":[\"https:\/\/www.gaveanews.com\/index.php\/2024\/09\/02\/futuro-de-rodrigo-caio-no-gremio-tem-reviravolta\/#respond\"]}],\"copyrightYear\":\"2024\",\"copyrightHolder\":{\"@id\":\"https:\/\/www.gaveanews.com\/#organization\"}},{\"@type\":\"WebPage\",\"@id\":\"https:\/\/www.gaveanews.com\/index.php\/2024\/09\/02\/futuro-de-rodrigo-caio-no-gremio-tem-reviravolta\/\",\"url\":\"https:\/\/www.gaveanews.com\/index.php\/2024\/09\/02\/futuro-de-rodrigo-caio-no-gremio-tem-reviravolta\/\",\"name\":\"Futuro de Rodrigo Caio no Gr\u00eamio tem reviravolta\",\"isPartOf\":{\"@id\":\"https:\/\/www.gaveanews.com\/#website\"},\"primaryImageOfPage\":{\"@id\":\"https:\/\/www.gaveanews.com\/index.php\/2024\/09\/02\/futuro-de-rodrigo-caio-no-gremio-tem-reviravolta\/#primaryimage\"},\"image\":{\"@id\":\"https:\/\/www.gaveanews.com\/index.php\/2024\/09\/02\/futuro-de-rodrigo-caio-no-gremio-tem-reviravolta\/#primaryimage\"},\"thumbnailUrl\":\"https:\/\/www.gaveanews.com\/wp-content\/uploads\/Rodrigo-Caio-durante-uma-coletiva-pelo-Gremio.webp\",\"datePublished\":\"2024-09-02T08:30:00+00:00\",\"author\":{\"@id\":\"https:\/\/www.gaveanews.com\/#\/schema\/person\/f42654babcd2b2014a1a65af82b081f1\"},\"breadcrumb\":{\"@id\":\"https:\/\/www.gaveanews.com\/index.php\/2024\/09\/02\/futuro-de-rodrigo-caio-no-gremio-tem-reviravolta\/#breadcrumb\"},\"inLanguage\":\"pt-BR\",\"potentialAction\":[{\"@type\":\"ReadAction\",\"target\":[\"https:\/\/www.gaveanews.com\/index.php\/2024\/09\/02\/futuro-de-rodrigo-caio-no-gremio-tem-reviravolta\/\"]}]},{\"@type\":\"ImageObject\",\"inLanguage\":\"pt-BR\",\"@id\":\"https:\/\/www.gaveanews.com\/index.php\/2024\/09\/02\/futuro-de-rodrigo-caio-no-gremio-tem-reviravolta\/#primaryimage\",\"url\":\"https:\/\/www.gaveanews.com\/wp-content\/uploads\/Rodrigo-Caio-durante-uma-coletiva-pelo-Gremio.webp\",\"contentUrl\":\"https:\/\/www.gaveanews.com\/wp-content\/uploads\/Rodrigo-Caio-durante-uma-coletiva-pelo-Gremio.webp\",\"width\":1280,\"height\":720,\"caption\":\"Rodrigo Caio durante uma coletiva pelo Gr\u00eamio (Foto: Lucas Uebel\/GFBPA)\"},{\"@type\":\"BreadcrumbList\",\"@id\":\"https:\/\/www.gaveanews.com\/index.php\/2024\/09\/02\/futuro-de-rodrigo-caio-no-gremio-tem-reviravolta\/#breadcrumb\",\"itemListElement\":[{\"@type\":\"ListItem\",\"position\":1,\"name\":\"Home\",\"item\":\"https:\/\/www.gaveanews.com\/\"},{\"@type\":\"ListItem\",\"position\":2,\"name\":\"Futuro de Rodrigo Caio no Gr\u00eamio tem reviravolta\"}]},{\"@type\":\"WebSite\",\"@id\":\"https:\/\/www.gaveanews.com\/#website\",\"url\":\"https:\/\/www.gaveanews.com\/\",\"name\":\"G\u00e1vea News\",\"description\":\"Veja todas as not\u00edcias sobre o Flamengo: Contrata\u00e7\u00f5es, categorias de base, resultados das partidas, tabela de classifica\u00e7\u00e3o, pr\u00f3ximos jogos!\",\"potentialAction\":[{\"@type\":\"SearchAction\",\"target\":{\"@type\":\"EntryPoint\",\"urlTemplate\":\"https:\/\/www.gaveanews.com\/?s={search_term_string}\"},\"query-input\":{\"@type\":\"PropertyValueSpecification\",\"valueRequired\":true,\"valueName\":\"search_term_string\"}}],\"inLanguage\":\"pt-BR\"},{\"@type\":\"Person\",\"@id\":\"https:\/\/www.gaveanews.com\/#\/schema\/person\/f42654babcd2b2014a1a65af82b081f1\",\"name\":\"Geovanna Thomaz\",\"image\":{\"@type\":\"ImageObject\",\"inLanguage\":\"pt-BR\",\"@id\":\"https:\/\/www.gaveanews.com\/#\/schema\/person\/image\/\",\"url\":\"https:\/\/secure.gravatar.com\/avatar\/4092073255489533afb558984b49b64268c47198af8623cc82a925ae9fb7118a?s=96&d=mm&r=g\",\"contentUrl\":\"https:\/\/secure.gravatar.com\/avatar\/4092073255489533afb558984b49b64268c47198af8623cc82a925ae9fb7118a?s=96&d=mm&r=g\",\"caption\":\"Geovanna Thomaz\"}}]}<\/script>\n<!-- \/ Yoast SEO Premium plugin. -->","yoast_head_json":{"title":"Futuro de Rodrigo Caio no Gr\u00eamio tem reviravolta","robots":{"index":"index","follow":"follow","max-snippet":"max-snippet:-1","max-image-preview":"max-image-preview:large","max-video-preview":"max-video-preview:-1"},"canonical":"https:\/\/www.gaveanews.com\/index.php\/2024\/09\/02\/futuro-de-rodrigo-caio-no-gremio-tem-reviravolta\/","og_locale":"pt_BR","og_type":"article","og_title":"Futuro de Rodrigo Caio no Gr\u00eamio tem reviravolta","og_description":"O zagueiro n\u00e3o conseguiu manter boa sequencia por conta de les\u00e3o Rodrigo Caio, um dos grandes \u00eddolos da hist\u00f3ria recente do Flamengo, est\u00e1 vivendo um momento complicado em sua carreira. O zagueiro, que conquistou cora\u00e7\u00f5es e t\u00edtulos no Rubro-Negro, enfrenta dificuldades no Gr\u00eamio, time que defende desde o in\u00edcio do ano. Desde que deixou o [&hellip;]","og_url":"https:\/\/www.gaveanews.com\/index.php\/2024\/09\/02\/futuro-de-rodrigo-caio-no-gremio-tem-reviravolta\/","og_site_name":"G\u00e1vea News","article_publisher":"https:\/\/facebook.com\/gaveaNews\/","article_published_time":"2024-09-02T08:30:00+00:00","og_image":[{"width":1280,"height":720,"url":"https:\/\/www.gaveanews.com\/wp-content\/uploads\/Rodrigo-Caio-durante-uma-coletiva-pelo-Gremio.webp","type":"image\/jpeg"}],"author":"Geovanna Thomaz","twitter_card":"summary_large_image","twitter_misc":{"Escrito por":"Geovanna Thomaz","Est. tempo de leitura":"3 minutos"},"schema":{"@context":"https:\/\/schema.org","@graph":[{"@type":"NewsArticle","@id":"https:\/\/www.gaveanews.com\/index.php\/2024\/09\/02\/futuro-de-rodrigo-caio-no-gremio-tem-reviravolta\/#article","isPartOf":{"@id":"https:\/\/www.gaveanews.com\/index.php\/2024\/09\/02\/futuro-de-rodrigo-caio-no-gremio-tem-reviravolta\/"},"author":{"name":"Geovanna Thomaz","@id":"https:\/\/www.gaveanews.com\/#\/schema\/person\/f42654babcd2b2014a1a65af82b081f1"},"headline":"Futuro de Rodrigo Caio no Gr\u00eamio tem reviravolta","datePublished":"2024-09-02T08:30:00+00:00","mainEntityOfPage":{"@id":"https:\/\/www.gaveanews.com\/index.php\/2024\/09\/02\/futuro-de-rodrigo-caio-no-gremio-tem-reviravolta\/"},"wordCount":375,"commentCount":0,"image":{"@id":"https:\/\/www.gaveanews.com\/index.php\/2024\/09\/02\/futuro-de-rodrigo-caio-no-gremio-tem-reviravolta\/#primaryimage"},"thumbnailUrl":"https:\/\/www.gaveanews.com\/wp-content\/uploads\/Rodrigo-Caio-durante-uma-coletiva-pelo-Gremio.webp","articleSection":["Gr\u00eamio"],"inLanguage":"pt-BR","potentialAction":[{"@type":"CommentAction","name":"Comment","target":["https:\/\/www.gaveanews.com\/index.php\/2024\/09\/02\/futuro-de-rodrigo-caio-no-gremio-tem-reviravolta\/#respond"]}],"copyrightYear":"2024","copyrightHolder":{"@id":"https:\/\/www.gaveanews.com\/#organization"}},{"@type":"WebPage","@id":"https:\/\/www.gaveanews.com\/index.php\/2024\/09\/02\/futuro-de-rodrigo-caio-no-gremio-tem-reviravolta\/","url":"https:\/\/www.gaveanews.com\/index.php\/2024\/09\/02\/futuro-de-rodrigo-caio-no-gremio-tem-reviravolta\/","name":"Futuro de Rodrigo Caio no Gr\u00eamio tem reviravolta","isPartOf":{"@id":"https:\/\/www.gaveanews.com\/#website"},"primaryImageOfPage":{"@id":"https:\/\/www.gaveanews.com\/index.php\/2024\/09\/02\/futuro-de-rodrigo-caio-no-gremio-tem-reviravolta\/#primaryimage"},"image":{"@id":"https:\/\/www.gaveanews.com\/index.php\/2024\/09\/02\/futuro-de-rodrigo-caio-no-gremio-tem-reviravolta\/#primaryimage"},"thumbnailUrl":"https:\/\/www.gaveanews.com\/wp-content\/uploads\/Rodrigo-Caio-durante-uma-coletiva-pelo-Gremio.webp","datePublished":"2024-09-02T08:30:00+00:00","author":{"@id":"https:\/\/www.gaveanews.com\/#\/schema\/person\/f42654babcd2b2014a1a65af82b081f1"},"breadcrumb":{"@id":"https:\/\/www.gaveanews.com\/index.php\/2024\/09\/02\/futuro-de-rodrigo-caio-no-gremio-tem-reviravolta\/#breadcrumb"},"inLanguage":"pt-BR","potentialAction":[{"@type":"ReadAction","target":["https:\/\/www.gaveanews.com\/index.php\/2024\/09\/02\/futuro-de-rodrigo-caio-no-gremio-tem-reviravolta\/"]}]},{"@type":"ImageObject","inLanguage":"pt-BR","@id":"https:\/\/www.gaveanews.com\/index.php\/2024\/09\/02\/futuro-de-rodrigo-caio-no-gremio-tem-reviravolta\/#primaryimage","url":"https:\/\/www.gaveanews.com\/wp-content\/uploads\/Rodrigo-Caio-durante-uma-coletiva-pelo-Gremio.webp","contentUrl":"https:\/\/www.gaveanews.com\/wp-content\/uploads\/Rodrigo-Caio-durante-uma-coletiva-pelo-Gremio.webp","width":1280,"height":720,"caption":"Rodrigo Caio durante uma coletiva pelo Gr\u00eamio (Foto: Lucas Uebel\/GFBPA)"},{"@type":"BreadcrumbList","@id":"https:\/\/www.gaveanews.com\/index.php\/2024\/09\/02\/futuro-de-rodrigo-caio-no-gremio-tem-reviravolta\/#breadcrumb","itemListElement":[{"@type":"ListItem","position":1,"name":"Home","item":"https:\/\/www.gaveanews.com\/"},{"@type":"ListItem","position":2,"name":"Futuro de Rodrigo Caio no Gr\u00eamio tem reviravolta"}]},{"@type":"WebSite","@id":"https:\/\/www.gaveanews.com\/#website","url":"https:\/\/www.gaveanews.com\/","name":"G\u00e1vea News","description":"Veja todas as not\u00edcias sobre o Flamengo: Contrata\u00e7\u00f5es, categorias de base, resultados das partidas, tabela de classifica\u00e7\u00e3o, pr\u00f3ximos jogos!","potentialAction":[{"@type":"SearchAction","target":{"@type":"EntryPoint","urlTemplate":"https:\/\/www.gaveanews.com\/?s={search_term_string}"},"query-input":{"@type":"PropertyValueSpecification","valueRequired":true,"valueName":"search_term_string"}}],"inLanguage":"pt-BR"},{"@type":"Person","@id":"https:\/\/www.gaveanews.com\/#\/schema\/person\/f42654babcd2b2014a1a65af82b081f1","name":"Geovanna Thomaz","image":{"@type":"ImageObject","inLanguage":"pt-BR","@id":"https:\/\/www.gaveanews.com\/#\/schema\/person\/image\/","url":"https:\/\/secure.gravatar.com\/avatar\/4092073255489533afb558984b49b64268c47198af8623cc82a925ae9fb7118a?s=96&d=mm&r=g","contentUrl":"https:\/\/secure.gravatar.com\/avatar\/4092073255489533afb558984b49b64268c47198af8623cc82a925ae9fb7118a?s=96&d=mm&r=g","caption":"Geovanna Thomaz"}}]}},"_links":{"self":[{"href":"https:\/\/www.gaveanews.com\/index.php\/wp-json\/wp\/v2\/posts\/163190","targetHints":{"allow":["GET"]}}],"collection":[{"href":"https:\/\/www.gaveanews.com\/index.php\/wp-json\/wp\/v2\/posts"}],"about":[{"href":"https:\/\/www.gaveanews.com\/index.php\/wp-json\/wp\/v2\/types\/post"}],"author":[{"embeddable":true,"href":"https:\/\/www.gaveanews.com\/index.php\/wp-json\/wp\/v2\/users\/17"}],"replies":[{"embeddable":true,"href":"https:\/\/www.gaveanews.com\/index.php\/wp-json\/wp\/v2\/comments?post=163190"}],"version-history":[{"count":1,"href":"https:\/\/www.gaveanews.com\/index.php\/wp-json\/wp\/v2\/posts\/163190\/revisions"}],"predecessor-version":[{"id":163193,"href":"https:\/\/www.gaveanews.com\/index.php\/wp-json\/wp\/v2\/posts\/163190\/revisions\/163193"}],"wp:featuredmedia":[{"embeddable":true,"href":"https:\/\/www.gaveanews.com\/index.php\/wp-json\/wp\/v2\/media\/148959"}],"wp:attachment":[{"href":"https:\/\/www.gaveanews.com\/index.php\/wp-json\/wp\/v2\/media?parent=163190"}],"wp:term":[{"taxonomy":"category","embeddable":true,"href":"https:\/\/www.gaveanews.com\/index.php\/wp-json\/wp\/v2\/categories?post=163190"},{"taxonomy":"post_tag","embeddable":true,"href":"https:\/\/www.gaveanews.com\/index.php\/wp-json\/wp\/v2\/tags?post=163190"}],"curies":[{"name":"wp","href":"https:\/\/api.w.org\/{rel}","templated":true}]}}