{"id":163216,"date":"2024-09-02T06:45:00","date_gmt":"2024-09-02T09:45:00","guid":{"rendered":"https:\/\/www.gaveanews.com\/?p=163216"},"modified":"2024-09-02T06:32:29","modified_gmt":"2024-09-02T09:32:29","slug":"a-declaracao-de-lewis-hamilton-sobre-o-desempenho-da-mercedes","status":"publish","type":"post","link":"https:\/\/www.gaveanews.com\/index.php\/2024\/09\/02\/a-declaracao-de-lewis-hamilton-sobre-o-desempenho-da-mercedes\/","title":{"rendered":"A declara\u00e7\u00e3o de Lewis Hamilton sobre o desempenho da Mercedes"},"content":{"rendered":"\n<h2 class=\"wp-block-heading\" id=\"h-hamilton-encerra-gp-da-italia-em-quinto-e-lamenta-falta-de-ritmo-da-mercedes\">Hamilton encerra GP da It\u00e1lia em quinto e lamenta falta de ritmo da Mercedes<\/h2>\n\n\n\n<p>Lewis Hamilton terminou o GP da It\u00e1lia na quinta coloca\u00e7\u00e3o, uma posi\u00e7\u00e3o acima do que largou, devido a um erro de George Russell na primeira curva. No entanto, o piloto brit\u00e2nico se mostrou insatisfeito com o desempenho da Mercedes ao longo da corrida, destacando a falta de ritmo competitivo.<\/p>\n\n\n\n<ul class=\"wp-block-list\">\n<li><a href=\"https:\/\/www.gaveanews.com\/index.php\/2024\/08\/30\/hamilton-declara-torcida-por-titulo-da-f1-2024\/\">Hamilton declara torcida por t\u00edtulo da F1 2024<\/a><\/li>\n\n\n\n<li><a href=\"https:\/\/www.gaveanews.com\/index.php\/2024\/08\/29\/mercedes-se-aproxima-de-substituo-de-lewis-hamilton\/\">Mercedes se aproxima de substituo de Lewis Hamilton<\/a><\/li>\n<\/ul>\n\n\n\n<p>&#8220;Foi um dia chato, eu esperava ter mais ritmo para poder progredir&#8221;, comentou Hamilton ap\u00f3s a corrida. &#8220;Estive r\u00e1pido por um tempo contra o Carlos [Sainz], mas tive mais desgaste que ele \u2014 talvez por estar logo atr\u00e1s, n\u00e3o sei. Hoje, por alguma raz\u00e3o, simplesmente n\u00e3o t\u00ednhamos o ritmo necess\u00e1rio&#8221;, explicou o heptacampe\u00e3o.<\/p>\n\n\n\n<p>Depois de um treino classificat\u00f3rio decepcionante no s\u00e1bado, onde garantiu apenas o sexto lugar no grid, Hamilton admitiu que precisa revisar o que ocorreu e lamentou n\u00e3o ter largado mais \u00e0 frente, o que poderia ter colocado a Mercedes em uma posi\u00e7\u00e3o de p\u00f3dio.<\/p>\n\n\n\n<p>&#8220;Ainda preciso trabalhar no que aconteceu ontem. Eu poderia ter conseguido a pole at\u00e9 a \u00faltima curva. Mas, mesmo assim, n\u00e3o t\u00ednhamos o ritmo de corrida hoje, mesmo que eu tivesse largado na frente&#8221;, avaliou.<\/p>\n\n\n\n<p>&#8220;Seria bom ter largado algumas posi\u00e7\u00f5es \u00e0 frente no grid. Talvez, poder\u00edamos ter terminado em terceiro ou quarto hoje. No fim, n\u00e3o t\u00ednhamos o ritmo necess\u00e1rio&#8221;, concluiu Hamilton.<\/p>\n\n\n\n<p>Com o resultado, Hamilton permanece na sexta posi\u00e7\u00e3o no Mundial de Pilotos, com 164 pontos. Max Verstappen lidera com 303 pontos, seguido por Lando Norris, Charles Leclerc, Oscar Piastri e Carlos Sainz.<\/p>\n\n\n\n<p>A pr\u00f3xima etapa da F\u00f3rmula 1 ser\u00e1 o GP do Azerbaij\u00e3o, em Baku, entre os dias 13 e 15 de setembro, marcando a 17\u00aa corrida da temporada 2024.<\/p>\n","protected":false},"excerpt":{"rendered":"<p>Hamilton encerra GP da It\u00e1lia em quinto e lamenta falta de ritmo da Mercedes Lewis Hamilton terminou o GP da It\u00e1lia na quinta coloca\u00e7\u00e3o, uma posi\u00e7\u00e3o acima do que largou, devido a um erro de George Russell na primeira curva. No entanto, o piloto brit\u00e2nico se mostrou insatisfeito com o desempenho da Mercedes ao longo [&hellip;]<\/p>\n","protected":false},"author":20,"featured_media":121650,"comment_status":"open","ping_status":"closed","sticky":false,"template":"","format":"standard","meta":{"footnotes":""},"categories":[451],"tags":[],"class_list":["post-163216","post","type-post","status-publish","format-standard","has-post-thumbnail","hentry","category-f1"],"yoast_head":"<!-- This site is optimized with the Yoast SEO Premium plugin v24.2 (Yoast SEO v26.9) - https:\/\/yoast.com\/product\/yoast-seo-premium-wordpress\/ -->\n<title>A declara\u00e7\u00e3o de Lewis Hamilton sobre o desempenho da Mercedes<\/title>\n<meta name=\"robots\" content=\"index, follow, max-snippet:-1, max-image-preview:large, max-video-preview:-1\" \/>\n<link rel=\"canonical\" href=\"https:\/\/www.gaveanews.com\/index.php\/2024\/09\/02\/a-declaracao-de-lewis-hamilton-sobre-o-desempenho-da-mercedes\/\" \/>\n<meta property=\"og:locale\" content=\"pt_BR\" \/>\n<meta property=\"og:type\" content=\"article\" \/>\n<meta property=\"og:title\" content=\"A declara\u00e7\u00e3o de Lewis Hamilton sobre o desempenho da Mercedes\" \/>\n<meta property=\"og:description\" content=\"Hamilton encerra GP da It\u00e1lia em quinto e lamenta falta de ritmo da Mercedes Lewis Hamilton terminou o GP da It\u00e1lia na quinta coloca\u00e7\u00e3o, uma posi\u00e7\u00e3o acima do que largou, devido a um erro de George Russell na primeira curva. No entanto, o piloto brit\u00e2nico se mostrou insatisfeito com o desempenho da Mercedes ao longo [&hellip;]\" \/>\n<meta property=\"og:url\" content=\"https:\/\/www.gaveanews.com\/index.php\/2024\/09\/02\/a-declaracao-de-lewis-hamilton-sobre-o-desempenho-da-mercedes\/\" \/>\n<meta property=\"og:site_name\" content=\"G\u00e1vea News\" \/>\n<meta property=\"article:publisher\" content=\"https:\/\/facebook.com\/gaveaNews\/\" \/>\n<meta property=\"article:published_time\" content=\"2024-09-02T09:45:00+00:00\" \/>\n<meta property=\"og:image\" content=\"https:\/\/www.gaveanews.com\/wp-content\/uploads\/f1.webp\" \/>\n\t<meta property=\"og:image:width\" content=\"1280\" \/>\n\t<meta property=\"og:image:height\" content=\"720\" \/>\n\t<meta property=\"og:image:type\" content=\"image\/webp\" \/>\n<meta name=\"author\" content=\"Lucas Barros\" \/>\n<meta name=\"twitter:card\" content=\"summary_large_image\" \/>\n<meta name=\"twitter:label1\" content=\"Escrito por\" \/>\n\t<meta name=\"twitter:data1\" content=\"Lucas Barros\" \/>\n\t<meta name=\"twitter:label2\" content=\"Est. tempo de leitura\" \/>\n\t<meta name=\"twitter:data2\" content=\"2 minutos\" \/>\n<script type=\"application\/ld+json\" class=\"yoast-schema-graph\">{\"@context\":\"https:\/\/schema.org\",\"@graph\":[{\"@type\":\"NewsArticle\",\"@id\":\"https:\/\/www.gaveanews.com\/index.php\/2024\/09\/02\/a-declaracao-de-lewis-hamilton-sobre-o-desempenho-da-mercedes\/#article\",\"isPartOf\":{\"@id\":\"https:\/\/www.gaveanews.com\/index.php\/2024\/09\/02\/a-declaracao-de-lewis-hamilton-sobre-o-desempenho-da-mercedes\/\"},\"author\":{\"name\":\"Lucas Barros\",\"@id\":\"https:\/\/www.gaveanews.com\/#\/schema\/person\/2abf0cfa878f5f899daa5f781e82264c\"},\"headline\":\"A declara\u00e7\u00e3o de Lewis Hamilton sobre o desempenho da Mercedes\",\"datePublished\":\"2024-09-02T09:45:00+00:00\",\"mainEntityOfPage\":{\"@id\":\"https:\/\/www.gaveanews.com\/index.php\/2024\/09\/02\/a-declaracao-de-lewis-hamilton-sobre-o-desempenho-da-mercedes\/\"},\"wordCount\":330,\"commentCount\":0,\"image\":{\"@id\":\"https:\/\/www.gaveanews.com\/index.php\/2024\/09\/02\/a-declaracao-de-lewis-hamilton-sobre-o-desempenho-da-mercedes\/#primaryimage\"},\"thumbnailUrl\":\"https:\/\/www.gaveanews.com\/wp-content\/uploads\/f1.webp\",\"articleSection\":[\"F1\"],\"inLanguage\":\"pt-BR\",\"potentialAction\":[{\"@type\":\"CommentAction\",\"name\":\"Comment\",\"target\":[\"https:\/\/www.gaveanews.com\/index.php\/2024\/09\/02\/a-declaracao-de-lewis-hamilton-sobre-o-desempenho-da-mercedes\/#respond\"]}],\"copyrightYear\":\"2024\",\"copyrightHolder\":{\"@id\":\"https:\/\/www.gaveanews.com\/#organization\"}},{\"@type\":\"WebPage\",\"@id\":\"https:\/\/www.gaveanews.com\/index.php\/2024\/09\/02\/a-declaracao-de-lewis-hamilton-sobre-o-desempenho-da-mercedes\/\",\"url\":\"https:\/\/www.gaveanews.com\/index.php\/2024\/09\/02\/a-declaracao-de-lewis-hamilton-sobre-o-desempenho-da-mercedes\/\",\"name\":\"A declara\u00e7\u00e3o de Lewis Hamilton sobre o desempenho da Mercedes\",\"isPartOf\":{\"@id\":\"https:\/\/www.gaveanews.com\/#website\"},\"primaryImageOfPage\":{\"@id\":\"https:\/\/www.gaveanews.com\/index.php\/2024\/09\/02\/a-declaracao-de-lewis-hamilton-sobre-o-desempenho-da-mercedes\/#primaryimage\"},\"image\":{\"@id\":\"https:\/\/www.gaveanews.com\/index.php\/2024\/09\/02\/a-declaracao-de-lewis-hamilton-sobre-o-desempenho-da-mercedes\/#primaryimage\"},\"thumbnailUrl\":\"https:\/\/www.gaveanews.com\/wp-content\/uploads\/f1.webp\",\"datePublished\":\"2024-09-02T09:45:00+00:00\",\"author\":{\"@id\":\"https:\/\/www.gaveanews.com\/#\/schema\/person\/2abf0cfa878f5f899daa5f781e82264c\"},\"breadcrumb\":{\"@id\":\"https:\/\/www.gaveanews.com\/index.php\/2024\/09\/02\/a-declaracao-de-lewis-hamilton-sobre-o-desempenho-da-mercedes\/#breadcrumb\"},\"inLanguage\":\"pt-BR\",\"potentialAction\":[{\"@type\":\"ReadAction\",\"target\":[\"https:\/\/www.gaveanews.com\/index.php\/2024\/09\/02\/a-declaracao-de-lewis-hamilton-sobre-o-desempenho-da-mercedes\/\"]}]},{\"@type\":\"ImageObject\",\"inLanguage\":\"pt-BR\",\"@id\":\"https:\/\/www.gaveanews.com\/index.php\/2024\/09\/02\/a-declaracao-de-lewis-hamilton-sobre-o-desempenho-da-mercedes\/#primaryimage\",\"url\":\"https:\/\/www.gaveanews.com\/wp-content\/uploads\/f1.webp\",\"contentUrl\":\"https:\/\/www.gaveanews.com\/wp-content\/uploads\/f1.webp\",\"width\":1280,\"height\":720,\"caption\":\"Logo da Formula 1 (Foto: Reprodu\u00e7\u00e3o)\"},{\"@type\":\"BreadcrumbList\",\"@id\":\"https:\/\/www.gaveanews.com\/index.php\/2024\/09\/02\/a-declaracao-de-lewis-hamilton-sobre-o-desempenho-da-mercedes\/#breadcrumb\",\"itemListElement\":[{\"@type\":\"ListItem\",\"position\":1,\"name\":\"Home\",\"item\":\"https:\/\/www.gaveanews.com\/\"},{\"@type\":\"ListItem\",\"position\":2,\"name\":\"A declara\u00e7\u00e3o de Lewis Hamilton sobre o desempenho da Mercedes\"}]},{\"@type\":\"WebSite\",\"@id\":\"https:\/\/www.gaveanews.com\/#website\",\"url\":\"https:\/\/www.gaveanews.com\/\",\"name\":\"G\u00e1vea News\",\"description\":\"Veja todas as not\u00edcias sobre o Flamengo: Contrata\u00e7\u00f5es, categorias de base, resultados das partidas, tabela de classifica\u00e7\u00e3o, pr\u00f3ximos jogos!\",\"potentialAction\":[{\"@type\":\"SearchAction\",\"target\":{\"@type\":\"EntryPoint\",\"urlTemplate\":\"https:\/\/www.gaveanews.com\/?s={search_term_string}\"},\"query-input\":{\"@type\":\"PropertyValueSpecification\",\"valueRequired\":true,\"valueName\":\"search_term_string\"}}],\"inLanguage\":\"pt-BR\"},{\"@type\":\"Person\",\"@id\":\"https:\/\/www.gaveanews.com\/#\/schema\/person\/2abf0cfa878f5f899daa5f781e82264c\",\"name\":\"Lucas Barros\",\"image\":{\"@type\":\"ImageObject\",\"inLanguage\":\"pt-BR\",\"@id\":\"https:\/\/www.gaveanews.com\/#\/schema\/person\/image\/\",\"url\":\"https:\/\/secure.gravatar.com\/avatar\/67a6069eba66bf6fd7c80b70e1331baa3dbc3d6df5012d5c22eff29c7d59e0b0?s=96&d=mm&r=g\",\"contentUrl\":\"https:\/\/secure.gravatar.com\/avatar\/67a6069eba66bf6fd7c80b70e1331baa3dbc3d6df5012d5c22eff29c7d59e0b0?s=96&d=mm&r=g\",\"caption\":\"Lucas Barros\"}}]}<\/script>\n<!-- \/ Yoast SEO Premium plugin. -->","yoast_head_json":{"title":"A declara\u00e7\u00e3o de Lewis Hamilton sobre o desempenho da Mercedes","robots":{"index":"index","follow":"follow","max-snippet":"max-snippet:-1","max-image-preview":"max-image-preview:large","max-video-preview":"max-video-preview:-1"},"canonical":"https:\/\/www.gaveanews.com\/index.php\/2024\/09\/02\/a-declaracao-de-lewis-hamilton-sobre-o-desempenho-da-mercedes\/","og_locale":"pt_BR","og_type":"article","og_title":"A declara\u00e7\u00e3o de Lewis Hamilton sobre o desempenho da Mercedes","og_description":"Hamilton encerra GP da It\u00e1lia em quinto e lamenta falta de ritmo da Mercedes Lewis Hamilton terminou o GP da It\u00e1lia na quinta coloca\u00e7\u00e3o, uma posi\u00e7\u00e3o acima do que largou, devido a um erro de George Russell na primeira curva. No entanto, o piloto brit\u00e2nico se mostrou insatisfeito com o desempenho da Mercedes ao longo [&hellip;]","og_url":"https:\/\/www.gaveanews.com\/index.php\/2024\/09\/02\/a-declaracao-de-lewis-hamilton-sobre-o-desempenho-da-mercedes\/","og_site_name":"G\u00e1vea News","article_publisher":"https:\/\/facebook.com\/gaveaNews\/","article_published_time":"2024-09-02T09:45:00+00:00","og_image":[{"width":1280,"height":720,"url":"https:\/\/www.gaveanews.com\/wp-content\/uploads\/f1.webp","type":"image\/webp"}],"author":"Lucas Barros","twitter_card":"summary_large_image","twitter_misc":{"Escrito por":"Lucas Barros","Est. tempo de leitura":"2 minutos"},"schema":{"@context":"https:\/\/schema.org","@graph":[{"@type":"NewsArticle","@id":"https:\/\/www.gaveanews.com\/index.php\/2024\/09\/02\/a-declaracao-de-lewis-hamilton-sobre-o-desempenho-da-mercedes\/#article","isPartOf":{"@id":"https:\/\/www.gaveanews.com\/index.php\/2024\/09\/02\/a-declaracao-de-lewis-hamilton-sobre-o-desempenho-da-mercedes\/"},"author":{"name":"Lucas Barros","@id":"https:\/\/www.gaveanews.com\/#\/schema\/person\/2abf0cfa878f5f899daa5f781e82264c"},"headline":"A declara\u00e7\u00e3o de Lewis Hamilton sobre o desempenho da Mercedes","datePublished":"2024-09-02T09:45:00+00:00","mainEntityOfPage":{"@id":"https:\/\/www.gaveanews.com\/index.php\/2024\/09\/02\/a-declaracao-de-lewis-hamilton-sobre-o-desempenho-da-mercedes\/"},"wordCount":330,"commentCount":0,"image":{"@id":"https:\/\/www.gaveanews.com\/index.php\/2024\/09\/02\/a-declaracao-de-lewis-hamilton-sobre-o-desempenho-da-mercedes\/#primaryimage"},"thumbnailUrl":"https:\/\/www.gaveanews.com\/wp-content\/uploads\/f1.webp","articleSection":["F1"],"inLanguage":"pt-BR","potentialAction":[{"@type":"CommentAction","name":"Comment","target":["https:\/\/www.gaveanews.com\/index.php\/2024\/09\/02\/a-declaracao-de-lewis-hamilton-sobre-o-desempenho-da-mercedes\/#respond"]}],"copyrightYear":"2024","copyrightHolder":{"@id":"https:\/\/www.gaveanews.com\/#organization"}},{"@type":"WebPage","@id":"https:\/\/www.gaveanews.com\/index.php\/2024\/09\/02\/a-declaracao-de-lewis-hamilton-sobre-o-desempenho-da-mercedes\/","url":"https:\/\/www.gaveanews.com\/index.php\/2024\/09\/02\/a-declaracao-de-lewis-hamilton-sobre-o-desempenho-da-mercedes\/","name":"A declara\u00e7\u00e3o de Lewis Hamilton sobre o desempenho da Mercedes","isPartOf":{"@id":"https:\/\/www.gaveanews.com\/#website"},"primaryImageOfPage":{"@id":"https:\/\/www.gaveanews.com\/index.php\/2024\/09\/02\/a-declaracao-de-lewis-hamilton-sobre-o-desempenho-da-mercedes\/#primaryimage"},"image":{"@id":"https:\/\/www.gaveanews.com\/index.php\/2024\/09\/02\/a-declaracao-de-lewis-hamilton-sobre-o-desempenho-da-mercedes\/#primaryimage"},"thumbnailUrl":"https:\/\/www.gaveanews.com\/wp-content\/uploads\/f1.webp","datePublished":"2024-09-02T09:45:00+00:00","author":{"@id":"https:\/\/www.gaveanews.com\/#\/schema\/person\/2abf0cfa878f5f899daa5f781e82264c"},"breadcrumb":{"@id":"https:\/\/www.gaveanews.com\/index.php\/2024\/09\/02\/a-declaracao-de-lewis-hamilton-sobre-o-desempenho-da-mercedes\/#breadcrumb"},"inLanguage":"pt-BR","potentialAction":[{"@type":"ReadAction","target":["https:\/\/www.gaveanews.com\/index.php\/2024\/09\/02\/a-declaracao-de-lewis-hamilton-sobre-o-desempenho-da-mercedes\/"]}]},{"@type":"ImageObject","inLanguage":"pt-BR","@id":"https:\/\/www.gaveanews.com\/index.php\/2024\/09\/02\/a-declaracao-de-lewis-hamilton-sobre-o-desempenho-da-mercedes\/#primaryimage","url":"https:\/\/www.gaveanews.com\/wp-content\/uploads\/f1.webp","contentUrl":"https:\/\/www.gaveanews.com\/wp-content\/uploads\/f1.webp","width":1280,"height":720,"caption":"Logo da Formula 1 (Foto: Reprodu\u00e7\u00e3o)"},{"@type":"BreadcrumbList","@id":"https:\/\/www.gaveanews.com\/index.php\/2024\/09\/02\/a-declaracao-de-lewis-hamilton-sobre-o-desempenho-da-mercedes\/#breadcrumb","itemListElement":[{"@type":"ListItem","position":1,"name":"Home","item":"https:\/\/www.gaveanews.com\/"},{"@type":"ListItem","position":2,"name":"A declara\u00e7\u00e3o de Lewis Hamilton sobre o desempenho da Mercedes"}]},{"@type":"WebSite","@id":"https:\/\/www.gaveanews.com\/#website","url":"https:\/\/www.gaveanews.com\/","name":"G\u00e1vea News","description":"Veja todas as not\u00edcias sobre o Flamengo: Contrata\u00e7\u00f5es, categorias de base, resultados das partidas, tabela de classifica\u00e7\u00e3o, pr\u00f3ximos jogos!","potentialAction":[{"@type":"SearchAction","target":{"@type":"EntryPoint","urlTemplate":"https:\/\/www.gaveanews.com\/?s={search_term_string}"},"query-input":{"@type":"PropertyValueSpecification","valueRequired":true,"valueName":"search_term_string"}}],"inLanguage":"pt-BR"},{"@type":"Person","@id":"https:\/\/www.gaveanews.com\/#\/schema\/person\/2abf0cfa878f5f899daa5f781e82264c","name":"Lucas Barros","image":{"@type":"ImageObject","inLanguage":"pt-BR","@id":"https:\/\/www.gaveanews.com\/#\/schema\/person\/image\/","url":"https:\/\/secure.gravatar.com\/avatar\/67a6069eba66bf6fd7c80b70e1331baa3dbc3d6df5012d5c22eff29c7d59e0b0?s=96&d=mm&r=g","contentUrl":"https:\/\/secure.gravatar.com\/avatar\/67a6069eba66bf6fd7c80b70e1331baa3dbc3d6df5012d5c22eff29c7d59e0b0?s=96&d=mm&r=g","caption":"Lucas Barros"}}]}},"_links":{"self":[{"href":"https:\/\/www.gaveanews.com\/index.php\/wp-json\/wp\/v2\/posts\/163216","targetHints":{"allow":["GET"]}}],"collection":[{"href":"https:\/\/www.gaveanews.com\/index.php\/wp-json\/wp\/v2\/posts"}],"about":[{"href":"https:\/\/www.gaveanews.com\/index.php\/wp-json\/wp\/v2\/types\/post"}],"author":[{"embeddable":true,"href":"https:\/\/www.gaveanews.com\/index.php\/wp-json\/wp\/v2\/users\/20"}],"replies":[{"embeddable":true,"href":"https:\/\/www.gaveanews.com\/index.php\/wp-json\/wp\/v2\/comments?post=163216"}],"version-history":[{"count":2,"href":"https:\/\/www.gaveanews.com\/index.php\/wp-json\/wp\/v2\/posts\/163216\/revisions"}],"predecessor-version":[{"id":163218,"href":"https:\/\/www.gaveanews.com\/index.php\/wp-json\/wp\/v2\/posts\/163216\/revisions\/163218"}],"wp:featuredmedia":[{"embeddable":true,"href":"https:\/\/www.gaveanews.com\/index.php\/wp-json\/wp\/v2\/media\/121650"}],"wp:attachment":[{"href":"https:\/\/www.gaveanews.com\/index.php\/wp-json\/wp\/v2\/media?parent=163216"}],"wp:term":[{"taxonomy":"category","embeddable":true,"href":"https:\/\/www.gaveanews.com\/index.php\/wp-json\/wp\/v2\/categories?post=163216"},{"taxonomy":"post_tag","embeddable":true,"href":"https:\/\/www.gaveanews.com\/index.php\/wp-json\/wp\/v2\/tags?post=163216"}],"curies":[{"name":"wp","href":"https:\/\/api.w.org\/{rel}","templated":true}]}}