{"id":163296,"date":"2024-09-02T14:49:44","date_gmt":"2024-09-02T17:49:44","guid":{"rendered":"https:\/\/www.gaveanews.com\/?p=163296"},"modified":"2024-09-02T14:49:46","modified_gmt":"2024-09-02T17:49:46","slug":"muita-grana-veja-as-contratacoes-mais-caras-desta-janela-europeia","status":"publish","type":"post","link":"https:\/\/www.gaveanews.com\/index.php\/2024\/09\/02\/muita-grana-veja-as-contratacoes-mais-caras-desta-janela-europeia\/","title":{"rendered":"Muita grana! Veja as contrata\u00e7\u00f5es mais caras desta janela europeia"},"content":{"rendered":"\n<h2 class=\"wp-block-heading\" id=\"h-com-a-janela-fechada-veja-os-jogadores-mais-caros\">Com a janela fechada, veja os jogadores mais caros <\/h2>\n\n\n\n<p>A janela de transfer\u00eancias da Europa fechou oficialmente na \u00faltima sexta-feira (30) e com isso, se um clube contratar agora, o jogador s\u00f3 poder\u00e1 chegar ao time em janeiro, quando a janela estar\u00e1 novamente aberta. Os times europeus fizeram diversas contrata\u00e7\u00f5es e gastaram milh\u00f5es para se refor\u00e7arem em busca de conquistar t\u00edtulos na temporada 2024\/25.  Abaixo voc\u00ea ver\u00e1 os jogadores mais caros desta janela de transfer\u00eancias. <\/p>\n\n\n\n<ul class=\"wp-block-list\">\n<li><a href=\"https:\/\/www.gaveanews.com\/index.php\/2024\/09\/01\/vini-jr-rodrygo-bruno-guimaraes-gabriel-magalhaes-lucas-paqueta-endrick-eder-militao-savinho-e-marquinhos-os-jogadores-mais-valiosos-convocados-por-dorival-jr\/\">Vini Jr, Rodrygo, Bruno Guimar\u00e3es, Gabriel Magalh\u00e3es, Lucas Paquet\u00e1, Endrick, Eder Milit\u00e3o, Savinho e Marquinhos: os jogadores mais valiosos convocados por Dorival Jr<\/a><\/li>\n\n\n\n<li><a href=\"https:\/\/www.gaveanews.com\/index.php\/2024\/08\/31\/arrascaeta-raphael-veiga-jhon-arias-os-jogadores-mais-valiosos-do-futebol-brasileiro\/\">Arrascaeta, Raphael Veiga, Jhon Arias: os jogadores mais valiosos do futebol brasileiro<\/a><\/li>\n<\/ul>\n\n\n\n<h2 class=\"wp-block-heading\" id=\"h-julian-alvarez-atletico-de-madrid\">Juli\u00e1n \u00c1lvarez &#8211; Atl\u00e9tico de Madrid<\/h2>\n\n\n\n<figure class=\"wp-block-image size-large\"><img loading=\"lazy\" decoding=\"async\" width=\"1024\" height=\"682\" src=\"https:\/\/www.gaveanews.com\/wp-content\/uploads\/Julian-Alvarez-durante-treino-da-selecao-da-Argentina-em-2024-1024x682.webp\" alt=\"\" class=\"wp-image-157092\" srcset=\"https:\/\/www.gaveanews.com\/wp-content\/uploads\/Julian-Alvarez-durante-treino-da-selecao-da-Argentina-em-2024-1024x682.webp 1024w, https:\/\/www.gaveanews.com\/wp-content\/uploads\/Julian-Alvarez-durante-treino-da-selecao-da-Argentina-em-2024-300x200.webp 300w, https:\/\/www.gaveanews.com\/wp-content\/uploads\/Julian-Alvarez-durante-treino-da-selecao-da-Argentina-em-2024-768x511.webp 768w, https:\/\/www.gaveanews.com\/wp-content\/uploads\/Julian-Alvarez-durante-treino-da-selecao-da-Argentina-em-2024-631x420.webp 631w, https:\/\/www.gaveanews.com\/wp-content\/uploads\/Julian-Alvarez-durante-treino-da-selecao-da-Argentina-em-2024-1261x840.webp 1261w, https:\/\/www.gaveanews.com\/wp-content\/uploads\/Julian-Alvarez-durante-treino-da-selecao-da-Argentina-em-2024-640x426.webp 640w, https:\/\/www.gaveanews.com\/wp-content\/uploads\/Julian-Alvarez-durante-treino-da-selecao-da-Argentina-em-2024-1280x852.webp 1280w, https:\/\/www.gaveanews.com\/wp-content\/uploads\/Julian-Alvarez-durante-treino-da-selecao-da-Argentina-em-2024-681x454.webp 681w, https:\/\/www.gaveanews.com\/wp-content\/uploads\/Julian-Alvarez-durante-treino-da-selecao-da-Argentina-em-2024-1362x907.webp 1362w, https:\/\/www.gaveanews.com\/wp-content\/uploads\/Julian-Alvarez-durante-treino-da-selecao-da-Argentina-em-2024-100x67.webp 100w, https:\/\/www.gaveanews.com\/wp-content\/uploads\/Julian-Alvarez-durante-treino-da-selecao-da-Argentina-em-2024.webp 1440w\" sizes=\"auto, (max-width: 1024px) 100vw, 1024px\" \/><figcaption class=\"wp-element-caption\">Juli\u00e1n \u00c1lvarez durante treino da sele\u00e7\u00e3o da Argentina em 2024 (Foto: Reprodu\u00e7\u00e3o\/Instagram)<\/figcaption><\/figure>\n\n\n\n<p>O atacante argentino Juli\u00e1n \u00c1lvarez deixou o Manchester City e acertou com o Atl\u00e9tico de Madrid. O clube espanhol desembolsou aproximadamente 75 milh\u00f5es de euros (R$ 469 milh\u00f5es), e com isso, o jogador se tornou a maior venda da hist\u00f3ria do clube ingl\u00eas. \u00c1lvarez disputava posi\u00e7\u00e3o com Erling Haaland e por entender que o noruegu\u00eas sempre jogava as partidas importantes, o argentino decidiu buscar novos ares. <\/p>\n\n\n\n<h2 class=\"wp-block-heading\" id=\"h-dominc-solanke-tottenham\">Dominc Solanke &#8211; Tottenham<\/h2>\n\n\n\n<figure class=\"wp-block-image size-large\"><img loading=\"lazy\" decoding=\"async\" width=\"1024\" height=\"683\" src=\"https:\/\/www.gaveanews.com\/wp-content\/uploads\/solanke_1706717300785-1024x683.webp\" alt=\"\" class=\"wp-image-124853\" srcset=\"https:\/\/www.gaveanews.com\/wp-content\/uploads\/solanke_1706717300785-1024x683.webp 1024w, https:\/\/www.gaveanews.com\/wp-content\/uploads\/solanke_1706717300785-300x200.webp 300w, https:\/\/www.gaveanews.com\/wp-content\/uploads\/solanke_1706717300785-768x512.webp 768w, https:\/\/www.gaveanews.com\/wp-content\/uploads\/solanke_1706717300785-630x420.webp 630w, https:\/\/www.gaveanews.com\/wp-content\/uploads\/solanke_1706717300785-640x427.webp 640w, https:\/\/www.gaveanews.com\/wp-content\/uploads\/solanke_1706717300785-681x454.webp 681w, https:\/\/www.gaveanews.com\/wp-content\/uploads\/solanke_1706717300785-100x67.webp 100w, https:\/\/www.gaveanews.com\/wp-content\/uploads\/solanke_1706717300785.webp 1065w\" sizes=\"auto, (max-width: 1024px) 100vw, 1024px\" \/><figcaption class=\"wp-element-caption\">Dominic Solanke em a\u00e7\u00e3o pelo Bournemouth (Foto: Reprodu\u00e7\u00e3o\/Instagram)<\/figcaption><\/figure>\n\n\n\n<p>Domic Solanke atuava pelo Bournemouth da Inglaterra e chega ao Tottenham sendo a segunda contrata\u00e7\u00e3o mais cara desta janela de transfer\u00eancias. Os Spurs ir\u00e1 pagar cerca de 64,3 milh\u00f5es de euros (R$ 402 milh\u00f5es) pelo atacante de 26 anos. Solanke anotou 19 gols na Premier League na temporada passada. <\/p>\n\n\n\n<h2 class=\"wp-block-heading\" id=\"h-leny-yoro-manchester-united\">Leny Yoro &#8211; Manchester United <\/h2>\n\n\n\n<figure class=\"wp-block-image size-full\"><img loading=\"lazy\" decoding=\"async\" width=\"720\" height=\"480\" src=\"https:\/\/www.gaveanews.com\/wp-content\/uploads\/lenyyoro_1705427268424.webp\" alt=\"\" class=\"wp-image-121802\" srcset=\"https:\/\/www.gaveanews.com\/wp-content\/uploads\/lenyyoro_1705427268424.webp 720w, https:\/\/www.gaveanews.com\/wp-content\/uploads\/lenyyoro_1705427268424-300x200.webp 300w, https:\/\/www.gaveanews.com\/wp-content\/uploads\/lenyyoro_1705427268424-630x420.webp 630w, https:\/\/www.gaveanews.com\/wp-content\/uploads\/lenyyoro_1705427268424-640x427.webp 640w, https:\/\/www.gaveanews.com\/wp-content\/uploads\/lenyyoro_1705427268424-681x454.webp 681w, https:\/\/www.gaveanews.com\/wp-content\/uploads\/lenyyoro_1705427268424-100x67.webp 100w\" sizes=\"auto, (max-width: 720px) 100vw, 720px\" \/><figcaption class=\"wp-element-caption\">Leny Yoro pela sele\u00e7\u00e3o da Fran\u00e7a (Foto: Reprodu\u00e7\u00e3o\/Instagram)<\/figcaption><\/figure>\n\n\n\n<p>Por 62 milh\u00f5es de euros (R$ 387 milh\u00f5es), o zagueiro franc\u00eas Leny Yoro chegou ao Manchester United, vindo do Lille, da Fran\u00e7a. O zagueiro de 18 anos tamb\u00e9m interessava ao Real Madrid, mas o clube da Premier League venceu a concorr\u00eancia. Por\u00e9m, Yoro mal chegou e j\u00e1 est\u00e1 afastado dos gramados. Isso porque o jogador lesionou o p\u00e9 em um amistoso contra o Arsenal pela pr\u00e9-temporada. A tend\u00eancia \u00e9 de que o atleta volte em tr\u00eas meses. <\/p>\n\n\n\n<h2 class=\"wp-block-heading\" id=\"h-pedro-neto-chelsea\">Pedro Neto &#8211; Chelsea<\/h2>\n\n\n\n<figure class=\"wp-block-image size-large\"><img loading=\"lazy\" decoding=\"async\" width=\"882\" height=\"1024\" src=\"https:\/\/www.gaveanews.com\/wp-content\/uploads\/Pedro-Neto-em-acao-pelo-Wolverhampton-882x1024.webp\" alt=\"\" class=\"wp-image-114849\" srcset=\"https:\/\/www.gaveanews.com\/wp-content\/uploads\/Pedro-Neto-em-acao-pelo-Wolverhampton-882x1024.webp 882w, https:\/\/www.gaveanews.com\/wp-content\/uploads\/Pedro-Neto-em-acao-pelo-Wolverhampton-258x300.webp 258w, https:\/\/www.gaveanews.com\/wp-content\/uploads\/Pedro-Neto-em-acao-pelo-Wolverhampton-768x892.webp 768w, https:\/\/www.gaveanews.com\/wp-content\/uploads\/Pedro-Neto-em-acao-pelo-Wolverhampton-362x420.webp 362w, https:\/\/www.gaveanews.com\/wp-content\/uploads\/Pedro-Neto-em-acao-pelo-Wolverhampton-723x840.webp 723w, https:\/\/www.gaveanews.com\/wp-content\/uploads\/Pedro-Neto-em-acao-pelo-Wolverhampton-640x743.webp 640w, https:\/\/www.gaveanews.com\/wp-content\/uploads\/Pedro-Neto-em-acao-pelo-Wolverhampton-681x791.webp 681w, https:\/\/www.gaveanews.com\/wp-content\/uploads\/Pedro-Neto-em-acao-pelo-Wolverhampton-100x116.webp 100w, https:\/\/www.gaveanews.com\/wp-content\/uploads\/Pedro-Neto-em-acao-pelo-Wolverhampton.webp 1080w\" sizes=\"auto, (max-width: 882px) 100vw, 882px\" \/><figcaption class=\"wp-element-caption\">Pedro Neto em a\u00e7\u00e3o pelo Wolverhampton (Foto: Reprodu\u00e7\u00e3o\/Instagram)<\/figcaption><\/figure>\n\n\n\n<p>O Chelsea se refor\u00e7ou muito nesta janela e trouxe diversos jogadores e o mais caro deles, foi Pedro Neto. O atacante portugu\u00eas custar\u00e1 cerca de 60 milh\u00f5es de euros (R$ 375 milh\u00f5es) aos cofres dos Blues. O jogador atuava pelo Wolverhampton e assinou v\u00ednculo com o Chelsea at\u00e9 2031. Pelo seu ex-clube, Pedro Neto disputou apenas 56 jogos nos \u00faltimos tr\u00eas anos, j\u00e1 que o jogador vem enfrentando problemas f\u00edsicos. <\/p>\n\n\n\n<h2 class=\"wp-block-heading\" id=\"h-moussa-diaby-al-ittihad\">Moussa Diaby &#8211; Al-Ittihad<\/h2>\n\n\n\n<figure class=\"wp-block-embed is-type-photo is-provider-flickr wp-block-embed-flickr\"><div class=\"wp-block-embed__wrapper\">\n<a href=\"https:\/\/flic.kr\/p\/2qdPdJX\"><img loading=\"lazy\" decoding=\"async\" src=\"https:\/\/live.staticflickr.com\/65535\/53966266051_7faf2208ea_z.webp\" alt=\"moussadiabyofficial_1725299282611\" width=\"640\" height=\"480\" \/><\/a>\n<\/div><\/figure>\n\n\n\n<p>Na temporada 2023\/24, Moussa Diaby foi um dos destaques da equipe do Aston Villa e acertou sua transfer\u00eancia para o Al-Ittihad, da Ar\u00e1bia Saudita, que desembolsar\u00e1 cerca de 60 milh\u00f5es de euros (R$ 375 milh\u00f5es). A transfer\u00eancia de Diaby foi a segunda mais cara da hist\u00f3ria do futebol \u00e1rabe, perdendo apenas para Neymar. <\/p>\n\n\n\n<h2 class=\"wp-block-heading\" id=\"h-joao-neves-psg\">Jo\u00e3o Neves &#8211; PSG<\/h2>\n\n\n\n<figure class=\"wp-block-image size-full\"><img loading=\"lazy\" decoding=\"async\" width=\"720\" height=\"480\" src=\"https:\/\/www.gaveanews.com\/wp-content\/uploads\/joao_neves87_1705446683049.webp\" alt=\"\" class=\"wp-image-121874\" srcset=\"https:\/\/www.gaveanews.com\/wp-content\/uploads\/joao_neves87_1705446683049.webp 720w, https:\/\/www.gaveanews.com\/wp-content\/uploads\/joao_neves87_1705446683049-300x200.webp 300w, https:\/\/www.gaveanews.com\/wp-content\/uploads\/joao_neves87_1705446683049-630x420.webp 630w, https:\/\/www.gaveanews.com\/wp-content\/uploads\/joao_neves87_1705446683049-640x427.webp 640w, https:\/\/www.gaveanews.com\/wp-content\/uploads\/joao_neves87_1705446683049-681x454.webp 681w, https:\/\/www.gaveanews.com\/wp-content\/uploads\/joao_neves87_1705446683049-100x67.webp 100w\" sizes=\"auto, (max-width: 720px) 100vw, 720px\" \/><figcaption class=\"wp-element-caption\">Jo\u00e3o Neves em a\u00e7\u00e3o pela sele\u00e7\u00e3o de Portugal (Foto: Reprodu\u00e7\u00e3o\/Instagram)<\/figcaption><\/figure>\n\n\n\n<p>O jovem portugu\u00eas Jo\u00e3o Neves deixou o Benfica com o destino Paris Saint Germain por 59.92 milh\u00f5es de euros (R$ 374 milh\u00f5es). O meio-campista era um dos destaques da equipe portuguesa e tamb\u00e9m se destacou na \u00faltima Eurocopa pela sele\u00e7\u00e3o de Portugal. <\/p>\n\n\n\n<h2 class=\"wp-block-heading\" id=\"h-amadou-onana-aston-villa\">Amadou Onana &#8211; Aston Villa<\/h2>\n\n\n\n<figure class=\"wp-block-image size-full\"><img loading=\"lazy\" decoding=\"async\" width=\"720\" height=\"480\" src=\"https:\/\/www.gaveanews.com\/wp-content\/uploads\/its_onana_1704298725060.webp\" alt=\"\" class=\"wp-image-119361\" srcset=\"https:\/\/www.gaveanews.com\/wp-content\/uploads\/its_onana_1704298725060.webp 720w, https:\/\/www.gaveanews.com\/wp-content\/uploads\/its_onana_1704298725060-300x200.webp 300w, https:\/\/www.gaveanews.com\/wp-content\/uploads\/its_onana_1704298725060-630x420.webp 630w, https:\/\/www.gaveanews.com\/wp-content\/uploads\/its_onana_1704298725060-640x427.webp 640w, https:\/\/www.gaveanews.com\/wp-content\/uploads\/its_onana_1704298725060-681x454.webp 681w, https:\/\/www.gaveanews.com\/wp-content\/uploads\/its_onana_1704298725060-100x67.webp 100w\" sizes=\"auto, (max-width: 720px) 100vw, 720px\" \/><figcaption class=\"wp-element-caption\">Amadou Onana em a\u00e7\u00e3o pela sele\u00e7\u00e3o da B\u00e9lgica (Foto: Reprodu\u00e7\u00e3o\/Instagram)<\/figcaption><\/figure>\n\n\n\n<p>O volante Amadou Onana chegou vindo do Everton por 59.35 milh\u00f5es de euros (R$ 371 milh\u00f5es) e agora refor\u00e7a o Aston Villa. O jogador chega para substituir o brasileiro Douglas Luiz, que foi para a Juventus, da It\u00e1lia. Onana disputou 30 jogos na \u00faltima Premier League, se destacando por sua equipe e tamb\u00e9m fez boas apresenta\u00e7\u00f5es pela B\u00e9lgica na Euro 2024. O jogador inclusive j\u00e1 foi as redes por sua nova equipe, contra o West Ham.<\/p>\n\n\n\n<h2 class=\"wp-block-heading\" id=\"h-dani-olmo-barcelona\">Dani Olmo &#8211; Barcelona<\/h2>\n\n\n\n<figure class=\"wp-block-image size-large\"><img loading=\"lazy\" decoding=\"async\" width=\"1024\" height=\"683\" src=\"https:\/\/www.gaveanews.com\/wp-content\/uploads\/Dani-Olmo-com-a-camisa-da-Espanha-em-2024-durante-a-Eurocopa-1024x683.webp\" alt=\"\" class=\"wp-image-156171\" srcset=\"https:\/\/www.gaveanews.com\/wp-content\/uploads\/Dani-Olmo-com-a-camisa-da-Espanha-em-2024-durante-a-Eurocopa-1024x683.webp 1024w, https:\/\/www.gaveanews.com\/wp-content\/uploads\/Dani-Olmo-com-a-camisa-da-Espanha-em-2024-durante-a-Eurocopa-300x200.webp 300w, https:\/\/www.gaveanews.com\/wp-content\/uploads\/Dani-Olmo-com-a-camisa-da-Espanha-em-2024-durante-a-Eurocopa-768x512.webp 768w, https:\/\/www.gaveanews.com\/wp-content\/uploads\/Dani-Olmo-com-a-camisa-da-Espanha-em-2024-durante-a-Eurocopa-630x420.webp 630w, https:\/\/www.gaveanews.com\/wp-content\/uploads\/Dani-Olmo-com-a-camisa-da-Espanha-em-2024-durante-a-Eurocopa-1260x840.webp 1260w, https:\/\/www.gaveanews.com\/wp-content\/uploads\/Dani-Olmo-com-a-camisa-da-Espanha-em-2024-durante-a-Eurocopa-640x427.webp 640w, https:\/\/www.gaveanews.com\/wp-content\/uploads\/Dani-Olmo-com-a-camisa-da-Espanha-em-2024-durante-a-Eurocopa-1280x853.webp 1280w, https:\/\/www.gaveanews.com\/wp-content\/uploads\/Dani-Olmo-com-a-camisa-da-Espanha-em-2024-durante-a-Eurocopa-681x454.webp 681w, https:\/\/www.gaveanews.com\/wp-content\/uploads\/Dani-Olmo-com-a-camisa-da-Espanha-em-2024-durante-a-Eurocopa-1362x908.webp 1362w, https:\/\/www.gaveanews.com\/wp-content\/uploads\/Dani-Olmo-com-a-camisa-da-Espanha-em-2024-durante-a-Eurocopa-100x67.webp 100w, https:\/\/www.gaveanews.com\/wp-content\/uploads\/Dani-Olmo-com-a-camisa-da-Espanha-em-2024-durante-a-Eurocopa.webp 1440w\" sizes=\"auto, (max-width: 1024px) 100vw, 1024px\" \/><figcaption class=\"wp-element-caption\">Dani Olmo com a camisa da Espanha em 2024 durante a Eurocopa (Foto: Reprodu\u00e7\u00e3o\/Instagram)<\/figcaption><\/figure>\n\n\n\n<p>Dani Olmo chegou ao Barcelona vindo do RB Leipzig por 55 milh\u00f5es de euros (R$ 344 milh\u00f5es), sendo o principal refor\u00e7o do time espanhol. O jogador foi grande destaque da sele\u00e7\u00e3o da Espanha na Euro 2024. O jogador de 26 anos assinou contrato at\u00e9 junho de 2030. <\/p>\n\n\n\n<h2 class=\"wp-block-heading\" id=\"h-koopmeiners-juventus\">Koopmeiners &#8211; Juventus<\/h2>\n\n\n\n<figure class=\"wp-block-image size-full\"><img loading=\"lazy\" decoding=\"async\" width=\"800\" height=\"533\" src=\"https:\/\/www.gaveanews.com\/wp-content\/uploads\/teunkoopmeiners_1706133221494.webp\" alt=\"\" class=\"wp-image-123362\" srcset=\"https:\/\/www.gaveanews.com\/wp-content\/uploads\/teunkoopmeiners_1706133221494.webp 800w, https:\/\/www.gaveanews.com\/wp-content\/uploads\/teunkoopmeiners_1706133221494-300x200.webp 300w, https:\/\/www.gaveanews.com\/wp-content\/uploads\/teunkoopmeiners_1706133221494-768x512.webp 768w, https:\/\/www.gaveanews.com\/wp-content\/uploads\/teunkoopmeiners_1706133221494-630x420.webp 630w, https:\/\/www.gaveanews.com\/wp-content\/uploads\/teunkoopmeiners_1706133221494-640x426.webp 640w, https:\/\/www.gaveanews.com\/wp-content\/uploads\/teunkoopmeiners_1706133221494-681x454.webp 681w, https:\/\/www.gaveanews.com\/wp-content\/uploads\/teunkoopmeiners_1706133221494-100x67.webp 100w\" sizes=\"auto, (max-width: 800px) 100vw, 800px\" \/><figcaption class=\"wp-element-caption\">Teun Koopmeiners pela sele\u00e7\u00e3o da Holanda (Foto: Reprodu\u00e7\u00e3o\/Instagram)<\/figcaption><\/figure>\n\n\n\n<p>Koopmeiners chegou a Juventus vindo da Atalanta por 54.70 milh\u00f5es de euros (R$ 342 milh\u00f5es). O jogador assinou contrato at\u00e9 junho de 2029 e se destacou ao marcar 15 gols e sete assist\u00eancias na \u00faltima temporada.<\/p>\n\n\n\n<h2 class=\"wp-block-heading\" id=\"h-michael-olise-bayern-de-munique-nbsp\">Michael Olise &#8211; Bayern de Munique&nbsp;<\/h2>\n\n\n\n<figure class=\"wp-block-image size-full\"><img loading=\"lazy\" decoding=\"async\" width=\"720\" height=\"480\" src=\"https:\/\/www.gaveanews.com\/wp-content\/uploads\/m.olise_1704230179828.webp\" alt=\"\" class=\"wp-image-119141\" srcset=\"https:\/\/www.gaveanews.com\/wp-content\/uploads\/m.olise_1704230179828.webp 720w, https:\/\/www.gaveanews.com\/wp-content\/uploads\/m.olise_1704230179828-300x200.webp 300w, https:\/\/www.gaveanews.com\/wp-content\/uploads\/m.olise_1704230179828-630x420.webp 630w, https:\/\/www.gaveanews.com\/wp-content\/uploads\/m.olise_1704230179828-640x427.webp 640w, https:\/\/www.gaveanews.com\/wp-content\/uploads\/m.olise_1704230179828-681x454.webp 681w, https:\/\/www.gaveanews.com\/wp-content\/uploads\/m.olise_1704230179828-100x67.webp 100w\" sizes=\"auto, (max-width: 720px) 100vw, 720px\" \/><figcaption class=\"wp-element-caption\">Michael Olise em a\u00e7\u00e3o pelo Crystal Palace (Foto: Reprodu\u00e7\u00e3o\/Instagram)<\/figcaption><\/figure>\n\n\n\n<p>O Bayern acertou com o ponta Michael Olise, que estava no Crystal Palace, da Inglaterra, por 53 milh\u00f5es de euros (R$ 331 milh\u00f5es). O jogador disputou os Jogos Ol\u00edmpicos Paris 2024 pela Fran\u00e7a. Olise assinou com o time alem\u00e3o at\u00e9 junho de 2029. <\/p>\n","protected":false},"excerpt":{"rendered":"<p>Com a janela fechada, veja os jogadores mais caros A janela de transfer\u00eancias da Europa fechou oficialmente na \u00faltima sexta-feira (30) e com isso, se um clube contratar agora, o jogador s\u00f3 poder\u00e1 chegar ao time em janeiro, quando a janela estar\u00e1 novamente aberta. Os times europeus fizeram diversas contrata\u00e7\u00f5es e gastaram milh\u00f5es para se [&hellip;]<\/p>\n","protected":false},"author":21,"featured_media":124375,"comment_status":"open","ping_status":"closed","sticky":false,"template":"","format":"standard","meta":{"footnotes":""},"categories":[94,87,96,89,108,90,102,93],"tags":[],"class_list":["post-163296","post","type-post","status-publish","format-standard","has-post-thumbnail","hentry","category-atletico-de-madrid","category-barcelona","category-bayern-de-munique","category-chelsea","category-juventus","category-manchester-united","category-psg","category-tottenham"],"yoast_head":"<!-- This site is optimized with the Yoast SEO Premium plugin v24.2 (Yoast SEO v26.9) - https:\/\/yoast.com\/product\/yoast-seo-premium-wordpress\/ -->\n<title>Muita grana! Veja as contrata\u00e7\u00f5es mais caras desta janela europeia<\/title>\n<meta name=\"robots\" content=\"index, follow, max-snippet:-1, max-image-preview:large, max-video-preview:-1\" \/>\n<link rel=\"canonical\" href=\"https:\/\/www.gaveanews.com\/index.php\/2024\/09\/02\/muita-grana-veja-as-contratacoes-mais-caras-desta-janela-europeia\/\" \/>\n<meta property=\"og:locale\" content=\"pt_BR\" \/>\n<meta property=\"og:type\" content=\"article\" \/>\n<meta property=\"og:title\" content=\"Muita grana! Veja as contrata\u00e7\u00f5es mais caras desta janela europeia\" \/>\n<meta property=\"og:description\" content=\"Com a janela fechada, veja os jogadores mais caros A janela de transfer\u00eancias da Europa fechou oficialmente na \u00faltima sexta-feira (30) e com isso, se um clube contratar agora, o jogador s\u00f3 poder\u00e1 chegar ao time em janeiro, quando a janela estar\u00e1 novamente aberta. Os times europeus fizeram diversas contrata\u00e7\u00f5es e gastaram milh\u00f5es para se [&hellip;]\" \/>\n<meta property=\"og:url\" content=\"https:\/\/www.gaveanews.com\/index.php\/2024\/09\/02\/muita-grana-veja-as-contratacoes-mais-caras-desta-janela-europeia\/\" \/>\n<meta property=\"og:site_name\" content=\"G\u00e1vea News\" \/>\n<meta property=\"article:publisher\" content=\"https:\/\/facebook.com\/gaveaNews\/\" \/>\n<meta property=\"article:published_time\" content=\"2024-09-02T17:49:44+00:00\" \/>\n<meta property=\"article:modified_time\" content=\"2024-09-02T17:49:46+00:00\" \/>\n<meta property=\"og:image\" content=\"https:\/\/www.gaveanews.com\/wp-content\/uploads\/ligas.webp\" \/>\n\t<meta property=\"og:image:width\" content=\"640\" \/>\n\t<meta property=\"og:image:height\" content=\"360\" \/>\n\t<meta property=\"og:image:type\" content=\"image\/jpeg\" \/>\n<meta name=\"author\" content=\"Andr\u00e9 Serra\" \/>\n<meta name=\"twitter:card\" content=\"summary_large_image\" \/>\n<meta name=\"twitter:label1\" content=\"Escrito por\" \/>\n\t<meta name=\"twitter:data1\" content=\"Andr\u00e9 Serra\" \/>\n\t<meta name=\"twitter:label2\" content=\"Est. tempo de leitura\" \/>\n\t<meta name=\"twitter:data2\" content=\"7 minutos\" \/>\n<script type=\"application\/ld+json\" class=\"yoast-schema-graph\">{\"@context\":\"https:\/\/schema.org\",\"@graph\":[{\"@type\":\"NewsArticle\",\"@id\":\"https:\/\/www.gaveanews.com\/index.php\/2024\/09\/02\/muita-grana-veja-as-contratacoes-mais-caras-desta-janela-europeia\/#article\",\"isPartOf\":{\"@id\":\"https:\/\/www.gaveanews.com\/index.php\/2024\/09\/02\/muita-grana-veja-as-contratacoes-mais-caras-desta-janela-europeia\/\"},\"author\":{\"name\":\"Andr\u00e9 Serra\",\"@id\":\"https:\/\/www.gaveanews.com\/#\/schema\/person\/0277a79a1289c451c281ec0411d84f0c\"},\"headline\":\"Muita grana! Veja as contrata\u00e7\u00f5es mais caras desta janela europeia\",\"datePublished\":\"2024-09-02T17:49:44+00:00\",\"dateModified\":\"2024-09-02T17:49:46+00:00\",\"mainEntityOfPage\":{\"@id\":\"https:\/\/www.gaveanews.com\/index.php\/2024\/09\/02\/muita-grana-veja-as-contratacoes-mais-caras-desta-janela-europeia\/\"},\"wordCount\":882,\"commentCount\":0,\"image\":{\"@id\":\"https:\/\/www.gaveanews.com\/index.php\/2024\/09\/02\/muita-grana-veja-as-contratacoes-mais-caras-desta-janela-europeia\/#primaryimage\"},\"thumbnailUrl\":\"https:\/\/www.gaveanews.com\/wp-content\/uploads\/ligas.webp\",\"articleSection\":[\"Atl\u00e9tico de Madrid\",\"Barcelona\",\"Bayern de Munique\",\"Chelsea\",\"Juventus\",\"Manchester United\",\"PSG\",\"Tottenham\"],\"inLanguage\":\"pt-BR\",\"potentialAction\":[{\"@type\":\"CommentAction\",\"name\":\"Comment\",\"target\":[\"https:\/\/www.gaveanews.com\/index.php\/2024\/09\/02\/muita-grana-veja-as-contratacoes-mais-caras-desta-janela-europeia\/#respond\"]}],\"copyrightYear\":\"2024\",\"copyrightHolder\":{\"@id\":\"https:\/\/www.gaveanews.com\/#organization\"}},{\"@type\":\"WebPage\",\"@id\":\"https:\/\/www.gaveanews.com\/index.php\/2024\/09\/02\/muita-grana-veja-as-contratacoes-mais-caras-desta-janela-europeia\/\",\"url\":\"https:\/\/www.gaveanews.com\/index.php\/2024\/09\/02\/muita-grana-veja-as-contratacoes-mais-caras-desta-janela-europeia\/\",\"name\":\"Muita grana! Veja as contrata\u00e7\u00f5es mais caras desta janela europeia\",\"isPartOf\":{\"@id\":\"https:\/\/www.gaveanews.com\/#website\"},\"primaryImageOfPage\":{\"@id\":\"https:\/\/www.gaveanews.com\/index.php\/2024\/09\/02\/muita-grana-veja-as-contratacoes-mais-caras-desta-janela-europeia\/#primaryimage\"},\"image\":{\"@id\":\"https:\/\/www.gaveanews.com\/index.php\/2024\/09\/02\/muita-grana-veja-as-contratacoes-mais-caras-desta-janela-europeia\/#primaryimage\"},\"thumbnailUrl\":\"https:\/\/www.gaveanews.com\/wp-content\/uploads\/ligas.webp\",\"datePublished\":\"2024-09-02T17:49:44+00:00\",\"dateModified\":\"2024-09-02T17:49:46+00:00\",\"author\":{\"@id\":\"https:\/\/www.gaveanews.com\/#\/schema\/person\/0277a79a1289c451c281ec0411d84f0c\"},\"breadcrumb\":{\"@id\":\"https:\/\/www.gaveanews.com\/index.php\/2024\/09\/02\/muita-grana-veja-as-contratacoes-mais-caras-desta-janela-europeia\/#breadcrumb\"},\"inLanguage\":\"pt-BR\",\"potentialAction\":[{\"@type\":\"ReadAction\",\"target\":[\"https:\/\/www.gaveanews.com\/index.php\/2024\/09\/02\/muita-grana-veja-as-contratacoes-mais-caras-desta-janela-europeia\/\"]}]},{\"@type\":\"ImageObject\",\"inLanguage\":\"pt-BR\",\"@id\":\"https:\/\/www.gaveanews.com\/index.php\/2024\/09\/02\/muita-grana-veja-as-contratacoes-mais-caras-desta-janela-europeia\/#primaryimage\",\"url\":\"https:\/\/www.gaveanews.com\/wp-content\/uploads\/ligas.webp\",\"contentUrl\":\"https:\/\/www.gaveanews.com\/wp-content\/uploads\/ligas.webp\",\"width\":640,\"height\":360},{\"@type\":\"BreadcrumbList\",\"@id\":\"https:\/\/www.gaveanews.com\/index.php\/2024\/09\/02\/muita-grana-veja-as-contratacoes-mais-caras-desta-janela-europeia\/#breadcrumb\",\"itemListElement\":[{\"@type\":\"ListItem\",\"position\":1,\"name\":\"Home\",\"item\":\"https:\/\/www.gaveanews.com\/\"},{\"@type\":\"ListItem\",\"position\":2,\"name\":\"Muita grana! Veja as contrata\u00e7\u00f5es mais caras desta janela europeia\"}]},{\"@type\":\"WebSite\",\"@id\":\"https:\/\/www.gaveanews.com\/#website\",\"url\":\"https:\/\/www.gaveanews.com\/\",\"name\":\"G\u00e1vea News\",\"description\":\"Veja todas as not\u00edcias sobre o Flamengo: Contrata\u00e7\u00f5es, categorias de base, resultados das partidas, tabela de classifica\u00e7\u00e3o, pr\u00f3ximos jogos!\",\"potentialAction\":[{\"@type\":\"SearchAction\",\"target\":{\"@type\":\"EntryPoint\",\"urlTemplate\":\"https:\/\/www.gaveanews.com\/?s={search_term_string}\"},\"query-input\":{\"@type\":\"PropertyValueSpecification\",\"valueRequired\":true,\"valueName\":\"search_term_string\"}}],\"inLanguage\":\"pt-BR\"},{\"@type\":\"Person\",\"@id\":\"https:\/\/www.gaveanews.com\/#\/schema\/person\/0277a79a1289c451c281ec0411d84f0c\",\"name\":\"Andr\u00e9 Serra\",\"image\":{\"@type\":\"ImageObject\",\"inLanguage\":\"pt-BR\",\"@id\":\"https:\/\/www.gaveanews.com\/#\/schema\/person\/image\/\",\"url\":\"https:\/\/secure.gravatar.com\/avatar\/d7231369fe48db93292b3e88eb2162dbd9a34a47a8437d9ef3bcaca2a86a83d7?s=96&d=mm&r=g\",\"contentUrl\":\"https:\/\/secure.gravatar.com\/avatar\/d7231369fe48db93292b3e88eb2162dbd9a34a47a8437d9ef3bcaca2a86a83d7?s=96&d=mm&r=g\",\"caption\":\"Andr\u00e9 Serra\"}}]}<\/script>\n<!-- \/ Yoast SEO Premium plugin. -->","yoast_head_json":{"title":"Muita grana! Veja as contrata\u00e7\u00f5es mais caras desta janela europeia","robots":{"index":"index","follow":"follow","max-snippet":"max-snippet:-1","max-image-preview":"max-image-preview:large","max-video-preview":"max-video-preview:-1"},"canonical":"https:\/\/www.gaveanews.com\/index.php\/2024\/09\/02\/muita-grana-veja-as-contratacoes-mais-caras-desta-janela-europeia\/","og_locale":"pt_BR","og_type":"article","og_title":"Muita grana! Veja as contrata\u00e7\u00f5es mais caras desta janela europeia","og_description":"Com a janela fechada, veja os jogadores mais caros A janela de transfer\u00eancias da Europa fechou oficialmente na \u00faltima sexta-feira (30) e com isso, se um clube contratar agora, o jogador s\u00f3 poder\u00e1 chegar ao time em janeiro, quando a janela estar\u00e1 novamente aberta. Os times europeus fizeram diversas contrata\u00e7\u00f5es e gastaram milh\u00f5es para se [&hellip;]","og_url":"https:\/\/www.gaveanews.com\/index.php\/2024\/09\/02\/muita-grana-veja-as-contratacoes-mais-caras-desta-janela-europeia\/","og_site_name":"G\u00e1vea News","article_publisher":"https:\/\/facebook.com\/gaveaNews\/","article_published_time":"2024-09-02T17:49:44+00:00","article_modified_time":"2024-09-02T17:49:46+00:00","og_image":[{"width":640,"height":360,"url":"https:\/\/www.gaveanews.com\/wp-content\/uploads\/ligas.webp","type":"image\/jpeg"}],"author":"Andr\u00e9 Serra","twitter_card":"summary_large_image","twitter_misc":{"Escrito por":"Andr\u00e9 Serra","Est. tempo de leitura":"7 minutos"},"schema":{"@context":"https:\/\/schema.org","@graph":[{"@type":"NewsArticle","@id":"https:\/\/www.gaveanews.com\/index.php\/2024\/09\/02\/muita-grana-veja-as-contratacoes-mais-caras-desta-janela-europeia\/#article","isPartOf":{"@id":"https:\/\/www.gaveanews.com\/index.php\/2024\/09\/02\/muita-grana-veja-as-contratacoes-mais-caras-desta-janela-europeia\/"},"author":{"name":"Andr\u00e9 Serra","@id":"https:\/\/www.gaveanews.com\/#\/schema\/person\/0277a79a1289c451c281ec0411d84f0c"},"headline":"Muita grana! Veja as contrata\u00e7\u00f5es mais caras desta janela europeia","datePublished":"2024-09-02T17:49:44+00:00","dateModified":"2024-09-02T17:49:46+00:00","mainEntityOfPage":{"@id":"https:\/\/www.gaveanews.com\/index.php\/2024\/09\/02\/muita-grana-veja-as-contratacoes-mais-caras-desta-janela-europeia\/"},"wordCount":882,"commentCount":0,"image":{"@id":"https:\/\/www.gaveanews.com\/index.php\/2024\/09\/02\/muita-grana-veja-as-contratacoes-mais-caras-desta-janela-europeia\/#primaryimage"},"thumbnailUrl":"https:\/\/www.gaveanews.com\/wp-content\/uploads\/ligas.webp","articleSection":["Atl\u00e9tico de Madrid","Barcelona","Bayern de Munique","Chelsea","Juventus","Manchester United","PSG","Tottenham"],"inLanguage":"pt-BR","potentialAction":[{"@type":"CommentAction","name":"Comment","target":["https:\/\/www.gaveanews.com\/index.php\/2024\/09\/02\/muita-grana-veja-as-contratacoes-mais-caras-desta-janela-europeia\/#respond"]}],"copyrightYear":"2024","copyrightHolder":{"@id":"https:\/\/www.gaveanews.com\/#organization"}},{"@type":"WebPage","@id":"https:\/\/www.gaveanews.com\/index.php\/2024\/09\/02\/muita-grana-veja-as-contratacoes-mais-caras-desta-janela-europeia\/","url":"https:\/\/www.gaveanews.com\/index.php\/2024\/09\/02\/muita-grana-veja-as-contratacoes-mais-caras-desta-janela-europeia\/","name":"Muita grana! Veja as contrata\u00e7\u00f5es mais caras desta janela europeia","isPartOf":{"@id":"https:\/\/www.gaveanews.com\/#website"},"primaryImageOfPage":{"@id":"https:\/\/www.gaveanews.com\/index.php\/2024\/09\/02\/muita-grana-veja-as-contratacoes-mais-caras-desta-janela-europeia\/#primaryimage"},"image":{"@id":"https:\/\/www.gaveanews.com\/index.php\/2024\/09\/02\/muita-grana-veja-as-contratacoes-mais-caras-desta-janela-europeia\/#primaryimage"},"thumbnailUrl":"https:\/\/www.gaveanews.com\/wp-content\/uploads\/ligas.webp","datePublished":"2024-09-02T17:49:44+00:00","dateModified":"2024-09-02T17:49:46+00:00","author":{"@id":"https:\/\/www.gaveanews.com\/#\/schema\/person\/0277a79a1289c451c281ec0411d84f0c"},"breadcrumb":{"@id":"https:\/\/www.gaveanews.com\/index.php\/2024\/09\/02\/muita-grana-veja-as-contratacoes-mais-caras-desta-janela-europeia\/#breadcrumb"},"inLanguage":"pt-BR","potentialAction":[{"@type":"ReadAction","target":["https:\/\/www.gaveanews.com\/index.php\/2024\/09\/02\/muita-grana-veja-as-contratacoes-mais-caras-desta-janela-europeia\/"]}]},{"@type":"ImageObject","inLanguage":"pt-BR","@id":"https:\/\/www.gaveanews.com\/index.php\/2024\/09\/02\/muita-grana-veja-as-contratacoes-mais-caras-desta-janela-europeia\/#primaryimage","url":"https:\/\/www.gaveanews.com\/wp-content\/uploads\/ligas.webp","contentUrl":"https:\/\/www.gaveanews.com\/wp-content\/uploads\/ligas.webp","width":640,"height":360},{"@type":"BreadcrumbList","@id":"https:\/\/www.gaveanews.com\/index.php\/2024\/09\/02\/muita-grana-veja-as-contratacoes-mais-caras-desta-janela-europeia\/#breadcrumb","itemListElement":[{"@type":"ListItem","position":1,"name":"Home","item":"https:\/\/www.gaveanews.com\/"},{"@type":"ListItem","position":2,"name":"Muita grana! Veja as contrata\u00e7\u00f5es mais caras desta janela europeia"}]},{"@type":"WebSite","@id":"https:\/\/www.gaveanews.com\/#website","url":"https:\/\/www.gaveanews.com\/","name":"G\u00e1vea News","description":"Veja todas as not\u00edcias sobre o Flamengo: Contrata\u00e7\u00f5es, categorias de base, resultados das partidas, tabela de classifica\u00e7\u00e3o, pr\u00f3ximos jogos!","potentialAction":[{"@type":"SearchAction","target":{"@type":"EntryPoint","urlTemplate":"https:\/\/www.gaveanews.com\/?s={search_term_string}"},"query-input":{"@type":"PropertyValueSpecification","valueRequired":true,"valueName":"search_term_string"}}],"inLanguage":"pt-BR"},{"@type":"Person","@id":"https:\/\/www.gaveanews.com\/#\/schema\/person\/0277a79a1289c451c281ec0411d84f0c","name":"Andr\u00e9 Serra","image":{"@type":"ImageObject","inLanguage":"pt-BR","@id":"https:\/\/www.gaveanews.com\/#\/schema\/person\/image\/","url":"https:\/\/secure.gravatar.com\/avatar\/d7231369fe48db93292b3e88eb2162dbd9a34a47a8437d9ef3bcaca2a86a83d7?s=96&d=mm&r=g","contentUrl":"https:\/\/secure.gravatar.com\/avatar\/d7231369fe48db93292b3e88eb2162dbd9a34a47a8437d9ef3bcaca2a86a83d7?s=96&d=mm&r=g","caption":"Andr\u00e9 Serra"}}]}},"_links":{"self":[{"href":"https:\/\/www.gaveanews.com\/index.php\/wp-json\/wp\/v2\/posts\/163296","targetHints":{"allow":["GET"]}}],"collection":[{"href":"https:\/\/www.gaveanews.com\/index.php\/wp-json\/wp\/v2\/posts"}],"about":[{"href":"https:\/\/www.gaveanews.com\/index.php\/wp-json\/wp\/v2\/types\/post"}],"author":[{"embeddable":true,"href":"https:\/\/www.gaveanews.com\/index.php\/wp-json\/wp\/v2\/users\/21"}],"replies":[{"embeddable":true,"href":"https:\/\/www.gaveanews.com\/index.php\/wp-json\/wp\/v2\/comments?post=163296"}],"version-history":[{"count":4,"href":"https:\/\/www.gaveanews.com\/index.php\/wp-json\/wp\/v2\/posts\/163296\/revisions"}],"predecessor-version":[{"id":163351,"href":"https:\/\/www.gaveanews.com\/index.php\/wp-json\/wp\/v2\/posts\/163296\/revisions\/163351"}],"wp:featuredmedia":[{"embeddable":true,"href":"https:\/\/www.gaveanews.com\/index.php\/wp-json\/wp\/v2\/media\/124375"}],"wp:attachment":[{"href":"https:\/\/www.gaveanews.com\/index.php\/wp-json\/wp\/v2\/media?parent=163296"}],"wp:term":[{"taxonomy":"category","embeddable":true,"href":"https:\/\/www.gaveanews.com\/index.php\/wp-json\/wp\/v2\/categories?post=163296"},{"taxonomy":"post_tag","embeddable":true,"href":"https:\/\/www.gaveanews.com\/index.php\/wp-json\/wp\/v2\/tags?post=163296"}],"curies":[{"name":"wp","href":"https:\/\/api.w.org\/{rel}","templated":true}]}}