{"id":163353,"date":"2024-09-02T17:10:00","date_gmt":"2024-09-02T20:10:00","guid":{"rendered":"https:\/\/www.gaveanews.com\/?p=163353"},"modified":"2024-09-02T16:47:43","modified_gmt":"2024-09-02T19:47:43","slug":"veja-o-que-disse-lucas-moura-sobre-sua-convocacao","status":"publish","type":"post","link":"https:\/\/www.gaveanews.com\/index.php\/2024\/09\/02\/veja-o-que-disse-lucas-moura-sobre-sua-convocacao\/","title":{"rendered":"Veja o que disse Lucas Moura sobre sua convoca\u00e7\u00e3o"},"content":{"rendered":"\n<h2 class=\"wp-block-heading\" id=\"h-meia-do-sao-paulo-achou-que-era-brincadeira\">Meia do S\u00e3o Paulo achou que era brincadeira <\/h2>\n\n\n\n<p>O meia Lucas Moura est\u00e1 de volta a sele\u00e7\u00e3o brasileira, ap\u00f3s seis anos. O jogador chega para substituir o atacante Savinho, do Manchester City, que foi cortado por conta de problemas f\u00edsicos. Sua volta ao S\u00e3o Paulo se passou muito por esse objetivo que tinha em sua carreira: se destacar e voltar a sele\u00e7\u00e3o. Agora Lucas pode dizer que o objetivo foi conclu\u00eddo com sucesso. <\/p>\n\n\n\n<ul class=\"wp-block-list\">\n<li><a href=\"https:\/\/www.gaveanews.com\/index.php\/2024\/09\/01\/vini-jr-rodrygo-bruno-guimaraes-gabriel-magalhaes-lucas-paqueta-endrick-eder-militao-savinho-e-marquinhos-os-jogadores-mais-valiosos-convocados-por-dorival-jr\/\">Vini Jr, Rodrygo, Bruno Guimar\u00e3es, Gabriel Magalh\u00e3es, Lucas Paquet\u00e1, Endrick, Eder Milit\u00e3o, Savinho e Marquinhos: os jogadores mais valiosos convocados por Dorival Jr<\/a><\/li>\n\n\n\n<li><a href=\"https:\/\/www.gaveanews.com\/index.php\/2024\/09\/02\/a-declaracao-de-lucas-moura-apos-a-derrota-do-sao-paulo-contra-o-fluminense\/\">A declara\u00e7\u00e3o de Lucas Moura ap\u00f3s a derrota do S\u00e3o Paulo contra o Fluminense<\/a><\/li>\n<\/ul>\n\n\n\n<p>Lucas estava no avi\u00e3o viajando para o Rio de Janeiro com seus companheiros, para a partida contra o Fluminense que ocorreu no \u00faltimo domingo (1), quando recebeu a not\u00edcia de que tinha sido convocado. De primeira, o jogador do S\u00e3o Paulo achou que era brincadeira, mas depois viu que era verdade. <\/p>\n\n\n\n<p>Ao chegar em Curitiba, Lucas Moura comentou como foi ao receber a not\u00edcia de que estava convocado e disse que mesmo com a meta colocada, n\u00e3o imaginava que a convoca\u00e7\u00e3o aconteceria neste momento. <\/p>\n\n\n\n<p>&#8220;Desejar melhoras e boa recupera\u00e7\u00e3o ao Savinho. Esperava, batalhei para essa oportunidade, mas a gente fica triste pela les\u00e3o do companheiro, que faz parte do futebol. Eu estava embarcando para o jogo contra o Fluminense, estava no avi\u00e3o, n\u00e3o imaginava, o comandante pegou o interfone e avisou, foi uma surpresa, achei at\u00e9 que era pegadinha, olhei meu celular e n\u00e3o tinha mensagem alguma. A\u00ed depois saiu a not\u00edcia, muita gente me mandou mensagem, foi inusitado, mas muito bom&#8221;, contou Lucas. <\/p>\n\n\n\n<p>Atuando com a camisa da sele\u00e7\u00e3o brasileira, Lucas soma 35 partidas e quatro gols. Sua primeira convoca\u00e7\u00e3o foi em 2011, quando Mano Menezes era o treinador do Brasil e sua \u00faltima havia sido em 2018 com Tite, para amistosos contra Ar\u00e1bia Saudita e Argentina. <\/p>\n\n\n\n<p>&#8220;\u00c9 a mesma emo\u00e7\u00e3o da primeira convoca\u00e7\u00e3o, em 2011. Feliz, \u00e9 um sonho realizado, uma meta alcan\u00e7ada, animado, ansioso para esse momento que tanto esperei e tanto batalhei, agora \u00e9 aproveitar a oportunidade&#8221;, comentou o meia.<\/p>\n\n\n\n<p>&#8220;Chego para contribuir com minha experi\u00eancia, hoje sou um dos mais velhos, o tempo voa. Vou contribuir com minha vontade, comprometimento, experi\u00eancia, chego para somar, ajudar, a sele\u00e7\u00e3o tem muita qualidade, capacidade para sair dessa situa\u00e7\u00e3o, vamos brigar para isso&#8221;, finalizou Lucas Moura. <\/p>\n\n\n\n<h2 class=\"wp-block-heading\" id=\"h-veja-a-convocacao-da-selecao-brasileira\">Veja a convoca\u00e7\u00e3o da sele\u00e7\u00e3o brasileira:<\/h2>\n\n\n\n<ul class=\"wp-block-list\">\n<li>Goleiros: Alisson (Liverpool), Bento (Al-Nassr) e Ederson (Manchester City);<\/li>\n\n\n\n<li>Laterais: Danilo (Juventus), William (Cruzeiro), Guilherme Arana (Atl\u00e9tico-MG) e Wendell (Porto);<\/li>\n\n\n\n<li>Zagueiros: <strong>\u00a0<\/strong>Beraldo (PSG), \u00c9der Milit\u00e3o (Real Madrid), Gabriel Magalh\u00e3es (Arsenal) e Marquinhos (PSG);<\/li>\n\n\n\n<li>Meio-campistas: Andr\u00e9 (Wolverhampton), Bruno Guimar\u00e3es (Newcastle), Gerson (Flamengo), Jo\u00e3o Gomes (Wolverhampton), Lucas Paquet\u00e1 (West Ham) e Rodrygo (Real Madrid);<\/li>\n\n\n\n<li>Atacantes: Endrick (Real Madrid), Est\u00eav\u00e3o (Palmeiras), Luiz Henrique (Botafogo), Pedro (Flamengo), Lucas (S\u00e3o Paulo) e Vinicius Junior (Real Madrid).<\/li>\n<\/ul>\n\n\n\n<p>No momento o Brasil ocupa a sexta coloca\u00e7\u00e3o nas Eliminat\u00f3rias e soma sete pontos, vindo de tr\u00eas derrotas consecutivas. A sele\u00e7\u00e3o entra em campo nesta sexta-feira (6) contra o Equador, \u00e0s 22h, no Couto Pereira. Na ter\u00e7a-feira (10), o Brasil enfrenta o Paraguai no Est\u00e1dio Defensores del Chaco, \u00e0s 21h30. <\/p>\n","protected":false},"excerpt":{"rendered":"<p>Meia do S\u00e3o Paulo achou que era brincadeira O meia Lucas Moura est\u00e1 de volta a sele\u00e7\u00e3o brasileira, ap\u00f3s seis anos. O jogador chega para substituir o atacante Savinho, do Manchester City, que foi cortado por conta de problemas f\u00edsicos. Sua volta ao S\u00e3o Paulo se passou muito por esse objetivo que tinha em sua [&hellip;]<\/p>\n","protected":false},"author":21,"featured_media":122145,"comment_status":"open","ping_status":"closed","sticky":false,"template":"","format":"standard","meta":{"footnotes":""},"categories":[151],"tags":[],"class_list":["post-163353","post","type-post","status-publish","format-standard","has-post-thumbnail","hentry","category-sao-paulo"],"yoast_head":"<!-- This site is optimized with the Yoast SEO Premium plugin v24.2 (Yoast SEO v26.9) - https:\/\/yoast.com\/product\/yoast-seo-premium-wordpress\/ -->\n<title>Veja o que disse Lucas Moura sobre sua convoca\u00e7\u00e3o<\/title>\n<meta name=\"robots\" content=\"index, follow, max-snippet:-1, max-image-preview:large, max-video-preview:-1\" \/>\n<link rel=\"canonical\" href=\"https:\/\/www.gaveanews.com\/index.php\/2024\/09\/02\/veja-o-que-disse-lucas-moura-sobre-sua-convocacao\/\" \/>\n<meta property=\"og:locale\" content=\"pt_BR\" \/>\n<meta property=\"og:type\" content=\"article\" \/>\n<meta property=\"og:title\" content=\"Veja o que disse Lucas Moura sobre sua convoca\u00e7\u00e3o\" \/>\n<meta property=\"og:description\" content=\"Meia do S\u00e3o Paulo achou que era brincadeira O meia Lucas Moura est\u00e1 de volta a sele\u00e7\u00e3o brasileira, ap\u00f3s seis anos. O jogador chega para substituir o atacante Savinho, do Manchester City, que foi cortado por conta de problemas f\u00edsicos. Sua volta ao S\u00e3o Paulo se passou muito por esse objetivo que tinha em sua [&hellip;]\" \/>\n<meta property=\"og:url\" content=\"https:\/\/www.gaveanews.com\/index.php\/2024\/09\/02\/veja-o-que-disse-lucas-moura-sobre-sua-convocacao\/\" \/>\n<meta property=\"og:site_name\" content=\"G\u00e1vea News\" \/>\n<meta property=\"article:publisher\" content=\"https:\/\/facebook.com\/gaveaNews\/\" \/>\n<meta property=\"article:published_time\" content=\"2024-09-02T20:10:00+00:00\" \/>\n<meta property=\"og:image\" content=\"https:\/\/www.gaveanews.com\/wp-content\/uploads\/lucasmoura7_1705516776447-edited.webp\" \/>\n\t<meta property=\"og:image:width\" content=\"853\" \/>\n\t<meta property=\"og:image:height\" content=\"569\" \/>\n\t<meta property=\"og:image:type\" content=\"image\/jpeg\" \/>\n<meta name=\"author\" content=\"Andr\u00e9 Serra\" \/>\n<meta name=\"twitter:card\" content=\"summary_large_image\" \/>\n<meta name=\"twitter:label1\" content=\"Escrito por\" \/>\n\t<meta name=\"twitter:data1\" content=\"Andr\u00e9 Serra\" \/>\n\t<meta name=\"twitter:label2\" content=\"Est. tempo de leitura\" \/>\n\t<meta name=\"twitter:data2\" content=\"4 minutos\" \/>\n<script type=\"application\/ld+json\" class=\"yoast-schema-graph\">{\"@context\":\"https:\/\/schema.org\",\"@graph\":[{\"@type\":\"NewsArticle\",\"@id\":\"https:\/\/www.gaveanews.com\/index.php\/2024\/09\/02\/veja-o-que-disse-lucas-moura-sobre-sua-convocacao\/#article\",\"isPartOf\":{\"@id\":\"https:\/\/www.gaveanews.com\/index.php\/2024\/09\/02\/veja-o-que-disse-lucas-moura-sobre-sua-convocacao\/\"},\"author\":{\"name\":\"Andr\u00e9 Serra\",\"@id\":\"https:\/\/www.gaveanews.com\/#\/schema\/person\/0277a79a1289c451c281ec0411d84f0c\"},\"headline\":\"Veja o que disse Lucas Moura sobre sua convoca\u00e7\u00e3o\",\"datePublished\":\"2024-09-02T20:10:00+00:00\",\"mainEntityOfPage\":{\"@id\":\"https:\/\/www.gaveanews.com\/index.php\/2024\/09\/02\/veja-o-que-disse-lucas-moura-sobre-sua-convocacao\/\"},\"wordCount\":575,\"commentCount\":0,\"image\":{\"@id\":\"https:\/\/www.gaveanews.com\/index.php\/2024\/09\/02\/veja-o-que-disse-lucas-moura-sobre-sua-convocacao\/#primaryimage\"},\"thumbnailUrl\":\"https:\/\/www.gaveanews.com\/wp-content\/uploads\/lucasmoura7_1705516776447-edited.webp\",\"articleSection\":[\"S\u00e3o Paulo\"],\"inLanguage\":\"pt-BR\",\"potentialAction\":[{\"@type\":\"CommentAction\",\"name\":\"Comment\",\"target\":[\"https:\/\/www.gaveanews.com\/index.php\/2024\/09\/02\/veja-o-que-disse-lucas-moura-sobre-sua-convocacao\/#respond\"]}],\"copyrightYear\":\"2024\",\"copyrightHolder\":{\"@id\":\"https:\/\/www.gaveanews.com\/#organization\"}},{\"@type\":\"WebPage\",\"@id\":\"https:\/\/www.gaveanews.com\/index.php\/2024\/09\/02\/veja-o-que-disse-lucas-moura-sobre-sua-convocacao\/\",\"url\":\"https:\/\/www.gaveanews.com\/index.php\/2024\/09\/02\/veja-o-que-disse-lucas-moura-sobre-sua-convocacao\/\",\"name\":\"Veja o que disse Lucas Moura sobre sua convoca\u00e7\u00e3o\",\"isPartOf\":{\"@id\":\"https:\/\/www.gaveanews.com\/#website\"},\"primaryImageOfPage\":{\"@id\":\"https:\/\/www.gaveanews.com\/index.php\/2024\/09\/02\/veja-o-que-disse-lucas-moura-sobre-sua-convocacao\/#primaryimage\"},\"image\":{\"@id\":\"https:\/\/www.gaveanews.com\/index.php\/2024\/09\/02\/veja-o-que-disse-lucas-moura-sobre-sua-convocacao\/#primaryimage\"},\"thumbnailUrl\":\"https:\/\/www.gaveanews.com\/wp-content\/uploads\/lucasmoura7_1705516776447-edited.webp\",\"datePublished\":\"2024-09-02T20:10:00+00:00\",\"author\":{\"@id\":\"https:\/\/www.gaveanews.com\/#\/schema\/person\/0277a79a1289c451c281ec0411d84f0c\"},\"breadcrumb\":{\"@id\":\"https:\/\/www.gaveanews.com\/index.php\/2024\/09\/02\/veja-o-que-disse-lucas-moura-sobre-sua-convocacao\/#breadcrumb\"},\"inLanguage\":\"pt-BR\",\"potentialAction\":[{\"@type\":\"ReadAction\",\"target\":[\"https:\/\/www.gaveanews.com\/index.php\/2024\/09\/02\/veja-o-que-disse-lucas-moura-sobre-sua-convocacao\/\"]}]},{\"@type\":\"ImageObject\",\"inLanguage\":\"pt-BR\",\"@id\":\"https:\/\/www.gaveanews.com\/index.php\/2024\/09\/02\/veja-o-que-disse-lucas-moura-sobre-sua-convocacao\/#primaryimage\",\"url\":\"https:\/\/www.gaveanews.com\/wp-content\/uploads\/lucasmoura7_1705516776447-edited.webp\",\"contentUrl\":\"https:\/\/www.gaveanews.com\/wp-content\/uploads\/lucasmoura7_1705516776447-edited.webp\",\"width\":853,\"height\":569,\"caption\":\"Lucas Moura pela sele\u00e7\u00e3o Brasileira (Foto: Reprodu\u00e7\u00e3o\/Instagram)\"},{\"@type\":\"BreadcrumbList\",\"@id\":\"https:\/\/www.gaveanews.com\/index.php\/2024\/09\/02\/veja-o-que-disse-lucas-moura-sobre-sua-convocacao\/#breadcrumb\",\"itemListElement\":[{\"@type\":\"ListItem\",\"position\":1,\"name\":\"Home\",\"item\":\"https:\/\/www.gaveanews.com\/\"},{\"@type\":\"ListItem\",\"position\":2,\"name\":\"Veja o que disse Lucas Moura sobre sua convoca\u00e7\u00e3o\"}]},{\"@type\":\"WebSite\",\"@id\":\"https:\/\/www.gaveanews.com\/#website\",\"url\":\"https:\/\/www.gaveanews.com\/\",\"name\":\"G\u00e1vea News\",\"description\":\"Veja todas as not\u00edcias sobre o Flamengo: Contrata\u00e7\u00f5es, categorias de base, resultados das partidas, tabela de classifica\u00e7\u00e3o, pr\u00f3ximos jogos!\",\"potentialAction\":[{\"@type\":\"SearchAction\",\"target\":{\"@type\":\"EntryPoint\",\"urlTemplate\":\"https:\/\/www.gaveanews.com\/?s={search_term_string}\"},\"query-input\":{\"@type\":\"PropertyValueSpecification\",\"valueRequired\":true,\"valueName\":\"search_term_string\"}}],\"inLanguage\":\"pt-BR\"},{\"@type\":\"Person\",\"@id\":\"https:\/\/www.gaveanews.com\/#\/schema\/person\/0277a79a1289c451c281ec0411d84f0c\",\"name\":\"Andr\u00e9 Serra\",\"image\":{\"@type\":\"ImageObject\",\"inLanguage\":\"pt-BR\",\"@id\":\"https:\/\/www.gaveanews.com\/#\/schema\/person\/image\/\",\"url\":\"https:\/\/secure.gravatar.com\/avatar\/d7231369fe48db93292b3e88eb2162dbd9a34a47a8437d9ef3bcaca2a86a83d7?s=96&d=mm&r=g\",\"contentUrl\":\"https:\/\/secure.gravatar.com\/avatar\/d7231369fe48db93292b3e88eb2162dbd9a34a47a8437d9ef3bcaca2a86a83d7?s=96&d=mm&r=g\",\"caption\":\"Andr\u00e9 Serra\"}}]}<\/script>\n<!-- \/ Yoast SEO Premium plugin. -->","yoast_head_json":{"title":"Veja o que disse Lucas Moura sobre sua convoca\u00e7\u00e3o","robots":{"index":"index","follow":"follow","max-snippet":"max-snippet:-1","max-image-preview":"max-image-preview:large","max-video-preview":"max-video-preview:-1"},"canonical":"https:\/\/www.gaveanews.com\/index.php\/2024\/09\/02\/veja-o-que-disse-lucas-moura-sobre-sua-convocacao\/","og_locale":"pt_BR","og_type":"article","og_title":"Veja o que disse Lucas Moura sobre sua convoca\u00e7\u00e3o","og_description":"Meia do S\u00e3o Paulo achou que era brincadeira O meia Lucas Moura est\u00e1 de volta a sele\u00e7\u00e3o brasileira, ap\u00f3s seis anos. O jogador chega para substituir o atacante Savinho, do Manchester City, que foi cortado por conta de problemas f\u00edsicos. Sua volta ao S\u00e3o Paulo se passou muito por esse objetivo que tinha em sua [&hellip;]","og_url":"https:\/\/www.gaveanews.com\/index.php\/2024\/09\/02\/veja-o-que-disse-lucas-moura-sobre-sua-convocacao\/","og_site_name":"G\u00e1vea News","article_publisher":"https:\/\/facebook.com\/gaveaNews\/","article_published_time":"2024-09-02T20:10:00+00:00","og_image":[{"width":853,"height":569,"url":"https:\/\/www.gaveanews.com\/wp-content\/uploads\/lucasmoura7_1705516776447-edited.webp","type":"image\/jpeg"}],"author":"Andr\u00e9 Serra","twitter_card":"summary_large_image","twitter_misc":{"Escrito por":"Andr\u00e9 Serra","Est. tempo de leitura":"4 minutos"},"schema":{"@context":"https:\/\/schema.org","@graph":[{"@type":"NewsArticle","@id":"https:\/\/www.gaveanews.com\/index.php\/2024\/09\/02\/veja-o-que-disse-lucas-moura-sobre-sua-convocacao\/#article","isPartOf":{"@id":"https:\/\/www.gaveanews.com\/index.php\/2024\/09\/02\/veja-o-que-disse-lucas-moura-sobre-sua-convocacao\/"},"author":{"name":"Andr\u00e9 Serra","@id":"https:\/\/www.gaveanews.com\/#\/schema\/person\/0277a79a1289c451c281ec0411d84f0c"},"headline":"Veja o que disse Lucas Moura sobre sua convoca\u00e7\u00e3o","datePublished":"2024-09-02T20:10:00+00:00","mainEntityOfPage":{"@id":"https:\/\/www.gaveanews.com\/index.php\/2024\/09\/02\/veja-o-que-disse-lucas-moura-sobre-sua-convocacao\/"},"wordCount":575,"commentCount":0,"image":{"@id":"https:\/\/www.gaveanews.com\/index.php\/2024\/09\/02\/veja-o-que-disse-lucas-moura-sobre-sua-convocacao\/#primaryimage"},"thumbnailUrl":"https:\/\/www.gaveanews.com\/wp-content\/uploads\/lucasmoura7_1705516776447-edited.webp","articleSection":["S\u00e3o Paulo"],"inLanguage":"pt-BR","potentialAction":[{"@type":"CommentAction","name":"Comment","target":["https:\/\/www.gaveanews.com\/index.php\/2024\/09\/02\/veja-o-que-disse-lucas-moura-sobre-sua-convocacao\/#respond"]}],"copyrightYear":"2024","copyrightHolder":{"@id":"https:\/\/www.gaveanews.com\/#organization"}},{"@type":"WebPage","@id":"https:\/\/www.gaveanews.com\/index.php\/2024\/09\/02\/veja-o-que-disse-lucas-moura-sobre-sua-convocacao\/","url":"https:\/\/www.gaveanews.com\/index.php\/2024\/09\/02\/veja-o-que-disse-lucas-moura-sobre-sua-convocacao\/","name":"Veja o que disse Lucas Moura sobre sua convoca\u00e7\u00e3o","isPartOf":{"@id":"https:\/\/www.gaveanews.com\/#website"},"primaryImageOfPage":{"@id":"https:\/\/www.gaveanews.com\/index.php\/2024\/09\/02\/veja-o-que-disse-lucas-moura-sobre-sua-convocacao\/#primaryimage"},"image":{"@id":"https:\/\/www.gaveanews.com\/index.php\/2024\/09\/02\/veja-o-que-disse-lucas-moura-sobre-sua-convocacao\/#primaryimage"},"thumbnailUrl":"https:\/\/www.gaveanews.com\/wp-content\/uploads\/lucasmoura7_1705516776447-edited.webp","datePublished":"2024-09-02T20:10:00+00:00","author":{"@id":"https:\/\/www.gaveanews.com\/#\/schema\/person\/0277a79a1289c451c281ec0411d84f0c"},"breadcrumb":{"@id":"https:\/\/www.gaveanews.com\/index.php\/2024\/09\/02\/veja-o-que-disse-lucas-moura-sobre-sua-convocacao\/#breadcrumb"},"inLanguage":"pt-BR","potentialAction":[{"@type":"ReadAction","target":["https:\/\/www.gaveanews.com\/index.php\/2024\/09\/02\/veja-o-que-disse-lucas-moura-sobre-sua-convocacao\/"]}]},{"@type":"ImageObject","inLanguage":"pt-BR","@id":"https:\/\/www.gaveanews.com\/index.php\/2024\/09\/02\/veja-o-que-disse-lucas-moura-sobre-sua-convocacao\/#primaryimage","url":"https:\/\/www.gaveanews.com\/wp-content\/uploads\/lucasmoura7_1705516776447-edited.webp","contentUrl":"https:\/\/www.gaveanews.com\/wp-content\/uploads\/lucasmoura7_1705516776447-edited.webp","width":853,"height":569,"caption":"Lucas Moura pela sele\u00e7\u00e3o Brasileira (Foto: Reprodu\u00e7\u00e3o\/Instagram)"},{"@type":"BreadcrumbList","@id":"https:\/\/www.gaveanews.com\/index.php\/2024\/09\/02\/veja-o-que-disse-lucas-moura-sobre-sua-convocacao\/#breadcrumb","itemListElement":[{"@type":"ListItem","position":1,"name":"Home","item":"https:\/\/www.gaveanews.com\/"},{"@type":"ListItem","position":2,"name":"Veja o que disse Lucas Moura sobre sua convoca\u00e7\u00e3o"}]},{"@type":"WebSite","@id":"https:\/\/www.gaveanews.com\/#website","url":"https:\/\/www.gaveanews.com\/","name":"G\u00e1vea News","description":"Veja todas as not\u00edcias sobre o Flamengo: Contrata\u00e7\u00f5es, categorias de base, resultados das partidas, tabela de classifica\u00e7\u00e3o, pr\u00f3ximos jogos!","potentialAction":[{"@type":"SearchAction","target":{"@type":"EntryPoint","urlTemplate":"https:\/\/www.gaveanews.com\/?s={search_term_string}"},"query-input":{"@type":"PropertyValueSpecification","valueRequired":true,"valueName":"search_term_string"}}],"inLanguage":"pt-BR"},{"@type":"Person","@id":"https:\/\/www.gaveanews.com\/#\/schema\/person\/0277a79a1289c451c281ec0411d84f0c","name":"Andr\u00e9 Serra","image":{"@type":"ImageObject","inLanguage":"pt-BR","@id":"https:\/\/www.gaveanews.com\/#\/schema\/person\/image\/","url":"https:\/\/secure.gravatar.com\/avatar\/d7231369fe48db93292b3e88eb2162dbd9a34a47a8437d9ef3bcaca2a86a83d7?s=96&d=mm&r=g","contentUrl":"https:\/\/secure.gravatar.com\/avatar\/d7231369fe48db93292b3e88eb2162dbd9a34a47a8437d9ef3bcaca2a86a83d7?s=96&d=mm&r=g","caption":"Andr\u00e9 Serra"}}]}},"_links":{"self":[{"href":"https:\/\/www.gaveanews.com\/index.php\/wp-json\/wp\/v2\/posts\/163353","targetHints":{"allow":["GET"]}}],"collection":[{"href":"https:\/\/www.gaveanews.com\/index.php\/wp-json\/wp\/v2\/posts"}],"about":[{"href":"https:\/\/www.gaveanews.com\/index.php\/wp-json\/wp\/v2\/types\/post"}],"author":[{"embeddable":true,"href":"https:\/\/www.gaveanews.com\/index.php\/wp-json\/wp\/v2\/users\/21"}],"replies":[{"embeddable":true,"href":"https:\/\/www.gaveanews.com\/index.php\/wp-json\/wp\/v2\/comments?post=163353"}],"version-history":[{"count":1,"href":"https:\/\/www.gaveanews.com\/index.php\/wp-json\/wp\/v2\/posts\/163353\/revisions"}],"predecessor-version":[{"id":163364,"href":"https:\/\/www.gaveanews.com\/index.php\/wp-json\/wp\/v2\/posts\/163353\/revisions\/163364"}],"wp:featuredmedia":[{"embeddable":true,"href":"https:\/\/www.gaveanews.com\/index.php\/wp-json\/wp\/v2\/media\/122145"}],"wp:attachment":[{"href":"https:\/\/www.gaveanews.com\/index.php\/wp-json\/wp\/v2\/media?parent=163353"}],"wp:term":[{"taxonomy":"category","embeddable":true,"href":"https:\/\/www.gaveanews.com\/index.php\/wp-json\/wp\/v2\/categories?post=163353"},{"taxonomy":"post_tag","embeddable":true,"href":"https:\/\/www.gaveanews.com\/index.php\/wp-json\/wp\/v2\/tags?post=163353"}],"curies":[{"name":"wp","href":"https:\/\/api.w.org\/{rel}","templated":true}]}}