{"id":163385,"date":"2024-09-02T16:30:05","date_gmt":"2024-09-02T19:30:05","guid":{"rendered":"https:\/\/www.gaveanews.com\/?p=163385"},"modified":"2024-09-02T16:30:13","modified_gmt":"2024-09-02T19:30:13","slug":"novo-presidente-do-flamengo-zico-aponta-seu-nome-favorito","status":"publish","type":"post","link":"https:\/\/www.gaveanews.com\/index.php\/2024\/09\/02\/novo-presidente-do-flamengo-zico-aponta-seu-nome-favorito\/","title":{"rendered":"Novo presidente do Flamengo: Zico aponta seu nome favorito"},"content":{"rendered":"\n<h2 class=\"wp-block-heading\" id=\"h-zico-anuncia-apoio-a-bap-na-eleicao\">Zico anuncia apoio a Bap na elei\u00e7\u00e3o\u00a0<\/h2>\n\n\n\n<p>Zico, considerado o maior \u00eddolo da hist\u00f3ria do Flamengo, expressou seu apoio a Luiz Eduardo Baptista, conhecido como Bap, nas elei\u00e7\u00f5es presidenciais do clube que ocorrer\u00e3o no final deste ano. Durante uma participa\u00e7\u00e3o em um podcast, o eterno Camisa 10 do Flamengo revelou seu voto no candidato e compartilhou suas raz\u00f5es.<\/p>\n\n\n\n<ul class=\"wp-block-list\">\n<li><a href=\"https:\/\/www.gaveanews.com\/index.php\/2024\/09\/02\/jornalista-aponta-possiveis-substitutos-para-tite-no-flamengo\/\">Jornalista aponta poss\u00edveis substitutos para Tite no Flamengo<\/a><\/li>\n\n\n\n<li><a href=\"https:\/\/www.gaveanews.com\/index.php\/2024\/09\/02\/tite-revela-o-que-o-flamengo-fara-na-pausa-da-data-fifa\/\">Tite revela o que o Flamengo far\u00e1 na pausa da Data FIFA<br><\/a><\/li>\n<\/ul>\n\n\n\n<p><em>-Eu apoio o Bap, principalmente por gratid\u00e3o. O Bap \u00e9 um cara em quem eu confio demais. Gosto das pessoas que olham nos seus olhos e mant\u00e9m a palavra, cumprem aquilo que tratam. \u00c9 um empres\u00e1rio de sucesso, flamenguista de arquibancada, o Flamengo representa muito para ele e foi pe\u00e7a important\u00edssima desde 2012. O meu candidato \u00e9 o Bap, disse Zico em entrevista ao \u2018S\u00f3 se for agora.<\/em><\/p>\n\n\n\n<p>Luiz Eduardo Baptista foi um dos criadores da Chapa Azul, estabelecida em 2012 e respons\u00e1vel pela elabora\u00e7\u00e3o do plano de reestrutura\u00e7\u00e3o financeira do Flamengo. Ele atuou como vice-presidente em diversas \u00e1reas durante as gest\u00f5es de Eduardo Bandeira de Mello e Rodolfo Landim, e atualmente preside o Conselho de Administra\u00e7\u00e3o do clube.<\/p>\n\n\n\n<figure class=\"wp-block-image size-full\"><img loading=\"lazy\" decoding=\"async\" width=\"984\" height=\"554\" src=\"https:\/\/www.gaveanews.com\/wp-content\/uploads\/Luiz-Eduardo-Baptista-o-Bap-durante-coletiva-de-imprensa.webp\" alt=\"\" class=\"wp-image-43567\" srcset=\"https:\/\/www.gaveanews.com\/wp-content\/uploads\/Luiz-Eduardo-Baptista-o-Bap-durante-coletiva-de-imprensa.webp 984w, https:\/\/www.gaveanews.com\/wp-content\/uploads\/Luiz-Eduardo-Baptista-o-Bap-durante-coletiva-de-imprensa-300x169.webp 300w, https:\/\/www.gaveanews.com\/wp-content\/uploads\/Luiz-Eduardo-Baptista-o-Bap-durante-coletiva-de-imprensa-768x432.webp 768w, https:\/\/www.gaveanews.com\/wp-content\/uploads\/Luiz-Eduardo-Baptista-o-Bap-durante-coletiva-de-imprensa-746x420.webp 746w, https:\/\/www.gaveanews.com\/wp-content\/uploads\/Luiz-Eduardo-Baptista-o-Bap-durante-coletiva-de-imprensa-640x360.webp 640w, https:\/\/www.gaveanews.com\/wp-content\/uploads\/Luiz-Eduardo-Baptista-o-Bap-durante-coletiva-de-imprensa-681x383.webp 681w, https:\/\/www.gaveanews.com\/wp-content\/uploads\/Luiz-Eduardo-Baptista-o-Bap-durante-coletiva-de-imprensa-100x56.webp 100w\" sizes=\"auto, (max-width: 984px) 100vw, 984px\" \/><figcaption class=\"wp-element-caption\">Luiz Eduardo Baptista, o Bap, durante coletiva de imprensa (Foto: Divulga\u00e7\u00e3o)<\/figcaption><\/figure>\n\n\n\n<p>Com o respaldo de importantes figuras pol\u00edticas do Flamengo, incluindo vice-presidentes que se afastaram da gest\u00e3o de Landim e membros da diretoria anterior, Bap agora tamb\u00e9m conta com o apoio do maior \u00eddolo da na\u00e7\u00e3o rubro-negra. O impacto real da declara\u00e7\u00e3o de apoio de Zico ser\u00e1 mais claro no futuro e durante a vota\u00e7\u00e3o, mas h\u00e1 uma expectativa de que isso atraia mais eleitores para o candidato.<\/p>\n\n\n\n<p>Bap \u00e9 contra o governo atual. Ele compete principalmente contra Rodrigo Dunshee, que \u00e9 apoiado por Rodolfo Landim, e Maur\u00edcio Gomes de Mattos, que \u00e9 apoiado por Bandeira de Mello, no cen\u00e1rio atual. Wallim Vasconcellos e Pedro Paulo tamb\u00e9m se candidataram.<\/p>\n\n\n\n<p>O pr\u00f3ximo presidente do Flamengo ser\u00e1 escolhido em uma elei\u00e7\u00e3o na G\u00e1vea na segunda-feira, dia 9 de dezembro, \u00e0s 8h. A utiliza\u00e7\u00e3o de urnas eletr\u00f4nicas com comprovante impresso tamb\u00e9m ser\u00e1 uma novidade neste ano.<\/p>\n","protected":false},"excerpt":{"rendered":"<p>Novo presidente do Flamengo: Zico aponta seu nome favorito<\/p>\n","protected":false},"author":16,"featured_media":58554,"comment_status":"open","ping_status":"closed","sticky":false,"template":"","format":"standard","meta":{"footnotes":""},"categories":[1],"tags":[],"class_list":["post-163385","post","type-post","status-publish","format-standard","has-post-thumbnail","hentry","category-flamengo"],"yoast_head":"<!-- This site is optimized with the Yoast SEO Premium plugin v24.2 (Yoast SEO v26.9) - https:\/\/yoast.com\/product\/yoast-seo-premium-wordpress\/ -->\n<title>Novo presidente do Flamengo: Zico aponta seu nome favorito<\/title>\n<meta name=\"robots\" content=\"index, follow, max-snippet:-1, max-image-preview:large, max-video-preview:-1\" \/>\n<link rel=\"canonical\" href=\"https:\/\/www.gaveanews.com\/index.php\/2024\/09\/02\/novo-presidente-do-flamengo-zico-aponta-seu-nome-favorito\/\" \/>\n<meta property=\"og:locale\" content=\"pt_BR\" \/>\n<meta property=\"og:type\" content=\"article\" \/>\n<meta property=\"og:title\" content=\"Novo presidente do Flamengo: Zico aponta seu nome favorito\" \/>\n<meta property=\"og:description\" content=\"Novo presidente do Flamengo: Zico aponta seu nome favorito\" \/>\n<meta property=\"og:url\" content=\"https:\/\/www.gaveanews.com\/index.php\/2024\/09\/02\/novo-presidente-do-flamengo-zico-aponta-seu-nome-favorito\/\" \/>\n<meta property=\"og:site_name\" content=\"G\u00e1vea News\" \/>\n<meta property=\"article:publisher\" content=\"https:\/\/facebook.com\/gaveaNews\/\" \/>\n<meta property=\"article:published_time\" content=\"2024-09-02T19:30:05+00:00\" \/>\n<meta property=\"article:modified_time\" content=\"2024-09-02T19:30:13+00:00\" \/>\n<meta property=\"og:image\" content=\"https:\/\/www.gaveanews.com\/wp-content\/uploads\/Zico-em-jogo-do-Flamengo.webp\" \/>\n\t<meta property=\"og:image:width\" content=\"1080\" \/>\n\t<meta property=\"og:image:height\" content=\"1080\" \/>\n\t<meta property=\"og:image:type\" content=\"image\/jpeg\" \/>\n<meta name=\"author\" content=\"D\u00e9bora Figueiredo\" \/>\n<meta name=\"twitter:card\" content=\"summary_large_image\" \/>\n<meta name=\"twitter:label1\" content=\"Escrito por\" \/>\n\t<meta name=\"twitter:data1\" content=\"D\u00e9bora Figueiredo\" \/>\n\t<meta name=\"twitter:label2\" content=\"Est. tempo de leitura\" \/>\n\t<meta name=\"twitter:data2\" content=\"3 minutos\" \/>\n<script type=\"application\/ld+json\" class=\"yoast-schema-graph\">{\"@context\":\"https:\/\/schema.org\",\"@graph\":[{\"@type\":\"NewsArticle\",\"@id\":\"https:\/\/www.gaveanews.com\/index.php\/2024\/09\/02\/novo-presidente-do-flamengo-zico-aponta-seu-nome-favorito\/#article\",\"isPartOf\":{\"@id\":\"https:\/\/www.gaveanews.com\/index.php\/2024\/09\/02\/novo-presidente-do-flamengo-zico-aponta-seu-nome-favorito\/\"},\"author\":{\"name\":\"D\u00e9bora Figueiredo\",\"@id\":\"https:\/\/www.gaveanews.com\/#\/schema\/person\/37122681a8575a5c8db05a56f099a5e4\"},\"headline\":\"Novo presidente do Flamengo: Zico aponta seu nome favorito\",\"datePublished\":\"2024-09-02T19:30:05+00:00\",\"dateModified\":\"2024-09-02T19:30:13+00:00\",\"mainEntityOfPage\":{\"@id\":\"https:\/\/www.gaveanews.com\/index.php\/2024\/09\/02\/novo-presidente-do-flamengo-zico-aponta-seu-nome-favorito\/\"},\"wordCount\":382,\"commentCount\":0,\"image\":{\"@id\":\"https:\/\/www.gaveanews.com\/index.php\/2024\/09\/02\/novo-presidente-do-flamengo-zico-aponta-seu-nome-favorito\/#primaryimage\"},\"thumbnailUrl\":\"https:\/\/www.gaveanews.com\/wp-content\/uploads\/Zico-em-jogo-do-Flamengo.webp\",\"articleSection\":[\"Flamengo\"],\"inLanguage\":\"pt-BR\",\"potentialAction\":[{\"@type\":\"CommentAction\",\"name\":\"Comment\",\"target\":[\"https:\/\/www.gaveanews.com\/index.php\/2024\/09\/02\/novo-presidente-do-flamengo-zico-aponta-seu-nome-favorito\/#respond\"]}],\"copyrightYear\":\"2024\",\"copyrightHolder\":{\"@id\":\"https:\/\/www.gaveanews.com\/#organization\"}},{\"@type\":\"WebPage\",\"@id\":\"https:\/\/www.gaveanews.com\/index.php\/2024\/09\/02\/novo-presidente-do-flamengo-zico-aponta-seu-nome-favorito\/\",\"url\":\"https:\/\/www.gaveanews.com\/index.php\/2024\/09\/02\/novo-presidente-do-flamengo-zico-aponta-seu-nome-favorito\/\",\"name\":\"Novo presidente do Flamengo: Zico aponta seu nome favorito\",\"isPartOf\":{\"@id\":\"https:\/\/www.gaveanews.com\/#website\"},\"primaryImageOfPage\":{\"@id\":\"https:\/\/www.gaveanews.com\/index.php\/2024\/09\/02\/novo-presidente-do-flamengo-zico-aponta-seu-nome-favorito\/#primaryimage\"},\"image\":{\"@id\":\"https:\/\/www.gaveanews.com\/index.php\/2024\/09\/02\/novo-presidente-do-flamengo-zico-aponta-seu-nome-favorito\/#primaryimage\"},\"thumbnailUrl\":\"https:\/\/www.gaveanews.com\/wp-content\/uploads\/Zico-em-jogo-do-Flamengo.webp\",\"datePublished\":\"2024-09-02T19:30:05+00:00\",\"dateModified\":\"2024-09-02T19:30:13+00:00\",\"author\":{\"@id\":\"https:\/\/www.gaveanews.com\/#\/schema\/person\/37122681a8575a5c8db05a56f099a5e4\"},\"breadcrumb\":{\"@id\":\"https:\/\/www.gaveanews.com\/index.php\/2024\/09\/02\/novo-presidente-do-flamengo-zico-aponta-seu-nome-favorito\/#breadcrumb\"},\"inLanguage\":\"pt-BR\",\"potentialAction\":[{\"@type\":\"ReadAction\",\"target\":[\"https:\/\/www.gaveanews.com\/index.php\/2024\/09\/02\/novo-presidente-do-flamengo-zico-aponta-seu-nome-favorito\/\"]}]},{\"@type\":\"ImageObject\",\"inLanguage\":\"pt-BR\",\"@id\":\"https:\/\/www.gaveanews.com\/index.php\/2024\/09\/02\/novo-presidente-do-flamengo-zico-aponta-seu-nome-favorito\/#primaryimage\",\"url\":\"https:\/\/www.gaveanews.com\/wp-content\/uploads\/Zico-em-jogo-do-Flamengo.webp\",\"contentUrl\":\"https:\/\/www.gaveanews.com\/wp-content\/uploads\/Zico-em-jogo-do-Flamengo.webp\",\"width\":1080,\"height\":1080,\"caption\":\"Zico em jogo do Flamengo (Foto: Alexandre Vidal\/Flamengo)\"},{\"@type\":\"BreadcrumbList\",\"@id\":\"https:\/\/www.gaveanews.com\/index.php\/2024\/09\/02\/novo-presidente-do-flamengo-zico-aponta-seu-nome-favorito\/#breadcrumb\",\"itemListElement\":[{\"@type\":\"ListItem\",\"position\":1,\"name\":\"Home\",\"item\":\"https:\/\/www.gaveanews.com\/\"},{\"@type\":\"ListItem\",\"position\":2,\"name\":\"Novo presidente do Flamengo: Zico aponta seu nome favorito\"}]},{\"@type\":\"WebSite\",\"@id\":\"https:\/\/www.gaveanews.com\/#website\",\"url\":\"https:\/\/www.gaveanews.com\/\",\"name\":\"G\u00e1vea News\",\"description\":\"Veja todas as not\u00edcias sobre o Flamengo: Contrata\u00e7\u00f5es, categorias de base, resultados das partidas, tabela de classifica\u00e7\u00e3o, pr\u00f3ximos jogos!\",\"potentialAction\":[{\"@type\":\"SearchAction\",\"target\":{\"@type\":\"EntryPoint\",\"urlTemplate\":\"https:\/\/www.gaveanews.com\/?s={search_term_string}\"},\"query-input\":{\"@type\":\"PropertyValueSpecification\",\"valueRequired\":true,\"valueName\":\"search_term_string\"}}],\"inLanguage\":\"pt-BR\"},{\"@type\":\"Person\",\"@id\":\"https:\/\/www.gaveanews.com\/#\/schema\/person\/37122681a8575a5c8db05a56f099a5e4\",\"name\":\"D\u00e9bora Figueiredo\",\"image\":{\"@type\":\"ImageObject\",\"inLanguage\":\"pt-BR\",\"@id\":\"https:\/\/www.gaveanews.com\/#\/schema\/person\/image\/\",\"url\":\"https:\/\/secure.gravatar.com\/avatar\/1f44802859351588499d26f52aed1d15796ce17e67602895b72837c08018868d?s=96&d=mm&r=g\",\"contentUrl\":\"https:\/\/secure.gravatar.com\/avatar\/1f44802859351588499d26f52aed1d15796ce17e67602895b72837c08018868d?s=96&d=mm&r=g\",\"caption\":\"D\u00e9bora Figueiredo\"}}]}<\/script>\n<!-- \/ Yoast SEO Premium plugin. -->","yoast_head_json":{"title":"Novo presidente do Flamengo: Zico aponta seu nome favorito","robots":{"index":"index","follow":"follow","max-snippet":"max-snippet:-1","max-image-preview":"max-image-preview:large","max-video-preview":"max-video-preview:-1"},"canonical":"https:\/\/www.gaveanews.com\/index.php\/2024\/09\/02\/novo-presidente-do-flamengo-zico-aponta-seu-nome-favorito\/","og_locale":"pt_BR","og_type":"article","og_title":"Novo presidente do Flamengo: Zico aponta seu nome favorito","og_description":"Novo presidente do Flamengo: Zico aponta seu nome favorito","og_url":"https:\/\/www.gaveanews.com\/index.php\/2024\/09\/02\/novo-presidente-do-flamengo-zico-aponta-seu-nome-favorito\/","og_site_name":"G\u00e1vea News","article_publisher":"https:\/\/facebook.com\/gaveaNews\/","article_published_time":"2024-09-02T19:30:05+00:00","article_modified_time":"2024-09-02T19:30:13+00:00","og_image":[{"width":1080,"height":1080,"url":"https:\/\/www.gaveanews.com\/wp-content\/uploads\/Zico-em-jogo-do-Flamengo.webp","type":"image\/jpeg"}],"author":"D\u00e9bora Figueiredo","twitter_card":"summary_large_image","twitter_misc":{"Escrito por":"D\u00e9bora Figueiredo","Est. tempo de leitura":"3 minutos"},"schema":{"@context":"https:\/\/schema.org","@graph":[{"@type":"NewsArticle","@id":"https:\/\/www.gaveanews.com\/index.php\/2024\/09\/02\/novo-presidente-do-flamengo-zico-aponta-seu-nome-favorito\/#article","isPartOf":{"@id":"https:\/\/www.gaveanews.com\/index.php\/2024\/09\/02\/novo-presidente-do-flamengo-zico-aponta-seu-nome-favorito\/"},"author":{"name":"D\u00e9bora Figueiredo","@id":"https:\/\/www.gaveanews.com\/#\/schema\/person\/37122681a8575a5c8db05a56f099a5e4"},"headline":"Novo presidente do Flamengo: Zico aponta seu nome favorito","datePublished":"2024-09-02T19:30:05+00:00","dateModified":"2024-09-02T19:30:13+00:00","mainEntityOfPage":{"@id":"https:\/\/www.gaveanews.com\/index.php\/2024\/09\/02\/novo-presidente-do-flamengo-zico-aponta-seu-nome-favorito\/"},"wordCount":382,"commentCount":0,"image":{"@id":"https:\/\/www.gaveanews.com\/index.php\/2024\/09\/02\/novo-presidente-do-flamengo-zico-aponta-seu-nome-favorito\/#primaryimage"},"thumbnailUrl":"https:\/\/www.gaveanews.com\/wp-content\/uploads\/Zico-em-jogo-do-Flamengo.webp","articleSection":["Flamengo"],"inLanguage":"pt-BR","potentialAction":[{"@type":"CommentAction","name":"Comment","target":["https:\/\/www.gaveanews.com\/index.php\/2024\/09\/02\/novo-presidente-do-flamengo-zico-aponta-seu-nome-favorito\/#respond"]}],"copyrightYear":"2024","copyrightHolder":{"@id":"https:\/\/www.gaveanews.com\/#organization"}},{"@type":"WebPage","@id":"https:\/\/www.gaveanews.com\/index.php\/2024\/09\/02\/novo-presidente-do-flamengo-zico-aponta-seu-nome-favorito\/","url":"https:\/\/www.gaveanews.com\/index.php\/2024\/09\/02\/novo-presidente-do-flamengo-zico-aponta-seu-nome-favorito\/","name":"Novo presidente do Flamengo: Zico aponta seu nome favorito","isPartOf":{"@id":"https:\/\/www.gaveanews.com\/#website"},"primaryImageOfPage":{"@id":"https:\/\/www.gaveanews.com\/index.php\/2024\/09\/02\/novo-presidente-do-flamengo-zico-aponta-seu-nome-favorito\/#primaryimage"},"image":{"@id":"https:\/\/www.gaveanews.com\/index.php\/2024\/09\/02\/novo-presidente-do-flamengo-zico-aponta-seu-nome-favorito\/#primaryimage"},"thumbnailUrl":"https:\/\/www.gaveanews.com\/wp-content\/uploads\/Zico-em-jogo-do-Flamengo.webp","datePublished":"2024-09-02T19:30:05+00:00","dateModified":"2024-09-02T19:30:13+00:00","author":{"@id":"https:\/\/www.gaveanews.com\/#\/schema\/person\/37122681a8575a5c8db05a56f099a5e4"},"breadcrumb":{"@id":"https:\/\/www.gaveanews.com\/index.php\/2024\/09\/02\/novo-presidente-do-flamengo-zico-aponta-seu-nome-favorito\/#breadcrumb"},"inLanguage":"pt-BR","potentialAction":[{"@type":"ReadAction","target":["https:\/\/www.gaveanews.com\/index.php\/2024\/09\/02\/novo-presidente-do-flamengo-zico-aponta-seu-nome-favorito\/"]}]},{"@type":"ImageObject","inLanguage":"pt-BR","@id":"https:\/\/www.gaveanews.com\/index.php\/2024\/09\/02\/novo-presidente-do-flamengo-zico-aponta-seu-nome-favorito\/#primaryimage","url":"https:\/\/www.gaveanews.com\/wp-content\/uploads\/Zico-em-jogo-do-Flamengo.webp","contentUrl":"https:\/\/www.gaveanews.com\/wp-content\/uploads\/Zico-em-jogo-do-Flamengo.webp","width":1080,"height":1080,"caption":"Zico em jogo do Flamengo (Foto: Alexandre Vidal\/Flamengo)"},{"@type":"BreadcrumbList","@id":"https:\/\/www.gaveanews.com\/index.php\/2024\/09\/02\/novo-presidente-do-flamengo-zico-aponta-seu-nome-favorito\/#breadcrumb","itemListElement":[{"@type":"ListItem","position":1,"name":"Home","item":"https:\/\/www.gaveanews.com\/"},{"@type":"ListItem","position":2,"name":"Novo presidente do Flamengo: Zico aponta seu nome favorito"}]},{"@type":"WebSite","@id":"https:\/\/www.gaveanews.com\/#website","url":"https:\/\/www.gaveanews.com\/","name":"G\u00e1vea News","description":"Veja todas as not\u00edcias sobre o Flamengo: Contrata\u00e7\u00f5es, categorias de base, resultados das partidas, tabela de classifica\u00e7\u00e3o, pr\u00f3ximos jogos!","potentialAction":[{"@type":"SearchAction","target":{"@type":"EntryPoint","urlTemplate":"https:\/\/www.gaveanews.com\/?s={search_term_string}"},"query-input":{"@type":"PropertyValueSpecification","valueRequired":true,"valueName":"search_term_string"}}],"inLanguage":"pt-BR"},{"@type":"Person","@id":"https:\/\/www.gaveanews.com\/#\/schema\/person\/37122681a8575a5c8db05a56f099a5e4","name":"D\u00e9bora Figueiredo","image":{"@type":"ImageObject","inLanguage":"pt-BR","@id":"https:\/\/www.gaveanews.com\/#\/schema\/person\/image\/","url":"https:\/\/secure.gravatar.com\/avatar\/1f44802859351588499d26f52aed1d15796ce17e67602895b72837c08018868d?s=96&d=mm&r=g","contentUrl":"https:\/\/secure.gravatar.com\/avatar\/1f44802859351588499d26f52aed1d15796ce17e67602895b72837c08018868d?s=96&d=mm&r=g","caption":"D\u00e9bora Figueiredo"}}]}},"_links":{"self":[{"href":"https:\/\/www.gaveanews.com\/index.php\/wp-json\/wp\/v2\/posts\/163385","targetHints":{"allow":["GET"]}}],"collection":[{"href":"https:\/\/www.gaveanews.com\/index.php\/wp-json\/wp\/v2\/posts"}],"about":[{"href":"https:\/\/www.gaveanews.com\/index.php\/wp-json\/wp\/v2\/types\/post"}],"author":[{"embeddable":true,"href":"https:\/\/www.gaveanews.com\/index.php\/wp-json\/wp\/v2\/users\/16"}],"replies":[{"embeddable":true,"href":"https:\/\/www.gaveanews.com\/index.php\/wp-json\/wp\/v2\/comments?post=163385"}],"version-history":[{"count":1,"href":"https:\/\/www.gaveanews.com\/index.php\/wp-json\/wp\/v2\/posts\/163385\/revisions"}],"predecessor-version":[{"id":163395,"href":"https:\/\/www.gaveanews.com\/index.php\/wp-json\/wp\/v2\/posts\/163385\/revisions\/163395"}],"wp:featuredmedia":[{"embeddable":true,"href":"https:\/\/www.gaveanews.com\/index.php\/wp-json\/wp\/v2\/media\/58554"}],"wp:attachment":[{"href":"https:\/\/www.gaveanews.com\/index.php\/wp-json\/wp\/v2\/media?parent=163385"}],"wp:term":[{"taxonomy":"category","embeddable":true,"href":"https:\/\/www.gaveanews.com\/index.php\/wp-json\/wp\/v2\/categories?post=163385"},{"taxonomy":"post_tag","embeddable":true,"href":"https:\/\/www.gaveanews.com\/index.php\/wp-json\/wp\/v2\/tags?post=163385"}],"curies":[{"name":"wp","href":"https:\/\/api.w.org\/{rel}","templated":true}]}}