{"id":163407,"date":"2024-09-03T15:45:00","date_gmt":"2024-09-03T18:45:00","guid":{"rendered":"https:\/\/www.gaveanews.com\/?p=163407"},"modified":"2024-09-03T12:40:27","modified_gmt":"2024-09-03T15:40:27","slug":"agentes-de-vitor-roque-discutem-aquisicao-da-saf-no-brasil","status":"publish","type":"post","link":"https:\/\/www.gaveanews.com\/index.php\/2024\/09\/03\/agentes-de-vitor-roque-discutem-aquisicao-da-saf-no-brasil\/","title":{"rendered":"Agentes de Vitor Roque discutem aquisi\u00e7\u00e3o da SAF no Brasil"},"content":{"rendered":"\n<p>Promovido ao M\u00f3dulo I do Campeonato Mineiro, o Betim Futebol Clube deu um passo importante ao se transformar em Sociedade An\u00f4nima do Futebol (SAF) no final do \u00faltimo m\u00eas. Com o objetivo de fortalecer a equipe da Regi\u00e3o Metropolitana de Belo Horizonte, o clube agora foca nos bastidores para fechar parcerias com investidores que assumir\u00e3o a gest\u00e3o da nova SAF.<\/p>\n\n\n\n<ul class=\"wp-block-list\">\n<li><strong><a href=\"https:\/\/www.gaveanews.com\/index.php\/2024\/09\/01\/santos-recebera-bolada-por-venda-de-marcos-leonardo\/?utm_source=terra_capa_parceiros&amp;utm_medium=referral\">Santos receber\u00e1 bolada por venda de Marcos Leonardo<\/a><\/strong><\/li>\n\n\n\n<li><strong><a href=\"https:\/\/www.gaveanews.com\/index.php\/2024\/09\/01\/esse-e-o-novo-time-do-atacante-jo\/?utm_source=terra_capa_parceiros&amp;utm_medium=referral\">Esse \u00e9 o novo time do atacante J\u00f4<\/a><\/strong><\/li>\n<\/ul>\n\n\n\n<p>Entre os principais interessados na aquisi\u00e7\u00e3o de a\u00e7\u00f5es est\u00e3o os empres\u00e1rios do atacante Vitor Roque, revelado pelo Cruzeiro e atualmente no Betis, da Espanha. Al\u00e9m deles, Sandro Duarte, ex-volante campe\u00e3o da Tr\u00edplice Coroa com a Raposa em 2003, e o empres\u00e1rio Ehler Pessoa tamb\u00e9m demonstraram interesse em adquirir parte da SAF do Betim, que vem chamando a aten\u00e7\u00e3o no mercado.<\/p>\n\n\n\n<p>O Betim, al\u00e9m do recente acesso no futebol mineiro, tem despertado interesse dos investidores por conta de um ambicioso projeto de constru\u00e7\u00e3o de um est\u00e1dio pr\u00f3prio, com um or\u00e7amento estimado em R$ 70 milh\u00f5es. Esse cen\u00e1rio contribuiu para a valoriza\u00e7\u00e3o das a\u00e7\u00f5es da SAF, embora os detalhes financeiros e as porcentagens das negocia\u00e7\u00f5es estejam sendo mantidos em sigilo. A diretoria do clube planeja manter ao menos 5% das a\u00e7\u00f5es sob controle da associa\u00e7\u00e3o.<\/p>\n\n\n\n<p>Fred Pacheco, presidente do Betim, comentou sobre o processo de cria\u00e7\u00e3o da SAF e as negocia\u00e7\u00f5es em curso. &#8220;A reuni\u00e3o do conselho foi muito tranquila. A composi\u00e7\u00e3o do conselho \u00e9 pequena, e a gente j\u00e1 vinha conversando sobre a quest\u00e3o da SAF. Era uma leitura de todo mundo a necessidade disso. O conselho aprovou, est\u00e1 aprovada a cria\u00e7\u00e3o da SAF. Agora, estamos criando a modelagem de estrutura\u00e7\u00e3o dela&#8221;, explicou o dirigente.<\/p>\n\n\n\n<p>Pacheco tamb\u00e9m revelou que as conversas com os potenciais investidores est\u00e3o em est\u00e1gio avan\u00e7ado. &#8220;Os pr\u00f3ximos passos s\u00e3o os desdobramentos das conversas com os investidores interessados. A gente tem uma prefer\u00eancia, um entendimento do que a gente acha que \u00e9 o melhor caminho. Estamos em conversas com tr\u00eas grupos, que est\u00e3o em \u2018stand by\u2019 aguardando o desfecho dessa conversa inicial que a gente tem&#8221;, afirmou o presidente, demonstrando otimismo quanto ao futuro do clube.<\/p>\n\n\n\n<p>Com a transforma\u00e7\u00e3o em SAF e o interesse de nomes importantes do cen\u00e1rio esportivo, o Betim se prepara para consolidar sua posi\u00e7\u00e3o no futebol mineiro e nacional, buscando aliar tradi\u00e7\u00e3o com uma gest\u00e3o profissional para al\u00e7ar voos mais altos nos pr\u00f3ximos anos.<\/p>\n","protected":false},"excerpt":{"rendered":"<p>Promovido ao M\u00f3dulo I do Campeonato Mineiro, o Betim Futebol Clube deu um passo importante ao se transformar em Sociedade An\u00f4nima do Futebol (SAF) no final do \u00faltimo m\u00eas. Com o objetivo de fortalecer a equipe da Regi\u00e3o Metropolitana de Belo Horizonte, o clube agora foca nos bastidores para fechar parcerias com investidores que assumir\u00e3o [&hellip;]<\/p>\n","protected":false},"author":23,"featured_media":119817,"comment_status":"open","ping_status":"closed","sticky":false,"template":"","format":"standard","meta":{"footnotes":""},"categories":[78],"tags":[],"class_list":["post-163407","post","type-post","status-publish","format-standard","has-post-thumbnail","hentry","category-futebol-internacional"],"yoast_head":"<!-- This site is optimized with the Yoast SEO Premium plugin v24.2 (Yoast SEO v26.9) - https:\/\/yoast.com\/product\/yoast-seo-premium-wordpress\/ -->\n<title>Agentes de Vitor Roque discutem aquisi\u00e7\u00e3o da SAF no Brasil<\/title>\n<meta name=\"robots\" content=\"index, follow, max-snippet:-1, max-image-preview:large, max-video-preview:-1\" \/>\n<link rel=\"canonical\" href=\"https:\/\/www.gaveanews.com\/index.php\/2024\/09\/03\/agentes-de-vitor-roque-discutem-aquisicao-da-saf-no-brasil\/\" \/>\n<meta property=\"og:locale\" content=\"pt_BR\" \/>\n<meta property=\"og:type\" content=\"article\" \/>\n<meta property=\"og:title\" content=\"Agentes de Vitor Roque discutem aquisi\u00e7\u00e3o da SAF no Brasil\" \/>\n<meta property=\"og:description\" content=\"Promovido ao M\u00f3dulo I do Campeonato Mineiro, o Betim Futebol Clube deu um passo importante ao se transformar em Sociedade An\u00f4nima do Futebol (SAF) no final do \u00faltimo m\u00eas. Com o objetivo de fortalecer a equipe da Regi\u00e3o Metropolitana de Belo Horizonte, o clube agora foca nos bastidores para fechar parcerias com investidores que assumir\u00e3o [&hellip;]\" \/>\n<meta property=\"og:url\" content=\"https:\/\/www.gaveanews.com\/index.php\/2024\/09\/03\/agentes-de-vitor-roque-discutem-aquisicao-da-saf-no-brasil\/\" \/>\n<meta property=\"og:site_name\" content=\"G\u00e1vea News\" \/>\n<meta property=\"article:publisher\" content=\"https:\/\/facebook.com\/gaveaNews\/\" \/>\n<meta property=\"article:published_time\" content=\"2024-09-03T18:45:00+00:00\" \/>\n<meta property=\"og:image\" content=\"https:\/\/www.gaveanews.com\/wp-content\/uploads\/vitor_roque9_1704477867387-edited.webp\" \/>\n\t<meta property=\"og:image:width\" content=\"720\" \/>\n\t<meta property=\"og:image:height\" content=\"480\" \/>\n\t<meta property=\"og:image:type\" content=\"image\/jpeg\" \/>\n<meta name=\"author\" content=\"Leandro Azevedo\" \/>\n<meta name=\"twitter:card\" content=\"summary_large_image\" \/>\n<meta name=\"twitter:label1\" content=\"Escrito por\" \/>\n\t<meta name=\"twitter:data1\" content=\"Leandro Azevedo\" \/>\n\t<meta name=\"twitter:label2\" content=\"Est. tempo de leitura\" \/>\n\t<meta name=\"twitter:data2\" content=\"3 minutos\" \/>\n<script type=\"application\/ld+json\" class=\"yoast-schema-graph\">{\"@context\":\"https:\/\/schema.org\",\"@graph\":[{\"@type\":\"NewsArticle\",\"@id\":\"https:\/\/www.gaveanews.com\/index.php\/2024\/09\/03\/agentes-de-vitor-roque-discutem-aquisicao-da-saf-no-brasil\/#article\",\"isPartOf\":{\"@id\":\"https:\/\/www.gaveanews.com\/index.php\/2024\/09\/03\/agentes-de-vitor-roque-discutem-aquisicao-da-saf-no-brasil\/\"},\"author\":{\"name\":\"Leandro Azevedo\",\"@id\":\"https:\/\/www.gaveanews.com\/#\/schema\/person\/2877169f354c4596cf5aab74ea7c56a8\"},\"headline\":\"Agentes de Vitor Roque discutem aquisi\u00e7\u00e3o da SAF no Brasil\",\"datePublished\":\"2024-09-03T18:45:00+00:00\",\"mainEntityOfPage\":{\"@id\":\"https:\/\/www.gaveanews.com\/index.php\/2024\/09\/03\/agentes-de-vitor-roque-discutem-aquisicao-da-saf-no-brasil\/\"},\"wordCount\":452,\"commentCount\":0,\"image\":{\"@id\":\"https:\/\/www.gaveanews.com\/index.php\/2024\/09\/03\/agentes-de-vitor-roque-discutem-aquisicao-da-saf-no-brasil\/#primaryimage\"},\"thumbnailUrl\":\"https:\/\/www.gaveanews.com\/wp-content\/uploads\/vitor_roque9_1704477867387-edited.webp\",\"articleSection\":[\"Futebol Internacional\"],\"inLanguage\":\"pt-BR\",\"potentialAction\":[{\"@type\":\"CommentAction\",\"name\":\"Comment\",\"target\":[\"https:\/\/www.gaveanews.com\/index.php\/2024\/09\/03\/agentes-de-vitor-roque-discutem-aquisicao-da-saf-no-brasil\/#respond\"]}],\"copyrightYear\":\"2024\",\"copyrightHolder\":{\"@id\":\"https:\/\/www.gaveanews.com\/#organization\"}},{\"@type\":\"WebPage\",\"@id\":\"https:\/\/www.gaveanews.com\/index.php\/2024\/09\/03\/agentes-de-vitor-roque-discutem-aquisicao-da-saf-no-brasil\/\",\"url\":\"https:\/\/www.gaveanews.com\/index.php\/2024\/09\/03\/agentes-de-vitor-roque-discutem-aquisicao-da-saf-no-brasil\/\",\"name\":\"Agentes de Vitor Roque discutem aquisi\u00e7\u00e3o da SAF no Brasil\",\"isPartOf\":{\"@id\":\"https:\/\/www.gaveanews.com\/#website\"},\"primaryImageOfPage\":{\"@id\":\"https:\/\/www.gaveanews.com\/index.php\/2024\/09\/03\/agentes-de-vitor-roque-discutem-aquisicao-da-saf-no-brasil\/#primaryimage\"},\"image\":{\"@id\":\"https:\/\/www.gaveanews.com\/index.php\/2024\/09\/03\/agentes-de-vitor-roque-discutem-aquisicao-da-saf-no-brasil\/#primaryimage\"},\"thumbnailUrl\":\"https:\/\/www.gaveanews.com\/wp-content\/uploads\/vitor_roque9_1704477867387-edited.webp\",\"datePublished\":\"2024-09-03T18:45:00+00:00\",\"author\":{\"@id\":\"https:\/\/www.gaveanews.com\/#\/schema\/person\/2877169f354c4596cf5aab74ea7c56a8\"},\"breadcrumb\":{\"@id\":\"https:\/\/www.gaveanews.com\/index.php\/2024\/09\/03\/agentes-de-vitor-roque-discutem-aquisicao-da-saf-no-brasil\/#breadcrumb\"},\"inLanguage\":\"pt-BR\",\"potentialAction\":[{\"@type\":\"ReadAction\",\"target\":[\"https:\/\/www.gaveanews.com\/index.php\/2024\/09\/03\/agentes-de-vitor-roque-discutem-aquisicao-da-saf-no-brasil\/\"]}]},{\"@type\":\"ImageObject\",\"inLanguage\":\"pt-BR\",\"@id\":\"https:\/\/www.gaveanews.com\/index.php\/2024\/09\/03\/agentes-de-vitor-roque-discutem-aquisicao-da-saf-no-brasil\/#primaryimage\",\"url\":\"https:\/\/www.gaveanews.com\/wp-content\/uploads\/vitor_roque9_1704477867387-edited.webp\",\"contentUrl\":\"https:\/\/www.gaveanews.com\/wp-content\/uploads\/vitor_roque9_1704477867387-edited.webp\",\"width\":720,\"height\":480,\"caption\":\"Vitor Roque em a\u00e7\u00e3o pela sele\u00e7\u00e3o do Brasil (Foto: Reprodu\u00e7\u00e3o\/Instagram)\"},{\"@type\":\"BreadcrumbList\",\"@id\":\"https:\/\/www.gaveanews.com\/index.php\/2024\/09\/03\/agentes-de-vitor-roque-discutem-aquisicao-da-saf-no-brasil\/#breadcrumb\",\"itemListElement\":[{\"@type\":\"ListItem\",\"position\":1,\"name\":\"Home\",\"item\":\"https:\/\/www.gaveanews.com\/\"},{\"@type\":\"ListItem\",\"position\":2,\"name\":\"Agentes de Vitor Roque discutem aquisi\u00e7\u00e3o da SAF no Brasil\"}]},{\"@type\":\"WebSite\",\"@id\":\"https:\/\/www.gaveanews.com\/#website\",\"url\":\"https:\/\/www.gaveanews.com\/\",\"name\":\"G\u00e1vea News\",\"description\":\"Veja todas as not\u00edcias sobre o Flamengo: Contrata\u00e7\u00f5es, categorias de base, resultados das partidas, tabela de classifica\u00e7\u00e3o, pr\u00f3ximos jogos!\",\"potentialAction\":[{\"@type\":\"SearchAction\",\"target\":{\"@type\":\"EntryPoint\",\"urlTemplate\":\"https:\/\/www.gaveanews.com\/?s={search_term_string}\"},\"query-input\":{\"@type\":\"PropertyValueSpecification\",\"valueRequired\":true,\"valueName\":\"search_term_string\"}}],\"inLanguage\":\"pt-BR\"},{\"@type\":\"Person\",\"@id\":\"https:\/\/www.gaveanews.com\/#\/schema\/person\/2877169f354c4596cf5aab74ea7c56a8\",\"name\":\"Leandro Azevedo\",\"image\":{\"@type\":\"ImageObject\",\"inLanguage\":\"pt-BR\",\"@id\":\"https:\/\/www.gaveanews.com\/#\/schema\/person\/image\/\",\"url\":\"https:\/\/secure.gravatar.com\/avatar\/e2f72eb6d986a41d592a85e4e36a6c6170e9ea8a1f433dfc29d0011a8968f89c?s=96&d=mm&r=g\",\"contentUrl\":\"https:\/\/secure.gravatar.com\/avatar\/e2f72eb6d986a41d592a85e4e36a6c6170e9ea8a1f433dfc29d0011a8968f89c?s=96&d=mm&r=g\",\"caption\":\"Leandro Azevedo\"}}]}<\/script>\n<!-- \/ Yoast SEO Premium plugin. -->","yoast_head_json":{"title":"Agentes de Vitor Roque discutem aquisi\u00e7\u00e3o da SAF no Brasil","robots":{"index":"index","follow":"follow","max-snippet":"max-snippet:-1","max-image-preview":"max-image-preview:large","max-video-preview":"max-video-preview:-1"},"canonical":"https:\/\/www.gaveanews.com\/index.php\/2024\/09\/03\/agentes-de-vitor-roque-discutem-aquisicao-da-saf-no-brasil\/","og_locale":"pt_BR","og_type":"article","og_title":"Agentes de Vitor Roque discutem aquisi\u00e7\u00e3o da SAF no Brasil","og_description":"Promovido ao M\u00f3dulo I do Campeonato Mineiro, o Betim Futebol Clube deu um passo importante ao se transformar em Sociedade An\u00f4nima do Futebol (SAF) no final do \u00faltimo m\u00eas. Com o objetivo de fortalecer a equipe da Regi\u00e3o Metropolitana de Belo Horizonte, o clube agora foca nos bastidores para fechar parcerias com investidores que assumir\u00e3o [&hellip;]","og_url":"https:\/\/www.gaveanews.com\/index.php\/2024\/09\/03\/agentes-de-vitor-roque-discutem-aquisicao-da-saf-no-brasil\/","og_site_name":"G\u00e1vea News","article_publisher":"https:\/\/facebook.com\/gaveaNews\/","article_published_time":"2024-09-03T18:45:00+00:00","og_image":[{"width":720,"height":480,"url":"https:\/\/www.gaveanews.com\/wp-content\/uploads\/vitor_roque9_1704477867387-edited.webp","type":"image\/jpeg"}],"author":"Leandro Azevedo","twitter_card":"summary_large_image","twitter_misc":{"Escrito por":"Leandro Azevedo","Est. tempo de leitura":"3 minutos"},"schema":{"@context":"https:\/\/schema.org","@graph":[{"@type":"NewsArticle","@id":"https:\/\/www.gaveanews.com\/index.php\/2024\/09\/03\/agentes-de-vitor-roque-discutem-aquisicao-da-saf-no-brasil\/#article","isPartOf":{"@id":"https:\/\/www.gaveanews.com\/index.php\/2024\/09\/03\/agentes-de-vitor-roque-discutem-aquisicao-da-saf-no-brasil\/"},"author":{"name":"Leandro Azevedo","@id":"https:\/\/www.gaveanews.com\/#\/schema\/person\/2877169f354c4596cf5aab74ea7c56a8"},"headline":"Agentes de Vitor Roque discutem aquisi\u00e7\u00e3o da SAF no Brasil","datePublished":"2024-09-03T18:45:00+00:00","mainEntityOfPage":{"@id":"https:\/\/www.gaveanews.com\/index.php\/2024\/09\/03\/agentes-de-vitor-roque-discutem-aquisicao-da-saf-no-brasil\/"},"wordCount":452,"commentCount":0,"image":{"@id":"https:\/\/www.gaveanews.com\/index.php\/2024\/09\/03\/agentes-de-vitor-roque-discutem-aquisicao-da-saf-no-brasil\/#primaryimage"},"thumbnailUrl":"https:\/\/www.gaveanews.com\/wp-content\/uploads\/vitor_roque9_1704477867387-edited.webp","articleSection":["Futebol Internacional"],"inLanguage":"pt-BR","potentialAction":[{"@type":"CommentAction","name":"Comment","target":["https:\/\/www.gaveanews.com\/index.php\/2024\/09\/03\/agentes-de-vitor-roque-discutem-aquisicao-da-saf-no-brasil\/#respond"]}],"copyrightYear":"2024","copyrightHolder":{"@id":"https:\/\/www.gaveanews.com\/#organization"}},{"@type":"WebPage","@id":"https:\/\/www.gaveanews.com\/index.php\/2024\/09\/03\/agentes-de-vitor-roque-discutem-aquisicao-da-saf-no-brasil\/","url":"https:\/\/www.gaveanews.com\/index.php\/2024\/09\/03\/agentes-de-vitor-roque-discutem-aquisicao-da-saf-no-brasil\/","name":"Agentes de Vitor Roque discutem aquisi\u00e7\u00e3o da SAF no Brasil","isPartOf":{"@id":"https:\/\/www.gaveanews.com\/#website"},"primaryImageOfPage":{"@id":"https:\/\/www.gaveanews.com\/index.php\/2024\/09\/03\/agentes-de-vitor-roque-discutem-aquisicao-da-saf-no-brasil\/#primaryimage"},"image":{"@id":"https:\/\/www.gaveanews.com\/index.php\/2024\/09\/03\/agentes-de-vitor-roque-discutem-aquisicao-da-saf-no-brasil\/#primaryimage"},"thumbnailUrl":"https:\/\/www.gaveanews.com\/wp-content\/uploads\/vitor_roque9_1704477867387-edited.webp","datePublished":"2024-09-03T18:45:00+00:00","author":{"@id":"https:\/\/www.gaveanews.com\/#\/schema\/person\/2877169f354c4596cf5aab74ea7c56a8"},"breadcrumb":{"@id":"https:\/\/www.gaveanews.com\/index.php\/2024\/09\/03\/agentes-de-vitor-roque-discutem-aquisicao-da-saf-no-brasil\/#breadcrumb"},"inLanguage":"pt-BR","potentialAction":[{"@type":"ReadAction","target":["https:\/\/www.gaveanews.com\/index.php\/2024\/09\/03\/agentes-de-vitor-roque-discutem-aquisicao-da-saf-no-brasil\/"]}]},{"@type":"ImageObject","inLanguage":"pt-BR","@id":"https:\/\/www.gaveanews.com\/index.php\/2024\/09\/03\/agentes-de-vitor-roque-discutem-aquisicao-da-saf-no-brasil\/#primaryimage","url":"https:\/\/www.gaveanews.com\/wp-content\/uploads\/vitor_roque9_1704477867387-edited.webp","contentUrl":"https:\/\/www.gaveanews.com\/wp-content\/uploads\/vitor_roque9_1704477867387-edited.webp","width":720,"height":480,"caption":"Vitor Roque em a\u00e7\u00e3o pela sele\u00e7\u00e3o do Brasil (Foto: Reprodu\u00e7\u00e3o\/Instagram)"},{"@type":"BreadcrumbList","@id":"https:\/\/www.gaveanews.com\/index.php\/2024\/09\/03\/agentes-de-vitor-roque-discutem-aquisicao-da-saf-no-brasil\/#breadcrumb","itemListElement":[{"@type":"ListItem","position":1,"name":"Home","item":"https:\/\/www.gaveanews.com\/"},{"@type":"ListItem","position":2,"name":"Agentes de Vitor Roque discutem aquisi\u00e7\u00e3o da SAF no Brasil"}]},{"@type":"WebSite","@id":"https:\/\/www.gaveanews.com\/#website","url":"https:\/\/www.gaveanews.com\/","name":"G\u00e1vea News","description":"Veja todas as not\u00edcias sobre o Flamengo: Contrata\u00e7\u00f5es, categorias de base, resultados das partidas, tabela de classifica\u00e7\u00e3o, pr\u00f3ximos jogos!","potentialAction":[{"@type":"SearchAction","target":{"@type":"EntryPoint","urlTemplate":"https:\/\/www.gaveanews.com\/?s={search_term_string}"},"query-input":{"@type":"PropertyValueSpecification","valueRequired":true,"valueName":"search_term_string"}}],"inLanguage":"pt-BR"},{"@type":"Person","@id":"https:\/\/www.gaveanews.com\/#\/schema\/person\/2877169f354c4596cf5aab74ea7c56a8","name":"Leandro Azevedo","image":{"@type":"ImageObject","inLanguage":"pt-BR","@id":"https:\/\/www.gaveanews.com\/#\/schema\/person\/image\/","url":"https:\/\/secure.gravatar.com\/avatar\/e2f72eb6d986a41d592a85e4e36a6c6170e9ea8a1f433dfc29d0011a8968f89c?s=96&d=mm&r=g","contentUrl":"https:\/\/secure.gravatar.com\/avatar\/e2f72eb6d986a41d592a85e4e36a6c6170e9ea8a1f433dfc29d0011a8968f89c?s=96&d=mm&r=g","caption":"Leandro Azevedo"}}]}},"_links":{"self":[{"href":"https:\/\/www.gaveanews.com\/index.php\/wp-json\/wp\/v2\/posts\/163407","targetHints":{"allow":["GET"]}}],"collection":[{"href":"https:\/\/www.gaveanews.com\/index.php\/wp-json\/wp\/v2\/posts"}],"about":[{"href":"https:\/\/www.gaveanews.com\/index.php\/wp-json\/wp\/v2\/types\/post"}],"author":[{"embeddable":true,"href":"https:\/\/www.gaveanews.com\/index.php\/wp-json\/wp\/v2\/users\/23"}],"replies":[{"embeddable":true,"href":"https:\/\/www.gaveanews.com\/index.php\/wp-json\/wp\/v2\/comments?post=163407"}],"version-history":[{"count":2,"href":"https:\/\/www.gaveanews.com\/index.php\/wp-json\/wp\/v2\/posts\/163407\/revisions"}],"predecessor-version":[{"id":163575,"href":"https:\/\/www.gaveanews.com\/index.php\/wp-json\/wp\/v2\/posts\/163407\/revisions\/163575"}],"wp:featuredmedia":[{"embeddable":true,"href":"https:\/\/www.gaveanews.com\/index.php\/wp-json\/wp\/v2\/media\/119817"}],"wp:attachment":[{"href":"https:\/\/www.gaveanews.com\/index.php\/wp-json\/wp\/v2\/media?parent=163407"}],"wp:term":[{"taxonomy":"category","embeddable":true,"href":"https:\/\/www.gaveanews.com\/index.php\/wp-json\/wp\/v2\/categories?post=163407"},{"taxonomy":"post_tag","embeddable":true,"href":"https:\/\/www.gaveanews.com\/index.php\/wp-json\/wp\/v2\/tags?post=163407"}],"curies":[{"name":"wp","href":"https:\/\/api.w.org\/{rel}","templated":true}]}}