{"id":163446,"date":"2024-09-03T06:15:00","date_gmt":"2024-09-03T09:15:00","guid":{"rendered":"https:\/\/www.gaveanews.com\/?p=163446"},"modified":"2024-09-02T17:36:12","modified_gmt":"2024-09-02T20:36:12","slug":"zico-se-posiciona-sobre-eleicao-gabigol-emite-nota-oficial-e-tite-fala-do-corinthians-veja-as-ultimas-noticias-do-flamengo","status":"publish","type":"post","link":"https:\/\/www.gaveanews.com\/index.php\/2024\/09\/03\/zico-se-posiciona-sobre-eleicao-gabigol-emite-nota-oficial-e-tite-fala-do-corinthians-veja-as-ultimas-noticias-do-flamengo\/","title":{"rendered":"Zico se posiciona sobre elei\u00e7\u00e3o, Gabigol emite nota oficial e Tite fala do Corinthians: veja as \u00faltimas not\u00edcias do Flamengo"},"content":{"rendered":"\n<p>Nas \u00faltimas horas, o foco das not\u00edcias sobre o Flamengo se concentra nos bastidores do clube, com destaques como Zico se posicionando sobre a elei\u00e7\u00e3o do clube e Tite falando do Corinthians.<\/p>\n\n\n\n<p>Por conta deste contexto, leia abaixo um resumo preparado pela equipe do portal G\u00e1vea News para lhe manter muito bem informado!<\/p>\n\n\n\n<h2 class=\"wp-block-heading\" id=\"h-gabigol-emite-nota-oficial\">Gabigol emite nota oficial<\/h2>\n\n\n\n<figure class=\"wp-block-image size-full\"><img loading=\"lazy\" decoding=\"async\" width=\"640\" height=\"400\" src=\"https:\/\/www.gaveanews.com\/wp-content\/uploads\/gabigol-treino-flamengo.webp\" alt=\"\" class=\"wp-image-142381\" srcset=\"https:\/\/www.gaveanews.com\/wp-content\/uploads\/gabigol-treino-flamengo.webp 640w, https:\/\/www.gaveanews.com\/wp-content\/uploads\/gabigol-treino-flamengo-300x188.webp 300w, https:\/\/www.gaveanews.com\/wp-content\/uploads\/gabigol-treino-flamengo-100x63.webp 100w\" sizes=\"auto, (max-width: 640px) 100vw, 640px\" \/><figcaption class=\"wp-element-caption\">Gabigol participa de treino do Flamengo (Foto: Divulga\u00e7\u00e3o\/Flamengo)<\/figcaption><\/figure>\n\n\n\n<p>Gabigol, atacante do Flamengo, encerrou uma longa e significativa parceria com a Nike, que durou mais de dez anos. Durante esse per\u00edodo, o jogador destacou os momentos marcantes, como a conquista das Libertadores e do ouro ol\u00edmpico, e expressou sua gratid\u00e3o nas redes sociais. A colabora\u00e7\u00e3o foi fundamental para o desenvolvimento de Gabigol, especialmente nas suas temporadas vitoriosas pelo Flamengo. <a href=\"https:\/\/www.gaveanews.com\/index.php\/2024\/09\/02\/gabigol-emite-nota-oficial-e-informa-atitude-importante-fora-dos-gramados\/\"><strong>(clique aqui e leia mais)<\/strong><\/a><\/p>\n\n\n\n<p>Atualmente, Gabigol est\u00e1 na fase final de recupera\u00e7\u00e3o de uma les\u00e3o muscular na coxa que o afastou dos gramados desde 15 de agosto. Ap\u00f3s retomar os treinos em 26 de agosto, ele deve estar dispon\u00edvel para o jogo contra o Bahia, marcado para 12 de setembro, pelo Maracan\u00e3. Este jogo \u00e9 visto como uma oportunidade para o atacante retomar o seu melhor n\u00edvel de desempenho ap\u00f3s o per\u00edodo de inatividade.<\/p>\n\n\n\n<p>Al\u00e9m das mudan\u00e7as em sua carreira profissional, Gabigol recentemente apagou todas as fotos de seu perfil no Instagram, o que gerou especula\u00e7\u00f5es sobre seu futuro. Ele voltou a postar em 30 de agosto para celebrar seu anivers\u00e1rio de 28 anos. O Flamengo est\u00e1 se preparando para o confronto contra o Bahia, e o retorno de Gabigol marcar\u00e1 o in\u00edcio de um novo cap\u00edtulo em sua carreira, agora em busca de um novo patrocinador.<\/p>\n\n\n\n<h2 class=\"wp-block-heading\" id=\"h-zico-se-posiciona-sobre-eleicao\">Zico se posiciona sobre elei\u00e7\u00e3o<\/h2>\n\n\n\n<figure class=\"wp-block-image size-large\"><img loading=\"lazy\" decoding=\"async\" width=\"1024\" height=\"935\" src=\"https:\/\/www.gaveanews.com\/wp-content\/uploads\/Zico-em-ensaio-fotografico-na-Gavea-1024x935.webp\" alt=\"\" class=\"wp-image-58553\" srcset=\"https:\/\/www.gaveanews.com\/wp-content\/uploads\/Zico-em-ensaio-fotografico-na-Gavea-1024x935.webp 1024w, https:\/\/www.gaveanews.com\/wp-content\/uploads\/Zico-em-ensaio-fotografico-na-Gavea-300x274.webp 300w, https:\/\/www.gaveanews.com\/wp-content\/uploads\/Zico-em-ensaio-fotografico-na-Gavea-768x701.webp 768w, https:\/\/www.gaveanews.com\/wp-content\/uploads\/Zico-em-ensaio-fotografico-na-Gavea-460x420.webp 460w, https:\/\/www.gaveanews.com\/wp-content\/uploads\/Zico-em-ensaio-fotografico-na-Gavea-920x840.webp 920w, https:\/\/www.gaveanews.com\/wp-content\/uploads\/Zico-em-ensaio-fotografico-na-Gavea-640x584.webp 640w, https:\/\/www.gaveanews.com\/wp-content\/uploads\/Zico-em-ensaio-fotografico-na-Gavea-681x622.webp 681w, https:\/\/www.gaveanews.com\/wp-content\/uploads\/Zico-em-ensaio-fotografico-na-Gavea-100x91.webp 100w, https:\/\/www.gaveanews.com\/wp-content\/uploads\/Zico-em-ensaio-fotografico-na-Gavea.webp 1058w\" sizes=\"auto, (max-width: 1024px) 100vw, 1024px\" \/><figcaption class=\"wp-element-caption\">Zico em ensaio fotogr\u00e1fico na G\u00e1vea (Foto: Alexandre Vidal\/Flamengo)<\/figcaption><\/figure>\n\n\n\n<p>Zico, o maior \u00eddolo da hist\u00f3ria do Flamengo, manifestou seu apoio a Luiz Eduardo Baptista, conhecido como Bap, para as elei\u00e7\u00f5es presidenciais do clube no final deste ano. Em uma entrevista ao podcast &#8220;S\u00f3 se for agora&#8221;, o eterno Camisa 10 revelou seu voto no candidato, destacando a confian\u00e7a e gratid\u00e3o que sente por Bap. Zico elogiou o empres\u00e1rio, ressaltando sua lealdade, integridade e contribui\u00e7\u00e3o significativa para o Flamengo desde 2012. <a href=\"https:\/\/www.gaveanews.com\/index.php\/2024\/09\/02\/novo-presidente-do-flamengo-zico-aponta-seu-nome-favorito\/\"><strong>(clique aqui e leia mais)<\/strong><\/a><\/p>\n\n\n\n<p>Bap, um dos fundadores da Chapa Azul, desempenhou pap\u00e9is importantes como vice-presidente em diferentes \u00e1reas nas gest\u00f5es de Eduardo Bandeira de Mello e Rodolfo Landim, e atualmente preside o Conselho de Administra\u00e7\u00e3o do clube. A Chapa Azul, criada em 2012, foi respons\u00e1vel pela implementa\u00e7\u00e3o de um plano de reestrutura\u00e7\u00e3o financeira que trouxe grandes mudan\u00e7as para o Flamengo.<\/p>\n\n\n\n<p>Al\u00e9m do respaldo de figuras pol\u00edticas influentes dentro do Flamengo, incluindo ex-vice-presidentes e membros da antiga diretoria, o apoio de Zico pode influenciar significativamente a elei\u00e7\u00e3o. A expectativa \u00e9 que a declara\u00e7\u00e3o de apoio do \u00eddolo rubro-negro atraia mais eleitores para Bap, impactando o cen\u00e1rio eleitoral e potencialmente aumentando suas chances de vit\u00f3ria.<\/p>\n\n\n\n<h2 class=\"wp-block-heading\" id=\"h-tite-fala-do-corinthians\">Tite fala do Corinthians<\/h2>\n\n\n\n<figure class=\"wp-block-image size-full\"><img loading=\"lazy\" decoding=\"async\" width=\"900\" height=\"599\" src=\"https:\/\/www.gaveanews.com\/wp-content\/uploads\/tite-flamengo-coletiva-entrevista.webp\" alt=\"\" class=\"wp-image-108381\" srcset=\"https:\/\/www.gaveanews.com\/wp-content\/uploads\/tite-flamengo-coletiva-entrevista.webp 900w, https:\/\/www.gaveanews.com\/wp-content\/uploads\/tite-flamengo-coletiva-entrevista-300x200.webp 300w, https:\/\/www.gaveanews.com\/wp-content\/uploads\/tite-flamengo-coletiva-entrevista-768x511.webp 768w, https:\/\/www.gaveanews.com\/wp-content\/uploads\/tite-flamengo-coletiva-entrevista-631x420.webp 631w, https:\/\/www.gaveanews.com\/wp-content\/uploads\/tite-flamengo-coletiva-entrevista-640x426.webp 640w, https:\/\/www.gaveanews.com\/wp-content\/uploads\/tite-flamengo-coletiva-entrevista-681x453.webp 681w, https:\/\/www.gaveanews.com\/wp-content\/uploads\/tite-flamengo-coletiva-entrevista-100x67.webp 100w\" sizes=\"auto, (max-width: 900px) 100vw, 900px\" \/><figcaption class=\"wp-element-caption\">Tite concede entrevista coletiva pelo Flamengo (Foto: Marcelo Cortes\/Flamengo)<\/figcaption><\/figure>\n\n\n\n<p>No \u00faltimo domingo (1\u00ba de setembro), o Flamengo enfrentou o Corinthians na Neo Qu\u00edmica Arena pela 25\u00aa rodada do Campeonato Brasileiro. O Corinthians saiu vitorioso por 2 a 1, o que ampliou a dist\u00e2ncia do Flamengo para a lideran\u00e7a do campeonato, agora a seis pontos do primeiro colocado. A vit\u00f3ria corintiana foi marcada por um confronto emocionante, com o Corinthians abrindo o placar aos 26 minutos com Talles Magno e o Flamengo empatando antes do intervalo com um p\u00eanalti convertido por Pedro. No segundo tempo, Romero garantiu a vit\u00f3ria para o time da casa. <a href=\"https:\/\/www.gaveanews.com\/index.php\/2024\/09\/02\/a-declaracao-de-tite-direcionada-a-torcida-do-corinthians\/\"><strong>(clique aqui e leia mais)<\/strong><\/a><\/p>\n\n\n\n<p>O jogo tamb\u00e9m foi significativo para o t\u00e9cnico Tite, atual comandante do Flamengo, que retornou \u00e0 Neo Qu\u00edmica Arena, onde \u00e9 considerado uma lenda por seus feitos passados. Tite foi recebido com vaias e xingamentos pela torcida corintiana, o que gerou uma rea\u00e7\u00e3o forte do treinador em sua coletiva p\u00f3s-jogo. Ele expressou seu orgulho de treinar o Flamengo e destacou que, apesar da hostilidade, continua a nutrir gratid\u00e3o pelo Corinthians. Tite pediu respeito, especialmente em rela\u00e7\u00e3o \u00e0 sua m\u00e3e, que j\u00e1 faleceu, e pediu que os ataques n\u00e3o ofusquem a grandeza da torcida corintiana.<\/p>\n\n\n\n<p>Ap\u00f3s a pausa para a Data Fifa, o Flamengo se prepara para importantes compromissos. No dia 12 de setembro, enfrentar\u00e1 o Bahia no Maracan\u00e3 nas quartas de final da Copa do Brasil, e no dia 15 de setembro, tamb\u00e9m no Maracan\u00e3, ter\u00e1 o Cl\u00e1ssico dos Milh\u00f5es contra o Vasco pelo Brasileir\u00e3o. O time rubro-negro busca se recuperar e manter o foco em seus objetivos na temporada.<\/p>\n","protected":false},"excerpt":{"rendered":"<p>Nas \u00faltimas horas, o foco das not\u00edcias sobre o Flamengo se concentra nos bastidores do clube, com destaques como Zico se posicionando sobre a elei\u00e7\u00e3o do clube e Tite falando do Corinthians. Por conta deste contexto, leia abaixo um resumo preparado pela equipe do portal G\u00e1vea News para lhe manter muito bem informado! Gabigol emite [&hellip;]<\/p>\n","protected":false},"author":15,"featured_media":131937,"comment_status":"open","ping_status":"closed","sticky":false,"template":"","format":"standard","meta":{"footnotes":""},"categories":[1],"tags":[],"class_list":["post-163446","post","type-post","status-publish","format-standard","has-post-thumbnail","hentry","category-flamengo"],"yoast_head":"<!-- This site is optimized with the Yoast SEO Premium plugin v24.2 (Yoast SEO v26.9) - https:\/\/yoast.com\/product\/yoast-seo-premium-wordpress\/ -->\n<title>Zico se posiciona sobre elei\u00e7\u00e3o, Gabigol emite nota oficial e Tite fala do Corinthians: veja as \u00faltimas not\u00edcias do Flamengo<\/title>\n<meta name=\"robots\" content=\"index, follow, max-snippet:-1, max-image-preview:large, max-video-preview:-1\" \/>\n<link rel=\"canonical\" href=\"https:\/\/www.gaveanews.com\/index.php\/2024\/09\/03\/zico-se-posiciona-sobre-eleicao-gabigol-emite-nota-oficial-e-tite-fala-do-corinthians-veja-as-ultimas-noticias-do-flamengo\/\" \/>\n<meta property=\"og:locale\" content=\"pt_BR\" \/>\n<meta property=\"og:type\" content=\"article\" \/>\n<meta property=\"og:title\" content=\"Zico se posiciona sobre elei\u00e7\u00e3o, Gabigol emite nota oficial e Tite fala do Corinthians: veja as \u00faltimas not\u00edcias do Flamengo\" \/>\n<meta property=\"og:description\" content=\"Nas \u00faltimas horas, o foco das not\u00edcias sobre o Flamengo se concentra nos bastidores do clube, com destaques como Zico se posicionando sobre a elei\u00e7\u00e3o do clube e Tite falando do Corinthians. Por conta deste contexto, leia abaixo um resumo preparado pela equipe do portal G\u00e1vea News para lhe manter muito bem informado! Gabigol emite [&hellip;]\" \/>\n<meta property=\"og:url\" content=\"https:\/\/www.gaveanews.com\/index.php\/2024\/09\/03\/zico-se-posiciona-sobre-eleicao-gabigol-emite-nota-oficial-e-tite-fala-do-corinthians-veja-as-ultimas-noticias-do-flamengo\/\" \/>\n<meta property=\"og:site_name\" content=\"G\u00e1vea News\" \/>\n<meta property=\"article:publisher\" content=\"https:\/\/facebook.com\/gaveaNews\/\" \/>\n<meta property=\"article:published_time\" content=\"2024-09-03T09:15:00+00:00\" \/>\n<meta property=\"og:image\" content=\"https:\/\/www.gaveanews.com\/wp-content\/uploads\/Zico-ex-jogador-e-idolo-do-Flamengo.webp\" \/>\n\t<meta property=\"og:image:width\" content=\"620\" \/>\n\t<meta property=\"og:image:height\" content=\"349\" \/>\n\t<meta property=\"og:image:type\" content=\"image\/webp\" \/>\n<meta name=\"author\" content=\"Henrique Machado\" \/>\n<meta name=\"twitter:card\" content=\"summary_large_image\" \/>\n<meta name=\"twitter:label1\" content=\"Escrito por\" \/>\n\t<meta name=\"twitter:data1\" content=\"Henrique Machado\" \/>\n\t<meta name=\"twitter:label2\" content=\"Est. tempo de leitura\" \/>\n\t<meta name=\"twitter:data2\" content=\"5 minutos\" \/>\n<script type=\"application\/ld+json\" class=\"yoast-schema-graph\">{\"@context\":\"https:\/\/schema.org\",\"@graph\":[{\"@type\":\"NewsArticle\",\"@id\":\"https:\/\/www.gaveanews.com\/index.php\/2024\/09\/03\/zico-se-posiciona-sobre-eleicao-gabigol-emite-nota-oficial-e-tite-fala-do-corinthians-veja-as-ultimas-noticias-do-flamengo\/#article\",\"isPartOf\":{\"@id\":\"https:\/\/www.gaveanews.com\/index.php\/2024\/09\/03\/zico-se-posiciona-sobre-eleicao-gabigol-emite-nota-oficial-e-tite-fala-do-corinthians-veja-as-ultimas-noticias-do-flamengo\/\"},\"author\":{\"name\":\"Henrique Machado\",\"@id\":\"https:\/\/www.gaveanews.com\/#\/schema\/person\/fd07635ec039ec3ba74ad18ec8a6dbd6\"},\"headline\":\"Zico se posiciona sobre elei\u00e7\u00e3o, Gabigol emite nota oficial e Tite fala do Corinthians: veja as \u00faltimas not\u00edcias do Flamengo\",\"datePublished\":\"2024-09-03T09:15:00+00:00\",\"mainEntityOfPage\":{\"@id\":\"https:\/\/www.gaveanews.com\/index.php\/2024\/09\/03\/zico-se-posiciona-sobre-eleicao-gabigol-emite-nota-oficial-e-tite-fala-do-corinthians-veja-as-ultimas-noticias-do-flamengo\/\"},\"wordCount\":813,\"commentCount\":0,\"image\":{\"@id\":\"https:\/\/www.gaveanews.com\/index.php\/2024\/09\/03\/zico-se-posiciona-sobre-eleicao-gabigol-emite-nota-oficial-e-tite-fala-do-corinthians-veja-as-ultimas-noticias-do-flamengo\/#primaryimage\"},\"thumbnailUrl\":\"https:\/\/www.gaveanews.com\/wp-content\/uploads\/Zico-ex-jogador-e-idolo-do-Flamengo.webp\",\"articleSection\":[\"Flamengo\"],\"inLanguage\":\"pt-BR\",\"potentialAction\":[{\"@type\":\"CommentAction\",\"name\":\"Comment\",\"target\":[\"https:\/\/www.gaveanews.com\/index.php\/2024\/09\/03\/zico-se-posiciona-sobre-eleicao-gabigol-emite-nota-oficial-e-tite-fala-do-corinthians-veja-as-ultimas-noticias-do-flamengo\/#respond\"]}],\"copyrightYear\":\"2024\",\"copyrightHolder\":{\"@id\":\"https:\/\/www.gaveanews.com\/#organization\"}},{\"@type\":\"WebPage\",\"@id\":\"https:\/\/www.gaveanews.com\/index.php\/2024\/09\/03\/zico-se-posiciona-sobre-eleicao-gabigol-emite-nota-oficial-e-tite-fala-do-corinthians-veja-as-ultimas-noticias-do-flamengo\/\",\"url\":\"https:\/\/www.gaveanews.com\/index.php\/2024\/09\/03\/zico-se-posiciona-sobre-eleicao-gabigol-emite-nota-oficial-e-tite-fala-do-corinthians-veja-as-ultimas-noticias-do-flamengo\/\",\"name\":\"Zico se posiciona sobre elei\u00e7\u00e3o, Gabigol emite nota oficial e Tite fala do Corinthians: veja as \u00faltimas not\u00edcias do Flamengo\",\"isPartOf\":{\"@id\":\"https:\/\/www.gaveanews.com\/#website\"},\"primaryImageOfPage\":{\"@id\":\"https:\/\/www.gaveanews.com\/index.php\/2024\/09\/03\/zico-se-posiciona-sobre-eleicao-gabigol-emite-nota-oficial-e-tite-fala-do-corinthians-veja-as-ultimas-noticias-do-flamengo\/#primaryimage\"},\"image\":{\"@id\":\"https:\/\/www.gaveanews.com\/index.php\/2024\/09\/03\/zico-se-posiciona-sobre-eleicao-gabigol-emite-nota-oficial-e-tite-fala-do-corinthians-veja-as-ultimas-noticias-do-flamengo\/#primaryimage\"},\"thumbnailUrl\":\"https:\/\/www.gaveanews.com\/wp-content\/uploads\/Zico-ex-jogador-e-idolo-do-Flamengo.webp\",\"datePublished\":\"2024-09-03T09:15:00+00:00\",\"author\":{\"@id\":\"https:\/\/www.gaveanews.com\/#\/schema\/person\/fd07635ec039ec3ba74ad18ec8a6dbd6\"},\"breadcrumb\":{\"@id\":\"https:\/\/www.gaveanews.com\/index.php\/2024\/09\/03\/zico-se-posiciona-sobre-eleicao-gabigol-emite-nota-oficial-e-tite-fala-do-corinthians-veja-as-ultimas-noticias-do-flamengo\/#breadcrumb\"},\"inLanguage\":\"pt-BR\",\"potentialAction\":[{\"@type\":\"ReadAction\",\"target\":[\"https:\/\/www.gaveanews.com\/index.php\/2024\/09\/03\/zico-se-posiciona-sobre-eleicao-gabigol-emite-nota-oficial-e-tite-fala-do-corinthians-veja-as-ultimas-noticias-do-flamengo\/\"]}]},{\"@type\":\"ImageObject\",\"inLanguage\":\"pt-BR\",\"@id\":\"https:\/\/www.gaveanews.com\/index.php\/2024\/09\/03\/zico-se-posiciona-sobre-eleicao-gabigol-emite-nota-oficial-e-tite-fala-do-corinthians-veja-as-ultimas-noticias-do-flamengo\/#primaryimage\",\"url\":\"https:\/\/www.gaveanews.com\/wp-content\/uploads\/Zico-ex-jogador-e-idolo-do-Flamengo.webp\",\"contentUrl\":\"https:\/\/www.gaveanews.com\/wp-content\/uploads\/Zico-ex-jogador-e-idolo-do-Flamengo.webp\",\"width\":620,\"height\":349,\"caption\":\"Zico, ex-jogador do Flamengo (Foto: Andr\u00e9 Dur\u00e3o \/ Globoesporte.com)\"},{\"@type\":\"BreadcrumbList\",\"@id\":\"https:\/\/www.gaveanews.com\/index.php\/2024\/09\/03\/zico-se-posiciona-sobre-eleicao-gabigol-emite-nota-oficial-e-tite-fala-do-corinthians-veja-as-ultimas-noticias-do-flamengo\/#breadcrumb\",\"itemListElement\":[{\"@type\":\"ListItem\",\"position\":1,\"name\":\"Home\",\"item\":\"https:\/\/www.gaveanews.com\/\"},{\"@type\":\"ListItem\",\"position\":2,\"name\":\"Zico se posiciona sobre elei\u00e7\u00e3o, Gabigol emite nota oficial e Tite fala do Corinthians: veja as \u00faltimas not\u00edcias do Flamengo\"}]},{\"@type\":\"WebSite\",\"@id\":\"https:\/\/www.gaveanews.com\/#website\",\"url\":\"https:\/\/www.gaveanews.com\/\",\"name\":\"G\u00e1vea News\",\"description\":\"Veja todas as not\u00edcias sobre o Flamengo: Contrata\u00e7\u00f5es, categorias de base, resultados das partidas, tabela de classifica\u00e7\u00e3o, pr\u00f3ximos jogos!\",\"potentialAction\":[{\"@type\":\"SearchAction\",\"target\":{\"@type\":\"EntryPoint\",\"urlTemplate\":\"https:\/\/www.gaveanews.com\/?s={search_term_string}\"},\"query-input\":{\"@type\":\"PropertyValueSpecification\",\"valueRequired\":true,\"valueName\":\"search_term_string\"}}],\"inLanguage\":\"pt-BR\"},{\"@type\":\"Person\",\"@id\":\"https:\/\/www.gaveanews.com\/#\/schema\/person\/fd07635ec039ec3ba74ad18ec8a6dbd6\",\"name\":\"Henrique Machado\",\"image\":{\"@type\":\"ImageObject\",\"inLanguage\":\"pt-BR\",\"@id\":\"https:\/\/www.gaveanews.com\/#\/schema\/person\/image\/\",\"url\":\"https:\/\/secure.gravatar.com\/avatar\/b95e35997e01d9800c1b6184bd79d4d898d370a3fce2584f5c77b907d5c7d9e9?s=96&d=mm&r=g\",\"contentUrl\":\"https:\/\/secure.gravatar.com\/avatar\/b95e35997e01d9800c1b6184bd79d4d898d370a3fce2584f5c77b907d5c7d9e9?s=96&d=mm&r=g\",\"caption\":\"Henrique Machado\"}}]}<\/script>\n<!-- \/ Yoast SEO Premium plugin. -->","yoast_head_json":{"title":"Zico se posiciona sobre elei\u00e7\u00e3o, Gabigol emite nota oficial e Tite fala do Corinthians: veja as \u00faltimas not\u00edcias do Flamengo","robots":{"index":"index","follow":"follow","max-snippet":"max-snippet:-1","max-image-preview":"max-image-preview:large","max-video-preview":"max-video-preview:-1"},"canonical":"https:\/\/www.gaveanews.com\/index.php\/2024\/09\/03\/zico-se-posiciona-sobre-eleicao-gabigol-emite-nota-oficial-e-tite-fala-do-corinthians-veja-as-ultimas-noticias-do-flamengo\/","og_locale":"pt_BR","og_type":"article","og_title":"Zico se posiciona sobre elei\u00e7\u00e3o, Gabigol emite nota oficial e Tite fala do Corinthians: veja as \u00faltimas not\u00edcias do Flamengo","og_description":"Nas \u00faltimas horas, o foco das not\u00edcias sobre o Flamengo se concentra nos bastidores do clube, com destaques como Zico se posicionando sobre a elei\u00e7\u00e3o do clube e Tite falando do Corinthians. Por conta deste contexto, leia abaixo um resumo preparado pela equipe do portal G\u00e1vea News para lhe manter muito bem informado! Gabigol emite [&hellip;]","og_url":"https:\/\/www.gaveanews.com\/index.php\/2024\/09\/03\/zico-se-posiciona-sobre-eleicao-gabigol-emite-nota-oficial-e-tite-fala-do-corinthians-veja-as-ultimas-noticias-do-flamengo\/","og_site_name":"G\u00e1vea News","article_publisher":"https:\/\/facebook.com\/gaveaNews\/","article_published_time":"2024-09-03T09:15:00+00:00","og_image":[{"width":620,"height":349,"url":"https:\/\/www.gaveanews.com\/wp-content\/uploads\/Zico-ex-jogador-e-idolo-do-Flamengo.webp","type":"image\/webp"}],"author":"Henrique Machado","twitter_card":"summary_large_image","twitter_misc":{"Escrito por":"Henrique Machado","Est. tempo de leitura":"5 minutos"},"schema":{"@context":"https:\/\/schema.org","@graph":[{"@type":"NewsArticle","@id":"https:\/\/www.gaveanews.com\/index.php\/2024\/09\/03\/zico-se-posiciona-sobre-eleicao-gabigol-emite-nota-oficial-e-tite-fala-do-corinthians-veja-as-ultimas-noticias-do-flamengo\/#article","isPartOf":{"@id":"https:\/\/www.gaveanews.com\/index.php\/2024\/09\/03\/zico-se-posiciona-sobre-eleicao-gabigol-emite-nota-oficial-e-tite-fala-do-corinthians-veja-as-ultimas-noticias-do-flamengo\/"},"author":{"name":"Henrique Machado","@id":"https:\/\/www.gaveanews.com\/#\/schema\/person\/fd07635ec039ec3ba74ad18ec8a6dbd6"},"headline":"Zico se posiciona sobre elei\u00e7\u00e3o, Gabigol emite nota oficial e Tite fala do Corinthians: veja as \u00faltimas not\u00edcias do Flamengo","datePublished":"2024-09-03T09:15:00+00:00","mainEntityOfPage":{"@id":"https:\/\/www.gaveanews.com\/index.php\/2024\/09\/03\/zico-se-posiciona-sobre-eleicao-gabigol-emite-nota-oficial-e-tite-fala-do-corinthians-veja-as-ultimas-noticias-do-flamengo\/"},"wordCount":813,"commentCount":0,"image":{"@id":"https:\/\/www.gaveanews.com\/index.php\/2024\/09\/03\/zico-se-posiciona-sobre-eleicao-gabigol-emite-nota-oficial-e-tite-fala-do-corinthians-veja-as-ultimas-noticias-do-flamengo\/#primaryimage"},"thumbnailUrl":"https:\/\/www.gaveanews.com\/wp-content\/uploads\/Zico-ex-jogador-e-idolo-do-Flamengo.webp","articleSection":["Flamengo"],"inLanguage":"pt-BR","potentialAction":[{"@type":"CommentAction","name":"Comment","target":["https:\/\/www.gaveanews.com\/index.php\/2024\/09\/03\/zico-se-posiciona-sobre-eleicao-gabigol-emite-nota-oficial-e-tite-fala-do-corinthians-veja-as-ultimas-noticias-do-flamengo\/#respond"]}],"copyrightYear":"2024","copyrightHolder":{"@id":"https:\/\/www.gaveanews.com\/#organization"}},{"@type":"WebPage","@id":"https:\/\/www.gaveanews.com\/index.php\/2024\/09\/03\/zico-se-posiciona-sobre-eleicao-gabigol-emite-nota-oficial-e-tite-fala-do-corinthians-veja-as-ultimas-noticias-do-flamengo\/","url":"https:\/\/www.gaveanews.com\/index.php\/2024\/09\/03\/zico-se-posiciona-sobre-eleicao-gabigol-emite-nota-oficial-e-tite-fala-do-corinthians-veja-as-ultimas-noticias-do-flamengo\/","name":"Zico se posiciona sobre elei\u00e7\u00e3o, Gabigol emite nota oficial e Tite fala do Corinthians: veja as \u00faltimas not\u00edcias do Flamengo","isPartOf":{"@id":"https:\/\/www.gaveanews.com\/#website"},"primaryImageOfPage":{"@id":"https:\/\/www.gaveanews.com\/index.php\/2024\/09\/03\/zico-se-posiciona-sobre-eleicao-gabigol-emite-nota-oficial-e-tite-fala-do-corinthians-veja-as-ultimas-noticias-do-flamengo\/#primaryimage"},"image":{"@id":"https:\/\/www.gaveanews.com\/index.php\/2024\/09\/03\/zico-se-posiciona-sobre-eleicao-gabigol-emite-nota-oficial-e-tite-fala-do-corinthians-veja-as-ultimas-noticias-do-flamengo\/#primaryimage"},"thumbnailUrl":"https:\/\/www.gaveanews.com\/wp-content\/uploads\/Zico-ex-jogador-e-idolo-do-Flamengo.webp","datePublished":"2024-09-03T09:15:00+00:00","author":{"@id":"https:\/\/www.gaveanews.com\/#\/schema\/person\/fd07635ec039ec3ba74ad18ec8a6dbd6"},"breadcrumb":{"@id":"https:\/\/www.gaveanews.com\/index.php\/2024\/09\/03\/zico-se-posiciona-sobre-eleicao-gabigol-emite-nota-oficial-e-tite-fala-do-corinthians-veja-as-ultimas-noticias-do-flamengo\/#breadcrumb"},"inLanguage":"pt-BR","potentialAction":[{"@type":"ReadAction","target":["https:\/\/www.gaveanews.com\/index.php\/2024\/09\/03\/zico-se-posiciona-sobre-eleicao-gabigol-emite-nota-oficial-e-tite-fala-do-corinthians-veja-as-ultimas-noticias-do-flamengo\/"]}]},{"@type":"ImageObject","inLanguage":"pt-BR","@id":"https:\/\/www.gaveanews.com\/index.php\/2024\/09\/03\/zico-se-posiciona-sobre-eleicao-gabigol-emite-nota-oficial-e-tite-fala-do-corinthians-veja-as-ultimas-noticias-do-flamengo\/#primaryimage","url":"https:\/\/www.gaveanews.com\/wp-content\/uploads\/Zico-ex-jogador-e-idolo-do-Flamengo.webp","contentUrl":"https:\/\/www.gaveanews.com\/wp-content\/uploads\/Zico-ex-jogador-e-idolo-do-Flamengo.webp","width":620,"height":349,"caption":"Zico, ex-jogador do Flamengo (Foto: Andr\u00e9 Dur\u00e3o \/ Globoesporte.com)"},{"@type":"BreadcrumbList","@id":"https:\/\/www.gaveanews.com\/index.php\/2024\/09\/03\/zico-se-posiciona-sobre-eleicao-gabigol-emite-nota-oficial-e-tite-fala-do-corinthians-veja-as-ultimas-noticias-do-flamengo\/#breadcrumb","itemListElement":[{"@type":"ListItem","position":1,"name":"Home","item":"https:\/\/www.gaveanews.com\/"},{"@type":"ListItem","position":2,"name":"Zico se posiciona sobre elei\u00e7\u00e3o, Gabigol emite nota oficial e Tite fala do Corinthians: veja as \u00faltimas not\u00edcias do Flamengo"}]},{"@type":"WebSite","@id":"https:\/\/www.gaveanews.com\/#website","url":"https:\/\/www.gaveanews.com\/","name":"G\u00e1vea News","description":"Veja todas as not\u00edcias sobre o Flamengo: Contrata\u00e7\u00f5es, categorias de base, resultados das partidas, tabela de classifica\u00e7\u00e3o, pr\u00f3ximos jogos!","potentialAction":[{"@type":"SearchAction","target":{"@type":"EntryPoint","urlTemplate":"https:\/\/www.gaveanews.com\/?s={search_term_string}"},"query-input":{"@type":"PropertyValueSpecification","valueRequired":true,"valueName":"search_term_string"}}],"inLanguage":"pt-BR"},{"@type":"Person","@id":"https:\/\/www.gaveanews.com\/#\/schema\/person\/fd07635ec039ec3ba74ad18ec8a6dbd6","name":"Henrique Machado","image":{"@type":"ImageObject","inLanguage":"pt-BR","@id":"https:\/\/www.gaveanews.com\/#\/schema\/person\/image\/","url":"https:\/\/secure.gravatar.com\/avatar\/b95e35997e01d9800c1b6184bd79d4d898d370a3fce2584f5c77b907d5c7d9e9?s=96&d=mm&r=g","contentUrl":"https:\/\/secure.gravatar.com\/avatar\/b95e35997e01d9800c1b6184bd79d4d898d370a3fce2584f5c77b907d5c7d9e9?s=96&d=mm&r=g","caption":"Henrique Machado"}}]}},"_links":{"self":[{"href":"https:\/\/www.gaveanews.com\/index.php\/wp-json\/wp\/v2\/posts\/163446","targetHints":{"allow":["GET"]}}],"collection":[{"href":"https:\/\/www.gaveanews.com\/index.php\/wp-json\/wp\/v2\/posts"}],"about":[{"href":"https:\/\/www.gaveanews.com\/index.php\/wp-json\/wp\/v2\/types\/post"}],"author":[{"embeddable":true,"href":"https:\/\/www.gaveanews.com\/index.php\/wp-json\/wp\/v2\/users\/15"}],"replies":[{"embeddable":true,"href":"https:\/\/www.gaveanews.com\/index.php\/wp-json\/wp\/v2\/comments?post=163446"}],"version-history":[{"count":5,"href":"https:\/\/www.gaveanews.com\/index.php\/wp-json\/wp\/v2\/posts\/163446\/revisions"}],"predecessor-version":[{"id":163453,"href":"https:\/\/www.gaveanews.com\/index.php\/wp-json\/wp\/v2\/posts\/163446\/revisions\/163453"}],"wp:featuredmedia":[{"embeddable":true,"href":"https:\/\/www.gaveanews.com\/index.php\/wp-json\/wp\/v2\/media\/131937"}],"wp:attachment":[{"href":"https:\/\/www.gaveanews.com\/index.php\/wp-json\/wp\/v2\/media?parent=163446"}],"wp:term":[{"taxonomy":"category","embeddable":true,"href":"https:\/\/www.gaveanews.com\/index.php\/wp-json\/wp\/v2\/categories?post=163446"},{"taxonomy":"post_tag","embeddable":true,"href":"https:\/\/www.gaveanews.com\/index.php\/wp-json\/wp\/v2\/tags?post=163446"}],"curies":[{"name":"wp","href":"https:\/\/api.w.org\/{rel}","templated":true}]}}