{"id":163468,"date":"2024-09-03T11:40:00","date_gmt":"2024-09-03T14:40:00","guid":{"rendered":"https:\/\/www.gaveanews.com\/?p=163468"},"modified":"2024-09-03T10:31:13","modified_gmt":"2024-09-03T13:31:13","slug":"ex-vasco-marca-golaco-de-antes-do-meio-campo-no-exterior","status":"publish","type":"post","link":"https:\/\/www.gaveanews.com\/index.php\/2024\/09\/03\/ex-vasco-marca-golaco-de-antes-do-meio-campo-no-exterior\/","title":{"rendered":"Ex-Vasco marca gola\u00e7o de antes do meio-campo no exterior"},"content":{"rendered":"\n<p>O atacante Luca Orellano, ex-Vasco, brilhou na rodada de s\u00e1bado da MLS. O jogador est\u00e1 emprestado ao FC Cincinatti pelo clube carioca e com isso, o argentino fez dois gols na vit\u00f3ria de 4 a 1 sobre o Montreal, sendo um deles uma pintura de antes do meio de campo.<\/p>\n\n\n\n<ul class=\"wp-block-list\">\n<li><a href=\"https:\/\/www.gaveanews.com\/index.php\/2022\/09\/04\/marcos-braz-do-flamengo-revela-bastidores-sobre-brian-rodriguez-e-lucas-orellano\/\">Marcos Braz, do Flamengo, revela bastidores sobre Brian Rodr\u00edguez e Lucas Orellano<\/a><\/li>\n\n\n\n<li><a href=\"https:\/\/www.gaveanews.com\/index.php\/2023\/06\/05\/saiu-veja-as-escalacoes-de-flamengo-e-vasco-para-o-classico-pelo-brasileirao\/\">Saiu! Veja as escala\u00e7\u00f5es de Flamengo e Vasco para o cl\u00e1ssico pelo Brasileir\u00e3o<\/a><\/li>\n<\/ul>\n\n\n\n<h2 class=\"wp-block-heading\" id=\"h-assista-no-video-o-gol-deste-jogo\">Assista no v\u00eddeo o gol deste jogo:<\/h2>\n\n\n\n<blockquote class=\"tiktok-embed\" cite=\"https:\/\/www.tiktok.com\/@lancedigital\/video\/7409726370823032070\" data-video-id=\"7409726370823032070\" style=\"max-width: 605px;min-width: 325px;\" > <section> <a target=\"_blank\" title=\"@lancedigital\" href=\"https:\/\/www.tiktok.com\/@lancedigital?refer=embed\" rel=\"noopener\">@lancedigital<\/a> Simplesmente Luca Orellano marcando pela SEGUNDA VEZ um gol antes do meio de campo na MLS. Faz falta no Vasco, torcedor? \ud83d\udc40\ud83d\udc40 \ud83c\udfa5: MLS <a title=\"futebolinternacional\" target=\"_blank\" href=\"https:\/\/www.tiktok.com\/tag\/futebolinternacional?refer=embed\" rel=\"noopener\">#FutebolInternacional<\/a> <a title=\"orellano\" target=\"_blank\" href=\"https:\/\/www.tiktok.com\/tag\/orellano?refer=embed\" rel=\"noopener\">#Orellano<\/a> <a title=\"mls\" target=\"_blank\" href=\"https:\/\/www.tiktok.com\/tag\/mls?refer=embed\" rel=\"noopener\">#MLS<\/a> <a target=\"_blank\" title=\"\u266c som original - Lance!\" href=\"https:\/\/www.tiktok.com\/music\/som-original-7409726385823910662?refer=embed\" rel=\"noopener\">\u266c som original &#8211; Lance!<\/a> <\/section> <\/blockquote> <script async src=\"https:\/\/www.tiktok.com\/embed.js\"><\/script>\n\n\n\n<p>E desde a chegada do jogador ao FC Cincinatti, j\u00e1 aconteceu mais de um gol antes do meio do campo, s\u00f3 que o outro ocorreu em junho deste ano. Sendo o terceiro gol do FC Cincinnati por 4 a 3, sobre o Philadelphia Union, na MLS.<\/p>\n\n\n\n<h2 class=\"wp-block-heading\" id=\"h-assista-no-video-o-gol-de-junho\">Assista no v\u00eddeo o gol de junho:<\/h2>\n\n\n\n<iframe loading=\"lazy\" width=\"560\" height=\"315\" src=\"https:\/\/www.youtube.com\/embed\/cma7u6E0nuM?si=d4ulEQFBDTCqjxS9\" title=\"YouTube video player\" frameborder=\"0\" allow=\"accelerometer; autoplay; clipboard-write; encrypted-media; gyroscope; picture-in-picture; web-share\" referrerpolicy=\"strict-origin-when-cross-origin\" allowfullscreen><\/iframe>\n\n\n\n<h2 class=\"wp-block-heading\" id=\"h-contratado-pelo-vasco\">Contratado pelo Vasco<\/h2>\n\n\n\n<p>Na \u00e9poca, o Vasco pagou o valor de R$ 15,8 milh\u00f5es para contratar Orellano junto ao V\u00e9lez Sarsfield no ano de 2023.<\/p>\n\n\n\n<p>O valor at\u00e9 poderia aumentar consideravelmente em caso de metas cumpridas pela parte do jogador, o que n\u00e3o aconteceu. Com isso ele tem contrato com a SAF do clube da Colina at\u00e9 dezembro de 2025.<\/p>\n\n\n\n<h2 class=\"wp-block-heading\" id=\"h-luca-orellano-no-fc-cincinatti\">Luca Orellano no FC Cincinatti <\/h2>\n\n\n\n<p>Ele chegou no dia 4 de Fevereiro de 2024, quando o Vasco emprestou o atacante para o FC Cincinnati, um clube dos Estados Unidos.<\/p>\n\n\n\n<p>O argentino viajou para se apresentar ao novo clube e assinar contrato por apenas um ano. Assim, a oficializa\u00e7\u00e3o do ocorrido se deu somente no dia 23 do mesmo m\u00eas.<\/p>\n\n\n\n<p>No time do Vasco, Luca era camisa 23 que acabou coincidindo com a numera\u00e7\u00e3o que o jogador est\u00e1 usando no time norte-americano tamb\u00e9m.<\/p>\n","protected":false},"excerpt":{"rendered":"<p>O atacante Luca Orellano, ex-Vasco, brilhou na rodada de s\u00e1bado da MLS. O jogador est\u00e1 emprestado ao FC Cincinatti pelo clube carioca e com isso, o argentino fez dois gols na vit\u00f3ria de 4 a 1 sobre o Montreal, sendo um deles uma pintura de antes do meio de campo. Assista no v\u00eddeo o gol [&hellip;]<\/p>\n","protected":false},"author":22,"featured_media":147443,"comment_status":"open","ping_status":"closed","sticky":false,"template":"","format":"standard","meta":{"footnotes":""},"categories":[152],"tags":[],"class_list":["post-163468","post","type-post","status-publish","format-standard","has-post-thumbnail","hentry","category-vasco"],"yoast_head":"<!-- This site is optimized with the Yoast SEO Premium plugin v24.2 (Yoast SEO v26.9) - https:\/\/yoast.com\/product\/yoast-seo-premium-wordpress\/ -->\n<title>Ex-Vasco marca gola\u00e7o de antes do meio-campo no exterior<\/title>\n<meta name=\"robots\" content=\"index, follow, max-snippet:-1, max-image-preview:large, max-video-preview:-1\" \/>\n<link rel=\"canonical\" href=\"https:\/\/www.gaveanews.com\/index.php\/2024\/09\/03\/ex-vasco-marca-golaco-de-antes-do-meio-campo-no-exterior\/\" \/>\n<meta property=\"og:locale\" content=\"pt_BR\" \/>\n<meta property=\"og:type\" content=\"article\" \/>\n<meta property=\"og:title\" content=\"Ex-Vasco marca gola\u00e7o de antes do meio-campo no exterior\" \/>\n<meta property=\"og:description\" content=\"O atacante Luca Orellano, ex-Vasco, brilhou na rodada de s\u00e1bado da MLS. O jogador est\u00e1 emprestado ao FC Cincinatti pelo clube carioca e com isso, o argentino fez dois gols na vit\u00f3ria de 4 a 1 sobre o Montreal, sendo um deles uma pintura de antes do meio de campo. Assista no v\u00eddeo o gol [&hellip;]\" \/>\n<meta property=\"og:url\" content=\"https:\/\/www.gaveanews.com\/index.php\/2024\/09\/03\/ex-vasco-marca-golaco-de-antes-do-meio-campo-no-exterior\/\" \/>\n<meta property=\"og:site_name\" content=\"G\u00e1vea News\" \/>\n<meta property=\"article:publisher\" content=\"https:\/\/facebook.com\/gaveaNews\/\" \/>\n<meta property=\"article:published_time\" content=\"2024-09-03T14:40:00+00:00\" \/>\n<meta property=\"og:image\" content=\"https:\/\/www.gaveanews.com\/wp-content\/uploads\/Camisa-do-Vasco-da-Gama.webp\" \/>\n\t<meta property=\"og:image:width\" content=\"1440\" \/>\n\t<meta property=\"og:image:height\" content=\"960\" \/>\n\t<meta property=\"og:image:type\" content=\"image\/jpeg\" \/>\n<meta name=\"author\" content=\"Emilly Lima\" \/>\n<meta name=\"twitter:card\" content=\"summary_large_image\" \/>\n<meta name=\"twitter:label1\" content=\"Escrito por\" \/>\n\t<meta name=\"twitter:data1\" content=\"Emilly Lima\" \/>\n\t<meta name=\"twitter:label2\" content=\"Est. tempo de leitura\" \/>\n\t<meta name=\"twitter:data2\" content=\"2 minutos\" \/>\n<script type=\"application\/ld+json\" class=\"yoast-schema-graph\">{\"@context\":\"https:\/\/schema.org\",\"@graph\":[{\"@type\":\"NewsArticle\",\"@id\":\"https:\/\/www.gaveanews.com\/index.php\/2024\/09\/03\/ex-vasco-marca-golaco-de-antes-do-meio-campo-no-exterior\/#article\",\"isPartOf\":{\"@id\":\"https:\/\/www.gaveanews.com\/index.php\/2024\/09\/03\/ex-vasco-marca-golaco-de-antes-do-meio-campo-no-exterior\/\"},\"author\":{\"name\":\"Emilly Lima\",\"@id\":\"https:\/\/www.gaveanews.com\/#\/schema\/person\/8597dbe3f4d8513dd20048ce95a1895b\"},\"headline\":\"Ex-Vasco marca gola\u00e7o de antes do meio-campo no exterior\",\"datePublished\":\"2024-09-03T14:40:00+00:00\",\"mainEntityOfPage\":{\"@id\":\"https:\/\/www.gaveanews.com\/index.php\/2024\/09\/03\/ex-vasco-marca-golaco-de-antes-do-meio-campo-no-exterior\/\"},\"wordCount\":321,\"commentCount\":0,\"image\":{\"@id\":\"https:\/\/www.gaveanews.com\/index.php\/2024\/09\/03\/ex-vasco-marca-golaco-de-antes-do-meio-campo-no-exterior\/#primaryimage\"},\"thumbnailUrl\":\"https:\/\/www.gaveanews.com\/wp-content\/uploads\/Camisa-do-Vasco-da-Gama.webp\",\"articleSection\":[\"Vasco\"],\"inLanguage\":\"pt-BR\",\"potentialAction\":[{\"@type\":\"CommentAction\",\"name\":\"Comment\",\"target\":[\"https:\/\/www.gaveanews.com\/index.php\/2024\/09\/03\/ex-vasco-marca-golaco-de-antes-do-meio-campo-no-exterior\/#respond\"]}],\"copyrightYear\":\"2024\",\"copyrightHolder\":{\"@id\":\"https:\/\/www.gaveanews.com\/#organization\"}},{\"@type\":\"WebPage\",\"@id\":\"https:\/\/www.gaveanews.com\/index.php\/2024\/09\/03\/ex-vasco-marca-golaco-de-antes-do-meio-campo-no-exterior\/\",\"url\":\"https:\/\/www.gaveanews.com\/index.php\/2024\/09\/03\/ex-vasco-marca-golaco-de-antes-do-meio-campo-no-exterior\/\",\"name\":\"Ex-Vasco marca gola\u00e7o de antes do meio-campo no exterior\",\"isPartOf\":{\"@id\":\"https:\/\/www.gaveanews.com\/#website\"},\"primaryImageOfPage\":{\"@id\":\"https:\/\/www.gaveanews.com\/index.php\/2024\/09\/03\/ex-vasco-marca-golaco-de-antes-do-meio-campo-no-exterior\/#primaryimage\"},\"image\":{\"@id\":\"https:\/\/www.gaveanews.com\/index.php\/2024\/09\/03\/ex-vasco-marca-golaco-de-antes-do-meio-campo-no-exterior\/#primaryimage\"},\"thumbnailUrl\":\"https:\/\/www.gaveanews.com\/wp-content\/uploads\/Camisa-do-Vasco-da-Gama.webp\",\"datePublished\":\"2024-09-03T14:40:00+00:00\",\"author\":{\"@id\":\"https:\/\/www.gaveanews.com\/#\/schema\/person\/8597dbe3f4d8513dd20048ce95a1895b\"},\"breadcrumb\":{\"@id\":\"https:\/\/www.gaveanews.com\/index.php\/2024\/09\/03\/ex-vasco-marca-golaco-de-antes-do-meio-campo-no-exterior\/#breadcrumb\"},\"inLanguage\":\"pt-BR\",\"potentialAction\":[{\"@type\":\"ReadAction\",\"target\":[\"https:\/\/www.gaveanews.com\/index.php\/2024\/09\/03\/ex-vasco-marca-golaco-de-antes-do-meio-campo-no-exterior\/\"]}]},{\"@type\":\"ImageObject\",\"inLanguage\":\"pt-BR\",\"@id\":\"https:\/\/www.gaveanews.com\/index.php\/2024\/09\/03\/ex-vasco-marca-golaco-de-antes-do-meio-campo-no-exterior\/#primaryimage\",\"url\":\"https:\/\/www.gaveanews.com\/wp-content\/uploads\/Camisa-do-Vasco-da-Gama.webp\",\"contentUrl\":\"https:\/\/www.gaveanews.com\/wp-content\/uploads\/Camisa-do-Vasco-da-Gama.webp\",\"width\":1440,\"height\":960,\"caption\":\"Camisa do Vasco da Gama (Foto: Reprodu\u00e7\u00e3o\/Instagram)\"},{\"@type\":\"BreadcrumbList\",\"@id\":\"https:\/\/www.gaveanews.com\/index.php\/2024\/09\/03\/ex-vasco-marca-golaco-de-antes-do-meio-campo-no-exterior\/#breadcrumb\",\"itemListElement\":[{\"@type\":\"ListItem\",\"position\":1,\"name\":\"Home\",\"item\":\"https:\/\/www.gaveanews.com\/\"},{\"@type\":\"ListItem\",\"position\":2,\"name\":\"Ex-Vasco marca gola\u00e7o de antes do meio-campo no exterior\"}]},{\"@type\":\"WebSite\",\"@id\":\"https:\/\/www.gaveanews.com\/#website\",\"url\":\"https:\/\/www.gaveanews.com\/\",\"name\":\"G\u00e1vea News\",\"description\":\"Veja todas as not\u00edcias sobre o Flamengo: Contrata\u00e7\u00f5es, categorias de base, resultados das partidas, tabela de classifica\u00e7\u00e3o, pr\u00f3ximos jogos!\",\"potentialAction\":[{\"@type\":\"SearchAction\",\"target\":{\"@type\":\"EntryPoint\",\"urlTemplate\":\"https:\/\/www.gaveanews.com\/?s={search_term_string}\"},\"query-input\":{\"@type\":\"PropertyValueSpecification\",\"valueRequired\":true,\"valueName\":\"search_term_string\"}}],\"inLanguage\":\"pt-BR\"},{\"@type\":\"Person\",\"@id\":\"https:\/\/www.gaveanews.com\/#\/schema\/person\/8597dbe3f4d8513dd20048ce95a1895b\",\"name\":\"Emilly Lima\",\"image\":{\"@type\":\"ImageObject\",\"inLanguage\":\"pt-BR\",\"@id\":\"https:\/\/www.gaveanews.com\/#\/schema\/person\/image\/\",\"url\":\"https:\/\/secure.gravatar.com\/avatar\/ddb4d0548bae01de3cb52e0fe30386754e9c41797565aa0a5bf4440ab4f7c0be?s=96&d=mm&r=g\",\"contentUrl\":\"https:\/\/secure.gravatar.com\/avatar\/ddb4d0548bae01de3cb52e0fe30386754e9c41797565aa0a5bf4440ab4f7c0be?s=96&d=mm&r=g\",\"caption\":\"Emilly Lima\"}}]}<\/script>\n<!-- \/ Yoast SEO Premium plugin. -->","yoast_head_json":{"title":"Ex-Vasco marca gola\u00e7o de antes do meio-campo no exterior","robots":{"index":"index","follow":"follow","max-snippet":"max-snippet:-1","max-image-preview":"max-image-preview:large","max-video-preview":"max-video-preview:-1"},"canonical":"https:\/\/www.gaveanews.com\/index.php\/2024\/09\/03\/ex-vasco-marca-golaco-de-antes-do-meio-campo-no-exterior\/","og_locale":"pt_BR","og_type":"article","og_title":"Ex-Vasco marca gola\u00e7o de antes do meio-campo no exterior","og_description":"O atacante Luca Orellano, ex-Vasco, brilhou na rodada de s\u00e1bado da MLS. O jogador est\u00e1 emprestado ao FC Cincinatti pelo clube carioca e com isso, o argentino fez dois gols na vit\u00f3ria de 4 a 1 sobre o Montreal, sendo um deles uma pintura de antes do meio de campo. Assista no v\u00eddeo o gol [&hellip;]","og_url":"https:\/\/www.gaveanews.com\/index.php\/2024\/09\/03\/ex-vasco-marca-golaco-de-antes-do-meio-campo-no-exterior\/","og_site_name":"G\u00e1vea News","article_publisher":"https:\/\/facebook.com\/gaveaNews\/","article_published_time":"2024-09-03T14:40:00+00:00","og_image":[{"width":1440,"height":960,"url":"https:\/\/www.gaveanews.com\/wp-content\/uploads\/Camisa-do-Vasco-da-Gama.webp","type":"image\/jpeg"}],"author":"Emilly Lima","twitter_card":"summary_large_image","twitter_misc":{"Escrito por":"Emilly Lima","Est. tempo de leitura":"2 minutos"},"schema":{"@context":"https:\/\/schema.org","@graph":[{"@type":"NewsArticle","@id":"https:\/\/www.gaveanews.com\/index.php\/2024\/09\/03\/ex-vasco-marca-golaco-de-antes-do-meio-campo-no-exterior\/#article","isPartOf":{"@id":"https:\/\/www.gaveanews.com\/index.php\/2024\/09\/03\/ex-vasco-marca-golaco-de-antes-do-meio-campo-no-exterior\/"},"author":{"name":"Emilly Lima","@id":"https:\/\/www.gaveanews.com\/#\/schema\/person\/8597dbe3f4d8513dd20048ce95a1895b"},"headline":"Ex-Vasco marca gola\u00e7o de antes do meio-campo no exterior","datePublished":"2024-09-03T14:40:00+00:00","mainEntityOfPage":{"@id":"https:\/\/www.gaveanews.com\/index.php\/2024\/09\/03\/ex-vasco-marca-golaco-de-antes-do-meio-campo-no-exterior\/"},"wordCount":321,"commentCount":0,"image":{"@id":"https:\/\/www.gaveanews.com\/index.php\/2024\/09\/03\/ex-vasco-marca-golaco-de-antes-do-meio-campo-no-exterior\/#primaryimage"},"thumbnailUrl":"https:\/\/www.gaveanews.com\/wp-content\/uploads\/Camisa-do-Vasco-da-Gama.webp","articleSection":["Vasco"],"inLanguage":"pt-BR","potentialAction":[{"@type":"CommentAction","name":"Comment","target":["https:\/\/www.gaveanews.com\/index.php\/2024\/09\/03\/ex-vasco-marca-golaco-de-antes-do-meio-campo-no-exterior\/#respond"]}],"copyrightYear":"2024","copyrightHolder":{"@id":"https:\/\/www.gaveanews.com\/#organization"}},{"@type":"WebPage","@id":"https:\/\/www.gaveanews.com\/index.php\/2024\/09\/03\/ex-vasco-marca-golaco-de-antes-do-meio-campo-no-exterior\/","url":"https:\/\/www.gaveanews.com\/index.php\/2024\/09\/03\/ex-vasco-marca-golaco-de-antes-do-meio-campo-no-exterior\/","name":"Ex-Vasco marca gola\u00e7o de antes do meio-campo no exterior","isPartOf":{"@id":"https:\/\/www.gaveanews.com\/#website"},"primaryImageOfPage":{"@id":"https:\/\/www.gaveanews.com\/index.php\/2024\/09\/03\/ex-vasco-marca-golaco-de-antes-do-meio-campo-no-exterior\/#primaryimage"},"image":{"@id":"https:\/\/www.gaveanews.com\/index.php\/2024\/09\/03\/ex-vasco-marca-golaco-de-antes-do-meio-campo-no-exterior\/#primaryimage"},"thumbnailUrl":"https:\/\/www.gaveanews.com\/wp-content\/uploads\/Camisa-do-Vasco-da-Gama.webp","datePublished":"2024-09-03T14:40:00+00:00","author":{"@id":"https:\/\/www.gaveanews.com\/#\/schema\/person\/8597dbe3f4d8513dd20048ce95a1895b"},"breadcrumb":{"@id":"https:\/\/www.gaveanews.com\/index.php\/2024\/09\/03\/ex-vasco-marca-golaco-de-antes-do-meio-campo-no-exterior\/#breadcrumb"},"inLanguage":"pt-BR","potentialAction":[{"@type":"ReadAction","target":["https:\/\/www.gaveanews.com\/index.php\/2024\/09\/03\/ex-vasco-marca-golaco-de-antes-do-meio-campo-no-exterior\/"]}]},{"@type":"ImageObject","inLanguage":"pt-BR","@id":"https:\/\/www.gaveanews.com\/index.php\/2024\/09\/03\/ex-vasco-marca-golaco-de-antes-do-meio-campo-no-exterior\/#primaryimage","url":"https:\/\/www.gaveanews.com\/wp-content\/uploads\/Camisa-do-Vasco-da-Gama.webp","contentUrl":"https:\/\/www.gaveanews.com\/wp-content\/uploads\/Camisa-do-Vasco-da-Gama.webp","width":1440,"height":960,"caption":"Camisa do Vasco da Gama (Foto: Reprodu\u00e7\u00e3o\/Instagram)"},{"@type":"BreadcrumbList","@id":"https:\/\/www.gaveanews.com\/index.php\/2024\/09\/03\/ex-vasco-marca-golaco-de-antes-do-meio-campo-no-exterior\/#breadcrumb","itemListElement":[{"@type":"ListItem","position":1,"name":"Home","item":"https:\/\/www.gaveanews.com\/"},{"@type":"ListItem","position":2,"name":"Ex-Vasco marca gola\u00e7o de antes do meio-campo no exterior"}]},{"@type":"WebSite","@id":"https:\/\/www.gaveanews.com\/#website","url":"https:\/\/www.gaveanews.com\/","name":"G\u00e1vea News","description":"Veja todas as not\u00edcias sobre o Flamengo: Contrata\u00e7\u00f5es, categorias de base, resultados das partidas, tabela de classifica\u00e7\u00e3o, pr\u00f3ximos jogos!","potentialAction":[{"@type":"SearchAction","target":{"@type":"EntryPoint","urlTemplate":"https:\/\/www.gaveanews.com\/?s={search_term_string}"},"query-input":{"@type":"PropertyValueSpecification","valueRequired":true,"valueName":"search_term_string"}}],"inLanguage":"pt-BR"},{"@type":"Person","@id":"https:\/\/www.gaveanews.com\/#\/schema\/person\/8597dbe3f4d8513dd20048ce95a1895b","name":"Emilly Lima","image":{"@type":"ImageObject","inLanguage":"pt-BR","@id":"https:\/\/www.gaveanews.com\/#\/schema\/person\/image\/","url":"https:\/\/secure.gravatar.com\/avatar\/ddb4d0548bae01de3cb52e0fe30386754e9c41797565aa0a5bf4440ab4f7c0be?s=96&d=mm&r=g","contentUrl":"https:\/\/secure.gravatar.com\/avatar\/ddb4d0548bae01de3cb52e0fe30386754e9c41797565aa0a5bf4440ab4f7c0be?s=96&d=mm&r=g","caption":"Emilly Lima"}}]}},"_links":{"self":[{"href":"https:\/\/www.gaveanews.com\/index.php\/wp-json\/wp\/v2\/posts\/163468","targetHints":{"allow":["GET"]}}],"collection":[{"href":"https:\/\/www.gaveanews.com\/index.php\/wp-json\/wp\/v2\/posts"}],"about":[{"href":"https:\/\/www.gaveanews.com\/index.php\/wp-json\/wp\/v2\/types\/post"}],"author":[{"embeddable":true,"href":"https:\/\/www.gaveanews.com\/index.php\/wp-json\/wp\/v2\/users\/22"}],"replies":[{"embeddable":true,"href":"https:\/\/www.gaveanews.com\/index.php\/wp-json\/wp\/v2\/comments?post=163468"}],"version-history":[{"count":2,"href":"https:\/\/www.gaveanews.com\/index.php\/wp-json\/wp\/v2\/posts\/163468\/revisions"}],"predecessor-version":[{"id":163560,"href":"https:\/\/www.gaveanews.com\/index.php\/wp-json\/wp\/v2\/posts\/163468\/revisions\/163560"}],"wp:featuredmedia":[{"embeddable":true,"href":"https:\/\/www.gaveanews.com\/index.php\/wp-json\/wp\/v2\/media\/147443"}],"wp:attachment":[{"href":"https:\/\/www.gaveanews.com\/index.php\/wp-json\/wp\/v2\/media?parent=163468"}],"wp:term":[{"taxonomy":"category","embeddable":true,"href":"https:\/\/www.gaveanews.com\/index.php\/wp-json\/wp\/v2\/categories?post=163468"},{"taxonomy":"post_tag","embeddable":true,"href":"https:\/\/www.gaveanews.com\/index.php\/wp-json\/wp\/v2\/tags?post=163468"}],"curies":[{"name":"wp","href":"https:\/\/api.w.org\/{rel}","templated":true}]}}