{"id":163513,"date":"2024-09-03T15:00:00","date_gmt":"2024-09-03T18:00:00","guid":{"rendered":"https:\/\/www.gaveanews.com\/?p=163513"},"modified":"2024-09-03T12:29:30","modified_gmt":"2024-09-03T15:29:30","slug":"bragantino-pode-fechar-com-ex-tottenham","status":"publish","type":"post","link":"https:\/\/www.gaveanews.com\/index.php\/2024\/09\/03\/bragantino-pode-fechar-com-ex-tottenham\/","title":{"rendered":"Bragantino pode fechar com ex-Tottenham"},"content":{"rendered":"\n<h2 class=\"wp-block-heading\" id=\"h-red-bull-bragantino-encaminha-contratacoes-de-carlos-vinicius-e-sergio-palacios-e-busca-reforcos-para-a-temporada\">Red Bull Bragantino encaminha contrata\u00e7\u00f5es de Carlos Vin\u00edcius e Sergio Pal\u00e1cios e busca refor\u00e7os para a temporada<\/h2>\n\n\n\n<p>O Red Bull Bragantino est\u00e1 pr\u00f3ximo de anunciar mais dois refor\u00e7os nesta janela de transfer\u00eancias. O clube encaminhou as contrata\u00e7\u00f5es do atacante brasileiro Carlos Vin\u00edcius, que pertence ao Fulham, da Inglaterra, e do zagueiro colombiano Sergio Pal\u00e1cios, revelado pelo Once Caldas, da Col\u00f4mbia. <\/p>\n\n\n\n<ul class=\"wp-block-list\">\n<li><a href=\"https:\/\/www.gaveanews.com\/index.php\/2024\/09\/02\/a-declaracao-de-rogerio-ceni-apos-a-derrota-do-bahia-para-o-bragantino\/\">A declara\u00e7\u00e3o de Rog\u00e9rio Ceni ap\u00f3s a derrota do Bahia para o Bragantino<\/a><\/li>\n\n\n\n<li><a href=\"https:\/\/www.gaveanews.com\/index.php\/2024\/08\/29\/a-declaracao-de-pedro-caixinha-sobre-o-momento-do-bragantino\/\">A declara\u00e7\u00e3o de Pedro Caixinha sobre o momento do Bragantino<\/a><\/li>\n<\/ul>\n\n\n\n<p>Com essas movimenta\u00e7\u00f5es, o Massa Bruta se prepara para fortalecer ainda mais o elenco em busca de melhores resultados no Campeonato Brasileiro.<\/p>\n\n\n\n<p>Carlos Vin\u00edcius, de 29 anos, \u00e9 um atacante com vasta experi\u00eancia no futebol europeu. Com passagens por clubes como Napoli, Rio Ave, M\u00f4naco, Benfica, PSV e Tottenham, o jogador canhoto, que possui 1,90m de altura, se destaca por sua presen\u00e7a f\u00edsica e capacidade de finaliza\u00e7\u00e3o. <\/p>\n\n\n\n<figure class=\"wp-block-image size-large\"><img loading=\"lazy\" decoding=\"async\" width=\"1024\" height=\"801\" src=\"https:\/\/www.gaveanews.com\/wp-content\/uploads\/carlosvinicius95_1706899975134-1024x801.webp\" alt=\"\" class=\"wp-image-125332\" srcset=\"https:\/\/www.gaveanews.com\/wp-content\/uploads\/carlosvinicius95_1706899975134-1024x801.webp 1024w, https:\/\/www.gaveanews.com\/wp-content\/uploads\/carlosvinicius95_1706899975134-300x235.webp 300w, https:\/\/www.gaveanews.com\/wp-content\/uploads\/carlosvinicius95_1706899975134-768x601.webp 768w, https:\/\/www.gaveanews.com\/wp-content\/uploads\/carlosvinicius95_1706899975134-537x420.webp 537w, https:\/\/www.gaveanews.com\/wp-content\/uploads\/carlosvinicius95_1706899975134-1074x840.webp 1074w, https:\/\/www.gaveanews.com\/wp-content\/uploads\/carlosvinicius95_1706899975134-640x500.webp 640w, https:\/\/www.gaveanews.com\/wp-content\/uploads\/carlosvinicius95_1706899975134-1280x1001.webp 1280w, https:\/\/www.gaveanews.com\/wp-content\/uploads\/carlosvinicius95_1706899975134-681x533.webp 681w, https:\/\/www.gaveanews.com\/wp-content\/uploads\/carlosvinicius95_1706899975134-1362x1065.webp 1362w, https:\/\/www.gaveanews.com\/wp-content\/uploads\/carlosvinicius95_1706899975134-511x400.webp 511w, https:\/\/www.gaveanews.com\/wp-content\/uploads\/carlosvinicius95_1706899975134-1022x800.webp 1022w, https:\/\/www.gaveanews.com\/wp-content\/uploads\/carlosvinicius95_1706899975134-100x78.webp 100w, https:\/\/www.gaveanews.com\/wp-content\/uploads\/carlosvinicius95_1706899975134.webp 1440w\" sizes=\"auto, (max-width: 1024px) 100vw, 1024px\" \/><figcaption class=\"wp-element-caption\">Carlos Vinicius em a\u00e7\u00e3o pelo Fulham (Foto: Reprodu\u00e7\u00e3o\/Instagram)<\/figcaption><\/figure>\n\n\n\n<p>Na temporada passada, Carlos Vin\u00edcius atuou por empr\u00e9stimo pelo Galatasaray, da Turquia, e agora se prepara para retornar ao futebol brasileiro.<\/p>\n\n\n\n<p>Sergio Pal\u00e1cios, por sua vez, \u00e9 um jovem zagueiro colombiano de 19 anos, que fez sua forma\u00e7\u00e3o e estreia profissional pelo Once Caldas. Considerado uma promessa do futebol colombiano, Pal\u00e1cios j\u00e1 come\u00e7ou a se ambientar com a nova equipe e esteve presente no est\u00e1dio Nabi Abi Chedid para assistir \u00e0 vit\u00f3ria do Bragantino sobre o Bahia, por 2 a 0, no \u00faltimo domingo, 1\u00b0 de setembro, pelo Campeonato Brasileiro.<\/p>\n\n\n\n<p>Al\u00e9m de Carlos Vin\u00edcius e Sergio Pal\u00e1cios, o Red Bull Bragantino tamb\u00e9m anunciou recentemente a contrata\u00e7\u00e3o do meio-campista Jhon Jhon, que estava no Palmeiras. Com essas adi\u00e7\u00f5es, o clube chega a tr\u00eas refor\u00e7os nesta janela de transfer\u00eancias, buscando fortalecer o elenco para a sequ\u00eancia da temporada.<\/p>\n\n\n\n<p>O Massa Bruta ainda est\u00e1 no mercado e negocia com mais dois jogadores, sendo um meio-campista e mais um atacante. No entanto, os nomes e valores dessas negocia\u00e7\u00f5es ainda s\u00e3o mantidos em sigilo pela diretoria do clube.<\/p>\n","protected":false},"excerpt":{"rendered":"<p>Red Bull Bragantino encaminha contrata\u00e7\u00f5es de Carlos Vin\u00edcius e Sergio Pal\u00e1cios e busca refor\u00e7os para a temporada O Red Bull Bragantino est\u00e1 pr\u00f3ximo de anunciar mais dois refor\u00e7os nesta janela de transfer\u00eancias. O clube encaminhou as contrata\u00e7\u00f5es do atacante brasileiro Carlos Vin\u00edcius, que pertence ao Fulham, da Inglaterra, e do zagueiro colombiano Sergio Pal\u00e1cios, revelado [&hellip;]<\/p>\n","protected":false},"author":17,"featured_media":150105,"comment_status":"open","ping_status":"closed","sticky":false,"template":"","format":"standard","meta":{"footnotes":""},"categories":[140],"tags":[],"class_list":["post-163513","post","type-post","status-publish","format-standard","has-post-thumbnail","hentry","category-bragantino"],"yoast_head":"<!-- This site is optimized with the Yoast SEO Premium plugin v24.2 (Yoast SEO v26.9) - https:\/\/yoast.com\/product\/yoast-seo-premium-wordpress\/ -->\n<title>Bragantino pode fechar com ex-Tottenham<\/title>\n<meta name=\"robots\" content=\"index, follow, max-snippet:-1, max-image-preview:large, max-video-preview:-1\" \/>\n<link rel=\"canonical\" href=\"https:\/\/www.gaveanews.com\/index.php\/2024\/09\/03\/bragantino-pode-fechar-com-ex-tottenham\/\" \/>\n<meta property=\"og:locale\" content=\"pt_BR\" \/>\n<meta property=\"og:type\" content=\"article\" \/>\n<meta property=\"og:title\" content=\"Bragantino pode fechar com ex-Tottenham\" \/>\n<meta property=\"og:description\" content=\"Red Bull Bragantino encaminha contrata\u00e7\u00f5es de Carlos Vin\u00edcius e Sergio Pal\u00e1cios e busca refor\u00e7os para a temporada O Red Bull Bragantino est\u00e1 pr\u00f3ximo de anunciar mais dois refor\u00e7os nesta janela de transfer\u00eancias. O clube encaminhou as contrata\u00e7\u00f5es do atacante brasileiro Carlos Vin\u00edcius, que pertence ao Fulham, da Inglaterra, e do zagueiro colombiano Sergio Pal\u00e1cios, revelado [&hellip;]\" \/>\n<meta property=\"og:url\" content=\"https:\/\/www.gaveanews.com\/index.php\/2024\/09\/03\/bragantino-pode-fechar-com-ex-tottenham\/\" \/>\n<meta property=\"og:site_name\" content=\"G\u00e1vea News\" \/>\n<meta property=\"article:publisher\" content=\"https:\/\/facebook.com\/gaveaNews\/\" \/>\n<meta property=\"article:published_time\" content=\"2024-09-03T18:00:00+00:00\" \/>\n<meta property=\"og:image\" content=\"https:\/\/www.gaveanews.com\/wp-content\/uploads\/Logomarca-do-Red-Bull-Bragantino.webp\" \/>\n\t<meta property=\"og:image:width\" content=\"1200\" \/>\n\t<meta property=\"og:image:height\" content=\"1200\" \/>\n\t<meta property=\"og:image:type\" content=\"image\/webp\" \/>\n<meta name=\"author\" content=\"Geovanna Thomaz\" \/>\n<meta name=\"twitter:card\" content=\"summary_large_image\" \/>\n<meta name=\"twitter:label1\" content=\"Escrito por\" \/>\n\t<meta name=\"twitter:data1\" content=\"Geovanna Thomaz\" \/>\n\t<meta name=\"twitter:label2\" content=\"Est. tempo de leitura\" \/>\n\t<meta name=\"twitter:data2\" content=\"3 minutos\" \/>\n<script type=\"application\/ld+json\" class=\"yoast-schema-graph\">{\"@context\":\"https:\/\/schema.org\",\"@graph\":[{\"@type\":\"NewsArticle\",\"@id\":\"https:\/\/www.gaveanews.com\/index.php\/2024\/09\/03\/bragantino-pode-fechar-com-ex-tottenham\/#article\",\"isPartOf\":{\"@id\":\"https:\/\/www.gaveanews.com\/index.php\/2024\/09\/03\/bragantino-pode-fechar-com-ex-tottenham\/\"},\"author\":{\"name\":\"Geovanna Thomaz\",\"@id\":\"https:\/\/www.gaveanews.com\/#\/schema\/person\/f42654babcd2b2014a1a65af82b081f1\"},\"headline\":\"Bragantino pode fechar com ex-Tottenham\",\"datePublished\":\"2024-09-03T18:00:00+00:00\",\"mainEntityOfPage\":{\"@id\":\"https:\/\/www.gaveanews.com\/index.php\/2024\/09\/03\/bragantino-pode-fechar-com-ex-tottenham\/\"},\"wordCount\":373,\"commentCount\":0,\"image\":{\"@id\":\"https:\/\/www.gaveanews.com\/index.php\/2024\/09\/03\/bragantino-pode-fechar-com-ex-tottenham\/#primaryimage\"},\"thumbnailUrl\":\"https:\/\/www.gaveanews.com\/wp-content\/uploads\/Logomarca-do-Red-Bull-Bragantino.webp\",\"articleSection\":[\"Bragantino\"],\"inLanguage\":\"pt-BR\",\"potentialAction\":[{\"@type\":\"CommentAction\",\"name\":\"Comment\",\"target\":[\"https:\/\/www.gaveanews.com\/index.php\/2024\/09\/03\/bragantino-pode-fechar-com-ex-tottenham\/#respond\"]}],\"copyrightYear\":\"2024\",\"copyrightHolder\":{\"@id\":\"https:\/\/www.gaveanews.com\/#organization\"}},{\"@type\":\"WebPage\",\"@id\":\"https:\/\/www.gaveanews.com\/index.php\/2024\/09\/03\/bragantino-pode-fechar-com-ex-tottenham\/\",\"url\":\"https:\/\/www.gaveanews.com\/index.php\/2024\/09\/03\/bragantino-pode-fechar-com-ex-tottenham\/\",\"name\":\"Bragantino pode fechar com ex-Tottenham\",\"isPartOf\":{\"@id\":\"https:\/\/www.gaveanews.com\/#website\"},\"primaryImageOfPage\":{\"@id\":\"https:\/\/www.gaveanews.com\/index.php\/2024\/09\/03\/bragantino-pode-fechar-com-ex-tottenham\/#primaryimage\"},\"image\":{\"@id\":\"https:\/\/www.gaveanews.com\/index.php\/2024\/09\/03\/bragantino-pode-fechar-com-ex-tottenham\/#primaryimage\"},\"thumbnailUrl\":\"https:\/\/www.gaveanews.com\/wp-content\/uploads\/Logomarca-do-Red-Bull-Bragantino.webp\",\"datePublished\":\"2024-09-03T18:00:00+00:00\",\"author\":{\"@id\":\"https:\/\/www.gaveanews.com\/#\/schema\/person\/f42654babcd2b2014a1a65af82b081f1\"},\"breadcrumb\":{\"@id\":\"https:\/\/www.gaveanews.com\/index.php\/2024\/09\/03\/bragantino-pode-fechar-com-ex-tottenham\/#breadcrumb\"},\"inLanguage\":\"pt-BR\",\"potentialAction\":[{\"@type\":\"ReadAction\",\"target\":[\"https:\/\/www.gaveanews.com\/index.php\/2024\/09\/03\/bragantino-pode-fechar-com-ex-tottenham\/\"]}]},{\"@type\":\"ImageObject\",\"inLanguage\":\"pt-BR\",\"@id\":\"https:\/\/www.gaveanews.com\/index.php\/2024\/09\/03\/bragantino-pode-fechar-com-ex-tottenham\/#primaryimage\",\"url\":\"https:\/\/www.gaveanews.com\/wp-content\/uploads\/Logomarca-do-Red-Bull-Bragantino.webp\",\"contentUrl\":\"https:\/\/www.gaveanews.com\/wp-content\/uploads\/Logomarca-do-Red-Bull-Bragantino.webp\",\"width\":1200,\"height\":1200,\"caption\":\"Logomarca do Red Bull Bragantino (Foto: Reprodu\u00e7\u00e3o)\"},{\"@type\":\"BreadcrumbList\",\"@id\":\"https:\/\/www.gaveanews.com\/index.php\/2024\/09\/03\/bragantino-pode-fechar-com-ex-tottenham\/#breadcrumb\",\"itemListElement\":[{\"@type\":\"ListItem\",\"position\":1,\"name\":\"Home\",\"item\":\"https:\/\/www.gaveanews.com\/\"},{\"@type\":\"ListItem\",\"position\":2,\"name\":\"Bragantino pode fechar com ex-Tottenham\"}]},{\"@type\":\"WebSite\",\"@id\":\"https:\/\/www.gaveanews.com\/#website\",\"url\":\"https:\/\/www.gaveanews.com\/\",\"name\":\"G\u00e1vea News\",\"description\":\"Veja todas as not\u00edcias sobre o Flamengo: Contrata\u00e7\u00f5es, categorias de base, resultados das partidas, tabela de classifica\u00e7\u00e3o, pr\u00f3ximos jogos!\",\"potentialAction\":[{\"@type\":\"SearchAction\",\"target\":{\"@type\":\"EntryPoint\",\"urlTemplate\":\"https:\/\/www.gaveanews.com\/?s={search_term_string}\"},\"query-input\":{\"@type\":\"PropertyValueSpecification\",\"valueRequired\":true,\"valueName\":\"search_term_string\"}}],\"inLanguage\":\"pt-BR\"},{\"@type\":\"Person\",\"@id\":\"https:\/\/www.gaveanews.com\/#\/schema\/person\/f42654babcd2b2014a1a65af82b081f1\",\"name\":\"Geovanna Thomaz\",\"image\":{\"@type\":\"ImageObject\",\"inLanguage\":\"pt-BR\",\"@id\":\"https:\/\/www.gaveanews.com\/#\/schema\/person\/image\/\",\"url\":\"https:\/\/secure.gravatar.com\/avatar\/4092073255489533afb558984b49b64268c47198af8623cc82a925ae9fb7118a?s=96&d=mm&r=g\",\"contentUrl\":\"https:\/\/secure.gravatar.com\/avatar\/4092073255489533afb558984b49b64268c47198af8623cc82a925ae9fb7118a?s=96&d=mm&r=g\",\"caption\":\"Geovanna Thomaz\"}}]}<\/script>\n<!-- \/ Yoast SEO Premium plugin. -->","yoast_head_json":{"title":"Bragantino pode fechar com ex-Tottenham","robots":{"index":"index","follow":"follow","max-snippet":"max-snippet:-1","max-image-preview":"max-image-preview:large","max-video-preview":"max-video-preview:-1"},"canonical":"https:\/\/www.gaveanews.com\/index.php\/2024\/09\/03\/bragantino-pode-fechar-com-ex-tottenham\/","og_locale":"pt_BR","og_type":"article","og_title":"Bragantino pode fechar com ex-Tottenham","og_description":"Red Bull Bragantino encaminha contrata\u00e7\u00f5es de Carlos Vin\u00edcius e Sergio Pal\u00e1cios e busca refor\u00e7os para a temporada O Red Bull Bragantino est\u00e1 pr\u00f3ximo de anunciar mais dois refor\u00e7os nesta janela de transfer\u00eancias. O clube encaminhou as contrata\u00e7\u00f5es do atacante brasileiro Carlos Vin\u00edcius, que pertence ao Fulham, da Inglaterra, e do zagueiro colombiano Sergio Pal\u00e1cios, revelado [&hellip;]","og_url":"https:\/\/www.gaveanews.com\/index.php\/2024\/09\/03\/bragantino-pode-fechar-com-ex-tottenham\/","og_site_name":"G\u00e1vea News","article_publisher":"https:\/\/facebook.com\/gaveaNews\/","article_published_time":"2024-09-03T18:00:00+00:00","og_image":[{"width":1200,"height":1200,"url":"https:\/\/www.gaveanews.com\/wp-content\/uploads\/Logomarca-do-Red-Bull-Bragantino.webp","type":"image\/webp"}],"author":"Geovanna Thomaz","twitter_card":"summary_large_image","twitter_misc":{"Escrito por":"Geovanna Thomaz","Est. tempo de leitura":"3 minutos"},"schema":{"@context":"https:\/\/schema.org","@graph":[{"@type":"NewsArticle","@id":"https:\/\/www.gaveanews.com\/index.php\/2024\/09\/03\/bragantino-pode-fechar-com-ex-tottenham\/#article","isPartOf":{"@id":"https:\/\/www.gaveanews.com\/index.php\/2024\/09\/03\/bragantino-pode-fechar-com-ex-tottenham\/"},"author":{"name":"Geovanna Thomaz","@id":"https:\/\/www.gaveanews.com\/#\/schema\/person\/f42654babcd2b2014a1a65af82b081f1"},"headline":"Bragantino pode fechar com ex-Tottenham","datePublished":"2024-09-03T18:00:00+00:00","mainEntityOfPage":{"@id":"https:\/\/www.gaveanews.com\/index.php\/2024\/09\/03\/bragantino-pode-fechar-com-ex-tottenham\/"},"wordCount":373,"commentCount":0,"image":{"@id":"https:\/\/www.gaveanews.com\/index.php\/2024\/09\/03\/bragantino-pode-fechar-com-ex-tottenham\/#primaryimage"},"thumbnailUrl":"https:\/\/www.gaveanews.com\/wp-content\/uploads\/Logomarca-do-Red-Bull-Bragantino.webp","articleSection":["Bragantino"],"inLanguage":"pt-BR","potentialAction":[{"@type":"CommentAction","name":"Comment","target":["https:\/\/www.gaveanews.com\/index.php\/2024\/09\/03\/bragantino-pode-fechar-com-ex-tottenham\/#respond"]}],"copyrightYear":"2024","copyrightHolder":{"@id":"https:\/\/www.gaveanews.com\/#organization"}},{"@type":"WebPage","@id":"https:\/\/www.gaveanews.com\/index.php\/2024\/09\/03\/bragantino-pode-fechar-com-ex-tottenham\/","url":"https:\/\/www.gaveanews.com\/index.php\/2024\/09\/03\/bragantino-pode-fechar-com-ex-tottenham\/","name":"Bragantino pode fechar com ex-Tottenham","isPartOf":{"@id":"https:\/\/www.gaveanews.com\/#website"},"primaryImageOfPage":{"@id":"https:\/\/www.gaveanews.com\/index.php\/2024\/09\/03\/bragantino-pode-fechar-com-ex-tottenham\/#primaryimage"},"image":{"@id":"https:\/\/www.gaveanews.com\/index.php\/2024\/09\/03\/bragantino-pode-fechar-com-ex-tottenham\/#primaryimage"},"thumbnailUrl":"https:\/\/www.gaveanews.com\/wp-content\/uploads\/Logomarca-do-Red-Bull-Bragantino.webp","datePublished":"2024-09-03T18:00:00+00:00","author":{"@id":"https:\/\/www.gaveanews.com\/#\/schema\/person\/f42654babcd2b2014a1a65af82b081f1"},"breadcrumb":{"@id":"https:\/\/www.gaveanews.com\/index.php\/2024\/09\/03\/bragantino-pode-fechar-com-ex-tottenham\/#breadcrumb"},"inLanguage":"pt-BR","potentialAction":[{"@type":"ReadAction","target":["https:\/\/www.gaveanews.com\/index.php\/2024\/09\/03\/bragantino-pode-fechar-com-ex-tottenham\/"]}]},{"@type":"ImageObject","inLanguage":"pt-BR","@id":"https:\/\/www.gaveanews.com\/index.php\/2024\/09\/03\/bragantino-pode-fechar-com-ex-tottenham\/#primaryimage","url":"https:\/\/www.gaveanews.com\/wp-content\/uploads\/Logomarca-do-Red-Bull-Bragantino.webp","contentUrl":"https:\/\/www.gaveanews.com\/wp-content\/uploads\/Logomarca-do-Red-Bull-Bragantino.webp","width":1200,"height":1200,"caption":"Logomarca do Red Bull Bragantino (Foto: Reprodu\u00e7\u00e3o)"},{"@type":"BreadcrumbList","@id":"https:\/\/www.gaveanews.com\/index.php\/2024\/09\/03\/bragantino-pode-fechar-com-ex-tottenham\/#breadcrumb","itemListElement":[{"@type":"ListItem","position":1,"name":"Home","item":"https:\/\/www.gaveanews.com\/"},{"@type":"ListItem","position":2,"name":"Bragantino pode fechar com ex-Tottenham"}]},{"@type":"WebSite","@id":"https:\/\/www.gaveanews.com\/#website","url":"https:\/\/www.gaveanews.com\/","name":"G\u00e1vea News","description":"Veja todas as not\u00edcias sobre o Flamengo: Contrata\u00e7\u00f5es, categorias de base, resultados das partidas, tabela de classifica\u00e7\u00e3o, pr\u00f3ximos jogos!","potentialAction":[{"@type":"SearchAction","target":{"@type":"EntryPoint","urlTemplate":"https:\/\/www.gaveanews.com\/?s={search_term_string}"},"query-input":{"@type":"PropertyValueSpecification","valueRequired":true,"valueName":"search_term_string"}}],"inLanguage":"pt-BR"},{"@type":"Person","@id":"https:\/\/www.gaveanews.com\/#\/schema\/person\/f42654babcd2b2014a1a65af82b081f1","name":"Geovanna Thomaz","image":{"@type":"ImageObject","inLanguage":"pt-BR","@id":"https:\/\/www.gaveanews.com\/#\/schema\/person\/image\/","url":"https:\/\/secure.gravatar.com\/avatar\/4092073255489533afb558984b49b64268c47198af8623cc82a925ae9fb7118a?s=96&d=mm&r=g","contentUrl":"https:\/\/secure.gravatar.com\/avatar\/4092073255489533afb558984b49b64268c47198af8623cc82a925ae9fb7118a?s=96&d=mm&r=g","caption":"Geovanna Thomaz"}}]}},"_links":{"self":[{"href":"https:\/\/www.gaveanews.com\/index.php\/wp-json\/wp\/v2\/posts\/163513","targetHints":{"allow":["GET"]}}],"collection":[{"href":"https:\/\/www.gaveanews.com\/index.php\/wp-json\/wp\/v2\/posts"}],"about":[{"href":"https:\/\/www.gaveanews.com\/index.php\/wp-json\/wp\/v2\/types\/post"}],"author":[{"embeddable":true,"href":"https:\/\/www.gaveanews.com\/index.php\/wp-json\/wp\/v2\/users\/17"}],"replies":[{"embeddable":true,"href":"https:\/\/www.gaveanews.com\/index.php\/wp-json\/wp\/v2\/comments?post=163513"}],"version-history":[{"count":2,"href":"https:\/\/www.gaveanews.com\/index.php\/wp-json\/wp\/v2\/posts\/163513\/revisions"}],"predecessor-version":[{"id":163583,"href":"https:\/\/www.gaveanews.com\/index.php\/wp-json\/wp\/v2\/posts\/163513\/revisions\/163583"}],"wp:featuredmedia":[{"embeddable":true,"href":"https:\/\/www.gaveanews.com\/index.php\/wp-json\/wp\/v2\/media\/150105"}],"wp:attachment":[{"href":"https:\/\/www.gaveanews.com\/index.php\/wp-json\/wp\/v2\/media?parent=163513"}],"wp:term":[{"taxonomy":"category","embeddable":true,"href":"https:\/\/www.gaveanews.com\/index.php\/wp-json\/wp\/v2\/categories?post=163513"},{"taxonomy":"post_tag","embeddable":true,"href":"https:\/\/www.gaveanews.com\/index.php\/wp-json\/wp\/v2\/tags?post=163513"}],"curies":[{"name":"wp","href":"https:\/\/api.w.org\/{rel}","templated":true}]}}