{"id":163628,"date":"2024-09-03T16:00:00","date_gmt":"2024-09-03T19:00:00","guid":{"rendered":"https:\/\/www.gaveanews.com\/?p=163628"},"modified":"2024-09-03T14:02:22","modified_gmt":"2024-09-03T17:02:22","slug":"presidente-da-cbf-faz-exigencia-para-nao-demitir-dorival-jr","status":"publish","type":"post","link":"https:\/\/www.gaveanews.com\/index.php\/2024\/09\/03\/presidente-da-cbf-faz-exigencia-para-nao-demitir-dorival-jr\/","title":{"rendered":"Presidente da CBF faz exig\u00eancia para n\u00e3o demitir Dorival Jr"},"content":{"rendered":"\n<h2 class=\"wp-block-heading\" id=\"h-preferido-de-ednaldo-vai-aguardar-os-proximos-resultados\">Preferido de Ednaldo vai aguardar os pr\u00f3ximos resultados<\/h2>\n\n\n\n<p>O treinador Dorival Jr. assumiu a sele\u00e7\u00e3o brasileira h\u00e1 aproximadamente oito meses. A diretoria da CBF acredita que esse tempo foi dedicado \u00e0 forma\u00e7\u00e3o do grupo, mas agora \u00e9 preciso obter resultados imediatos para tirar a equipe nacional da desconfort\u00e1vel sexta posi\u00e7\u00e3o nas eliminat\u00f3rias para o Mundial.<\/p>\n\n\n\n<ul class=\"wp-block-list\">\n<li><a href=\"https:\/\/www.gaveanews.com\/index.php\/2024\/09\/03\/fifa-vai-testar-var-alternativo-pela-primeira-vez-na-historia-veja-detalhes\/\">FIFA vai testar VAR \u2018alternativo\u2019 pela primeira vez na hist\u00f3ria; veja detalhes<\/a><\/li>\n\n\n\n<li><a href=\"https:\/\/www.gaveanews.com\/index.php\/2024\/09\/03\/10-jogadores-do-brasil-que-recebem-mais-do-que-yamal-no-barcelona\/\">10 jogadores do Brasil que recebem mais do que Yamal no Barcelona<br><\/a><\/li>\n<\/ul>\n\n\n\n<p>O Brasil ir\u00e1 enfrentar o Equador na pr\u00f3xima sexta-feira, em Curitiba, e logo depois jogar\u00e1 contra o Paraguai na ter\u00e7a-feira, fora de casa.<\/p>\n\n\n\n<p>Apesar dos resultados insatisfat\u00f3rios, o presidente da CBF, Ednaldo Rodrigues, considerou a Copa Am\u00e9rica como uma oportunidade para consolidar a forma\u00e7\u00e3o do time. Foram realizados testes com jogadores para definir melhor o elenco.<\/p>\n\n\n\n<figure class=\"wp-block-image size-full\"><img loading=\"lazy\" decoding=\"async\" width=\"732\" height=\"412\" src=\"https:\/\/www.gaveanews.com\/wp-content\/uploads\/dorival-junior-selecao-e1704998153515.webp\" alt=\"\" class=\"wp-image-126556\" srcset=\"https:\/\/www.gaveanews.com\/wp-content\/uploads\/dorival-junior-selecao-e1704998153515.webp 732w, https:\/\/www.gaveanews.com\/wp-content\/uploads\/dorival-junior-selecao-e1704998153515-300x169.webp 300w, https:\/\/www.gaveanews.com\/wp-content\/uploads\/dorival-junior-selecao-e1704998153515-640x360.webp 640w, https:\/\/www.gaveanews.com\/wp-content\/uploads\/dorival-junior-selecao-e1704998153515-681x383.webp 681w, https:\/\/www.gaveanews.com\/wp-content\/uploads\/dorival-junior-selecao-e1704998153515-100x56.webp 100w\" sizes=\"auto, (max-width: 732px) 100vw, 732px\" \/><figcaption class=\"wp-element-caption\">Dorival J\u00fanior, t\u00e9cnico da Sele\u00e7\u00e3o Brasileira (Foto: Reprodu\u00e7\u00e3o)<\/figcaption><\/figure>\n\n\n\n<p>Em momentos anteriores, o dirigente havia avaliado positivamente os resultados obtidos nos amistosos contra Inglaterra e Espanha.<\/p>\n\n\n\n<p>No entanto, segundo a vis\u00e3o de Ednaldo, o per\u00edodo de avalia\u00e7\u00e3o est\u00e1 se encerrando com as eliminat\u00f3rias. Isso se deve \u00e0 atual posi\u00e7\u00e3o do Brasil na tabela. Para ele, s\u00e3o essenciais seis vit\u00f3rias nos pr\u00f3ximos seis jogos at\u00e9 o final do ano nas classificat\u00f3rias.<\/p>\n\n\n\n<p>Dorival \u00e9 o segundo t\u00e9cnico da sele\u00e7\u00e3o em dois anos; Fernando Diniz ocupou anteriormente a fun\u00e7\u00e3o como interino e houve tamb\u00e9m um per\u00edodo sob comando de Ramon Menezes, que tamb\u00e9m atuou interinamente.<\/p>\n\n\n\n<p>H\u00e1 uma compreens\u00e3o compartilhada pelo presidente da CBF de que o t\u00e9cnico da sele\u00e7\u00e3o deveria ter um ciclo completo. No entanto, existe a lembran\u00e7a de que Tite liderou a sele\u00e7\u00e3o por seis anos, durante duas Copas do Mundo, mas n\u00e3o conseguiu os resultados esperados.<\/p>\n","protected":false},"excerpt":{"rendered":"<p>Presidente da CBF faz exig\u00eancia para n\u00e3o demitir Dorival Jr<\/p>\n","protected":false},"author":16,"featured_media":114931,"comment_status":"open","ping_status":"closed","sticky":false,"template":"","format":"standard","meta":{"footnotes":""},"categories":[1],"tags":[],"class_list":["post-163628","post","type-post","status-publish","format-standard","has-post-thumbnail","hentry","category-flamengo"],"yoast_head":"<!-- This site is optimized with the Yoast SEO Premium plugin v24.2 (Yoast SEO v26.9) - https:\/\/yoast.com\/product\/yoast-seo-premium-wordpress\/ -->\n<title>Presidente da CBF faz exig\u00eancia para n\u00e3o demitir Dorival Jr<\/title>\n<meta name=\"robots\" content=\"index, follow, max-snippet:-1, max-image-preview:large, max-video-preview:-1\" \/>\n<link rel=\"canonical\" href=\"https:\/\/www.gaveanews.com\/index.php\/2024\/09\/03\/presidente-da-cbf-faz-exigencia-para-nao-demitir-dorival-jr\/\" \/>\n<meta property=\"og:locale\" content=\"pt_BR\" \/>\n<meta property=\"og:type\" content=\"article\" \/>\n<meta property=\"og:title\" content=\"Presidente da CBF faz exig\u00eancia para n\u00e3o demitir Dorival Jr\" \/>\n<meta property=\"og:description\" content=\"Presidente da CBF faz exig\u00eancia para n\u00e3o demitir Dorival Jr\" \/>\n<meta property=\"og:url\" content=\"https:\/\/www.gaveanews.com\/index.php\/2024\/09\/03\/presidente-da-cbf-faz-exigencia-para-nao-demitir-dorival-jr\/\" \/>\n<meta property=\"og:site_name\" content=\"G\u00e1vea News\" \/>\n<meta property=\"article:publisher\" content=\"https:\/\/facebook.com\/gaveaNews\/\" \/>\n<meta property=\"article:published_time\" content=\"2024-09-03T19:00:00+00:00\" \/>\n<meta property=\"og:image\" content=\"https:\/\/www.gaveanews.com\/wp-content\/uploads\/1_ednaldo_rodrigues_cbf_selecao_brasileira__2_-23258960.webp\" \/>\n\t<meta property=\"og:image:width\" content=\"818\" \/>\n\t<meta property=\"og:image:height\" content=\"459\" \/>\n\t<meta property=\"og:image:type\" content=\"image\/jpeg\" \/>\n<meta name=\"author\" content=\"D\u00e9bora Figueiredo\" \/>\n<meta name=\"twitter:card\" content=\"summary_large_image\" \/>\n<meta name=\"twitter:label1\" content=\"Escrito por\" \/>\n\t<meta name=\"twitter:data1\" content=\"D\u00e9bora Figueiredo\" \/>\n\t<meta name=\"twitter:label2\" content=\"Est. tempo de leitura\" \/>\n\t<meta name=\"twitter:data2\" content=\"2 minutos\" \/>\n<script type=\"application\/ld+json\" class=\"yoast-schema-graph\">{\"@context\":\"https:\/\/schema.org\",\"@graph\":[{\"@type\":\"NewsArticle\",\"@id\":\"https:\/\/www.gaveanews.com\/index.php\/2024\/09\/03\/presidente-da-cbf-faz-exigencia-para-nao-demitir-dorival-jr\/#article\",\"isPartOf\":{\"@id\":\"https:\/\/www.gaveanews.com\/index.php\/2024\/09\/03\/presidente-da-cbf-faz-exigencia-para-nao-demitir-dorival-jr\/\"},\"author\":{\"name\":\"D\u00e9bora Figueiredo\",\"@id\":\"https:\/\/www.gaveanews.com\/#\/schema\/person\/37122681a8575a5c8db05a56f099a5e4\"},\"headline\":\"Presidente da CBF faz exig\u00eancia para n\u00e3o demitir Dorival Jr\",\"datePublished\":\"2024-09-03T19:00:00+00:00\",\"mainEntityOfPage\":{\"@id\":\"https:\/\/www.gaveanews.com\/index.php\/2024\/09\/03\/presidente-da-cbf-faz-exigencia-para-nao-demitir-dorival-jr\/\"},\"wordCount\":324,\"commentCount\":0,\"image\":{\"@id\":\"https:\/\/www.gaveanews.com\/index.php\/2024\/09\/03\/presidente-da-cbf-faz-exigencia-para-nao-demitir-dorival-jr\/#primaryimage\"},\"thumbnailUrl\":\"https:\/\/www.gaveanews.com\/wp-content\/uploads\/1_ednaldo_rodrigues_cbf_selecao_brasileira__2_-23258960.webp\",\"articleSection\":[\"Flamengo\"],\"inLanguage\":\"pt-BR\",\"potentialAction\":[{\"@type\":\"CommentAction\",\"name\":\"Comment\",\"target\":[\"https:\/\/www.gaveanews.com\/index.php\/2024\/09\/03\/presidente-da-cbf-faz-exigencia-para-nao-demitir-dorival-jr\/#respond\"]}],\"copyrightYear\":\"2024\",\"copyrightHolder\":{\"@id\":\"https:\/\/www.gaveanews.com\/#organization\"}},{\"@type\":\"WebPage\",\"@id\":\"https:\/\/www.gaveanews.com\/index.php\/2024\/09\/03\/presidente-da-cbf-faz-exigencia-para-nao-demitir-dorival-jr\/\",\"url\":\"https:\/\/www.gaveanews.com\/index.php\/2024\/09\/03\/presidente-da-cbf-faz-exigencia-para-nao-demitir-dorival-jr\/\",\"name\":\"Presidente da CBF faz exig\u00eancia para n\u00e3o demitir Dorival Jr\",\"isPartOf\":{\"@id\":\"https:\/\/www.gaveanews.com\/#website\"},\"primaryImageOfPage\":{\"@id\":\"https:\/\/www.gaveanews.com\/index.php\/2024\/09\/03\/presidente-da-cbf-faz-exigencia-para-nao-demitir-dorival-jr\/#primaryimage\"},\"image\":{\"@id\":\"https:\/\/www.gaveanews.com\/index.php\/2024\/09\/03\/presidente-da-cbf-faz-exigencia-para-nao-demitir-dorival-jr\/#primaryimage\"},\"thumbnailUrl\":\"https:\/\/www.gaveanews.com\/wp-content\/uploads\/1_ednaldo_rodrigues_cbf_selecao_brasileira__2_-23258960.webp\",\"datePublished\":\"2024-09-03T19:00:00+00:00\",\"author\":{\"@id\":\"https:\/\/www.gaveanews.com\/#\/schema\/person\/37122681a8575a5c8db05a56f099a5e4\"},\"breadcrumb\":{\"@id\":\"https:\/\/www.gaveanews.com\/index.php\/2024\/09\/03\/presidente-da-cbf-faz-exigencia-para-nao-demitir-dorival-jr\/#breadcrumb\"},\"inLanguage\":\"pt-BR\",\"potentialAction\":[{\"@type\":\"ReadAction\",\"target\":[\"https:\/\/www.gaveanews.com\/index.php\/2024\/09\/03\/presidente-da-cbf-faz-exigencia-para-nao-demitir-dorival-jr\/\"]}]},{\"@type\":\"ImageObject\",\"inLanguage\":\"pt-BR\",\"@id\":\"https:\/\/www.gaveanews.com\/index.php\/2024\/09\/03\/presidente-da-cbf-faz-exigencia-para-nao-demitir-dorival-jr\/#primaryimage\",\"url\":\"https:\/\/www.gaveanews.com\/wp-content\/uploads\/1_ednaldo_rodrigues_cbf_selecao_brasileira__2_-23258960.webp\",\"contentUrl\":\"https:\/\/www.gaveanews.com\/wp-content\/uploads\/1_ednaldo_rodrigues_cbf_selecao_brasileira__2_-23258960.webp\",\"width\":818,\"height\":459,\"caption\":\"Ednaldo Rodrigues, presidente da CBF, em entrevista coletiva da sele\u00e7\u00e3o brasileira feminina (Foto: Thais Magalh\u00e3es\/CBF)\"},{\"@type\":\"BreadcrumbList\",\"@id\":\"https:\/\/www.gaveanews.com\/index.php\/2024\/09\/03\/presidente-da-cbf-faz-exigencia-para-nao-demitir-dorival-jr\/#breadcrumb\",\"itemListElement\":[{\"@type\":\"ListItem\",\"position\":1,\"name\":\"Home\",\"item\":\"https:\/\/www.gaveanews.com\/\"},{\"@type\":\"ListItem\",\"position\":2,\"name\":\"Presidente da CBF faz exig\u00eancia para n\u00e3o demitir Dorival Jr\"}]},{\"@type\":\"WebSite\",\"@id\":\"https:\/\/www.gaveanews.com\/#website\",\"url\":\"https:\/\/www.gaveanews.com\/\",\"name\":\"G\u00e1vea News\",\"description\":\"Veja todas as not\u00edcias sobre o Flamengo: Contrata\u00e7\u00f5es, categorias de base, resultados das partidas, tabela de classifica\u00e7\u00e3o, pr\u00f3ximos jogos!\",\"potentialAction\":[{\"@type\":\"SearchAction\",\"target\":{\"@type\":\"EntryPoint\",\"urlTemplate\":\"https:\/\/www.gaveanews.com\/?s={search_term_string}\"},\"query-input\":{\"@type\":\"PropertyValueSpecification\",\"valueRequired\":true,\"valueName\":\"search_term_string\"}}],\"inLanguage\":\"pt-BR\"},{\"@type\":\"Person\",\"@id\":\"https:\/\/www.gaveanews.com\/#\/schema\/person\/37122681a8575a5c8db05a56f099a5e4\",\"name\":\"D\u00e9bora Figueiredo\",\"image\":{\"@type\":\"ImageObject\",\"inLanguage\":\"pt-BR\",\"@id\":\"https:\/\/www.gaveanews.com\/#\/schema\/person\/image\/\",\"url\":\"https:\/\/secure.gravatar.com\/avatar\/1f44802859351588499d26f52aed1d15796ce17e67602895b72837c08018868d?s=96&d=mm&r=g\",\"contentUrl\":\"https:\/\/secure.gravatar.com\/avatar\/1f44802859351588499d26f52aed1d15796ce17e67602895b72837c08018868d?s=96&d=mm&r=g\",\"caption\":\"D\u00e9bora Figueiredo\"}}]}<\/script>\n<!-- \/ Yoast SEO Premium plugin. -->","yoast_head_json":{"title":"Presidente da CBF faz exig\u00eancia para n\u00e3o demitir Dorival Jr","robots":{"index":"index","follow":"follow","max-snippet":"max-snippet:-1","max-image-preview":"max-image-preview:large","max-video-preview":"max-video-preview:-1"},"canonical":"https:\/\/www.gaveanews.com\/index.php\/2024\/09\/03\/presidente-da-cbf-faz-exigencia-para-nao-demitir-dorival-jr\/","og_locale":"pt_BR","og_type":"article","og_title":"Presidente da CBF faz exig\u00eancia para n\u00e3o demitir Dorival Jr","og_description":"Presidente da CBF faz exig\u00eancia para n\u00e3o demitir Dorival Jr","og_url":"https:\/\/www.gaveanews.com\/index.php\/2024\/09\/03\/presidente-da-cbf-faz-exigencia-para-nao-demitir-dorival-jr\/","og_site_name":"G\u00e1vea News","article_publisher":"https:\/\/facebook.com\/gaveaNews\/","article_published_time":"2024-09-03T19:00:00+00:00","og_image":[{"width":818,"height":459,"url":"https:\/\/www.gaveanews.com\/wp-content\/uploads\/1_ednaldo_rodrigues_cbf_selecao_brasileira__2_-23258960.webp","type":"image\/jpeg"}],"author":"D\u00e9bora Figueiredo","twitter_card":"summary_large_image","twitter_misc":{"Escrito por":"D\u00e9bora Figueiredo","Est. tempo de leitura":"2 minutos"},"schema":{"@context":"https:\/\/schema.org","@graph":[{"@type":"NewsArticle","@id":"https:\/\/www.gaveanews.com\/index.php\/2024\/09\/03\/presidente-da-cbf-faz-exigencia-para-nao-demitir-dorival-jr\/#article","isPartOf":{"@id":"https:\/\/www.gaveanews.com\/index.php\/2024\/09\/03\/presidente-da-cbf-faz-exigencia-para-nao-demitir-dorival-jr\/"},"author":{"name":"D\u00e9bora Figueiredo","@id":"https:\/\/www.gaveanews.com\/#\/schema\/person\/37122681a8575a5c8db05a56f099a5e4"},"headline":"Presidente da CBF faz exig\u00eancia para n\u00e3o demitir Dorival Jr","datePublished":"2024-09-03T19:00:00+00:00","mainEntityOfPage":{"@id":"https:\/\/www.gaveanews.com\/index.php\/2024\/09\/03\/presidente-da-cbf-faz-exigencia-para-nao-demitir-dorival-jr\/"},"wordCount":324,"commentCount":0,"image":{"@id":"https:\/\/www.gaveanews.com\/index.php\/2024\/09\/03\/presidente-da-cbf-faz-exigencia-para-nao-demitir-dorival-jr\/#primaryimage"},"thumbnailUrl":"https:\/\/www.gaveanews.com\/wp-content\/uploads\/1_ednaldo_rodrigues_cbf_selecao_brasileira__2_-23258960.webp","articleSection":["Flamengo"],"inLanguage":"pt-BR","potentialAction":[{"@type":"CommentAction","name":"Comment","target":["https:\/\/www.gaveanews.com\/index.php\/2024\/09\/03\/presidente-da-cbf-faz-exigencia-para-nao-demitir-dorival-jr\/#respond"]}],"copyrightYear":"2024","copyrightHolder":{"@id":"https:\/\/www.gaveanews.com\/#organization"}},{"@type":"WebPage","@id":"https:\/\/www.gaveanews.com\/index.php\/2024\/09\/03\/presidente-da-cbf-faz-exigencia-para-nao-demitir-dorival-jr\/","url":"https:\/\/www.gaveanews.com\/index.php\/2024\/09\/03\/presidente-da-cbf-faz-exigencia-para-nao-demitir-dorival-jr\/","name":"Presidente da CBF faz exig\u00eancia para n\u00e3o demitir Dorival Jr","isPartOf":{"@id":"https:\/\/www.gaveanews.com\/#website"},"primaryImageOfPage":{"@id":"https:\/\/www.gaveanews.com\/index.php\/2024\/09\/03\/presidente-da-cbf-faz-exigencia-para-nao-demitir-dorival-jr\/#primaryimage"},"image":{"@id":"https:\/\/www.gaveanews.com\/index.php\/2024\/09\/03\/presidente-da-cbf-faz-exigencia-para-nao-demitir-dorival-jr\/#primaryimage"},"thumbnailUrl":"https:\/\/www.gaveanews.com\/wp-content\/uploads\/1_ednaldo_rodrigues_cbf_selecao_brasileira__2_-23258960.webp","datePublished":"2024-09-03T19:00:00+00:00","author":{"@id":"https:\/\/www.gaveanews.com\/#\/schema\/person\/37122681a8575a5c8db05a56f099a5e4"},"breadcrumb":{"@id":"https:\/\/www.gaveanews.com\/index.php\/2024\/09\/03\/presidente-da-cbf-faz-exigencia-para-nao-demitir-dorival-jr\/#breadcrumb"},"inLanguage":"pt-BR","potentialAction":[{"@type":"ReadAction","target":["https:\/\/www.gaveanews.com\/index.php\/2024\/09\/03\/presidente-da-cbf-faz-exigencia-para-nao-demitir-dorival-jr\/"]}]},{"@type":"ImageObject","inLanguage":"pt-BR","@id":"https:\/\/www.gaveanews.com\/index.php\/2024\/09\/03\/presidente-da-cbf-faz-exigencia-para-nao-demitir-dorival-jr\/#primaryimage","url":"https:\/\/www.gaveanews.com\/wp-content\/uploads\/1_ednaldo_rodrigues_cbf_selecao_brasileira__2_-23258960.webp","contentUrl":"https:\/\/www.gaveanews.com\/wp-content\/uploads\/1_ednaldo_rodrigues_cbf_selecao_brasileira__2_-23258960.webp","width":818,"height":459,"caption":"Ednaldo Rodrigues, presidente da CBF, em entrevista coletiva da sele\u00e7\u00e3o brasileira feminina (Foto: Thais Magalh\u00e3es\/CBF)"},{"@type":"BreadcrumbList","@id":"https:\/\/www.gaveanews.com\/index.php\/2024\/09\/03\/presidente-da-cbf-faz-exigencia-para-nao-demitir-dorival-jr\/#breadcrumb","itemListElement":[{"@type":"ListItem","position":1,"name":"Home","item":"https:\/\/www.gaveanews.com\/"},{"@type":"ListItem","position":2,"name":"Presidente da CBF faz exig\u00eancia para n\u00e3o demitir Dorival Jr"}]},{"@type":"WebSite","@id":"https:\/\/www.gaveanews.com\/#website","url":"https:\/\/www.gaveanews.com\/","name":"G\u00e1vea News","description":"Veja todas as not\u00edcias sobre o Flamengo: Contrata\u00e7\u00f5es, categorias de base, resultados das partidas, tabela de classifica\u00e7\u00e3o, pr\u00f3ximos jogos!","potentialAction":[{"@type":"SearchAction","target":{"@type":"EntryPoint","urlTemplate":"https:\/\/www.gaveanews.com\/?s={search_term_string}"},"query-input":{"@type":"PropertyValueSpecification","valueRequired":true,"valueName":"search_term_string"}}],"inLanguage":"pt-BR"},{"@type":"Person","@id":"https:\/\/www.gaveanews.com\/#\/schema\/person\/37122681a8575a5c8db05a56f099a5e4","name":"D\u00e9bora Figueiredo","image":{"@type":"ImageObject","inLanguage":"pt-BR","@id":"https:\/\/www.gaveanews.com\/#\/schema\/person\/image\/","url":"https:\/\/secure.gravatar.com\/avatar\/1f44802859351588499d26f52aed1d15796ce17e67602895b72837c08018868d?s=96&d=mm&r=g","contentUrl":"https:\/\/secure.gravatar.com\/avatar\/1f44802859351588499d26f52aed1d15796ce17e67602895b72837c08018868d?s=96&d=mm&r=g","caption":"D\u00e9bora Figueiredo"}}]}},"_links":{"self":[{"href":"https:\/\/www.gaveanews.com\/index.php\/wp-json\/wp\/v2\/posts\/163628","targetHints":{"allow":["GET"]}}],"collection":[{"href":"https:\/\/www.gaveanews.com\/index.php\/wp-json\/wp\/v2\/posts"}],"about":[{"href":"https:\/\/www.gaveanews.com\/index.php\/wp-json\/wp\/v2\/types\/post"}],"author":[{"embeddable":true,"href":"https:\/\/www.gaveanews.com\/index.php\/wp-json\/wp\/v2\/users\/16"}],"replies":[{"embeddable":true,"href":"https:\/\/www.gaveanews.com\/index.php\/wp-json\/wp\/v2\/comments?post=163628"}],"version-history":[{"count":1,"href":"https:\/\/www.gaveanews.com\/index.php\/wp-json\/wp\/v2\/posts\/163628\/revisions"}],"predecessor-version":[{"id":163633,"href":"https:\/\/www.gaveanews.com\/index.php\/wp-json\/wp\/v2\/posts\/163628\/revisions\/163633"}],"wp:featuredmedia":[{"embeddable":true,"href":"https:\/\/www.gaveanews.com\/index.php\/wp-json\/wp\/v2\/media\/114931"}],"wp:attachment":[{"href":"https:\/\/www.gaveanews.com\/index.php\/wp-json\/wp\/v2\/media?parent=163628"}],"wp:term":[{"taxonomy":"category","embeddable":true,"href":"https:\/\/www.gaveanews.com\/index.php\/wp-json\/wp\/v2\/categories?post=163628"},{"taxonomy":"post_tag","embeddable":true,"href":"https:\/\/www.gaveanews.com\/index.php\/wp-json\/wp\/v2\/tags?post=163628"}],"curies":[{"name":"wp","href":"https:\/\/api.w.org\/{rel}","templated":true}]}}