{"id":163630,"date":"2024-09-03T18:45:00","date_gmt":"2024-09-03T21:45:00","guid":{"rendered":"https:\/\/www.gaveanews.com\/?p=163630"},"modified":"2024-09-03T17:55:59","modified_gmt":"2024-09-03T20:55:59","slug":"flamengo-faz-publicacao-direcionada-a-julio-cesar","status":"publish","type":"post","link":"https:\/\/www.gaveanews.com\/index.php\/2024\/09\/03\/flamengo-faz-publicacao-direcionada-a-julio-cesar\/","title":{"rendered":"Flamengo faz publica\u00e7\u00e3o direcionada a J\u00falio C\u00e9sar"},"content":{"rendered":"\n<p>O Flamengo \u00e9 uma pot\u00eancia no futebol brasileiro e mundial e com isso possui muitos \u00eddolos ao longo de toda a sua hist\u00f3ria. E por falar nisso, nesta ter\u00e7a (03), o ex-goleiro do Flamengo e da Sele\u00e7\u00e3o Brasileira, J\u00falio C\u00e9sar, completa 45 anos de idade.<\/p>\n\n\n\n<ul class=\"wp-block-list\">\n<li><a href=\"https:\/\/www.gaveanews.com\/index.php\/2024\/09\/03\/pre-temporada-do-flamengo-vai-ser-realizada-na-europa\/\">Pr\u00e9-temporada do Flamengo vai ser realizada na Europa<\/a><\/li>\n\n\n\n<li><a href=\"https:\/\/www.gaveanews.com\/index.php\/2024\/09\/03\/corinthians-x-flamengo-faz-audiencia-da-rede-globo-bombar\/\">Corinthians x Flamengo faz audi\u00eancia da Rede Globo bombar<\/a><\/li>\n<\/ul>\n\n\n\n<p>Dessa maneira, o Flamengo por meio do seu Instagram, fez quest\u00e3o de parabenizar o \u00eddolo com uma bela mensagem ao ex-arqueiro:<\/p>\n\n\n\n<p>\u201cAhh \u00e9 Julio Cesar! O \u00eddolo, um dos maiores goleiros da nossa hist\u00f3ria, faz anivers\u00e1rio hoje! Com o Manto Sagrado, ele foi campe\u00e3o da Copa dos Campe\u00f5es Mundiais (1997), do Carioca (1999, 2000, 2001 e 2004) e da Copa dos Campe\u00f5es (2001)! Parab\u00e9ns, felicidades e SRN, Julio! A Na\u00e7\u00e3o te abra\u00e7a!\u201d divulgou o clube no Instagram.<\/p>\n\n\n\n<blockquote class=\"instagram-media\" data-instgrm-captioned data-instgrm-permalink=\"https:\/\/www.instagram.com\/p\/C_dGLZ2xTAS\/?utm_source=ig_embed&amp;utm_campaign=loading\" data-instgrm-version=\"14\" style=\"background:#FFF;border:0;border-radius:3px;margin: 1px;max-width:540px;min-width:326px;padding:0;width:99.375%;width:-webkit-calc(100% - 2px);width:calc(100% - 2px)\"><div style=\"padding:16px\"> <a href=\"https:\/\/www.instagram.com\/p\/C_dGLZ2xTAS\/?utm_source=ig_embed&amp;utm_campaign=loading\" style=\"background:#FFFFFF;line-height:0;padding:0 0;text-align:center;text-decoration:none;width:100%\" target=\"_blank\" rel=\"noopener\"> <div style=\"flex-direction: row;align-items: center\"> <div style=\"background-color: #F4F4F4;border-radius: 50%;flex-grow: 0;height: 40px;margin-right: 14px;width: 40px\"><\/div> <div style=\"flex-direction: column;flex-grow: 1;justify-content: center\"> <div style=\"background-color: #F4F4F4;border-radius: 4px;flex-grow: 0;height: 14px;margin-bottom: 6px;width: 100px\"><\/div> <div style=\"background-color: #F4F4F4;border-radius: 4px;flex-grow: 0;height: 14px;width: 60px\"><\/div><\/div><\/div><div style=\"padding: 19% 0\"><\/div> <div style=\"height:50px;margin:0 auto 12px;width:50px\"><\/div><div style=\"padding-top: 8px\"> <div style=\"color:#3897f0;font-family:Arial,sans-serif;font-size:14px;font-style:normal;font-weight:550;line-height:18px\">Ver essa foto no Instagram<\/div><\/div><div style=\"padding: 12.5% 0\"><\/div> <div style=\"flex-direction: row;margin-bottom: 14px;align-items: center\"><div> <div style=\"background-color: #F4F4F4;border-radius: 50%;height: 12.5px;width: 12.5px\"><\/div> <div style=\"background-color: #F4F4F4;height: 12.5px;width: 12.5px;flex-grow: 0;margin-right: 14px;margin-left: 2px\"><\/div> <div style=\"background-color: #F4F4F4;border-radius: 50%;height: 12.5px;width: 12.5px\"><\/div><\/div><div style=\"margin-left: 8px\"> <div style=\"background-color: #F4F4F4;border-radius: 50%;flex-grow: 0;height: 20px;width: 20px\"><\/div> <div style=\"width: 0;height: 0;border-top: 2px solid transparent;border-left: 6px solid #f4f4f4;border-bottom: 2px solid transparent\"><\/div><\/div><div style=\"margin-left: auto\"> <div style=\"width: 0px;border-top: 8px solid #F4F4F4;border-right: 8px solid transparent\"><\/div> <div style=\"background-color: #F4F4F4;flex-grow: 0;height: 12px;width: 16px\"><\/div> <div style=\"width: 0;height: 0;border-top: 8px solid #F4F4F4;border-left: 8px solid transparent\"><\/div><\/div><\/div> <div style=\"flex-direction: column;flex-grow: 1;justify-content: center;margin-bottom: 24px\"> <div style=\"background-color: #F4F4F4;border-radius: 4px;flex-grow: 0;height: 14px;margin-bottom: 6px;width: 224px\"><\/div> <div style=\"background-color: #F4F4F4;border-radius: 4px;flex-grow: 0;height: 14px;width: 144px\"><\/div><\/div><\/a><p style=\"color:#c9c8cd;font-family:Arial,sans-serif;font-size:14px;line-height:17px;margin-bottom:0;margin-top:8px;overflow:hidden;padding:8px 0 7px;text-align:center\"><a href=\"https:\/\/www.instagram.com\/p\/C_dGLZ2xTAS\/?utm_source=ig_embed&amp;utm_campaign=loading\" style=\"color:#c9c8cd;font-family:Arial,sans-serif;font-size:14px;font-style:normal;font-weight:normal;line-height:17px;text-decoration:none\" target=\"_blank\" rel=\"noopener\">Uma publica\u00e7\u00e3o compartilhada por Flamengo (@flamengo)<\/a><\/p><\/div><\/blockquote> <script async src=\"\/\/www.instagram.com\/embed.js\"><\/script>\n\n\n\n<h2 class=\"wp-block-heading\" id=\"h-julio-cesar-no-flamengo\">J\u00falio C\u00e9sar no Flamengo<\/h2>\n\n\n\n<p>Vale destacar que J\u00falio C\u00e9sar foi formado nas categorias de base do clube e teve duas passagens pelo Flamengo: a primeira entre 1998 e 2004, e a segunda em 2018, quando retornou para se aposentar com um contrato de apenas alguns meses no in\u00edcio da temporada.<\/p>\n\n\n\n<p>Como mencionado na mensagem, durante sua primeira passagem, J\u00falio C\u00e9sar conquistou a Copa dos Campe\u00f5es Mundiais em 1997, quatro Campeonatos Cariocas (1999, 2000, 2001 e 2004), al\u00e9m da Copa dos Campe\u00f5es em 2001.<\/p>\n\n\n\n<p>Outra marca importante de J\u00falio C\u00e9sar no Meng\u00e3o \u00e9 que ele \u00e9 o terceiro goleiro que mais vestiu a camisa do clube, com 287 jogos disputados. Ele fica atr\u00e1s apenas de Cantarelli, que jogou 557 partidas, e Z\u00e9 Carlos, com 352 partidas<\/p>\n\n\n\n<h2 class=\"wp-block-heading\" id=\"h-carreira-de-julio-cesar\">Carreira de J\u00falio C\u00e9sar<\/h2>\n\n\n\n<p>Vale destacar que J\u00falio C\u00e9sar tamb\u00e9m fez hist\u00f3ria na Sele\u00e7\u00e3o Brasileira, sendo titular nas Copas do Mundo de 2010 e 2014. Al\u00e9m disso, o ex-goleiro conquistou duas Copas das Confedera\u00e7\u00f5es FIFA (2009 e 2013) e uma Copa Am\u00e9rica, em 2004.<\/p>\n\n\n\n<p>No futebol europeu, J\u00falio C\u00e9sar teve uma passagem marcante pela Inter de Mil\u00e3o, onde conquistou a Champions League e o Mundial de Clubes em 2010, al\u00e9m de cinco Campeonatos Italianos, tr\u00eas Copas da It\u00e1lia e uma Supercopa da It\u00e1lia.<\/p>\n\n\n\n<p>Antes de retornar ao Flamengo em 2018, J\u00falio C\u00e9sar jogou no Benfica, onde venceu tr\u00eas vezes o Campeonato Portugu\u00eas, al\u00e9m de uma Ta\u00e7a de Portugal e duas Ta\u00e7as da Liga.<\/p>\n","protected":false},"excerpt":{"rendered":"<p>O Flamengo \u00e9 uma pot\u00eancia no futebol brasileiro e mundial e com isso possui muitos \u00eddolos ao longo de toda a sua hist\u00f3ria. E por falar nisso, nesta ter\u00e7a (03), o ex-goleiro do Flamengo e da Sele\u00e7\u00e3o Brasileira, J\u00falio C\u00e9sar, completa 45 anos de idade. Dessa maneira, o Flamengo por meio do seu Instagram, fez [&hellip;]<\/p>\n","protected":false},"author":24,"featured_media":96089,"comment_status":"open","ping_status":"closed","sticky":false,"template":"","format":"standard","meta":{"footnotes":""},"categories":[98,1,107],"tags":[],"class_list":["post-163630","post","type-post","status-publish","format-standard","has-post-thumbnail","hentry","category-benfica","category-flamengo","category-internazionale"],"yoast_head":"<!-- This site is optimized with the Yoast SEO Premium plugin v24.2 (Yoast SEO v26.9) - https:\/\/yoast.com\/product\/yoast-seo-premium-wordpress\/ -->\n<title>Flamengo faz publica\u00e7\u00e3o direcionada a J\u00falio C\u00e9sar<\/title>\n<meta name=\"robots\" content=\"index, follow, max-snippet:-1, max-image-preview:large, max-video-preview:-1\" \/>\n<link rel=\"canonical\" href=\"https:\/\/www.gaveanews.com\/index.php\/2024\/09\/03\/flamengo-faz-publicacao-direcionada-a-julio-cesar\/\" \/>\n<meta property=\"og:locale\" content=\"pt_BR\" \/>\n<meta property=\"og:type\" content=\"article\" \/>\n<meta property=\"og:title\" content=\"Flamengo faz publica\u00e7\u00e3o direcionada a J\u00falio C\u00e9sar\" \/>\n<meta property=\"og:description\" content=\"O Flamengo \u00e9 uma pot\u00eancia no futebol brasileiro e mundial e com isso possui muitos \u00eddolos ao longo de toda a sua hist\u00f3ria. E por falar nisso, nesta ter\u00e7a (03), o ex-goleiro do Flamengo e da Sele\u00e7\u00e3o Brasileira, J\u00falio C\u00e9sar, completa 45 anos de idade. Dessa maneira, o Flamengo por meio do seu Instagram, fez [&hellip;]\" \/>\n<meta property=\"og:url\" content=\"https:\/\/www.gaveanews.com\/index.php\/2024\/09\/03\/flamengo-faz-publicacao-direcionada-a-julio-cesar\/\" \/>\n<meta property=\"og:site_name\" content=\"G\u00e1vea News\" \/>\n<meta property=\"article:publisher\" content=\"https:\/\/facebook.com\/gaveaNews\/\" \/>\n<meta property=\"article:published_time\" content=\"2024-09-03T21:45:00+00:00\" \/>\n<meta property=\"og:image\" content=\"https:\/\/www.gaveanews.com\/wp-content\/uploads\/julio-cesar-ex-goleiro-flamengo-selecao-brasileira.webp\" \/>\n\t<meta property=\"og:image:width\" content=\"984\" \/>\n\t<meta property=\"og:image:height\" content=\"656\" \/>\n\t<meta property=\"og:image:type\" content=\"image\/webp\" \/>\n<meta name=\"author\" content=\"Leandro Cardoso\" \/>\n<meta name=\"twitter:card\" content=\"summary_large_image\" \/>\n<meta name=\"twitter:label1\" content=\"Escrito por\" \/>\n\t<meta name=\"twitter:data1\" content=\"Leandro Cardoso\" \/>\n\t<meta name=\"twitter:label2\" content=\"Est. tempo de leitura\" \/>\n\t<meta name=\"twitter:data2\" content=\"3 minutos\" \/>\n<script type=\"application\/ld+json\" class=\"yoast-schema-graph\">{\"@context\":\"https:\/\/schema.org\",\"@graph\":[{\"@type\":\"NewsArticle\",\"@id\":\"https:\/\/www.gaveanews.com\/index.php\/2024\/09\/03\/flamengo-faz-publicacao-direcionada-a-julio-cesar\/#article\",\"isPartOf\":{\"@id\":\"https:\/\/www.gaveanews.com\/index.php\/2024\/09\/03\/flamengo-faz-publicacao-direcionada-a-julio-cesar\/\"},\"author\":{\"name\":\"Leandro Cardoso\",\"@id\":\"https:\/\/www.gaveanews.com\/#\/schema\/person\/2424ec6409bc3f068411fc5e4e9b6168\"},\"headline\":\"Flamengo faz publica\u00e7\u00e3o direcionada a J\u00falio C\u00e9sar\",\"datePublished\":\"2024-09-03T21:45:00+00:00\",\"mainEntityOfPage\":{\"@id\":\"https:\/\/www.gaveanews.com\/index.php\/2024\/09\/03\/flamengo-faz-publicacao-direcionada-a-julio-cesar\/\"},\"wordCount\":423,\"commentCount\":0,\"image\":{\"@id\":\"https:\/\/www.gaveanews.com\/index.php\/2024\/09\/03\/flamengo-faz-publicacao-direcionada-a-julio-cesar\/#primaryimage\"},\"thumbnailUrl\":\"https:\/\/www.gaveanews.com\/wp-content\/uploads\/julio-cesar-ex-goleiro-flamengo-selecao-brasileira.webp\",\"articleSection\":[\"Benfica\",\"Flamengo\",\"Internazionale\"],\"inLanguage\":\"pt-BR\",\"potentialAction\":[{\"@type\":\"CommentAction\",\"name\":\"Comment\",\"target\":[\"https:\/\/www.gaveanews.com\/index.php\/2024\/09\/03\/flamengo-faz-publicacao-direcionada-a-julio-cesar\/#respond\"]}],\"copyrightYear\":\"2024\",\"copyrightHolder\":{\"@id\":\"https:\/\/www.gaveanews.com\/#organization\"}},{\"@type\":\"WebPage\",\"@id\":\"https:\/\/www.gaveanews.com\/index.php\/2024\/09\/03\/flamengo-faz-publicacao-direcionada-a-julio-cesar\/\",\"url\":\"https:\/\/www.gaveanews.com\/index.php\/2024\/09\/03\/flamengo-faz-publicacao-direcionada-a-julio-cesar\/\",\"name\":\"Flamengo faz publica\u00e7\u00e3o direcionada a J\u00falio C\u00e9sar\",\"isPartOf\":{\"@id\":\"https:\/\/www.gaveanews.com\/#website\"},\"primaryImageOfPage\":{\"@id\":\"https:\/\/www.gaveanews.com\/index.php\/2024\/09\/03\/flamengo-faz-publicacao-direcionada-a-julio-cesar\/#primaryimage\"},\"image\":{\"@id\":\"https:\/\/www.gaveanews.com\/index.php\/2024\/09\/03\/flamengo-faz-publicacao-direcionada-a-julio-cesar\/#primaryimage\"},\"thumbnailUrl\":\"https:\/\/www.gaveanews.com\/wp-content\/uploads\/julio-cesar-ex-goleiro-flamengo-selecao-brasileira.webp\",\"datePublished\":\"2024-09-03T21:45:00+00:00\",\"author\":{\"@id\":\"https:\/\/www.gaveanews.com\/#\/schema\/person\/2424ec6409bc3f068411fc5e4e9b6168\"},\"breadcrumb\":{\"@id\":\"https:\/\/www.gaveanews.com\/index.php\/2024\/09\/03\/flamengo-faz-publicacao-direcionada-a-julio-cesar\/#breadcrumb\"},\"inLanguage\":\"pt-BR\",\"potentialAction\":[{\"@type\":\"ReadAction\",\"target\":[\"https:\/\/www.gaveanews.com\/index.php\/2024\/09\/03\/flamengo-faz-publicacao-direcionada-a-julio-cesar\/\"]}]},{\"@type\":\"ImageObject\",\"inLanguage\":\"pt-BR\",\"@id\":\"https:\/\/www.gaveanews.com\/index.php\/2024\/09\/03\/flamengo-faz-publicacao-direcionada-a-julio-cesar\/#primaryimage\",\"url\":\"https:\/\/www.gaveanews.com\/wp-content\/uploads\/julio-cesar-ex-goleiro-flamengo-selecao-brasileira.webp\",\"contentUrl\":\"https:\/\/www.gaveanews.com\/wp-content\/uploads\/julio-cesar-ex-goleiro-flamengo-selecao-brasileira.webp\",\"width\":984,\"height\":656,\"caption\":\"J\u00falio Cesar, ex-goleiro da Sele\u00e7\u00e3o Brasileira (Foto: Lorenzo Di Cola\/NurPhoto via Getty Images)\"},{\"@type\":\"BreadcrumbList\",\"@id\":\"https:\/\/www.gaveanews.com\/index.php\/2024\/09\/03\/flamengo-faz-publicacao-direcionada-a-julio-cesar\/#breadcrumb\",\"itemListElement\":[{\"@type\":\"ListItem\",\"position\":1,\"name\":\"Home\",\"item\":\"https:\/\/www.gaveanews.com\/\"},{\"@type\":\"ListItem\",\"position\":2,\"name\":\"Flamengo faz publica\u00e7\u00e3o direcionada a J\u00falio C\u00e9sar\"}]},{\"@type\":\"WebSite\",\"@id\":\"https:\/\/www.gaveanews.com\/#website\",\"url\":\"https:\/\/www.gaveanews.com\/\",\"name\":\"G\u00e1vea News\",\"description\":\"Veja todas as not\u00edcias sobre o Flamengo: Contrata\u00e7\u00f5es, categorias de base, resultados das partidas, tabela de classifica\u00e7\u00e3o, pr\u00f3ximos jogos!\",\"potentialAction\":[{\"@type\":\"SearchAction\",\"target\":{\"@type\":\"EntryPoint\",\"urlTemplate\":\"https:\/\/www.gaveanews.com\/?s={search_term_string}\"},\"query-input\":{\"@type\":\"PropertyValueSpecification\",\"valueRequired\":true,\"valueName\":\"search_term_string\"}}],\"inLanguage\":\"pt-BR\"},{\"@type\":\"Person\",\"@id\":\"https:\/\/www.gaveanews.com\/#\/schema\/person\/2424ec6409bc3f068411fc5e4e9b6168\",\"name\":\"Leandro Cardoso\",\"image\":{\"@type\":\"ImageObject\",\"inLanguage\":\"pt-BR\",\"@id\":\"https:\/\/www.gaveanews.com\/#\/schema\/person\/image\/\",\"url\":\"https:\/\/secure.gravatar.com\/avatar\/8ca179f9b55eefe9f376f5493ef25475bfa59fbc28ce937f6076ce20e523098f?s=96&d=mm&r=g\",\"contentUrl\":\"https:\/\/secure.gravatar.com\/avatar\/8ca179f9b55eefe9f376f5493ef25475bfa59fbc28ce937f6076ce20e523098f?s=96&d=mm&r=g\",\"caption\":\"Leandro Cardoso\"}}]}<\/script>\n<!-- \/ Yoast SEO Premium plugin. -->","yoast_head_json":{"title":"Flamengo faz publica\u00e7\u00e3o direcionada a J\u00falio C\u00e9sar","robots":{"index":"index","follow":"follow","max-snippet":"max-snippet:-1","max-image-preview":"max-image-preview:large","max-video-preview":"max-video-preview:-1"},"canonical":"https:\/\/www.gaveanews.com\/index.php\/2024\/09\/03\/flamengo-faz-publicacao-direcionada-a-julio-cesar\/","og_locale":"pt_BR","og_type":"article","og_title":"Flamengo faz publica\u00e7\u00e3o direcionada a J\u00falio C\u00e9sar","og_description":"O Flamengo \u00e9 uma pot\u00eancia no futebol brasileiro e mundial e com isso possui muitos \u00eddolos ao longo de toda a sua hist\u00f3ria. E por falar nisso, nesta ter\u00e7a (03), o ex-goleiro do Flamengo e da Sele\u00e7\u00e3o Brasileira, J\u00falio C\u00e9sar, completa 45 anos de idade. Dessa maneira, o Flamengo por meio do seu Instagram, fez [&hellip;]","og_url":"https:\/\/www.gaveanews.com\/index.php\/2024\/09\/03\/flamengo-faz-publicacao-direcionada-a-julio-cesar\/","og_site_name":"G\u00e1vea News","article_publisher":"https:\/\/facebook.com\/gaveaNews\/","article_published_time":"2024-09-03T21:45:00+00:00","og_image":[{"width":984,"height":656,"url":"https:\/\/www.gaveanews.com\/wp-content\/uploads\/julio-cesar-ex-goleiro-flamengo-selecao-brasileira.webp","type":"image\/webp"}],"author":"Leandro Cardoso","twitter_card":"summary_large_image","twitter_misc":{"Escrito por":"Leandro Cardoso","Est. tempo de leitura":"3 minutos"},"schema":{"@context":"https:\/\/schema.org","@graph":[{"@type":"NewsArticle","@id":"https:\/\/www.gaveanews.com\/index.php\/2024\/09\/03\/flamengo-faz-publicacao-direcionada-a-julio-cesar\/#article","isPartOf":{"@id":"https:\/\/www.gaveanews.com\/index.php\/2024\/09\/03\/flamengo-faz-publicacao-direcionada-a-julio-cesar\/"},"author":{"name":"Leandro Cardoso","@id":"https:\/\/www.gaveanews.com\/#\/schema\/person\/2424ec6409bc3f068411fc5e4e9b6168"},"headline":"Flamengo faz publica\u00e7\u00e3o direcionada a J\u00falio C\u00e9sar","datePublished":"2024-09-03T21:45:00+00:00","mainEntityOfPage":{"@id":"https:\/\/www.gaveanews.com\/index.php\/2024\/09\/03\/flamengo-faz-publicacao-direcionada-a-julio-cesar\/"},"wordCount":423,"commentCount":0,"image":{"@id":"https:\/\/www.gaveanews.com\/index.php\/2024\/09\/03\/flamengo-faz-publicacao-direcionada-a-julio-cesar\/#primaryimage"},"thumbnailUrl":"https:\/\/www.gaveanews.com\/wp-content\/uploads\/julio-cesar-ex-goleiro-flamengo-selecao-brasileira.webp","articleSection":["Benfica","Flamengo","Internazionale"],"inLanguage":"pt-BR","potentialAction":[{"@type":"CommentAction","name":"Comment","target":["https:\/\/www.gaveanews.com\/index.php\/2024\/09\/03\/flamengo-faz-publicacao-direcionada-a-julio-cesar\/#respond"]}],"copyrightYear":"2024","copyrightHolder":{"@id":"https:\/\/www.gaveanews.com\/#organization"}},{"@type":"WebPage","@id":"https:\/\/www.gaveanews.com\/index.php\/2024\/09\/03\/flamengo-faz-publicacao-direcionada-a-julio-cesar\/","url":"https:\/\/www.gaveanews.com\/index.php\/2024\/09\/03\/flamengo-faz-publicacao-direcionada-a-julio-cesar\/","name":"Flamengo faz publica\u00e7\u00e3o direcionada a J\u00falio C\u00e9sar","isPartOf":{"@id":"https:\/\/www.gaveanews.com\/#website"},"primaryImageOfPage":{"@id":"https:\/\/www.gaveanews.com\/index.php\/2024\/09\/03\/flamengo-faz-publicacao-direcionada-a-julio-cesar\/#primaryimage"},"image":{"@id":"https:\/\/www.gaveanews.com\/index.php\/2024\/09\/03\/flamengo-faz-publicacao-direcionada-a-julio-cesar\/#primaryimage"},"thumbnailUrl":"https:\/\/www.gaveanews.com\/wp-content\/uploads\/julio-cesar-ex-goleiro-flamengo-selecao-brasileira.webp","datePublished":"2024-09-03T21:45:00+00:00","author":{"@id":"https:\/\/www.gaveanews.com\/#\/schema\/person\/2424ec6409bc3f068411fc5e4e9b6168"},"breadcrumb":{"@id":"https:\/\/www.gaveanews.com\/index.php\/2024\/09\/03\/flamengo-faz-publicacao-direcionada-a-julio-cesar\/#breadcrumb"},"inLanguage":"pt-BR","potentialAction":[{"@type":"ReadAction","target":["https:\/\/www.gaveanews.com\/index.php\/2024\/09\/03\/flamengo-faz-publicacao-direcionada-a-julio-cesar\/"]}]},{"@type":"ImageObject","inLanguage":"pt-BR","@id":"https:\/\/www.gaveanews.com\/index.php\/2024\/09\/03\/flamengo-faz-publicacao-direcionada-a-julio-cesar\/#primaryimage","url":"https:\/\/www.gaveanews.com\/wp-content\/uploads\/julio-cesar-ex-goleiro-flamengo-selecao-brasileira.webp","contentUrl":"https:\/\/www.gaveanews.com\/wp-content\/uploads\/julio-cesar-ex-goleiro-flamengo-selecao-brasileira.webp","width":984,"height":656,"caption":"J\u00falio Cesar, ex-goleiro da Sele\u00e7\u00e3o Brasileira (Foto: Lorenzo Di Cola\/NurPhoto via Getty Images)"},{"@type":"BreadcrumbList","@id":"https:\/\/www.gaveanews.com\/index.php\/2024\/09\/03\/flamengo-faz-publicacao-direcionada-a-julio-cesar\/#breadcrumb","itemListElement":[{"@type":"ListItem","position":1,"name":"Home","item":"https:\/\/www.gaveanews.com\/"},{"@type":"ListItem","position":2,"name":"Flamengo faz publica\u00e7\u00e3o direcionada a J\u00falio C\u00e9sar"}]},{"@type":"WebSite","@id":"https:\/\/www.gaveanews.com\/#website","url":"https:\/\/www.gaveanews.com\/","name":"G\u00e1vea News","description":"Veja todas as not\u00edcias sobre o Flamengo: Contrata\u00e7\u00f5es, categorias de base, resultados das partidas, tabela de classifica\u00e7\u00e3o, pr\u00f3ximos jogos!","potentialAction":[{"@type":"SearchAction","target":{"@type":"EntryPoint","urlTemplate":"https:\/\/www.gaveanews.com\/?s={search_term_string}"},"query-input":{"@type":"PropertyValueSpecification","valueRequired":true,"valueName":"search_term_string"}}],"inLanguage":"pt-BR"},{"@type":"Person","@id":"https:\/\/www.gaveanews.com\/#\/schema\/person\/2424ec6409bc3f068411fc5e4e9b6168","name":"Leandro Cardoso","image":{"@type":"ImageObject","inLanguage":"pt-BR","@id":"https:\/\/www.gaveanews.com\/#\/schema\/person\/image\/","url":"https:\/\/secure.gravatar.com\/avatar\/8ca179f9b55eefe9f376f5493ef25475bfa59fbc28ce937f6076ce20e523098f?s=96&d=mm&r=g","contentUrl":"https:\/\/secure.gravatar.com\/avatar\/8ca179f9b55eefe9f376f5493ef25475bfa59fbc28ce937f6076ce20e523098f?s=96&d=mm&r=g","caption":"Leandro Cardoso"}}]}},"_links":{"self":[{"href":"https:\/\/www.gaveanews.com\/index.php\/wp-json\/wp\/v2\/posts\/163630","targetHints":{"allow":["GET"]}}],"collection":[{"href":"https:\/\/www.gaveanews.com\/index.php\/wp-json\/wp\/v2\/posts"}],"about":[{"href":"https:\/\/www.gaveanews.com\/index.php\/wp-json\/wp\/v2\/types\/post"}],"author":[{"embeddable":true,"href":"https:\/\/www.gaveanews.com\/index.php\/wp-json\/wp\/v2\/users\/24"}],"replies":[{"embeddable":true,"href":"https:\/\/www.gaveanews.com\/index.php\/wp-json\/wp\/v2\/comments?post=163630"}],"version-history":[{"count":3,"href":"https:\/\/www.gaveanews.com\/index.php\/wp-json\/wp\/v2\/posts\/163630\/revisions"}],"predecessor-version":[{"id":163719,"href":"https:\/\/www.gaveanews.com\/index.php\/wp-json\/wp\/v2\/posts\/163630\/revisions\/163719"}],"wp:featuredmedia":[{"embeddable":true,"href":"https:\/\/www.gaveanews.com\/index.php\/wp-json\/wp\/v2\/media\/96089"}],"wp:attachment":[{"href":"https:\/\/www.gaveanews.com\/index.php\/wp-json\/wp\/v2\/media?parent=163630"}],"wp:term":[{"taxonomy":"category","embeddable":true,"href":"https:\/\/www.gaveanews.com\/index.php\/wp-json\/wp\/v2\/categories?post=163630"},{"taxonomy":"post_tag","embeddable":true,"href":"https:\/\/www.gaveanews.com\/index.php\/wp-json\/wp\/v2\/tags?post=163630"}],"curies":[{"name":"wp","href":"https:\/\/api.w.org\/{rel}","templated":true}]}}