{"id":163678,"date":"2024-09-04T23:20:00","date_gmt":"2024-09-05T02:20:00","guid":{"rendered":"https:\/\/www.gaveanews.com\/?p=163678"},"modified":"2024-09-04T16:39:34","modified_gmt":"2024-09-04T19:39:34","slug":"jamal-lewis-nao-era-o-plano-a-da-diretoria-do-sao-paulo","status":"publish","type":"post","link":"https:\/\/www.gaveanews.com\/index.php\/2024\/09\/04\/jamal-lewis-nao-era-o-plano-a-da-diretoria-do-sao-paulo\/","title":{"rendered":"Jamal Lewis n\u00e3o era o plano A da diretoria do S\u00e3o Paulo"},"content":{"rendered":"\n<p>O S\u00e3o Paulo anunciou nos minutos finais da janela de transfer\u00eancias do futebol brasileiro a contrata\u00e7\u00e3o do lateral esquerdo, Jamal Lewis, do Newcastle da Inglaterra, ele tem 26 anos e \u00e9 natural da Irlanda.<\/p>\n\n\n\n<ul class=\"wp-block-list\">\n<li><a href=\"https:\/\/www.gaveanews.com\/index.php\/2024\/09\/03\/zubeldia-define-posicao-de-luciano-no-sao-paulo\/\">Zubeldia define posi\u00e7\u00e3o de Luciano, no S\u00e3o Paulo<\/a><\/li>\n\n\n\n<li><a href=\"https:\/\/www.gaveanews.com\/index.php\/2024\/09\/01\/a-declaracao-de-luis-zubeldia-apos-derrota-do-sao-paulo-2\/\">A declara\u00e7\u00e3o de Luis Zubeld\u00eda ap\u00f3s derrota do S\u00e3o Paulo<\/a><\/li>\n<\/ul>\n\n\n\n<p>Por\u00e9m, antes da contrata\u00e7\u00e3o do jogador, o S\u00e3o Paulo tinha o interesse em outro nome, ou seja, Jamal Lewis foi a segunda op\u00e7\u00e3o do tricolor paulista.<\/p>\n\n\n\n<p>A diretoria do S\u00e3o Paulo tinha acertado tudo com o Porto, da Inglaterra, para a contrata\u00e7\u00e3o do lateral esquerdo Wendell, que joga na Sele\u00e7\u00e3o Brasileira, todavia, os familiares do jogador impediram a transa\u00e7\u00e3o.<\/p>\n\n\n\n<p>Ele fez parte do elenco do Brasil na Copa Am\u00e9rica e foi convocado por Dorival para jogar contra Equador e Paraguai nas eliminat\u00f3rias da Copa do Mundo Fifa 2026. Como a negocia\u00e7\u00e3o n\u00e3o foi para frente, o tricolor paulista foi em busca de Jamal Lewis.<\/p>\n\n\n\n<p>Lewis jogou pelo Watford na temporada passada, jogou 36 das 42 rodadas do Brasileir\u00e3o e deu duas assist\u00eancias. Joga tamb\u00e9m pela sele\u00e7\u00e3o da Irlanda do Norte.<\/p>\n\n\n\n<h2 class=\"wp-block-heading\" id=\"h-a-declaracao-de-jamal-lewis-ao-chegar-no-sao-paulo\">A declara\u00e7\u00e3o de Jamal Lewis ao chegar no S\u00e3o Paulo<\/h2>\n\n\n\n<p>&#8220;Quando soube desta oportunidade, falei na hora para o meu empres\u00e1rio que gostaria de vir para o Brasil. \u00c9 uma honra jogar em um gigante como o\u00a0S\u00e3o Paulo\u00a0e ser o primeiro atleta brit\u00e2nico da hist\u00f3ria do clube. Estou muito animado para defender um clube tr\u00eas vezes campe\u00e3o mundial. \u00c9 uma oportunidade que eu n\u00e3o poderia deixar passar. Estou ansioso pelo contato com a torcida e para contribuir com a equipe&#8221;, disse.<\/p>\n\n\n\n<h2 class=\"wp-block-heading\" id=\"h-qual-a-proxima-partida-do-sao-paulo\">Qual a pr\u00f3xima partida do S\u00e3o Paulo?<\/h2>\n\n\n\n<p>O S\u00e3o Paulo retorna a campo apenas ap\u00f3s a data FIFA no dia 12 de setembro \u00e0s 21h45 contra a equipe do Atl\u00e9tico Mineiro na Arena MRV. O S\u00e3o Paulo perdeu o primeiro jogo por 1 a 0 no Morumbis.<\/p>\n","protected":false},"excerpt":{"rendered":"<p>O S\u00e3o Paulo anunciou nos minutos finais da janela de transfer\u00eancias do futebol brasileiro a contrata\u00e7\u00e3o do lateral esquerdo, Jamal Lewis, do Newcastle da Inglaterra, ele tem 26 anos e \u00e9 natural da Irlanda. Por\u00e9m, antes da contrata\u00e7\u00e3o do jogador, o S\u00e3o Paulo tinha o interesse em outro nome, ou seja, Jamal Lewis foi a [&hellip;]<\/p>\n","protected":false},"author":19,"featured_media":154451,"comment_status":"open","ping_status":"closed","sticky":false,"template":"","format":"standard","meta":{"footnotes":""},"categories":[151],"tags":[],"class_list":["post-163678","post","type-post","status-publish","format-standard","has-post-thumbnail","hentry","category-sao-paulo"],"yoast_head":"<!-- This site is optimized with the Yoast SEO Premium plugin v24.2 (Yoast SEO v26.9) - https:\/\/yoast.com\/product\/yoast-seo-premium-wordpress\/ -->\n<title>Jamal Lewis n\u00e3o era o plano A da diretoria do S\u00e3o Paulo<\/title>\n<meta name=\"robots\" content=\"index, follow, max-snippet:-1, max-image-preview:large, max-video-preview:-1\" \/>\n<link rel=\"canonical\" href=\"https:\/\/www.gaveanews.com\/index.php\/2024\/09\/04\/jamal-lewis-nao-era-o-plano-a-da-diretoria-do-sao-paulo\/\" \/>\n<meta property=\"og:locale\" content=\"pt_BR\" \/>\n<meta property=\"og:type\" content=\"article\" \/>\n<meta property=\"og:title\" content=\"Jamal Lewis n\u00e3o era o plano A da diretoria do S\u00e3o Paulo\" \/>\n<meta property=\"og:description\" content=\"O S\u00e3o Paulo anunciou nos minutos finais da janela de transfer\u00eancias do futebol brasileiro a contrata\u00e7\u00e3o do lateral esquerdo, Jamal Lewis, do Newcastle da Inglaterra, ele tem 26 anos e \u00e9 natural da Irlanda. Por\u00e9m, antes da contrata\u00e7\u00e3o do jogador, o S\u00e3o Paulo tinha o interesse em outro nome, ou seja, Jamal Lewis foi a [&hellip;]\" \/>\n<meta property=\"og:url\" content=\"https:\/\/www.gaveanews.com\/index.php\/2024\/09\/04\/jamal-lewis-nao-era-o-plano-a-da-diretoria-do-sao-paulo\/\" \/>\n<meta property=\"og:site_name\" content=\"G\u00e1vea News\" \/>\n<meta property=\"article:publisher\" content=\"https:\/\/facebook.com\/gaveaNews\/\" \/>\n<meta property=\"article:published_time\" content=\"2024-09-05T02:20:00+00:00\" \/>\n<meta property=\"og:image\" content=\"https:\/\/www.gaveanews.com\/wp-content\/uploads\/Escudo-do-Sao-Paulo.webp\" \/>\n\t<meta property=\"og:image:width\" content=\"977\" \/>\n\t<meta property=\"og:image:height\" content=\"651\" \/>\n\t<meta property=\"og:image:type\" content=\"image\/webp\" \/>\n<meta name=\"author\" content=\"Bruno Zanchetta\" \/>\n<meta name=\"twitter:card\" content=\"summary_large_image\" \/>\n<meta name=\"twitter:label1\" content=\"Escrito por\" \/>\n\t<meta name=\"twitter:data1\" content=\"Bruno Zanchetta\" \/>\n\t<meta name=\"twitter:label2\" content=\"Est. tempo de leitura\" \/>\n\t<meta name=\"twitter:data2\" content=\"2 minutos\" \/>\n<script type=\"application\/ld+json\" class=\"yoast-schema-graph\">{\"@context\":\"https:\/\/schema.org\",\"@graph\":[{\"@type\":\"NewsArticle\",\"@id\":\"https:\/\/www.gaveanews.com\/index.php\/2024\/09\/04\/jamal-lewis-nao-era-o-plano-a-da-diretoria-do-sao-paulo\/#article\",\"isPartOf\":{\"@id\":\"https:\/\/www.gaveanews.com\/index.php\/2024\/09\/04\/jamal-lewis-nao-era-o-plano-a-da-diretoria-do-sao-paulo\/\"},\"author\":{\"name\":\"Bruno Zanchetta\",\"@id\":\"https:\/\/www.gaveanews.com\/#\/schema\/person\/32fddefab25b466689f181be346cd98c\"},\"headline\":\"Jamal Lewis n\u00e3o era o plano A da diretoria do S\u00e3o Paulo\",\"datePublished\":\"2024-09-05T02:20:00+00:00\",\"mainEntityOfPage\":{\"@id\":\"https:\/\/www.gaveanews.com\/index.php\/2024\/09\/04\/jamal-lewis-nao-era-o-plano-a-da-diretoria-do-sao-paulo\/\"},\"wordCount\":356,\"commentCount\":0,\"image\":{\"@id\":\"https:\/\/www.gaveanews.com\/index.php\/2024\/09\/04\/jamal-lewis-nao-era-o-plano-a-da-diretoria-do-sao-paulo\/#primaryimage\"},\"thumbnailUrl\":\"https:\/\/www.gaveanews.com\/wp-content\/uploads\/Escudo-do-Sao-Paulo.webp\",\"articleSection\":[\"S\u00e3o Paulo\"],\"inLanguage\":\"pt-BR\",\"potentialAction\":[{\"@type\":\"CommentAction\",\"name\":\"Comment\",\"target\":[\"https:\/\/www.gaveanews.com\/index.php\/2024\/09\/04\/jamal-lewis-nao-era-o-plano-a-da-diretoria-do-sao-paulo\/#respond\"]}],\"copyrightYear\":\"2024\",\"copyrightHolder\":{\"@id\":\"https:\/\/www.gaveanews.com\/#organization\"}},{\"@type\":\"WebPage\",\"@id\":\"https:\/\/www.gaveanews.com\/index.php\/2024\/09\/04\/jamal-lewis-nao-era-o-plano-a-da-diretoria-do-sao-paulo\/\",\"url\":\"https:\/\/www.gaveanews.com\/index.php\/2024\/09\/04\/jamal-lewis-nao-era-o-plano-a-da-diretoria-do-sao-paulo\/\",\"name\":\"Jamal Lewis n\u00e3o era o plano A da diretoria do S\u00e3o Paulo\",\"isPartOf\":{\"@id\":\"https:\/\/www.gaveanews.com\/#website\"},\"primaryImageOfPage\":{\"@id\":\"https:\/\/www.gaveanews.com\/index.php\/2024\/09\/04\/jamal-lewis-nao-era-o-plano-a-da-diretoria-do-sao-paulo\/#primaryimage\"},\"image\":{\"@id\":\"https:\/\/www.gaveanews.com\/index.php\/2024\/09\/04\/jamal-lewis-nao-era-o-plano-a-da-diretoria-do-sao-paulo\/#primaryimage\"},\"thumbnailUrl\":\"https:\/\/www.gaveanews.com\/wp-content\/uploads\/Escudo-do-Sao-Paulo.webp\",\"datePublished\":\"2024-09-05T02:20:00+00:00\",\"author\":{\"@id\":\"https:\/\/www.gaveanews.com\/#\/schema\/person\/32fddefab25b466689f181be346cd98c\"},\"breadcrumb\":{\"@id\":\"https:\/\/www.gaveanews.com\/index.php\/2024\/09\/04\/jamal-lewis-nao-era-o-plano-a-da-diretoria-do-sao-paulo\/#breadcrumb\"},\"inLanguage\":\"pt-BR\",\"potentialAction\":[{\"@type\":\"ReadAction\",\"target\":[\"https:\/\/www.gaveanews.com\/index.php\/2024\/09\/04\/jamal-lewis-nao-era-o-plano-a-da-diretoria-do-sao-paulo\/\"]}]},{\"@type\":\"ImageObject\",\"inLanguage\":\"pt-BR\",\"@id\":\"https:\/\/www.gaveanews.com\/index.php\/2024\/09\/04\/jamal-lewis-nao-era-o-plano-a-da-diretoria-do-sao-paulo\/#primaryimage\",\"url\":\"https:\/\/www.gaveanews.com\/wp-content\/uploads\/Escudo-do-Sao-Paulo.webp\",\"contentUrl\":\"https:\/\/www.gaveanews.com\/wp-content\/uploads\/Escudo-do-Sao-Paulo.webp\",\"width\":977,\"height\":651,\"caption\":\"Escudo do S\u00e3o Paulo (Foto: Reprodu\u00e7\u00e3o\/S\u00e3o Paulo)\"},{\"@type\":\"BreadcrumbList\",\"@id\":\"https:\/\/www.gaveanews.com\/index.php\/2024\/09\/04\/jamal-lewis-nao-era-o-plano-a-da-diretoria-do-sao-paulo\/#breadcrumb\",\"itemListElement\":[{\"@type\":\"ListItem\",\"position\":1,\"name\":\"Home\",\"item\":\"https:\/\/www.gaveanews.com\/\"},{\"@type\":\"ListItem\",\"position\":2,\"name\":\"Jamal Lewis n\u00e3o era o plano A da diretoria do S\u00e3o Paulo\"}]},{\"@type\":\"WebSite\",\"@id\":\"https:\/\/www.gaveanews.com\/#website\",\"url\":\"https:\/\/www.gaveanews.com\/\",\"name\":\"G\u00e1vea News\",\"description\":\"Veja todas as not\u00edcias sobre o Flamengo: Contrata\u00e7\u00f5es, categorias de base, resultados das partidas, tabela de classifica\u00e7\u00e3o, pr\u00f3ximos jogos!\",\"potentialAction\":[{\"@type\":\"SearchAction\",\"target\":{\"@type\":\"EntryPoint\",\"urlTemplate\":\"https:\/\/www.gaveanews.com\/?s={search_term_string}\"},\"query-input\":{\"@type\":\"PropertyValueSpecification\",\"valueRequired\":true,\"valueName\":\"search_term_string\"}}],\"inLanguage\":\"pt-BR\"},{\"@type\":\"Person\",\"@id\":\"https:\/\/www.gaveanews.com\/#\/schema\/person\/32fddefab25b466689f181be346cd98c\",\"name\":\"Bruno Zanchetta\",\"image\":{\"@type\":\"ImageObject\",\"inLanguage\":\"pt-BR\",\"@id\":\"https:\/\/www.gaveanews.com\/#\/schema\/person\/image\/\",\"url\":\"https:\/\/secure.gravatar.com\/avatar\/3ba2d39f8a912ad65276975a996d6ad8d9e3dd13448684be8dc4d7c17099d2ee?s=96&d=mm&r=g\",\"contentUrl\":\"https:\/\/secure.gravatar.com\/avatar\/3ba2d39f8a912ad65276975a996d6ad8d9e3dd13448684be8dc4d7c17099d2ee?s=96&d=mm&r=g\",\"caption\":\"Bruno Zanchetta\"}}]}<\/script>\n<!-- \/ Yoast SEO Premium plugin. -->","yoast_head_json":{"title":"Jamal Lewis n\u00e3o era o plano A da diretoria do S\u00e3o Paulo","robots":{"index":"index","follow":"follow","max-snippet":"max-snippet:-1","max-image-preview":"max-image-preview:large","max-video-preview":"max-video-preview:-1"},"canonical":"https:\/\/www.gaveanews.com\/index.php\/2024\/09\/04\/jamal-lewis-nao-era-o-plano-a-da-diretoria-do-sao-paulo\/","og_locale":"pt_BR","og_type":"article","og_title":"Jamal Lewis n\u00e3o era o plano A da diretoria do S\u00e3o Paulo","og_description":"O S\u00e3o Paulo anunciou nos minutos finais da janela de transfer\u00eancias do futebol brasileiro a contrata\u00e7\u00e3o do lateral esquerdo, Jamal Lewis, do Newcastle da Inglaterra, ele tem 26 anos e \u00e9 natural da Irlanda. Por\u00e9m, antes da contrata\u00e7\u00e3o do jogador, o S\u00e3o Paulo tinha o interesse em outro nome, ou seja, Jamal Lewis foi a [&hellip;]","og_url":"https:\/\/www.gaveanews.com\/index.php\/2024\/09\/04\/jamal-lewis-nao-era-o-plano-a-da-diretoria-do-sao-paulo\/","og_site_name":"G\u00e1vea News","article_publisher":"https:\/\/facebook.com\/gaveaNews\/","article_published_time":"2024-09-05T02:20:00+00:00","og_image":[{"width":977,"height":651,"url":"https:\/\/www.gaveanews.com\/wp-content\/uploads\/Escudo-do-Sao-Paulo.webp","type":"image\/webp"}],"author":"Bruno Zanchetta","twitter_card":"summary_large_image","twitter_misc":{"Escrito por":"Bruno Zanchetta","Est. tempo de leitura":"2 minutos"},"schema":{"@context":"https:\/\/schema.org","@graph":[{"@type":"NewsArticle","@id":"https:\/\/www.gaveanews.com\/index.php\/2024\/09\/04\/jamal-lewis-nao-era-o-plano-a-da-diretoria-do-sao-paulo\/#article","isPartOf":{"@id":"https:\/\/www.gaveanews.com\/index.php\/2024\/09\/04\/jamal-lewis-nao-era-o-plano-a-da-diretoria-do-sao-paulo\/"},"author":{"name":"Bruno Zanchetta","@id":"https:\/\/www.gaveanews.com\/#\/schema\/person\/32fddefab25b466689f181be346cd98c"},"headline":"Jamal Lewis n\u00e3o era o plano A da diretoria do S\u00e3o Paulo","datePublished":"2024-09-05T02:20:00+00:00","mainEntityOfPage":{"@id":"https:\/\/www.gaveanews.com\/index.php\/2024\/09\/04\/jamal-lewis-nao-era-o-plano-a-da-diretoria-do-sao-paulo\/"},"wordCount":356,"commentCount":0,"image":{"@id":"https:\/\/www.gaveanews.com\/index.php\/2024\/09\/04\/jamal-lewis-nao-era-o-plano-a-da-diretoria-do-sao-paulo\/#primaryimage"},"thumbnailUrl":"https:\/\/www.gaveanews.com\/wp-content\/uploads\/Escudo-do-Sao-Paulo.webp","articleSection":["S\u00e3o Paulo"],"inLanguage":"pt-BR","potentialAction":[{"@type":"CommentAction","name":"Comment","target":["https:\/\/www.gaveanews.com\/index.php\/2024\/09\/04\/jamal-lewis-nao-era-o-plano-a-da-diretoria-do-sao-paulo\/#respond"]}],"copyrightYear":"2024","copyrightHolder":{"@id":"https:\/\/www.gaveanews.com\/#organization"}},{"@type":"WebPage","@id":"https:\/\/www.gaveanews.com\/index.php\/2024\/09\/04\/jamal-lewis-nao-era-o-plano-a-da-diretoria-do-sao-paulo\/","url":"https:\/\/www.gaveanews.com\/index.php\/2024\/09\/04\/jamal-lewis-nao-era-o-plano-a-da-diretoria-do-sao-paulo\/","name":"Jamal Lewis n\u00e3o era o plano A da diretoria do S\u00e3o Paulo","isPartOf":{"@id":"https:\/\/www.gaveanews.com\/#website"},"primaryImageOfPage":{"@id":"https:\/\/www.gaveanews.com\/index.php\/2024\/09\/04\/jamal-lewis-nao-era-o-plano-a-da-diretoria-do-sao-paulo\/#primaryimage"},"image":{"@id":"https:\/\/www.gaveanews.com\/index.php\/2024\/09\/04\/jamal-lewis-nao-era-o-plano-a-da-diretoria-do-sao-paulo\/#primaryimage"},"thumbnailUrl":"https:\/\/www.gaveanews.com\/wp-content\/uploads\/Escudo-do-Sao-Paulo.webp","datePublished":"2024-09-05T02:20:00+00:00","author":{"@id":"https:\/\/www.gaveanews.com\/#\/schema\/person\/32fddefab25b466689f181be346cd98c"},"breadcrumb":{"@id":"https:\/\/www.gaveanews.com\/index.php\/2024\/09\/04\/jamal-lewis-nao-era-o-plano-a-da-diretoria-do-sao-paulo\/#breadcrumb"},"inLanguage":"pt-BR","potentialAction":[{"@type":"ReadAction","target":["https:\/\/www.gaveanews.com\/index.php\/2024\/09\/04\/jamal-lewis-nao-era-o-plano-a-da-diretoria-do-sao-paulo\/"]}]},{"@type":"ImageObject","inLanguage":"pt-BR","@id":"https:\/\/www.gaveanews.com\/index.php\/2024\/09\/04\/jamal-lewis-nao-era-o-plano-a-da-diretoria-do-sao-paulo\/#primaryimage","url":"https:\/\/www.gaveanews.com\/wp-content\/uploads\/Escudo-do-Sao-Paulo.webp","contentUrl":"https:\/\/www.gaveanews.com\/wp-content\/uploads\/Escudo-do-Sao-Paulo.webp","width":977,"height":651,"caption":"Escudo do S\u00e3o Paulo (Foto: Reprodu\u00e7\u00e3o\/S\u00e3o Paulo)"},{"@type":"BreadcrumbList","@id":"https:\/\/www.gaveanews.com\/index.php\/2024\/09\/04\/jamal-lewis-nao-era-o-plano-a-da-diretoria-do-sao-paulo\/#breadcrumb","itemListElement":[{"@type":"ListItem","position":1,"name":"Home","item":"https:\/\/www.gaveanews.com\/"},{"@type":"ListItem","position":2,"name":"Jamal Lewis n\u00e3o era o plano A da diretoria do S\u00e3o Paulo"}]},{"@type":"WebSite","@id":"https:\/\/www.gaveanews.com\/#website","url":"https:\/\/www.gaveanews.com\/","name":"G\u00e1vea News","description":"Veja todas as not\u00edcias sobre o Flamengo: Contrata\u00e7\u00f5es, categorias de base, resultados das partidas, tabela de classifica\u00e7\u00e3o, pr\u00f3ximos jogos!","potentialAction":[{"@type":"SearchAction","target":{"@type":"EntryPoint","urlTemplate":"https:\/\/www.gaveanews.com\/?s={search_term_string}"},"query-input":{"@type":"PropertyValueSpecification","valueRequired":true,"valueName":"search_term_string"}}],"inLanguage":"pt-BR"},{"@type":"Person","@id":"https:\/\/www.gaveanews.com\/#\/schema\/person\/32fddefab25b466689f181be346cd98c","name":"Bruno Zanchetta","image":{"@type":"ImageObject","inLanguage":"pt-BR","@id":"https:\/\/www.gaveanews.com\/#\/schema\/person\/image\/","url":"https:\/\/secure.gravatar.com\/avatar\/3ba2d39f8a912ad65276975a996d6ad8d9e3dd13448684be8dc4d7c17099d2ee?s=96&d=mm&r=g","contentUrl":"https:\/\/secure.gravatar.com\/avatar\/3ba2d39f8a912ad65276975a996d6ad8d9e3dd13448684be8dc4d7c17099d2ee?s=96&d=mm&r=g","caption":"Bruno Zanchetta"}}]}},"_links":{"self":[{"href":"https:\/\/www.gaveanews.com\/index.php\/wp-json\/wp\/v2\/posts\/163678","targetHints":{"allow":["GET"]}}],"collection":[{"href":"https:\/\/www.gaveanews.com\/index.php\/wp-json\/wp\/v2\/posts"}],"about":[{"href":"https:\/\/www.gaveanews.com\/index.php\/wp-json\/wp\/v2\/types\/post"}],"author":[{"embeddable":true,"href":"https:\/\/www.gaveanews.com\/index.php\/wp-json\/wp\/v2\/users\/19"}],"replies":[{"embeddable":true,"href":"https:\/\/www.gaveanews.com\/index.php\/wp-json\/wp\/v2\/comments?post=163678"}],"version-history":[{"count":4,"href":"https:\/\/www.gaveanews.com\/index.php\/wp-json\/wp\/v2\/posts\/163678\/revisions"}],"predecessor-version":[{"id":164003,"href":"https:\/\/www.gaveanews.com\/index.php\/wp-json\/wp\/v2\/posts\/163678\/revisions\/164003"}],"wp:featuredmedia":[{"embeddable":true,"href":"https:\/\/www.gaveanews.com\/index.php\/wp-json\/wp\/v2\/media\/154451"}],"wp:attachment":[{"href":"https:\/\/www.gaveanews.com\/index.php\/wp-json\/wp\/v2\/media?parent=163678"}],"wp:term":[{"taxonomy":"category","embeddable":true,"href":"https:\/\/www.gaveanews.com\/index.php\/wp-json\/wp\/v2\/categories?post=163678"},{"taxonomy":"post_tag","embeddable":true,"href":"https:\/\/www.gaveanews.com\/index.php\/wp-json\/wp\/v2\/tags?post=163678"}],"curies":[{"name":"wp","href":"https:\/\/api.w.org\/{rel}","templated":true}]}}